{"id":915,"date":"2011-12-05T22:40:54","date_gmt":"2011-12-05T21:40:54","guid":{"rendered":"http:\/\/www.valenciabass.com\/?p=915"},"modified":"2014-06-08T23:01:59","modified_gmt":"2014-06-08T21:01:59","slug":"nuevo-barco-en-la-flotilla-del-valencia-bass-club","status":"publish","type":"post","link":"https:\/\/www.valenciabass.com\/?p=915","title":{"rendered":"Nuevo barco en la flota del Valencia Bass Club"},"content":{"rendered":"<p>En l\u00ednea con aquella <a href=\"http:\/\/bassupv.blogspot.com\/2009\/11\/nuevo-barco-en-la-flotilla-upv.html\">hist\u00f3rica cr\u00f3nica<\/a> de mi amigo Javi, Aqu\u00ed os dejo la cr\u00f3nica del estreno de mi nueva embarcaci\u00f3n all\u00e1 por principios de diciembre que tuvo lugar en Cortes de Pall\u00e1s en compa\u00f1\u00eda de mi compa\u00f1ero Miguel Franco.<\/p>\n<p><a href=\"http:\/\/www.valenciabass.com\/wp-content\/uploads\/017.800x600.jpg\"><img loading=\"lazy\" decoding=\"async\" class=\"aligncenter size-full wp-image-918\" title=\"017.800x600\" src=\"http:\/\/www.valenciabass.com\/wp-content\/uploads\/017.800x600.jpg\" alt=\"\" width=\"800\" height=\"450\" srcset=\"https:\/\/www.valenciabass.com\/wp-content\/uploads\/017.800x600.jpg 800w, https:\/\/www.valenciabass.com\/wp-content\/uploads\/017.800x600-300x168.jpg 300w\" sizes=\"auto, (max-width: 800px) 100vw, 800px\" \/><\/a><\/p>\n<p>Tras una botadura no exenta de tensi\u00f3n debido a las limitaciones de mi Focus All Terrain, la Vaquilla (como la denomin\u00f3 \u00c1lex Fabra) estaba en el ruedo y lista para la acci\u00f3n. Durante los primeros momentos disfrutamos de la navegaci\u00f3n y de la comodidad que no disponiamos en el Rayo Azul (como denomin\u00f3 a mi otra embarcaci\u00f3n Juan Leyton).<\/p>\n<p><a href=\"http:\/\/www.valenciabass.com\/wp-content\/uploads\/020.800x600.jpg\"><img loading=\"lazy\" decoding=\"async\" class=\"aligncenter size-full wp-image-919\" title=\"020.800x600\" src=\"http:\/\/www.valenciabass.com\/wp-content\/uploads\/020.800x600.jpg\" alt=\"\" width=\"800\" height=\"450\" srcset=\"https:\/\/www.valenciabass.com\/wp-content\/uploads\/020.800x600.jpg 800w, https:\/\/www.valenciabass.com\/wp-content\/uploads\/020.800x600-300x168.jpg 300w\" sizes=\"auto, (max-width: 800px) 100vw, 800px\" \/><\/a><\/p>\n<p>Empezamos pescando en la zona del r\u00edo casi en Cofrentes con una agua a 15 grados, sorprendentemente caliente para la \u00e9poca del a\u00f1o. All\u00ed estrenariamos la embarcaci\u00f3n la primera de las capturas y \u00fanica de la ma\u00f1ana.<\/p>\n<p><a href=\"http:\/\/www.valenciabass.com\/wp-content\/uploads\/022.800x600.jpg\"><img loading=\"lazy\" decoding=\"async\" class=\"aligncenter size-full wp-image-920\" title=\"022.800x600\" src=\"http:\/\/www.valenciabass.com\/wp-content\/uploads\/022.800x600.jpg\" alt=\"\" width=\"800\" height=\"450\" srcset=\"https:\/\/www.valenciabass.com\/wp-content\/uploads\/022.800x600.jpg 800w, https:\/\/www.valenciabass.com\/wp-content\/uploads\/022.800x600-300x168.jpg 300w\" sizes=\"auto, (max-width: 800px) 100vw, 800px\" \/><\/a><\/p>\n<p>Hab\u00edamos quedado para comer con nuestros compa\u00f1eros Paco y Javi para compartir los lances de la ma\u00f1ana y comer juntos. Como suele ser habitual, uno de los mejores momentos de la jornada.<\/p>\n<p><a href=\"http:\/\/www.valenciabass.com\/wp-content\/uploads\/028.800x600.jpg\"><img loading=\"lazy\" decoding=\"async\" class=\"aligncenter size-full wp-image-921\" title=\"028.800x600\" src=\"http:\/\/www.valenciabass.com\/wp-content\/uploads\/028.800x600.jpg\" alt=\"\" width=\"800\" height=\"450\" srcset=\"https:\/\/www.valenciabass.com\/wp-content\/uploads\/028.800x600.jpg 800w, https:\/\/www.valenciabass.com\/wp-content\/uploads\/028.800x600-300x168.jpg 300w\" sizes=\"auto, (max-width: 800px) 100vw, 800px\" \/><\/a><\/p>\n<p>Paco y Javi mostraban orgullosos sus capturas de la ma\u00f1ana.<\/p>\n<p><a href=\"http:\/\/www.valenciabass.com\/wp-content\/uploads\/025.800x600.jpg\"><img loading=\"lazy\" decoding=\"async\" class=\"aligncenter size-full wp-image-922\" title=\"025.800x600\" src=\"http:\/\/www.valenciabass.com\/wp-content\/uploads\/025.800x600.jpg\" alt=\"\" width=\"800\" height=\"450\" srcset=\"https:\/\/www.valenciabass.com\/wp-content\/uploads\/025.800x600.jpg 800w, https:\/\/www.valenciabass.com\/wp-content\/uploads\/025.800x600-300x168.jpg 300w\" sizes=\"auto, (max-width: 800px) 100vw, 800px\" \/><\/a><\/p>\n<p>Tras comer fuimos al Prebet\u00f3n donde Miguel sacar\u00eda su primer pez de talla. De ah\u00ed saldr\u00edamos hacia la zona de la presa donde batimos orilla para sacar dos peces buenos que ser\u00edan el mejor estreno de la embarcaci\u00f3n.<\/p>\n<p><a href=\"http:\/\/www.valenciabass.com\/wp-content\/uploads\/034.800x600.jpg\"><img loading=\"lazy\" decoding=\"async\" class=\"aligncenter size-full wp-image-924\" title=\"034.800x600\" src=\"http:\/\/www.valenciabass.com\/wp-content\/uploads\/034.800x600.jpg\" alt=\"\" width=\"800\" height=\"450\" srcset=\"https:\/\/www.valenciabass.com\/wp-content\/uploads\/034.800x600.jpg 800w, https:\/\/www.valenciabass.com\/wp-content\/uploads\/034.800x600-300x168.jpg 300w\" sizes=\"auto, (max-width: 800px) 100vw, 800px\" \/><\/a><\/p>\n<p>Miguel tambi\u00e9n pos\u00f3 orgulloso para la posteridad con su captura, la mejor captura del d\u00eda con un pez que holgadamente sobrepasaba los 2 kilos.<\/p>\n<p><a href=\"http:\/\/www.valenciabass.com\/wp-content\/uploads\/037.800x600.jpg\"><img loading=\"lazy\" decoding=\"async\" class=\"aligncenter size-full wp-image-925\" title=\"037.800x600\" src=\"http:\/\/www.valenciabass.com\/wp-content\/uploads\/037.800x600.jpg\" alt=\"\" width=\"800\" height=\"450\" srcset=\"https:\/\/www.valenciabass.com\/wp-content\/uploads\/037.800x600.jpg 800w, https:\/\/www.valenciabass.com\/wp-content\/uploads\/037.800x600-300x168.jpg 300w\" sizes=\"auto, (max-width: 800px) 100vw, 800px\" \/><\/a><\/p>\n<p>Anochec\u00eda y a\u00fan quedaba la maniobra de sacar la embarcaci\u00f3n. No hubo problemas y a la primera sub\u00ed el barco al remolque. El Focus hizo su trabajo y sali\u00f3 sin problema. Un buen estreno con peces de calidad a pesar de estar en el mes de diciembre.<\/p>\n","protected":false},"excerpt":{"rendered":"<p>En l\u00ednea con aquella hist\u00f3rica cr\u00f3nica de mi amigo Javi, Aqu\u00ed os dejo la cr\u00f3nica del estreno de mi nueva embarcaci\u00f3n all\u00e1 por principios de diciembre que tuvo lugar en Cortes de Pall\u00e1s en compa\u00f1\u00eda de mi compa\u00f1ero Miguel Franco. <span class=\"excerpt-dots\">&hellip;<\/span> <a class=\"more-link\" href=\"https:\/\/www.valenciabass.com\/?p=915\"><span class=\"more-msg\">Sigue leyendo &rarr;<\/span><\/a><\/p>\n","protected":false},"author":2,"featured_media":0,"comment_status":"closed","ping_status":"closed","sticky":false,"template":"","format":"standard","meta":{"_monsterinsights_skip_tracking":false,"_monsterinsights_sitenote_active":false,"_monsterinsights_sitenote_note":"","_monsterinsights_sitenote_category":0,"ngg_post_thumbnail":0,"footnotes":""},"categories":[38,26,35,6],"tags":[],"class_list":["post-915","post","type-post","status-publish","format-standard","hentry","category-benageber","category-cronicas","category-escenario","category-salidas"],"_links":{"self":[{"href":"https:\/\/www.valenciabass.com\/index.php?rest_route=\/wp\/v2\/posts\/915","targetHints":{"allow":["GET"]}}],"collection":[{"href":"https:\/\/www.valenciabass.com\/index.php?rest_route=\/wp\/v2\/posts"}],"about":[{"href":"https:\/\/www.valenciabass.com\/index.php?rest_route=\/wp\/v2\/types\/post"}],"author":[{"embeddable":true,"href":"https:\/\/www.valenciabass.com\/index.php?rest_route=\/wp\/v2\/users\/2"}],"replies":[{"embeddable":true,"href":"https:\/\/www.valenciabass.com\/index.php?rest_route=%2Fwp%2Fv2%2Fcomments&post=915"}],"version-history":[{"count":9,"href":"https:\/\/www.valenciabass.com\/index.php?rest_route=\/wp\/v2\/posts\/915\/revisions"}],"predecessor-version":[{"id":5880,"href":"https:\/\/www.valenciabass.com\/index.php?rest_route=\/wp\/v2\/posts\/915\/revisions\/5880"}],"wp:attachment":[{"href":"https:\/\/www.valenciabass.com\/index.php?rest_route=%2Fwp%2Fv2%2Fmedia&parent=915"}],"wp:term":[{"taxonomy":"category","embeddable":true,"href":"https:\/\/www.valenciabass.com\/index.php?rest_route=%2Fwp%2Fv2%2Fcategories&post=915"},{"taxonomy":"post_tag","embeddable":true,"href":"https:\/\/www.valenciabass.com\/index.php?rest_route=%2Fwp%2Fv2%2Ftags&post=915"}],"curies":[{"name":"wp","href":"https:\/\/api.w.org\/{rel}","templated":true}]}}