{"id":886,"date":"2011-11-21T23:44:27","date_gmt":"2011-11-21T22:44:27","guid":{"rendered":"http:\/\/www.valenciabass.com\/?p=886"},"modified":"2014-06-08T23:02:10","modified_gmt":"2014-06-08T21:02:10","slug":"6%c2%ba-concurso-social-embarcacion-2011","status":"publish","type":"post","link":"https:\/\/www.valenciabass.com\/?p=886","title":{"rendered":"6\u00ba Concurso Social Embarcaci\u00f3n"},"content":{"rendered":"<p>El pasado domingo 20 de noviembre se celebro en el fant\u00e1stico embalse de Benag\u00e9ber, la \u00faltima prueba social de la temporada 2011.<\/p>\n<p>En primer lugar, os mostramos la clasificaci\u00f3n de la manga:<\/p>\n<p><a href=\"http:\/\/www.valenciabass.com\/wp-content\/uploads\/Clasificaci\u00f3n-6.jpg\"><img loading=\"lazy\" decoding=\"async\" class=\"alignnone size-full wp-image-887\" title=\"Clasificaci\u00f3n (6)\" src=\"http:\/\/www.valenciabass.com\/wp-content\/uploads\/Clasificaci\u00f3n-6.jpg\" alt=\"\" width=\"769\" height=\"487\" srcset=\"https:\/\/www.valenciabass.com\/wp-content\/uploads\/Clasificaci\u00f3n-6.jpg 769w, https:\/\/www.valenciabass.com\/wp-content\/uploads\/Clasificaci\u00f3n-6-300x189.jpg 300w\" sizes=\"auto, (max-width: 769px) 100vw, 769px\" \/><\/a><\/p>\n<p>En segundo lugar, unas im\u00e1genes de los participantes:<\/p>\n<div id=\"attachment_889\" style=\"width: 624px\" class=\"wp-caption alignnone\"><a href=\"http:\/\/www.valenciabass.com\/wp-content\/uploads\/DSC04749_vbc.jpg\"><img loading=\"lazy\" decoding=\"async\" aria-describedby=\"caption-attachment-889\" class=\"size-full wp-image-889   \" title=\"DSC04749_vbc\" src=\"http:\/\/www.valenciabass.com\/wp-content\/uploads\/DSC04749_vbc.jpg\" alt=\"\" width=\"614\" height=\"461\" srcset=\"https:\/\/www.valenciabass.com\/wp-content\/uploads\/DSC04749_vbc.jpg 1024w, https:\/\/www.valenciabass.com\/wp-content\/uploads\/DSC04749_vbc-300x225.jpg 300w\" sizes=\"auto, (max-width: 614px) 100vw, 614px\" \/><\/a><p id=\"caption-attachment-889\" class=\"wp-caption-text\">\u00c1lex Fabra y Fran Figueres con cuatro de las cinco percas que arrojaron un total de 10.290 gramos, aup\u00e1ndoles a la primera posici\u00f3n.<\/p><\/div>\n<p>\u00a0<\/p>\n<div id=\"attachment_890\" style=\"width: 471px\" class=\"wp-caption alignnone\"><a href=\"http:\/\/www.valenciabass.com\/wp-content\/uploads\/DSC04756_vbc.jpg\"><img loading=\"lazy\" decoding=\"async\" aria-describedby=\"caption-attachment-890\" class=\"size-full wp-image-890  \" title=\"DSC04756_vbc\" src=\"http:\/\/www.valenciabass.com\/wp-content\/uploads\/DSC04756_vbc.jpg\" alt=\"\" width=\"461\" height=\"614\" srcset=\"https:\/\/www.valenciabass.com\/wp-content\/uploads\/DSC04756_vbc.jpg 768w, https:\/\/www.valenciabass.com\/wp-content\/uploads\/DSC04756_vbc-225x300.jpg 225w\" sizes=\"auto, (max-width: 461px) 100vw, 461px\" \/><\/a><p id=\"caption-attachment-890\" class=\"wp-caption-text\">Fran Figures con la Pieza Mayor de 2.920 gramos y record del VBC en competici\u00f3n.<\/p><\/div>\n<p>\u00a0<\/p>\n<div id=\"attachment_891\" style=\"width: 624px\" class=\"wp-caption alignnone\"><a href=\"http:\/\/www.valenciabass.com\/wp-content\/uploads\/DSC04761_vbc.jpg\"><img loading=\"lazy\" decoding=\"async\" aria-describedby=\"caption-attachment-891\" class=\"size-full wp-image-891 \" title=\"DSC04761_vbc\" src=\"http:\/\/www.valenciabass.com\/wp-content\/uploads\/DSC04761_vbc.jpg\" alt=\"\" width=\"614\" height=\"461\" srcset=\"https:\/\/www.valenciabass.com\/wp-content\/uploads\/DSC04761_vbc.jpg 1024w, https:\/\/www.valenciabass.com\/wp-content\/uploads\/DSC04761_vbc-300x225.jpg 300w\" sizes=\"auto, (max-width: 614px) 100vw, 614px\" \/><\/a><p id=\"caption-attachment-891\" class=\"wp-caption-text\">Seraf\u00ed y Seraf\u00ed Jr. con tres de los pepinos que les alzaron hasta la segunda posici\u00f3n con un total de 8.810 gramos.<\/p><\/div>\n<p>\u00a0<\/p>\n<div class=\"mceTemp\">\n<div id=\"attachment_893\" style=\"width: 624px\" class=\"wp-caption alignnone\"><a href=\"http:\/\/www.valenciabass.com\/wp-content\/uploads\/DSC04769_vbc.jpg\"><img loading=\"lazy\" decoding=\"async\" aria-describedby=\"caption-attachment-893\" class=\"size-full wp-image-893 \" title=\"DSC04769_vbc\" src=\"http:\/\/www.valenciabass.com\/wp-content\/uploads\/DSC04769_vbc.jpg\" alt=\"\" width=\"614\" height=\"461\" srcset=\"https:\/\/www.valenciabass.com\/wp-content\/uploads\/DSC04769_vbc.jpg 1024w, https:\/\/www.valenciabass.com\/wp-content\/uploads\/DSC04769_vbc-300x225.jpg 300w\" sizes=\"auto, (max-width: 614px) 100vw, 614px\" \/><\/a><p id=\"caption-attachment-893\" class=\"wp-caption-text\">Jorge Civera hizo entrega del material donado por el Sponsor de la liga Bass embarcaci\u00f3n 2011, a los ganadores del \u00faltimo social del a\u00f1o, Fran Figueres y \u00c1lex Fabra.<\/p><\/div>\n<\/div>\n<p>\u00a0<\/p>\n<div id=\"attachment_892\" style=\"width: 624px\" class=\"wp-caption alignnone\"><a href=\"http:\/\/www.valenciabass.com\/wp-content\/uploads\/DSC04768_vbc.jpg\"><img loading=\"lazy\" decoding=\"async\" aria-describedby=\"caption-attachment-892\" class=\"size-full wp-image-892   \" title=\"DSC04768_vbc\" src=\"http:\/\/www.valenciabass.com\/wp-content\/uploads\/DSC04768_vbc.jpg\" alt=\"\" width=\"614\" height=\"461\" srcset=\"https:\/\/www.valenciabass.com\/wp-content\/uploads\/DSC04768_vbc.jpg 1024w, https:\/\/www.valenciabass.com\/wp-content\/uploads\/DSC04768_vbc-300x225.jpg 300w\" sizes=\"auto, (max-width: 614px) 100vw, 614px\" \/><\/a><p id=\"caption-attachment-892\" class=\"wp-caption-text\">Javier S\u00e1nchez y Jorge Civera entregaron el carrete Prologic, en nombre del Presidente, que no pudo asistir al social, a Fran Figueres, por la pieza mayor de 2.920 gramos.<\/p><\/div>\n<p>\u00a0<\/p>\n<p>Por \u00faltimo, la clasificaci\u00f3n general de la temporada 2011:<\/p>\n<p><a href=\"http:\/\/www.valenciabass.com\/wp-content\/uploads\/Clasificaci\u00f3n-General-5.jpg\"><img loading=\"lazy\" decoding=\"async\" class=\"alignnone size-full wp-image-888\" title=\"Clasificaci\u00f3n General (5)\" src=\"http:\/\/www.valenciabass.com\/wp-content\/uploads\/Clasificaci\u00f3n-General-5.jpg\" alt=\"\" width=\"850\" height=\"610\" srcset=\"https:\/\/www.valenciabass.com\/wp-content\/uploads\/Clasificaci\u00f3n-General-5.jpg 1062w, https:\/\/www.valenciabass.com\/wp-content\/uploads\/Clasificaci\u00f3n-General-5-300x215.jpg 300w, https:\/\/www.valenciabass.com\/wp-content\/uploads\/Clasificaci\u00f3n-General-5-1024x735.jpg 1024w\" sizes=\"auto, (max-width: 850px) 100vw, 850px\" \/><\/a><\/p>\n<p>Damos la enhorabuena al p\u00f3dium de la liga 2011y pieza mayor,\u00a0as\u00ed como a los clasificados para el Auton\u00f3mico 2012.<\/p>\n<p>La pr\u00f3xima temporada, m\u00e1s y mejor.<\/p>\n<p>Un saludo y buena pesca.<\/p>\n","protected":false},"excerpt":{"rendered":"<p>El pasado domingo 20 de noviembre se celebro en el fant\u00e1stico embalse de Benag\u00e9ber, la \u00faltima prueba social de la temporada 2011. En primer lugar, os mostramos la clasificaci\u00f3n de la manga: En segundo lugar, unas im\u00e1genes de los participantes: <span class=\"excerpt-dots\">&hellip;<\/span> <a class=\"more-link\" href=\"https:\/\/www.valenciabass.com\/?p=886\"><span class=\"more-msg\">Sigue leyendo &rarr;<\/span><\/a><\/p>\n","protected":false},"author":3,"featured_media":0,"comment_status":"closed","ping_status":"closed","sticky":false,"template":"","format":"standard","meta":{"_monsterinsights_skip_tracking":false,"_monsterinsights_sitenote_active":false,"_monsterinsights_sitenote_note":"","_monsterinsights_sitenote_category":0,"ngg_post_thumbnail":0,"footnotes":""},"categories":[5,35,10,12,39],"tags":[],"class_list":["post-886","post","type-post","status-publish","format-standard","hentry","category-competiciones","category-escenario","category-sociales","category-sociales-embarcacion","category-tous"],"_links":{"self":[{"href":"https:\/\/www.valenciabass.com\/index.php?rest_route=\/wp\/v2\/posts\/886","targetHints":{"allow":["GET"]}}],"collection":[{"href":"https:\/\/www.valenciabass.com\/index.php?rest_route=\/wp\/v2\/posts"}],"about":[{"href":"https:\/\/www.valenciabass.com\/index.php?rest_route=\/wp\/v2\/types\/post"}],"author":[{"embeddable":true,"href":"https:\/\/www.valenciabass.com\/index.php?rest_route=\/wp\/v2\/users\/3"}],"replies":[{"embeddable":true,"href":"https:\/\/www.valenciabass.com\/index.php?rest_route=%2Fwp%2Fv2%2Fcomments&post=886"}],"version-history":[{"count":8,"href":"https:\/\/www.valenciabass.com\/index.php?rest_route=\/wp\/v2\/posts\/886\/revisions"}],"predecessor-version":[{"id":5881,"href":"https:\/\/www.valenciabass.com\/index.php?rest_route=\/wp\/v2\/posts\/886\/revisions\/5881"}],"wp:attachment":[{"href":"https:\/\/www.valenciabass.com\/index.php?rest_route=%2Fwp%2Fv2%2Fmedia&parent=886"}],"wp:term":[{"taxonomy":"category","embeddable":true,"href":"https:\/\/www.valenciabass.com\/index.php?rest_route=%2Fwp%2Fv2%2Fcategories&post=886"},{"taxonomy":"post_tag","embeddable":true,"href":"https:\/\/www.valenciabass.com\/index.php?rest_route=%2Fwp%2Fv2%2Ftags&post=886"}],"curies":[{"name":"wp","href":"https:\/\/api.w.org\/{rel}","templated":true}]}}