{"id":8845,"date":"2015-11-24T23:44:11","date_gmt":"2015-11-24T22:44:11","guid":{"rendered":"http:\/\/www.valenciabass.com\/?p=8845"},"modified":"2015-11-24T23:44:11","modified_gmt":"2015-11-24T22:44:11","slug":"7o-concurso-social","status":"publish","type":"post","link":"https:\/\/www.valenciabass.com\/?p=8845","title":{"rendered":"7\u00ba Concurso Social"},"content":{"rendered":"<p>\u00daltimo concurso de la temporada y no hab\u00eda nada decidido. Este concurso se celebraba en Tous, un escenario que inquieta a m\u00e1s de uno por como nos vamos a encontrar la rampa de botadura y el posterior aparcamiento de coches y remolques. Afortunadamente, el embalse hab\u00eda bajado y las plazas de aparcamiento en la zona baja abundaban.<\/p>\n<p><img loading=\"lazy\" decoding=\"async\" class=\"aligncenter size-large wp-image-8862\" src=\"http:\/\/www.valenciabass.com\/wp-content\/uploads\/20151115_073332.640x480.jpg\" alt=\"20151115_073332.640x480\" width=\"640\" height=\"480\" srcset=\"https:\/\/www.valenciabass.com\/wp-content\/uploads\/20151115_073332.640x480.jpg 640w, https:\/\/www.valenciabass.com\/wp-content\/uploads\/20151115_073332.640x480-300x225.jpg 300w, https:\/\/www.valenciabass.com\/wp-content\/uploads\/20151115_073332.640x480-250x188.jpg 250w\" sizes=\"auto, (max-width: 640px) 100vw, 640px\" \/><\/p>\n<p><a href=\"http:\/\/www.valenciabass.com\/wp-content\/uploads\/20151115_074104.640x480.jpg\"><img loading=\"lazy\" decoding=\"async\" class=\"aligncenter size-large wp-image-8860\" src=\"http:\/\/www.valenciabass.com\/wp-content\/uploads\/20151115_074104.640x480.jpg\" alt=\"20151115_074104.640x480\" width=\"640\" height=\"480\" srcset=\"https:\/\/www.valenciabass.com\/wp-content\/uploads\/20151115_074104.640x480.jpg 640w, https:\/\/www.valenciabass.com\/wp-content\/uploads\/20151115_074104.640x480-300x225.jpg 300w, https:\/\/www.valenciabass.com\/wp-content\/uploads\/20151115_074104.640x480-250x188.jpg 250w\" sizes=\"auto, (max-width: 640px) 100vw, 640px\" \/><\/a><\/p>\n<p><a href=\"http:\/\/www.valenciabass.com\/wp-content\/uploads\/20151115_074053.640x480.jpg\"><img loading=\"lazy\" decoding=\"async\" class=\"aligncenter size-large wp-image-8861\" src=\"http:\/\/www.valenciabass.com\/wp-content\/uploads\/20151115_074053.640x480.jpg\" alt=\"20151115_074053.640x480\" width=\"640\" height=\"480\" srcset=\"https:\/\/www.valenciabass.com\/wp-content\/uploads\/20151115_074053.640x480.jpg 640w, https:\/\/www.valenciabass.com\/wp-content\/uploads\/20151115_074053.640x480-300x225.jpg 300w, https:\/\/www.valenciabass.com\/wp-content\/uploads\/20151115_074053.640x480-250x188.jpg 250w\" sizes=\"auto, (max-width: 640px) 100vw, 640px\" \/><\/a><\/p>\n<p><a href=\"http:\/\/www.valenciabass.com\/wp-content\/uploads\/20151115_073325.640x480.jpg\"><img loading=\"lazy\" decoding=\"async\" class=\"aligncenter size-large wp-image-8863\" src=\"http:\/\/www.valenciabass.com\/wp-content\/uploads\/20151115_073325.640x480.jpg\" alt=\"20151115_073325.640x480\" width=\"640\" height=\"480\" srcset=\"https:\/\/www.valenciabass.com\/wp-content\/uploads\/20151115_073325.640x480.jpg 640w, https:\/\/www.valenciabass.com\/wp-content\/uploads\/20151115_073325.640x480-300x225.jpg 300w, https:\/\/www.valenciabass.com\/wp-content\/uploads\/20151115_073325.640x480-250x188.jpg 250w\" sizes=\"auto, (max-width: 640px) 100vw, 640px\" \/><\/a><\/p>\n<p><a href=\"http:\/\/www.valenciabass.com\/wp-content\/uploads\/20151115_073306.640x480.jpg\"><img loading=\"lazy\" decoding=\"async\" class=\"aligncenter size-full wp-image-8864\" src=\"http:\/\/www.valenciabass.com\/wp-content\/uploads\/20151115_073306.640x480.jpg\" alt=\"20151115_073306.640x480\" width=\"640\" height=\"480\" srcset=\"https:\/\/www.valenciabass.com\/wp-content\/uploads\/20151115_073306.640x480.jpg 640w, https:\/\/www.valenciabass.com\/wp-content\/uploads\/20151115_073306.640x480-300x225.jpg 300w, https:\/\/www.valenciabass.com\/wp-content\/uploads\/20151115_073306.640x480-250x188.jpg 250w\" sizes=\"auto, (max-width: 640px) 100vw, 640px\" \/><\/a><\/p>\n<p>Los entrenamientos hab\u00edan ido con diferentes suertes para los participantes desde cupo tras cupo, hasta porra tras porra. En todo caso, la congoja estaba patente en las caras de todos aquellos que se jugaban alguna cosa en este \u00faltimo concurso.<\/p>\n<p><img loading=\"lazy\" decoding=\"async\" class=\"aligncenter size-large wp-image-8859\" src=\"http:\/\/www.valenciabass.com\/wp-content\/uploads\/20151115_074127.640x480.jpg\" alt=\"20151115_074127.640x480\" width=\"640\" height=\"480\" srcset=\"https:\/\/www.valenciabass.com\/wp-content\/uploads\/20151115_074127.640x480.jpg 640w, https:\/\/www.valenciabass.com\/wp-content\/uploads\/20151115_074127.640x480-300x225.jpg 300w, https:\/\/www.valenciabass.com\/wp-content\/uploads\/20151115_074127.640x480-250x188.jpg 250w\" sizes=\"auto, (max-width: 640px) 100vw, 640px\" \/><\/p>\n<p>La llegada al embalse fue bastante escalonada, desde aquellos que llegaron con m\u00e1s de una hora de antelaci\u00f3n, hasta los que llegaron tranquilamente a disfrutar de un d\u00eda de pesca m\u00e1s.<\/p>\n<p>La salida fue completamente diferente a la de hace un a\u00f1o en la que saliamos todos juntos a el\u00e9ctrico. En la primera salida, David e Isra volaron sobre las aguas del J\u00facar llegando a las boyas los primeros sobrado. En la segunda salida, aprovechando que el Presi s\u00f3lo fue a la comida, salimos emparejados Donderis\/JJ, los Zetas y Miguel\/Jorge. Miguel\/Jorge remontamos para llegar primero a la primera curva, y pensando que seguir\u00edamos aumentando la ventaja en la siguiente curva me cerr\u00e9 ligeramente. Sin embargo, los ZZ los ten\u00eda pegados a popa, y la cortina de agua de la Nitro 482 di\u00f3 una fresca ducha matutina a Javi ZZ. Perd\u00f3n.<\/p>\n<p>Aparte de eso, cada uno fue a buscar los peces donde los hab\u00eda visto durante los entrenamientos a primera hora. Algunos comentaban que hab\u00edan sacado peces a primera hora en superficie, pero otros no los vimos hasta \u00faltima hora. El viento reinante durante gran parte de la ma\u00f1ana dificult\u00f3 el posicionamiento de los barcos y la detecci\u00f3n de picada si \u00e9ste no se realizaba correctamente de cara al viento.<\/p>\n<p>Un patr\u00f3n que se observ\u00f3 con m\u00e1s claridad conforme avanzaba la ma\u00f1ana fue peces asociados a la sombra de coberturas en zona emplayadas. Hubo compa\u00f1eros que supieron explotar este patr\u00f3n para conseguir sacar peces, aunque hubo otra pareja que opt\u00f3 por las profundidades abisales.<\/p>\n<p>Personalmente, como otros compa\u00f1eros, perdimos varios peces y conforme pasaba el tiempo nos ve\u00edamos abocados a un porra de despedida de la temporada. Estabamos pescando la \u00faltima punta de entrada a un r\u00e9cula, cuando le pregunto la hora a Miguel y me dice que son las 14:51. Miguel estima que nos costar\u00eda 3 \u00f3 4 minutos llegar a la zona de pesaje. En eso que hago mi \u00faltimo lance sobre la punta, arrastro el cangrejillo sobre la misma, noto como pierdo el peso de se\u00f1uelo y la l\u00ednea viene hacia mi. Clavo como un resorte y anuncio a Miguel que llevo uno. Lo que sigue fue una pelea angustiosa sobre una punta de piedras y ramas mientras intento subir ese pez lo m\u00e1s r\u00e1pido posible al barco porque ten\u00edamos el tiempo justo. Efectivamente, metemos el pez en el vivero que empezaba a llenarse en ese momento y eran las 14:54. Arranco y salimos a tope para llegar a la zona de pesaje a las 14:57 librando la porra <em>in extremis<\/em>. Miguel no se lo acababa de creer, nunca antes hab\u00edamos hecho algo parecido. <strong>Never give up!<\/strong><\/p>\n<p>En la zona de pesaje ten\u00edamos tres embarcaciones con cupo y algunas con porra. Entre los que hab\u00edan hecho porra estaban sorprendentemente Vicent y David que lideraban la clasificaci\u00f3n general con holgura. Por segundo a\u00f1o consecutivo Tous castigaba a los l\u00edderes de la liga. <\/p>\n<p>Sin embargo, faltaba el juez, el juez no hab\u00eda llegado todav\u00eda, cosa que nos extra\u00f1\u00f3. Asi que Paco y Edu fueron a buscarlo para traerlo de la oreja. Afortunadamente, s\u00f3lo hab\u00eda sido un error de c\u00e1lculo de tiempo y ya llegaban. \u00a1Este Juanito no deja de darnos sustos!<\/p>\n<p>Acto seguido comenzamos con el pesaje. Nico y Enrique con su Daganz consegu\u00edan capturar un pez de 800 gramos.<\/p>\n<p><a href=\"http:\/\/www.valenciabass.com\/wp-content\/uploads\/IMG-20151123-WA0002.640x480.jpg\"><img loading=\"lazy\" decoding=\"async\" class=\"aligncenter size-full wp-image-8866\" src=\"http:\/\/www.valenciabass.com\/wp-content\/uploads\/IMG-20151123-WA0002.640x480.jpg\" alt=\"IMG-20151123-WA0002.640x480\" width=\"640\" height=\"384\" srcset=\"https:\/\/www.valenciabass.com\/wp-content\/uploads\/IMG-20151123-WA0002.640x480.jpg 640w, https:\/\/www.valenciabass.com\/wp-content\/uploads\/IMG-20151123-WA0002.640x480-300x180.jpg 300w, https:\/\/www.valenciabass.com\/wp-content\/uploads\/IMG-20151123-WA0002.640x480-250x150.jpg 250w\" sizes=\"auto, (max-width: 640px) 100vw, 640px\" \/><\/a><\/p>\n<p>El Mune y el Jefe presentaban un \u00fanico pez de 1.450kg que les dar\u00eda el 8\u00ba puesto de este social.<\/p>\n<p><a href=\"http:\/\/www.valenciabass.com\/wp-content\/uploads\/IMG-20151115-WA0011.640x480.jpg\"><img loading=\"lazy\" decoding=\"async\" class=\"aligncenter size-full wp-image-8850\" src=\"http:\/\/www.valenciabass.com\/wp-content\/uploads\/IMG-20151115-WA0011.640x480.jpg\" alt=\"IMG-20151115-WA0011.640x480\" width=\"640\" height=\"480\" srcset=\"https:\/\/www.valenciabass.com\/wp-content\/uploads\/IMG-20151115-WA0011.640x480.jpg 640w, https:\/\/www.valenciabass.com\/wp-content\/uploads\/IMG-20151115-WA0011.640x480-300x225.jpg 300w, https:\/\/www.valenciabass.com\/wp-content\/uploads\/IMG-20151115-WA0011.640x480-250x188.jpg 250w\" sizes=\"auto, (max-width: 640px) 100vw, 640px\" \/><\/a><\/p>\n<p>El Jefe ha solicitado una excendencia de un a\u00f1o de la competici\u00f3n cediendo su puesto al inigualable Richi para el pr\u00f3ximo a\u00f1o.<\/p>\n<p>Los siguientes, Miguel y un servidor, con nuestro pez de 1.570kg que nos daba el s\u00e9ptimo puesto en el social y nos permit\u00eda aguantar el 5\u00ba puesto en la general.<\/p>\n<p><a href=\"http:\/\/www.valenciabass.com\/wp-content\/uploads\/IMG-20151115-WA0006.640x480.jpg\"><img loading=\"lazy\" decoding=\"async\" class=\"aligncenter size-full wp-image-8854\" src=\"http:\/\/www.valenciabass.com\/wp-content\/uploads\/IMG-20151115-WA0006.640x480.jpg\" alt=\"IMG-20151115-WA0006.640x480\" width=\"640\" height=\"360\" srcset=\"https:\/\/www.valenciabass.com\/wp-content\/uploads\/IMG-20151115-WA0006.640x480.jpg 640w, https:\/\/www.valenciabass.com\/wp-content\/uploads\/IMG-20151115-WA0006.640x480-300x169.jpg 300w, https:\/\/www.valenciabass.com\/wp-content\/uploads\/IMG-20151115-WA0006.640x480-250x141.jpg 250w\" sizes=\"auto, (max-width: 640px) 100vw, 640px\" \/><\/a><\/p>\n<p>Cristian y Cisco que fueron desconocedores en todo momento de que pod\u00edan haber ganado su segunda liga social, siempre con el permiso de los peces, presentaban 3 peces a pesaje con un peso total de 3.400kg.<\/p>\n<p><a href=\"http:\/\/www.valenciabass.com\/wp-content\/uploads\/IMG-20151115-WA0009.640x480.jpg\"><img loading=\"lazy\" decoding=\"async\" class=\"aligncenter size-full wp-image-8851\" src=\"http:\/\/www.valenciabass.com\/wp-content\/uploads\/IMG-20151115-WA0009.640x480.jpg\" alt=\"IMG-20151115-WA0009.640x480\" width=\"640\" height=\"384\" srcset=\"https:\/\/www.valenciabass.com\/wp-content\/uploads\/IMG-20151115-WA0009.640x480.jpg 640w, https:\/\/www.valenciabass.com\/wp-content\/uploads\/IMG-20151115-WA0009.640x480-300x180.jpg 300w, https:\/\/www.valenciabass.com\/wp-content\/uploads\/IMG-20151115-WA0009.640x480-250x150.jpg 250w\" sizes=\"auto, (max-width: 640px) 100vw, 640px\" \/><\/a><\/p>\n<p>Los nuevos Rookies of the Year, Gabriel y Juan, Juan y Gabriel, que s\u00f3lo asistieron a los 3 \u00faltimos concursos con un 2\u00ba y dos 5\u00ba puestos. El \u00faltimo 5\u00ba puesto conseguido en este concurso con 3 buenos peces que pesaron 4.350kg. Una pareja muy a tener en cuenta para el pr\u00f3ximo a\u00f1o.<\/p>\n<p><a href=\"http:\/\/www.valenciabass.com\/wp-content\/uploads\/IMG-20151115-WA0004.640x480.jpg\"><img loading=\"lazy\" decoding=\"async\" class=\"aligncenter size-full wp-image-8856\" src=\"http:\/\/www.valenciabass.com\/wp-content\/uploads\/IMG-20151115-WA0004.640x480.jpg\" alt=\"IMG-20151115-WA0004.640x480\" width=\"640\" height=\"360\" srcset=\"https:\/\/www.valenciabass.com\/wp-content\/uploads\/IMG-20151115-WA0004.640x480.jpg 640w, https:\/\/www.valenciabass.com\/wp-content\/uploads\/IMG-20151115-WA0004.640x480-300x169.jpg 300w, https:\/\/www.valenciabass.com\/wp-content\/uploads\/IMG-20151115-WA0004.640x480-250x141.jpg 250w\" sizes=\"auto, (max-width: 640px) 100vw, 640px\" \/><\/a><\/p>\n<p>La conexi\u00f3n valenciano-manchega, Isra y David, que se marcaban un 4\u00ba puesto con 4 peces y 6.170kg en un concurso que no olvidar\u00e1n. Una remontada final que los met\u00eda en puestos <em>champions<\/em> ocupando el 6\u00ba puesto en la clasificaci\u00f3n final.<\/p>\n<p><a href=\"http:\/\/www.valenciabass.com\/wp-content\/uploads\/IMG-20151115-WA0008.640x480.jpg\"><img loading=\"lazy\" decoding=\"async\" class=\"aligncenter size-full wp-image-8852\" src=\"http:\/\/www.valenciabass.com\/wp-content\/uploads\/IMG-20151115-WA0008.640x480.jpg\" alt=\"IMG-20151115-WA0008.640x480\" width=\"640\" height=\"480\" srcset=\"https:\/\/www.valenciabass.com\/wp-content\/uploads\/IMG-20151115-WA0008.640x480.jpg 640w, https:\/\/www.valenciabass.com\/wp-content\/uploads\/IMG-20151115-WA0008.640x480-300x225.jpg 300w, https:\/\/www.valenciabass.com\/wp-content\/uploads\/IMG-20151115-WA0008.640x480-250x188.jpg 250w\" sizes=\"auto, (max-width: 640px) 100vw, 640px\" \/><\/a><\/p>\n<p>\u00c1lex, Barea y la Xiaomi Yi consegu\u00edan el tercer puesto en el social tras haber perdido muchos peces y habi\u00e9ndola podido liar (como dice \u00c1lex). Un peso total de 6.500kg que no ser\u00eda suficiente para subir al p\u00f3dium.<\/p>\n<p><a href=\"http:\/\/www.valenciabass.com\/wp-content\/uploads\/DSC07023.640x480.jpg\"><img loading=\"lazy\" decoding=\"async\" class=\"aligncenter size-full wp-image-8857\" src=\"http:\/\/www.valenciabass.com\/wp-content\/uploads\/DSC07023.640x480.jpg\" alt=\"Versi\u00f3n 2\" width=\"640\" height=\"480\" srcset=\"https:\/\/www.valenciabass.com\/wp-content\/uploads\/DSC07023.640x480.jpg 640w, https:\/\/www.valenciabass.com\/wp-content\/uploads\/DSC07023.640x480-300x225.jpg 300w, https:\/\/www.valenciabass.com\/wp-content\/uploads\/DSC07023.640x480-250x188.jpg 250w\" sizes=\"auto, (max-width: 640px) 100vw, 640px\" \/><\/a><\/p>\n<p>Els Serafins que venien fent una temporada molt molt regular, tancaven aquesta temporada jugant en casa i donant espectacle. Cinc peixos amb 7.170kg, segona posici\u00f3 en aquest concurs i tercera posici\u00f3 en la clasificaci\u00f3 final. Enhorabona!<\/p>\n<p><a href=\"http:\/\/www.valenciabass.com\/wp-content\/uploads\/IMG-20151115-WA0005.640x480.jpg\"><img loading=\"lazy\" decoding=\"async\" class=\"aligncenter size-full wp-image-8855\" src=\"http:\/\/www.valenciabass.com\/wp-content\/uploads\/IMG-20151115-WA0005.640x480.jpg\" alt=\"IMG-20151115-WA0005.640x480\" width=\"640\" height=\"360\" srcset=\"https:\/\/www.valenciabass.com\/wp-content\/uploads\/IMG-20151115-WA0005.640x480.jpg 640w, https:\/\/www.valenciabass.com\/wp-content\/uploads\/IMG-20151115-WA0005.640x480-300x169.jpg 300w, https:\/\/www.valenciabass.com\/wp-content\/uploads\/IMG-20151115-WA0005.640x480-250x141.jpg 250w\" sizes=\"auto, (max-width: 640px) 100vw, 640px\" \/><\/a><\/p>\n<p>El primer puesto de este social se lo llevaban Donderis y JJ que se resarc\u00edan en esta \u00faltima prueba de la temporada. \u00a1Magn\u00edfica pescata!<\/p>\n<p><a href=\"http:\/\/www.valenciabass.com\/wp-content\/uploads\/IMG-20151115-WA0007.640x480.jpg\"><img loading=\"lazy\" decoding=\"async\" class=\"aligncenter size-full wp-image-8853\" src=\"http:\/\/www.valenciabass.com\/wp-content\/uploads\/IMG-20151115-WA0007.640x480.jpg\" alt=\"IMG-20151115-WA0007.640x480\" width=\"640\" height=\"480\" srcset=\"https:\/\/www.valenciabass.com\/wp-content\/uploads\/IMG-20151115-WA0007.640x480.jpg 640w, https:\/\/www.valenciabass.com\/wp-content\/uploads\/IMG-20151115-WA0007.640x480-300x225.jpg 300w, https:\/\/www.valenciabass.com\/wp-content\/uploads\/IMG-20151115-WA0007.640x480-250x188.jpg 250w\" sizes=\"auto, (max-width: 640px) 100vw, 640px\" \/><\/a><\/p>\n<p>De esta forma la clasificaci\u00f3n de este social es la que sigue.<\/p>\n<table>\n<tbody>\n<tr>\n<th>POSICI\u00d3N<\/th>\n<th>EQUIPO<\/th>\n<th>N\u00ba PIEZAS<\/th>\n<th>PESO TOTAL<\/th>\n<th>PUNTOS<\/th>\n<th>TOTAL<\/th>\n<\/tr>\n<tr>\n<td>1\u00ba<\/td>\n<td>J.J.\/Donderis<\/td>\n<td>5<\/td>\n<td>7.640<\/td>\n<td>30<\/td>\n<td>37.640<\/td>\n<\/tr>\n<tr>\n<td>2\u00ba<\/td>\n<td>S.Mendoza\/J.S.Mendoza<\/td>\n<td>5<\/td>\n<td>7.170<\/td>\n<td>26<\/td>\n<td>33.170<\/td>\n<\/tr>\n<tr>\n<td>3\u00ba<\/td>\n<td>A.Fabra\/M.Barea<\/td>\n<td>5<\/td>\n<td>6.500<\/td>\n<td>24<\/td>\n<td>30.500<\/td>\n<\/tr>\n<tr>\n<td>4\u00ba<\/td>\n<td>D.Mu\u00f1oz\/I.Roser<\/td>\n<td>4<\/td>\n<td>6.170<\/td>\n<td>22<\/td>\n<td>28.170<\/td>\n<\/tr>\n<tr>\n<td>5\u00ba<\/td>\n<td>G. Honrubia\/J.Salmer\u00f3n<\/td>\n<td>3<\/td>\n<td>4.350<\/td>\n<td>20<\/td>\n<td>24.350<\/td>\n<\/tr>\n<tr>\n<td>6\u00ba<\/td>\n<td>C.Casanoves\/C.Segarra<\/td>\n<td>2<\/td>\n<td>3.400<\/td>\n<td>18<\/td>\n<td>21.400<\/td>\n<\/tr>\n<tr>\n<td>7\u00ba<\/td>\n<td>J.Civera\/M.Franco<\/td>\n<td>2<\/td>\n<td>1.570<\/td>\n<td>16<\/td>\n<td>17.570<\/td>\n<\/tr>\n<tr>\n<td>8\u00ba<\/td>\n<td>J.L.S\u00e1nchez\/J.L.S\u00e1nchez<\/td>\n<td>1<\/td>\n<td>1.450<\/td>\n<td>14<\/td>\n<td>15.450<\/td>\n<\/tr>\n<tr>\n<td>9\u00ba<\/td>\n<td>J.S\u00e1nchez\/J.M.L\u00f3pez<\/td>\n<td>1<\/td>\n<td>1.220<\/td>\n<td>12<\/td>\n<td>13.220<\/td>\n<\/tr>\n<tr>\n<td>10\u00ba<\/td>\n<td>N.Garc\u00eda\/E.Garc\u00eda<\/td>\n<td>1<\/td>\n<td>0.800<\/td>\n<td>10<\/td>\n<td>10.800<\/td>\n<\/tr>\n<tr>\n<td>11\u00ba<\/td>\n<td>J.Romeu\/V.Cuevas<\/td>\n<td>1<\/td>\n<td>0.560<\/td>\n<td>8<\/td>\n<td>8.560<\/td>\n<\/tr>\n<tr>\n<td>12\u00ba<\/td>\n<td>J.A.Alonso\/J.Peral<\/td>\n<td>1<\/td>\n<td>0.530<\/td>\n<td>6<\/td>\n<td>6.530<\/td>\n<\/tr>\n<\/tbody>\n<\/table>\n<p>Pieza mayor: J.J. (2.050kg)<\/p>\n<p>Finalmente, con redoble de tambores por una temporada muy muy dura con la mayor\u00eda de concursos en un Cortes imposible, la clasificaci\u00f3n general de este a\u00f1o 2015.<\/p>\n<table>\n<tbody>\n<tr>\n<th>POSICI\u00d3N<\/th>\n<th>EQUIPO<\/th>\n<th>1\u00ba<\/th>\n<th>2\u00ba<\/th>\n<th>3\u00ba<\/th>\n<th>4\u00ba<\/th>\n<th>5\u00ba<\/th>\n<th>6\u00ba<\/th>\n<th>7\u00ba<\/th>\n<th>TOTAL<\/th>\n<\/tr>\n<tr>\n<td>1\u00ba<\/td>\n<td>V.Castellano\/D.Garc\u00eda<\/td>\n<td>26,65<\/td>\n<td>28,32<\/td>\n<td>23,03<\/td>\n<td>24,09<\/td>\n<td>34,97<\/td>\n<td>35,87<\/td>\n<td>0,00<\/td>\n<td>173,74<\/td>\n<\/tr>\n<tr>\n<td>2\u00ba<\/td>\n<td>C.Casanoves\/C.Segarra<\/td>\n<td>21,10<\/td>\n<td>33,71<\/td>\n<td>33,75<\/td>\n<td>0,00<\/td>\n<td>27,52<\/td>\n<td>30,85<\/td>\n<td>21,40<\/td>\n<td>168,33<\/td>\n<\/tr>\n<tr>\n<td>3\u00ba<\/td>\n<td>S.Mendoza\/J.S.Mendoza<\/td>\n<td>23,61<\/td>\n<td>11,34<\/td>\n<td>19,81<\/td>\n<td>29,6<\/td>\n<td>20,61<\/td>\n<td>13,15<\/td>\n<td>33,17<\/td>\n<td>151,29<\/td>\n<\/tr>\n<tr>\n<td>4\u00ba<\/td>\n<td>A.Fabra\/M.Barea<\/td>\n<td>0,00<\/td>\n<td>18,48<\/td>\n<td>10,54<\/td>\n<td>37,03<\/td>\n<td>16,56<\/td>\n<td>28,52<\/td>\n<td>30,50<\/td>\n<td>141,63<\/td>\n<\/tr>\n<tr>\n<td>5\u00ba<\/td>\n<td>J.Civera\/M.Franco<\/td>\n<td>9,36<\/td>\n<td>39,34<\/td>\n<td>29,38<\/td>\n<td>0,00<\/td>\n<td>4,73<\/td>\n<td>25,58<\/td>\n<td>17,57<\/td>\n<td>125,96<\/td>\n<\/tr>\n<tr>\n<td>6\u00ba<\/td>\n<td>D.Mu\u00f1oz\/I.Roser<\/td>\n<td>0,00<\/td>\n<td>25,13<\/td>\n<td>17,74<\/td>\n<td>17,94<\/td>\n<td>18,60<\/td>\n<td>4,54<\/td>\n<td>28,17<\/td>\n<td>112,12<\/td>\n<\/tr>\n<tr>\n<td>7\u00ba<\/td>\n<td>J.S\u00e1nchez\/J.M.L\u00f3pez<\/td>\n<td>39,44<\/td>\n<td>9,21<\/td>\n<td>0,00<\/td>\n<td>6,63<\/td>\n<td>24,87<\/td>\n<td>17,40<\/td>\n<td>13,22<\/td>\n<td>110,77<\/td>\n<\/tr>\n<tr>\n<td>8\u00ba<\/td>\n<td>J.J.\/Donderis<\/td>\n<td>0,00<\/td>\n<td>14,08<\/td>\n<td>25,18<\/td>\n<td>20,08<\/td>\n<td>6,80<\/td>\n<td>0,00<\/td>\n<td>37,64<\/td>\n<td>103,78<\/td>\n<\/tr>\n<tr>\n<td>9\u00ba<\/td>\n<td>E.Garc\u00eda\/N.Garc\u00eda<\/td>\n<td>0,00<\/td>\n<td>22,76<\/td>\n<td>27,21<\/td>\n<td>26,91<\/td>\n<td>14,55<\/td>\n<td>0,00<\/td>\n<td>10,80<\/td>\n<td>102,23<\/td>\n<\/tr>\n<tr>\n<td>10\u00ba<\/td>\n<td>J.Villanueva\/I.Eady<\/td>\n<td>16,71<\/td>\n<td>30,86<\/td>\n<td>12,56<\/td>\n<td>8,84<\/td>\n<td>0,00<\/td>\n<td>8,63<\/td>\n<td>0,00<\/td>\n<td>77,60<\/td>\n<\/tr>\n<tr>\n<td>11\u00ba<\/td>\n<td>G.Honrubia\/J.Salmer\u00f3n<\/td>\n<td>0,00<\/td>\n<td>0,00<\/td>\n<td>0,00<\/td>\n<td>0,00<\/td>\n<td>29,66<\/td>\n<td>22,27<\/td>\n<td>24,35<\/td>\n<td>76,28<\/td>\n<\/tr>\n<tr>\n<td>12\u00ba<\/td>\n<td>J.L.S\u00e1nchez\/J.L.S\u00e1nchez<\/td>\n<td>6,74<\/td>\n<td>20,66<\/td>\n<td>0,00<\/td>\n<td>22,27<\/td>\n<td>0,00<\/td>\n<td>6,57<\/td>\n<td>15,45<\/td>\n<td>71,69<\/td>\n<\/tr>\n<tr>\n<td>13\u00ba<\/td>\n<td>F.Arroyo\/E.L\u00f3pez<\/td>\n<td>31,00<\/td>\n<td>5,71<\/td>\n<td>0,00<\/td>\n<td>15,46<\/td>\n<td>2,66<\/td>\n<td>15,32<\/td>\n<td>0,00<\/td>\n<td>70,15<\/td>\n<\/tr>\n<tr>\n<td>14\u00ba<\/td>\n<td>J.Romeu\/V.Cuevas<\/td>\n<td>13,60<\/td>\n<td>1,42<\/td>\n<td>0,00<\/td>\n<td>0,00<\/td>\n<td>11,81<\/td>\n<td>19,86<\/td>\n<td>8,56<\/td>\n<td>56,25<\/td>\n<\/tr>\n<tr>\n<td>15\u00ba<\/td>\n<td>J.A.Alonso\/J.Peral<\/td>\n<td>18,82<\/td>\n<td>3,47<\/td>\n<td>0,00<\/td>\n<td>13,32<\/td>\n<td>0,00<\/td>\n<td>11,06<\/td>\n<td>6,53<\/td>\n<td>46,67<\/td>\n<\/tr>\n<tr>\n<td>16\u00ba<\/td>\n<td>A.P\u00e9rez\/A.Ruiz<\/td>\n<td>0,00<\/td>\n<td>16,41<\/td>\n<td>14,67<\/td>\n<td>0,00<\/td>\n<td>9,20<\/td>\n<td>0,00<\/td>\n<td>0,00<\/td>\n<td>40,28<\/td>\n<\/tr>\n<tr>\n<td>17\u00ba<\/td>\n<td>A.G\u00f3mez\/A.Alcaraz<\/td>\n<td>28,92<\/td>\n<td>0,00<\/td>\n<td>0,00<\/td>\n<td>0,00<\/td>\n<td>0,00<\/td>\n<td>0,00<\/td>\n<td>0,00<\/td>\n<td>28,92<\/td>\n<\/tr>\n<tr>\n<td>18\u00ba<\/td>\n<td>R.Atienza\/L.Mora<\/td>\n<td>0,00<\/td>\n<td>0,00<\/td>\n<td>0,00<\/td>\n<td>0,00<\/td>\n<td>22,86<\/td>\n<td>0,00<\/td>\n<td>0,00<\/td>\n<td>22,86<\/td>\n<\/tr>\n<tr>\n<td>19\u00ba<\/td>\n<td>C.Piqueras<\/td>\n<td>13,45<\/td>\n<td>0,00<\/td>\n<td>0,00<\/td>\n<td>0,00<\/td>\n<td>0,00<\/td>\n<td>0,00<\/td>\n<td>0,00<\/td>\n<td>13,45<\/td>\n<\/tr>\n<tr>\n<td>20\u00ba<\/td>\n<td>M.Garc\u00eda\/P.Revert<\/td>\n<td>0,00<\/td>\n<td>0,63<\/td>\n<td>0,00<\/td>\n<td>11,01<\/td>\n<td>0,00<\/td>\n<td>0,00<\/td>\n<td>0,00<\/td>\n<td>11,64<\/td>\n<\/tr>\n<tr>\n<td>21\u00ba<\/td>\n<td>J.Murcia<\/td>\n<td>0,00<\/td>\n<td>0,00<\/td>\n<td>0,00<\/td>\n<td>0,00<\/td>\n<td>0,00<\/td>\n<td>0,00<\/td>\n<td>0,00<\/td>\n<td>0,00<\/td>\n<\/tr>\n<tr>\n<td>22\u00ba<\/td>\n<td>B.Zarate<\/td>\n<td>0,00<\/td>\n<td>0,00<\/td>\n<td>0,00<\/td>\n<td>0,00<\/td>\n<td>0,00<\/td>\n<td>0,00<\/td>\n<td>0,00<\/td>\n<td>0,00<\/td>\n<\/tr>\n<\/tbody>\n<\/table>\n<p>Pieza mayor: J.M.L\u00f3pez (2.92kg)<\/p>\n<p>Despu\u00e9s del concurso y de sacar todos los barcos, entre las 16:30 y 17:00, empezamos a comer en el mes\u00f3n Tous una parrillada de carne espectacular. All\u00ed nos juntamos 35 socios para cerrar la temporada de competici\u00f3n.<\/p>\n<p><a href=\"http:\/\/www.valenciabass.com\/wp-content\/uploads\/20151115_174532.640x480.jpg\"><img loading=\"lazy\" decoding=\"async\" class=\"aligncenter size-full wp-image-8858\" src=\"http:\/\/www.valenciabass.com\/wp-content\/uploads\/20151115_174532.640x480.jpg\" alt=\"20151115_174532.640x480\" width=\"640\" height=\"480\" srcset=\"https:\/\/www.valenciabass.com\/wp-content\/uploads\/20151115_174532.640x480.jpg 640w, https:\/\/www.valenciabass.com\/wp-content\/uploads\/20151115_174532.640x480-300x225.jpg 300w, https:\/\/www.valenciabass.com\/wp-content\/uploads\/20151115_174532.640x480-250x188.jpg 250w\" sizes=\"auto, (max-width: 640px) 100vw, 640px\" \/><\/a><\/p>\n<p>S\u00f3lo nos queda felicitar a las parejas que han logrado puestos en el p\u00f3dium. A los campeones, Vicent y David, que ya pueden decir que han ganado las ligas del Valencia Bass y Bassmaster Alberic; a los campeones de Espa\u00f1a, Cristian y Cisco, por este segundo subcampeonato liguero; y als Serafins per la seua merescuda tercera posici\u00f3. Enhorabuena.<\/p>\n<p>Tambi\u00e9n felicitar a los que hemos conseguido puestos <em>champions<\/em>, que tan alto se cotizan en esta liga tan competitiva, para poder representar a nuestro club en el campeonato auton\u00f3mico del pr\u00f3ximo.<\/p>\n<p>Las \u00faltimas palabras son de \u00e1nimo para todos aquellos que se han quedado fuera de los puestos <em>champions<\/em>, que no dejen de intentarlo al a\u00f1o que viene porque la competencia ser\u00e1 dura. Ha sido un placer compartir esta temporada con todos vosotros y ahora a disfrutar de la pesca sin presi\u00f3n en lo que queda de temporada.<\/p>\n","protected":false},"excerpt":{"rendered":"<p>\u00daltimo concurso de la temporada y no hab\u00eda nada decidido. Este concurso se celebraba en Tous, un escenario que inquieta a m\u00e1s de uno por como nos vamos a encontrar la rampa de botadura y el posterior aparcamiento de coches <span class=\"excerpt-dots\">&hellip;<\/span> <a class=\"more-link\" href=\"https:\/\/www.valenciabass.com\/?p=8845\"><span class=\"more-msg\">Sigue leyendo &rarr;<\/span><\/a><\/p>\n","protected":false},"author":2,"featured_media":8853,"comment_status":"closed","ping_status":"closed","sticky":false,"template":"","format":"standard","meta":{"_monsterinsights_skip_tracking":false,"_monsterinsights_sitenote_active":false,"_monsterinsights_sitenote_note":"","_monsterinsights_sitenote_category":0,"ngg_post_thumbnail":0,"footnotes":""},"categories":[5,26,35,10,12,39],"tags":[],"class_list":["post-8845","post","type-post","status-publish","format-standard","has-post-thumbnail","hentry","category-competiciones","category-cronicas","category-escenario","category-sociales","category-sociales-embarcacion","category-tous"],"_links":{"self":[{"href":"https:\/\/www.valenciabass.com\/index.php?rest_route=\/wp\/v2\/posts\/8845","targetHints":{"allow":["GET"]}}],"collection":[{"href":"https:\/\/www.valenciabass.com\/index.php?rest_route=\/wp\/v2\/posts"}],"about":[{"href":"https:\/\/www.valenciabass.com\/index.php?rest_route=\/wp\/v2\/types\/post"}],"author":[{"embeddable":true,"href":"https:\/\/www.valenciabass.com\/index.php?rest_route=\/wp\/v2\/users\/2"}],"replies":[{"embeddable":true,"href":"https:\/\/www.valenciabass.com\/index.php?rest_route=%2Fwp%2Fv2%2Fcomments&post=8845"}],"version-history":[{"count":8,"href":"https:\/\/www.valenciabass.com\/index.php?rest_route=\/wp\/v2\/posts\/8845\/revisions"}],"predecessor-version":[{"id":8872,"href":"https:\/\/www.valenciabass.com\/index.php?rest_route=\/wp\/v2\/posts\/8845\/revisions\/8872"}],"wp:featuredmedia":[{"embeddable":true,"href":"https:\/\/www.valenciabass.com\/index.php?rest_route=\/wp\/v2\/media\/8853"}],"wp:attachment":[{"href":"https:\/\/www.valenciabass.com\/index.php?rest_route=%2Fwp%2Fv2%2Fmedia&parent=8845"}],"wp:term":[{"taxonomy":"category","embeddable":true,"href":"https:\/\/www.valenciabass.com\/index.php?rest_route=%2Fwp%2Fv2%2Fcategories&post=8845"},{"taxonomy":"post_tag","embeddable":true,"href":"https:\/\/www.valenciabass.com\/index.php?rest_route=%2Fwp%2Fv2%2Ftags&post=8845"}],"curies":[{"name":"wp","href":"https:\/\/api.w.org\/{rel}","templated":true}]}}