{"id":8219,"date":"2015-07-28T01:04:37","date_gmt":"2015-07-27T23:04:37","guid":{"rendered":"http:\/\/www.valenciabass.com\/?p=8219"},"modified":"2015-07-28T01:04:37","modified_gmt":"2015-07-27T23:04:37","slug":"trobada-alberic-valencia-bass","status":"publish","type":"post","link":"https:\/\/www.valenciabass.com\/?p=8219","title":{"rendered":"Trobada Alberic-Valencia Bass"},"content":{"rendered":"<p>El pasado s\u00e1bado 27 de junio se volvi\u00f3 a celebrar la \u00abTrobada\u00bb entre el Bassmaster Alberic y Valencia Bass Club tras haberse postergado durante varios a\u00f1os.<\/p>\n<p>Para muchos era la primera vez que naveg\u00e1bamos en Tous y que mejor ocasi\u00f3n que en este evento l\u00fadico-festivo. Nos lo tomamos relajadamente y por suerte la rampa estaba perfecta para votar grandes embarcaciones.<\/p>\n<p>Aprovechamos para navegar y subir directamente hasta la r\u00e9cula de Fran donde perder\u00edamos uno de esos peces que nada m\u00e1s picar salen buscando agua abiertas. \u00a1Casi n\u00e0!<\/p>\n<p>Subimos hasta las famosas y pol\u00e9micas boyas amarillas aguas arriba del J\u00facar donde nos encontramos con un tr\u00edo que quita el hipo: Santi Castro, Paco y Presili. Estos ya llevaban un buen pez que cumpl\u00eda con el requisito de superar los 50 cent\u00edmetros.<\/p>\n<p>All\u00e1 arriba Javi con su drop-shot sacar\u00eda un buen pez, pero no ser\u00eda suficiente.<\/p>\n<p><a href=\"http:\/\/www.valenciabass.com\/wp-content\/uploads\/IMG-20150627-WA0010.640x480.jpg\"><img loading=\"lazy\" decoding=\"async\" src=\"http:\/\/www.valenciabass.com\/wp-content\/uploads\/IMG-20150627-WA0010.640x480.jpg\" alt=\"IMG-20150627-WA0010.640x480\" width=\"640\" height=\"480\" class=\"aligncenter size-full wp-image-8220\" srcset=\"https:\/\/www.valenciabass.com\/wp-content\/uploads\/IMG-20150627-WA0010.640x480.jpg 640w, https:\/\/www.valenciabass.com\/wp-content\/uploads\/IMG-20150627-WA0010.640x480-300x225.jpg 300w, https:\/\/www.valenciabass.com\/wp-content\/uploads\/IMG-20150627-WA0010.640x480-250x188.jpg 250w\" sizes=\"auto, (max-width: 640px) 100vw, 640px\" \/><\/a><\/p>\n<p>El compa\u00f1ero del presidente del Alberic, Lorenzo (el Roig), tambi\u00e9n cumpl\u00eda y sacaba un buen pez.<\/p>\n<p><a href=\"http:\/\/www.valenciabass.com\/wp-content\/uploads\/11062813_655769071191294_2913096388590491854_n.640x480.jpg\"><img loading=\"lazy\" decoding=\"async\" src=\"http:\/\/www.valenciabass.com\/wp-content\/uploads\/11062813_655769071191294_2913096388590491854_n.640x480.jpg\" alt=\"11062813_655769071191294_2913096388590491854_n.640x480\" width=\"640\" height=\"480\" class=\"aligncenter size-full wp-image-8221\" srcset=\"https:\/\/www.valenciabass.com\/wp-content\/uploads\/11062813_655769071191294_2913096388590491854_n.640x480.jpg 640w, https:\/\/www.valenciabass.com\/wp-content\/uploads\/11062813_655769071191294_2913096388590491854_n.640x480-300x225.jpg 300w, https:\/\/www.valenciabass.com\/wp-content\/uploads\/11062813_655769071191294_2913096388590491854_n.640x480-250x188.jpg 250w\" sizes=\"auto, (max-width: 640px) 100vw, 640px\" \/><\/a><\/p>\n<p>El Ferra afectado por su reciente paternidad confund\u00eda la especie y sacaba un coco-lucio que daba miedo.<\/p>\n<p><a href=\"http:\/\/www.valenciabass.com\/wp-content\/uploads\/11232939_974125309285066_5929157851879956798_n.480x320.jpg\"><img loading=\"lazy\" decoding=\"async\" src=\"http:\/\/www.valenciabass.com\/wp-content\/uploads\/11232939_974125309285066_5929157851879956798_n.480x320.jpg\" alt=\"11232939_974125309285066_5929157851879956798_n.480x320\" width=\"480\" height=\"873\" class=\"aligncenter size-full wp-image-8223\" srcset=\"https:\/\/www.valenciabass.com\/wp-content\/uploads\/11232939_974125309285066_5929157851879956798_n.480x320.jpg 480w, https:\/\/www.valenciabass.com\/wp-content\/uploads\/11232939_974125309285066_5929157851879956798_n.480x320-165x300.jpg 165w, https:\/\/www.valenciabass.com\/wp-content\/uploads\/11232939_974125309285066_5929157851879956798_n.480x320-250x455.jpg 250w\" sizes=\"auto, (max-width: 480px) 100vw, 480px\" \/><\/a><\/p>\n<p>Yo tambi\u00e9n cumpl\u00eda y cubr\u00eda el expediente con un pez que no llegaba a la medida.<\/p>\n<p><a href=\"http:\/\/www.valenciabass.com\/wp-content\/uploads\/IMG-20150627-WA0008.640x480.jpg\"><img loading=\"lazy\" decoding=\"async\" src=\"http:\/\/www.valenciabass.com\/wp-content\/uploads\/IMG-20150627-WA0008.640x480.jpg\" alt=\"IMG-20150627-WA0008.640x480\" width=\"640\" height=\"480\" class=\"aligncenter size-full wp-image-8224\" srcset=\"https:\/\/www.valenciabass.com\/wp-content\/uploads\/IMG-20150627-WA0008.640x480.jpg 640w, https:\/\/www.valenciabass.com\/wp-content\/uploads\/IMG-20150627-WA0008.640x480-300x225.jpg 300w, https:\/\/www.valenciabass.com\/wp-content\/uploads\/IMG-20150627-WA0008.640x480-250x188.jpg 250w\" sizes=\"auto, (max-width: 640px) 100vw, 640px\" \/><\/a><\/p>\n<p>Juanito se ven\u00eda arriba por momentos y se marcaba un objetivo a <em>lo Paul Elias<\/em> buscando un cupo de peces de 50cm. \u00a1Menos mal que par\u00f3 en dos!<\/p>\n<p><a href=\"http:\/\/www.valenciabass.com\/wp-content\/uploads\/IMG-20150627-WA0012.640x480.jpg\"><img loading=\"lazy\" decoding=\"async\" src=\"http:\/\/www.valenciabass.com\/wp-content\/uploads\/IMG-20150627-WA0012.640x480.jpg\" alt=\"IMG-20150627-WA0012.640x480\" width=\"640\" height=\"480\" class=\"aligncenter size-full wp-image-8225\" srcset=\"https:\/\/www.valenciabass.com\/wp-content\/uploads\/IMG-20150627-WA0012.640x480.jpg 640w, https:\/\/www.valenciabass.com\/wp-content\/uploads\/IMG-20150627-WA0012.640x480-300x225.jpg 300w, https:\/\/www.valenciabass.com\/wp-content\/uploads\/IMG-20150627-WA0012.640x480-250x188.jpg 250w\" sizes=\"auto, (max-width: 640px) 100vw, 640px\" \/><\/a><\/p>\n<p>Con un calor infernal sacamos los barcos y nos fuimos a la Muntanyeta d&#8217;Alberic para degustar la paella y el gazpacho que estaban preparando el Salero y el Chulla.<\/p>\n<p><a href=\"http:\/\/www.valenciabass.com\/wp-content\/uploads\/20150627_145409.640x480.jpg\"><img loading=\"lazy\" decoding=\"async\" src=\"http:\/\/www.valenciabass.com\/wp-content\/uploads\/20150627_145409.640x480.jpg\" alt=\"20150627_145409.640x480\" width=\"640\" height=\"480\" class=\"aligncenter size-full wp-image-8226\" srcset=\"https:\/\/www.valenciabass.com\/wp-content\/uploads\/20150627_145409.640x480.jpg 640w, https:\/\/www.valenciabass.com\/wp-content\/uploads\/20150627_145409.640x480-300x225.jpg 300w, https:\/\/www.valenciabass.com\/wp-content\/uploads\/20150627_145409.640x480-250x188.jpg 250w\" sizes=\"auto, (max-width: 640px) 100vw, 640px\" \/><\/a><\/p>\n<p><a href=\"http:\/\/www.valenciabass.com\/wp-content\/uploads\/20150627_142516.640x480.jpg\"><img loading=\"lazy\" decoding=\"async\" src=\"http:\/\/www.valenciabass.com\/wp-content\/uploads\/20150627_142516.640x480.jpg\" alt=\"20150627_142516.640x480\" width=\"640\" height=\"480\" class=\"aligncenter size-full wp-image-8227\" srcset=\"https:\/\/www.valenciabass.com\/wp-content\/uploads\/20150627_142516.640x480.jpg 640w, https:\/\/www.valenciabass.com\/wp-content\/uploads\/20150627_142516.640x480-300x225.jpg 300w, https:\/\/www.valenciabass.com\/wp-content\/uploads\/20150627_142516.640x480-250x188.jpg 250w\" sizes=\"auto, (max-width: 640px) 100vw, 640px\" \/><\/a><\/p>\n<p>Mientras esper\u00e1bamos que reposara la paella y el gazpacho, degust\u00e1bamos el aperitivo los all\u00ed presentes.<\/p>\n<p><a href=\"http:\/\/www.valenciabass.com\/wp-content\/uploads\/20150627_145448.640x480.jpg\"><img loading=\"lazy\" decoding=\"async\" src=\"http:\/\/www.valenciabass.com\/wp-content\/uploads\/20150627_145448.640x480.jpg\" alt=\"20150627_145448.640x480\" width=\"640\" height=\"480\" class=\"aligncenter size-full wp-image-8228\" srcset=\"https:\/\/www.valenciabass.com\/wp-content\/uploads\/20150627_145448.640x480.jpg 640w, https:\/\/www.valenciabass.com\/wp-content\/uploads\/20150627_145448.640x480-300x225.jpg 300w, https:\/\/www.valenciabass.com\/wp-content\/uploads\/20150627_145448.640x480-250x188.jpg 250w\" sizes=\"auto, (max-width: 640px) 100vw, 640px\" \/><\/a><\/p>\n<p><a href=\"http:\/\/www.valenciabass.com\/wp-content\/uploads\/20150627_145425.640x480.jpg\"><img loading=\"lazy\" decoding=\"async\" src=\"http:\/\/www.valenciabass.com\/wp-content\/uploads\/20150627_145425.640x480.jpg\" alt=\"20150627_145425.640x480\" width=\"640\" height=\"480\" class=\"aligncenter size-full wp-image-8229\" srcset=\"https:\/\/www.valenciabass.com\/wp-content\/uploads\/20150627_145425.640x480.jpg 640w, https:\/\/www.valenciabass.com\/wp-content\/uploads\/20150627_145425.640x480-300x225.jpg 300w, https:\/\/www.valenciabass.com\/wp-content\/uploads\/20150627_145425.640x480-250x188.jpg 250w\" sizes=\"auto, (max-width: 640px) 100vw, 640px\" \/><\/a><\/p>\n<p><a href=\"http:\/\/www.valenciabass.com\/wp-content\/uploads\/20150627_145417.640x480.jpg\"><img loading=\"lazy\" decoding=\"async\" src=\"http:\/\/www.valenciabass.com\/wp-content\/uploads\/20150627_145417.640x480.jpg\" alt=\"20150627_145417.640x480\" width=\"640\" height=\"480\" class=\"aligncenter size-full wp-image-8230\" srcset=\"https:\/\/www.valenciabass.com\/wp-content\/uploads\/20150627_145417.640x480.jpg 640w, https:\/\/www.valenciabass.com\/wp-content\/uploads\/20150627_145417.640x480-300x225.jpg 300w, https:\/\/www.valenciabass.com\/wp-content\/uploads\/20150627_145417.640x480-250x188.jpg 250w\" sizes=\"auto, (max-width: 640px) 100vw, 640px\" \/><\/a><\/p>\n<p>Como se puede apreciar el n\u00famero de cracks por metro cuadrado desbordaba todas las previsiones. La mayor\u00eda pudimos disfrutar de los gazpachos y de la paella.<\/p>\n<p><a href=\"http:\/\/www.valenciabass.com\/wp-content\/uploads\/IMG-20150627-WA0013.480x320.jpg\"><img loading=\"lazy\" decoding=\"async\" src=\"http:\/\/www.valenciabass.com\/wp-content\/uploads\/IMG-20150627-WA0013.480x320.jpg\" alt=\"IMG-20150627-WA0013.480x320\" width=\"480\" height=\"853\" class=\"aligncenter size-full wp-image-8231\" srcset=\"https:\/\/www.valenciabass.com\/wp-content\/uploads\/IMG-20150627-WA0013.480x320.jpg 480w, https:\/\/www.valenciabass.com\/wp-content\/uploads\/IMG-20150627-WA0013.480x320-169x300.jpg 169w, https:\/\/www.valenciabass.com\/wp-content\/uploads\/IMG-20150627-WA0013.480x320-250x444.jpg 250w\" sizes=\"auto, (max-width: 480px) 100vw, 480px\" \/><\/a><\/p>\n<p><a href=\"http:\/\/www.valenciabass.com\/wp-content\/uploads\/IMG-20150627-WA0002.480x320.jpg\"><img loading=\"lazy\" decoding=\"async\" src=\"http:\/\/www.valenciabass.com\/wp-content\/uploads\/IMG-20150627-WA0002.480x320.jpg\" alt=\"IMG-20150627-WA0002.480x320\" width=\"480\" height=\"853\" class=\"aligncenter size-full wp-image-8232\" srcset=\"https:\/\/www.valenciabass.com\/wp-content\/uploads\/IMG-20150627-WA0002.480x320.jpg 480w, https:\/\/www.valenciabass.com\/wp-content\/uploads\/IMG-20150627-WA0002.480x320-169x300.jpg 169w, https:\/\/www.valenciabass.com\/wp-content\/uploads\/IMG-20150627-WA0002.480x320-250x444.jpg 250w\" sizes=\"auto, (max-width: 480px) 100vw, 480px\" \/><\/a><\/p>\n<p>El alcalde de Alberic (as\u00ed como el primer teniente alcalde y el concejal de festejos) que nos hab\u00eda acompa\u00f1ado durante la comida, tuvo la deferencia de dedicarnos unas palabras y hacer entrega a los ganadores de las dos paletillas de jam\u00f3n por el pez m\u00e1s grande de la jornada.<\/p>\n<p><a href=\"http:\/\/www.valenciabass.com\/wp-content\/uploads\/20150627_160854.640x480.jpg\"><img loading=\"lazy\" decoding=\"async\" src=\"http:\/\/www.valenciabass.com\/wp-content\/uploads\/20150627_160854.640x480.jpg\" alt=\"20150627_160854.640x480\" width=\"640\" height=\"480\" class=\"aligncenter size-full wp-image-8233\" srcset=\"https:\/\/www.valenciabass.com\/wp-content\/uploads\/20150627_160854.640x480.jpg 640w, https:\/\/www.valenciabass.com\/wp-content\/uploads\/20150627_160854.640x480-300x225.jpg 300w, https:\/\/www.valenciabass.com\/wp-content\/uploads\/20150627_160854.640x480-250x188.jpg 250w\" sizes=\"auto, (max-width: 640px) 100vw, 640px\" \/><\/a><\/p>\n<p>Tambi\u00e9n nos hicimos algunas fotos para el recuerdo de esta m\u00edtica Trobada.<\/p>\n<p><a href=\"http:\/\/www.valenciabass.com\/wp-content\/uploads\/11049562_655768844524650_819493127430271784_n.640x480.jpg\"><img loading=\"lazy\" decoding=\"async\" src=\"http:\/\/www.valenciabass.com\/wp-content\/uploads\/11049562_655768844524650_819493127430271784_n.640x480.jpg\" alt=\"11049562_655768844524650_819493127430271784_n.640x480\" width=\"640\" height=\"480\" class=\"aligncenter size-full wp-image-8234\" srcset=\"https:\/\/www.valenciabass.com\/wp-content\/uploads\/11049562_655768844524650_819493127430271784_n.640x480.jpg 640w, https:\/\/www.valenciabass.com\/wp-content\/uploads\/11049562_655768844524650_819493127430271784_n.640x480-300x225.jpg 300w, https:\/\/www.valenciabass.com\/wp-content\/uploads\/11049562_655768844524650_819493127430271784_n.640x480-250x188.jpg 250w\" sizes=\"auto, (max-width: 640px) 100vw, 640px\" \/><\/a><\/p>\n<p>Els presidents gaudint del gin tonic.<\/p>\n<p><a href=\"http:\/\/www.valenciabass.com\/wp-content\/uploads\/IMG-20150627-WA0015.640x480.jpg\"><img loading=\"lazy\" decoding=\"async\" src=\"http:\/\/www.valenciabass.com\/wp-content\/uploads\/IMG-20150627-WA0015.640x480.jpg\" alt=\"IMG-20150627-WA0015.640x480\" width=\"640\" height=\"480\" class=\"aligncenter size-full wp-image-8235\" srcset=\"https:\/\/www.valenciabass.com\/wp-content\/uploads\/IMG-20150627-WA0015.640x480.jpg 640w, https:\/\/www.valenciabass.com\/wp-content\/uploads\/IMG-20150627-WA0015.640x480-300x225.jpg 300w, https:\/\/www.valenciabass.com\/wp-content\/uploads\/IMG-20150627-WA0015.640x480-250x188.jpg 250w\" sizes=\"auto, (max-width: 640px) 100vw, 640px\" \/><\/a><\/p>\n<p>Finalmente, una de las mejores fotos con algunos de los participantes de esta Trobada entre dos clubes hist\u00f3ricos del bass.<\/p>\n<p><a href=\"http:\/\/www.valenciabass.com\/wp-content\/uploads\/11010609_10153350080952789_5773162783795465757_o.jpg\"><img loading=\"lazy\" decoding=\"async\" src=\"http:\/\/www.valenciabass.com\/wp-content\/uploads\/11010609_10153350080952789_5773162783795465757_o-1024x575.jpg\" alt=\"11010609_10153350080952789_5773162783795465757_o\" width=\"640\" height=\"359\" class=\"aligncenter size-large wp-image-8237\" srcset=\"https:\/\/www.valenciabass.com\/wp-content\/uploads\/11010609_10153350080952789_5773162783795465757_o-1024x575.jpg 1024w, https:\/\/www.valenciabass.com\/wp-content\/uploads\/11010609_10153350080952789_5773162783795465757_o-300x169.jpg 300w, https:\/\/www.valenciabass.com\/wp-content\/uploads\/11010609_10153350080952789_5773162783795465757_o-250x140.jpg 250w, https:\/\/www.valenciabass.com\/wp-content\/uploads\/11010609_10153350080952789_5773162783795465757_o-940x528.jpg 940w, https:\/\/www.valenciabass.com\/wp-content\/uploads\/11010609_10153350080952789_5773162783795465757_o.jpg 1280w\" sizes=\"auto, (max-width: 640px) 100vw, 640px\" \/><\/a><\/p>\n<p>Desde estas l\u00edneas agradecer el gran esfuerzo organizativo desarrollado por el Bassmaster Alberic para que esta Trobada que aunque se ha hecho esperar saliera de categor\u00eda. El a\u00f1o que viene nos toca a nosotros (Valencia Bass) y ser\u00e1 muy dif\u00edcil de igualar. Muchas gracias por vuestra acogida y amistad.<\/p>\n","protected":false},"excerpt":{"rendered":"<p>El pasado s\u00e1bado 27 de junio se volvi\u00f3 a celebrar la \u00abTrobada\u00bb entre el Bassmaster Alberic y Valencia Bass Club tras haberse postergado durante varios a\u00f1os. Para muchos era la primera vez que naveg\u00e1bamos en Tous y que mejor ocasi\u00f3n <span class=\"excerpt-dots\">&hellip;<\/span> <a class=\"more-link\" href=\"https:\/\/www.valenciabass.com\/?p=8219\"><span class=\"more-msg\">Sigue leyendo &rarr;<\/span><\/a><\/p>\n","protected":false},"author":2,"featured_media":8237,"comment_status":"closed","ping_status":"closed","sticky":false,"template":"","format":"standard","meta":{"_monsterinsights_skip_tracking":false,"_monsterinsights_sitenote_active":false,"_monsterinsights_sitenote_note":"","_monsterinsights_sitenote_category":0,"ngg_post_thumbnail":0,"footnotes":""},"categories":[26,6],"tags":[],"class_list":["post-8219","post","type-post","status-publish","format-standard","has-post-thumbnail","hentry","category-cronicas","category-salidas"],"_links":{"self":[{"href":"https:\/\/www.valenciabass.com\/index.php?rest_route=\/wp\/v2\/posts\/8219","targetHints":{"allow":["GET"]}}],"collection":[{"href":"https:\/\/www.valenciabass.com\/index.php?rest_route=\/wp\/v2\/posts"}],"about":[{"href":"https:\/\/www.valenciabass.com\/index.php?rest_route=\/wp\/v2\/types\/post"}],"author":[{"embeddable":true,"href":"https:\/\/www.valenciabass.com\/index.php?rest_route=\/wp\/v2\/users\/2"}],"replies":[{"embeddable":true,"href":"https:\/\/www.valenciabass.com\/index.php?rest_route=%2Fwp%2Fv2%2Fcomments&post=8219"}],"version-history":[{"count":3,"href":"https:\/\/www.valenciabass.com\/index.php?rest_route=\/wp\/v2\/posts\/8219\/revisions"}],"predecessor-version":[{"id":8239,"href":"https:\/\/www.valenciabass.com\/index.php?rest_route=\/wp\/v2\/posts\/8219\/revisions\/8239"}],"wp:featuredmedia":[{"embeddable":true,"href":"https:\/\/www.valenciabass.com\/index.php?rest_route=\/wp\/v2\/media\/8237"}],"wp:attachment":[{"href":"https:\/\/www.valenciabass.com\/index.php?rest_route=%2Fwp%2Fv2%2Fmedia&parent=8219"}],"wp:term":[{"taxonomy":"category","embeddable":true,"href":"https:\/\/www.valenciabass.com\/index.php?rest_route=%2Fwp%2Fv2%2Fcategories&post=8219"},{"taxonomy":"post_tag","embeddable":true,"href":"https:\/\/www.valenciabass.com\/index.php?rest_route=%2Fwp%2Fv2%2Ftags&post=8219"}],"curies":[{"name":"wp","href":"https:\/\/api.w.org\/{rel}","templated":true}]}}