{"id":8196,"date":"2015-07-22T00:03:37","date_gmt":"2015-07-21T22:03:37","guid":{"rendered":"http:\/\/www.valenciabass.com\/?p=8196"},"modified":"2015-07-22T23:52:54","modified_gmt":"2015-07-22T21:52:54","slug":"2o-concurso-social","status":"publish","type":"post","link":"https:\/\/www.valenciabass.com\/?p=8196","title":{"rendered":"2\u00ba Concurso Social"},"content":{"rendered":"<p>Hab\u00eda llegado el ansiado segundo concurso, no s\u00f3lo por volver a sentir esa extra\u00f1a sensaci\u00f3n de competici\u00f3n sino tambi\u00e9n por volver a navegar por Cortes, (para m\u00ed y para algunos, uno de los embalses m\u00e1s preciosos para pescar nuestro amado centr\u00e1rquido), ya que hab\u00eda estado cerrado por la freza del bass durante un mes y quince d\u00edas.<\/p>\n<p>Por esta raz\u00f3n, nadie hab\u00eda tenido la oportunidad de entrenar y todos \u00edbamos un poco a ciegas. No ten\u00edamos ni idea como iban a estar los peces, pero supon\u00edamos que muy duros, como siempre y m\u00e1s con el calor que hab\u00eda hecho. No augur\u00e1bamos grandes pescatas.<\/p>\n<p>Los participantes escogieron las respectivas rampas de botadura, pero como todos sabemos por las noticias y amigos del desgraciado desprendimiento en el pueblo de Cortes, la rampa de la isla de los patos no estaba como siempre y hubo algunos problemas de espacio a la hora de botar la barca. Desde aqu\u00ed nuestro apoyo al pueblo de Cortes de Pallas.<\/p>\n<p><a href=\"http:\/\/www.valenciabass.com\/wp-content\/uploads\/01.480x3201.jpg\"><img loading=\"lazy\" decoding=\"async\" src=\"http:\/\/www.valenciabass.com\/wp-content\/uploads\/01.480x3201.jpg\" alt=\"01.480x320\" width=\"480\" height=\"555\" class=\"aligncenter size-full wp-image-8198\" srcset=\"https:\/\/www.valenciabass.com\/wp-content\/uploads\/01.480x3201.jpg 480w, https:\/\/www.valenciabass.com\/wp-content\/uploads\/01.480x3201-259x300.jpg 259w, https:\/\/www.valenciabass.com\/wp-content\/uploads\/01.480x3201-250x289.jpg 250w\" sizes=\"auto, (max-width: 480px) 100vw, 480px\" \/><\/a><\/p>\n<p>Tras el retraso de unos minutos de la salida y mientras esper\u00e1bamos a  que estuvieran todos los participantes, Fede y su compa\u00f1ero Victor me ofrecieron un caf\u00e9 y unos curasanes de chocolate como un aut\u00e9ntico \u00abbarboat\u201d (bona gent). Las barcas se iban preparando y por fin o\u00edmos a nuestro querido juez gritar las palabras m\u00e1gicas: \u00abUN MINUTOOOOOOOOOO\u201d. La suerte estaba echada. Por cierto, darle la bienvenida otra vez a nuestro querido amigo Alex Fabra que se ha reenganchado a la competici\u00f3n y nos acompa\u00f1\u00f3 en este evento. Se te echaba de menos.<\/p>\n<p><a href=\"http:\/\/www.valenciabass.com\/wp-content\/uploads\/02.640x480.jpg\"><img loading=\"lazy\" decoding=\"async\" src=\"http:\/\/www.valenciabass.com\/wp-content\/uploads\/02.640x480.jpg\" alt=\"02.640x480\" width=\"640\" height=\"480\" class=\"aligncenter size-full wp-image-8199\" srcset=\"https:\/\/www.valenciabass.com\/wp-content\/uploads\/02.640x480.jpg 640w, https:\/\/www.valenciabass.com\/wp-content\/uploads\/02.640x480-300x225.jpg 300w, https:\/\/www.valenciabass.com\/wp-content\/uploads\/02.640x480-250x188.jpg 250w\" sizes=\"auto, (max-width: 640px) 100vw, 640px\" \/><\/a><\/p>\n<p>Personalmente, no empez\u00e1bamos mal el concurso ya que Cristian en su segundo lance, pum, primer pez en el vivero, pero en cuesti\u00f3n de 5 minutos yo hab\u00eda perdido dos peces y Cristian uno m\u00e1s. Una pena, aunque se arreglar\u00eda el d\u00eda unas horas m\u00e1s tarde ya que sobre las 11.30 ya llev\u00e1bamos cupo y hab\u00edamos cambiado un pez. Era una sensaci\u00f3n inimaginable ya que era de las pocas veces que hac\u00edamos cupo en Cortes. Las horas iban pasando y llegaba la hora de ir al pesaje.<\/p>\n<p><a href=\"http:\/\/www.valenciabass.com\/wp-content\/uploads\/03.640x4801.jpg\"><img loading=\"lazy\" decoding=\"async\" src=\"http:\/\/www.valenciabass.com\/wp-content\/uploads\/03.640x4801.jpg\" alt=\"03.640x480\" width=\"640\" height=\"480\" class=\"aligncenter size-full wp-image-8200\" srcset=\"https:\/\/www.valenciabass.com\/wp-content\/uploads\/03.640x4801.jpg 640w, https:\/\/www.valenciabass.com\/wp-content\/uploads\/03.640x4801-300x225.jpg 300w, https:\/\/www.valenciabass.com\/wp-content\/uploads\/03.640x4801-250x188.jpg 250w\" sizes=\"auto, (max-width: 640px) 100vw, 640px\" \/><\/a><\/p>\n<p>Una vez entregadas todas las plicas, se procedi\u00f3 al pertinente pesaje.<\/p>\n<p>Aqu\u00ed vemos a Rafa Atienza con su \u00fanica captura, un bass muy largo pero muy flaco, esa fue la t\u00f3nica de todos los peces, muy flacos, caracter\u00edstica muy com\u00fan despu\u00e9s de la freza.<\/p>\n<p><a href=\"http:\/\/www.valenciabass.com\/wp-content\/uploads\/04.480x3201.jpg\"><img loading=\"lazy\" decoding=\"async\" src=\"http:\/\/www.valenciabass.com\/wp-content\/uploads\/04.480x3201.jpg\" alt=\"04.480x320\" width=\"480\" height=\"853\" class=\"aligncenter size-full wp-image-8201\" srcset=\"https:\/\/www.valenciabass.com\/wp-content\/uploads\/04.480x3201.jpg 480w, https:\/\/www.valenciabass.com\/wp-content\/uploads\/04.480x3201-169x300.jpg 169w, https:\/\/www.valenciabass.com\/wp-content\/uploads\/04.480x3201-250x444.jpg 250w\" sizes=\"auto, (max-width: 480px) 100vw, 480px\" \/><\/a><\/p>\n<p>Los conocid\u00edsimos \u201cZs\u201d, que despu\u00e9s de sus problemas mec\u00e1nicos y de log\u00edstica durante todo el d\u00eda, aun fueron capaces de sacar 3 peces. (V\u00e9ase la camiseta de Jose toda llena de grasa).<\/p>\n<p><a href=\"http:\/\/www.valenciabass.com\/wp-content\/uploads\/05.640x4801.jpg\"><img loading=\"lazy\" decoding=\"async\" src=\"http:\/\/www.valenciabass.com\/wp-content\/uploads\/05.640x4801.jpg\" alt=\"05.640x480\" width=\"640\" height=\"480\" class=\"aligncenter size-full wp-image-8203\" srcset=\"https:\/\/www.valenciabass.com\/wp-content\/uploads\/05.640x4801.jpg 640w, https:\/\/www.valenciabass.com\/wp-content\/uploads\/05.640x4801-300x225.jpg 300w, https:\/\/www.valenciabass.com\/wp-content\/uploads\/05.640x4801-250x188.jpg 250w\" sizes=\"auto, (max-width: 640px) 100vw, 640px\" \/><\/a><\/p>\n<p>Serafin hijo, abandonado por su querido padre (estaba estudiando ya que tiene el examen de guitarra muy, muy pronto, desde aqu\u00ed, mucha mierda), presentaba 2 buenos peces.<\/p>\n<p><a href=\"http:\/\/www.valenciabass.com\/wp-content\/uploads\/06.480x3201.jpg\"><img loading=\"lazy\" decoding=\"async\" src=\"http:\/\/www.valenciabass.com\/wp-content\/uploads\/06.480x3201.jpg\" alt=\"06.480x320\" width=\"480\" height=\"643\" class=\"aligncenter size-full wp-image-8204\" srcset=\"https:\/\/www.valenciabass.com\/wp-content\/uploads\/06.480x3201.jpg 480w, https:\/\/www.valenciabass.com\/wp-content\/uploads\/06.480x3201-224x300.jpg 224w, https:\/\/www.valenciabass.com\/wp-content\/uploads\/06.480x3201-250x335.jpg 250w\" sizes=\"auto, (max-width: 480px) 100vw, 480px\" \/><\/a><\/p>\n<p>El gran d\u00fao de sangre, Mune y el Jefe (su padre), con 4 basses, que les dar\u00eda la 7\u00aa posici\u00f3n.<\/p>\n<p><a href=\"http:\/\/www.valenciabass.com\/wp-content\/uploads\/07.640x4801.jpg\"><img loading=\"lazy\" decoding=\"async\" src=\"http:\/\/www.valenciabass.com\/wp-content\/uploads\/07.640x4801.jpg\" alt=\"07.640x480\" width=\"640\" height=\"427\" class=\"aligncenter size-full wp-image-8205\" srcset=\"https:\/\/www.valenciabass.com\/wp-content\/uploads\/07.640x4801.jpg 640w, https:\/\/www.valenciabass.com\/wp-content\/uploads\/07.640x4801-300x200.jpg 300w, https:\/\/www.valenciabass.com\/wp-content\/uploads\/07.640x4801-250x167.jpg 250w\" sizes=\"auto, (max-width: 640px) 100vw, 640px\" \/><\/a><\/p>\n<p>Los siguientes en pesar fueron David e Isra, una pareja carism\u00e1tica donde las haya. (V\u00e9ase en la foto la cara de alegr\u00eda de Isra, que en unos minutos se convertir\u00eda en un aut\u00e9ntico muerto viviente).<\/p>\n<p><a href=\"http:\/\/www.valenciabass.com\/wp-content\/uploads\/08.640x4801.jpg\"><img loading=\"lazy\" decoding=\"async\" src=\"http:\/\/www.valenciabass.com\/wp-content\/uploads\/08.640x4801.jpg\" alt=\"08.640x480\" width=\"640\" height=\"480\" class=\"aligncenter size-full wp-image-8206\" srcset=\"https:\/\/www.valenciabass.com\/wp-content\/uploads\/08.640x4801.jpg 640w, https:\/\/www.valenciabass.com\/wp-content\/uploads\/08.640x4801-300x225.jpg 300w, https:\/\/www.valenciabass.com\/wp-content\/uploads\/08.640x4801-250x188.jpg 250w\" sizes=\"auto, (max-width: 640px) 100vw, 640px\" \/><\/a><\/p>\n<p>La tercera posici\u00f3n fue para Javivi, que como siempre nos demuestra lo gran pescador que es ya que va solo, modo \u201cpro\u201d, bravo Javivi.<\/p>\n<p><a href=\"http:\/\/www.valenciabass.com\/wp-content\/uploads\/09.640x480.jpg\"><img loading=\"lazy\" decoding=\"async\" src=\"http:\/\/www.valenciabass.com\/wp-content\/uploads\/09.640x480.jpg\" alt=\"09.640x480\" width=\"640\" height=\"480\" class=\"aligncenter size-full wp-image-8207\" srcset=\"https:\/\/www.valenciabass.com\/wp-content\/uploads\/09.640x480.jpg 640w, https:\/\/www.valenciabass.com\/wp-content\/uploads\/09.640x480-300x225.jpg 300w, https:\/\/www.valenciabass.com\/wp-content\/uploads\/09.640x480-250x188.jpg 250w\" sizes=\"auto, (max-width: 640px) 100vw, 640px\" \/><\/a><\/p>\n<p>Segundo puesto para un servidor (Cisco) y mi compa\u00f1ero Cristian con 5 preciosos peces, un d\u00eda de pesca espectacular.<\/p>\n<p><a href=\"http:\/\/www.valenciabass.com\/wp-content\/uploads\/10.640x4803.jpg\"><img loading=\"lazy\" decoding=\"async\" src=\"http:\/\/www.valenciabass.com\/wp-content\/uploads\/10.640x4803.jpg\" alt=\"10.640x480\" width=\"640\" height=\"480\" class=\"aligncenter size-full wp-image-8210\" srcset=\"https:\/\/www.valenciabass.com\/wp-content\/uploads\/10.640x4803.jpg 640w, https:\/\/www.valenciabass.com\/wp-content\/uploads\/10.640x4803-300x225.jpg 300w, https:\/\/www.valenciabass.com\/wp-content\/uploads\/10.640x4803-250x188.jpg 250w\" sizes=\"auto, (max-width: 640px) 100vw, 640px\" \/><\/a><\/p>\n<p>Nos est\u00e1n acostumbrando a verlos ah\u00ed arriba siempre, madre m\u00eda como est\u00e1 la parejita formada por Jorge y Miguel, brav\u00edsimo por esos 5 peces, pesando casi 9,400 kg. (V\u00e9ase en la foto la mueca de Jorge \u201cme encanta que los planes salgan bien\u201d).<\/p>\n<p><a href=\"http:\/\/www.valenciabass.com\/wp-content\/uploads\/11.640x4803.jpg\"><img loading=\"lazy\" decoding=\"async\" src=\"http:\/\/www.valenciabass.com\/wp-content\/uploads\/11.640x4803.jpg\" alt=\"11.640x480\" width=\"640\" height=\"480\" class=\"aligncenter size-full wp-image-8208\" srcset=\"https:\/\/www.valenciabass.com\/wp-content\/uploads\/11.640x4803.jpg 640w, https:\/\/www.valenciabass.com\/wp-content\/uploads\/11.640x4803-300x225.jpg 300w, https:\/\/www.valenciabass.com\/wp-content\/uploads\/11.640x4803-250x188.jpg 250w\" sizes=\"auto, (max-width: 640px) 100vw, 640px\" \/><\/a><\/p>\n<p>A continuaci\u00f3n la clasificaci\u00f3n de este segundo concurso&#8230; <\/p>\n<table>\n<tr>\n<th>POSICI\u00d3N<\/th>\n<th>EQUIPO<\/th>\n<th>N\u00ba PIEZAS<\/th>\n<th>PESO TOTAL<\/th>\n<th>PUNTOS<\/th>\n<th>TOTAL<\/th>\n<\/tr>\n<tr>\n<td>1\u00ba<\/td>\n<td>J.Civera\/M. Franco<\/td>\n<td>5<\/td>\n<td>9.340<\/td>\n<td>30<\/td>\n<td>39.340<\/td>\n<\/tr>\n<tr>\n<td>2\u00ba<\/td>\n<td>C.Casanoves\/C.Segarra<\/td>\n<td>5<\/td>\n<td>7.710<\/td>\n<td>26<\/td>\n<td>33.710<\/td>\n<\/tr>\n<tr>\n<td>3\u00ba<\/td>\n<td>J.Villanueva\/I. Eady<\/td>\n<td>5<\/td>\n<td>6.860<\/td>\n<td>24<\/td>\n<td>30.860<\/td>\n<\/tr>\n<tr>\n<td>4\u00ba<\/td>\n<td>V.Castellano\/D.Garcia<\/td>\n<td>5<\/td>\n<td>6.320<\/td>\n<td>22<\/td>\n<td>28.320<\/td>\n<\/tr>\n<tr>\n<td>5\u00ba<\/td>\n<td>D.Mu\u00f1oz\/I.Roser<\/td>\n<td>4<\/td>\n<td>5.130<\/td>\n<td>20<\/td>\n<td>25.130<\/td>\n<\/tr>\n<tr>\n<td>6\u00ba<\/td>\n<td>E.Garc\u00eda\/N.Garc\u00eda <\/td>\n<td>3<\/td>\n<td>4.760<\/td>\n<td>18<\/td>\n<td>22.760<\/td>\n<\/tr>\n<tr>\n<td>7\u00ba<\/td>\n<td>J.L.Sanchez\/J.L.Sanchez<\/td>\n<td>4<\/td>\n<td>4.660<\/td>\n<td>16<\/td>\n<td>20.660<\/td>\n<\/tr>\n<tr>\n<td>8\u00ba<\/td>\n<td>A.Fabra\/M.Barea<\/td>\n<td>3<\/td>\n<td>4.480<\/td>\n<td>14<\/td>\n<td>18.480<\/td>\n<\/tr>\n<tr>\n<td>9\u00ba<\/td>\n<td>A.P\u00e9rez\/A. Ruiz<\/td>\n<td>3<\/td>\n<td>4.410<\/td>\n<td>12<\/td>\n<td>16.410<\/td>\n<\/tr>\n<tr>\n<td>10\u00ba<\/td>\n<td>J.J.\/Donderis<\/td>\n<td>3<\/td>\n<td>4.080<\/td>\n<td>10<\/td>\n<td>14.080<\/td>\n<\/tr>\n<tr>\n<td>11\u00ba<\/td>\n<td>S.Mendoza\/J.S.Mendoza<\/td>\n<td>2<\/td>\n<td>3.340<\/td>\n<td>8<\/td>\n<td>11.340<\/td>\n<\/tr>\n<tr>\n<td>12\u00ba<\/td>\n<td>J.S\u00e1nchez\/J.M.L\u00f3pez<\/td>\n<td>3<\/td>\n<td>3.210<\/td>\n<td>6<\/td>\n<td>9.210<\/td>\n<\/tr>\n<tr>\n<td>13\u00ba<\/td>\n<td>P.Arroyo\/E.Lopez<\/td>\n<td>2<\/td>\n<td>1.710<\/td>\n<td>4<\/td>\n<td>5.710<\/td>\n<\/tr>\n<tr>\n<td>14\u00ba<\/td>\n<td>J.A.Alonso\/P.Peral<\/td>\n<td>1<\/td>\n<td>1.470<\/td>\n<td>2<\/td>\n<td>3.470<\/td>\n<\/tr>\n<tr>\n<td>15\u00ba<\/td>\n<td>J.Romeu\/V.Cuevas<\/td>\n<td>1<\/td>\n<td>1.420<\/td>\n<td>1<\/td>\n<td>2.420<\/td>\n<\/tr>\n<tr>\n<td>16\u00ba<\/td>\n<td>R.Atienza<\/td>\n<td>1<\/td>\n<td>1.360<\/td>\n<td>0<\/td>\n<td>1.360<\/td>\n<\/tr>\n<tr>\n<td>17\u00ba<\/td>\n<td>M.Garc\u00eda\/P.Revert<\/td>\n<td>1<\/td>\n<td>0.630<\/td>\n<td>0<\/td>\n<td>0.630<\/td>\n<\/tr>\n<\/table>\n<p>Pieza mayor: M. Franco (2.27kg)<\/p>\n<p>&#8230; y la clasificaci\u00f3n general que como se puede apreciar, est\u00e1 muy apretadita la cosa.<\/p>\n<table>\n<tr>\n<td>POSICI\u00d3N<\/td>\n<td>EQUIPO<\/td>\n<td>1\u00ba SOCIAL<\/td>\n<td>2\u00ba SOCIAL<\/td>\n<td>TOTAL<\/td>\n<\/tr>\n<tr>\n<td>1\u00ba<\/td>\n<td>V.Castellano\/D.Garc\u00eda<\/td>\n<td>26,65<\/td>\n<td>28,32<\/td>\n<td>54,97<\/td>\n<\/tr>\n<tr>\n<td>2\u00ba<\/td>\n<td>C.Casanoves\/C.Segarra<\/td>\n<td>21,10<\/td>\n<td>33,71<\/td>\n<td>54,81<\/td>\n<\/tr>\n<tr>\n<td>3\u00ba<\/td>\n<td>J.Civera\/M.Franco<\/td>\n<td>9,36<\/td>\n<td>39,34<\/td>\n<td>48,70<\/td>\n<\/tr>\n<tr>\n<td>4\u00ba<\/td>\n<td>J.S\u00e1nchez\/J.M.L\u00f3pez<\/td>\n<td>39,44<\/td>\n<td>9,21<\/td>\n<td>48,65<\/td>\n<\/tr>\n<tr>\n<td>5\u00ba<\/td>\n<td>J.Villanueva\/I.Eady<\/td>\n<td>16,71<\/td>\n<td>30,86<\/td>\n<td>47,57<\/td>\n<\/tr>\n<tr>\n<td>6\u00ba<\/td>\n<td>F.Arroyo\/E.L\u00f3pez<\/td>\n<td>31,00<\/td>\n<td>5,71<\/td>\n<td>36,71<\/td>\n<\/tr>\n<tr>\n<td>7\u00ba<\/td>\n<td>S.Mendoza\/J.S.Mendoza<\/td>\n<td>23,61<\/td>\n<td>11,34<\/td>\n<td>34,95<\/td>\n<\/tr>\n<tr>\n<td>8\u00ba<\/td>\n<td>A.G\u00f3mez\/A.Alcaraz<\/td>\n<td>28,92<\/td>\n<td>0,00<\/td>\n<td>28,92<\/td>\n<\/tr>\n<tr>\n<td>9\u00ba<\/td>\n<td>J.L.S\u00e1nchez\/J.L.S\u00e1nchez<\/td>\n<td>6,74<\/td>\n<td>20,66<\/td>\n<td>27,40<\/td>\n<\/tr>\n<tr>\n<td>10\u00ba<\/td>\n<td>D.Mu\u00f1oz\/I.Roser<\/td>\n<td>0,00<\/td>\n<td>25,13<\/td>\n<td>25,13<\/td>\n<\/tr>\n<tr>\n<td>11\u00ba<\/td>\n<td>E.Garc\u00eda\/N.Garc\u00eda<\/td>\n<td>0,00<\/td>\n<td>22,76<\/td>\n<td>22,76<\/td>\n<\/tr>\n<tr>\n<td>12\u00ba<\/td>\n<td>J.A.Alonso\/J.Peral<\/td>\n<td>18,82<\/td>\n<td>3,47<\/td>\n<td>22,29<\/td>\n<\/tr>\n<tr>\n<td>13\u00ba<\/td>\n<td>A.Fabra\/M.Barea<\/td>\n<td>0,00<\/td>\n<td>18,48<\/td>\n<td>18,48<\/td>\n<\/tr>\n<tr>\n<td>14\u00ba<\/td>\n<td>A.P\u00e9rez\/A.Ruiz<\/td>\n<td>0,00<\/td>\n<td>16,41<\/td>\n<td>16,41<\/td>\n<\/tr>\n<tr>\n<td>15\u00ba<\/td>\n<td>J.Romeu\/V.Cuevas<\/td>\n<td>13,60<\/td>\n<td>1,42<\/td>\n<td>15,02<\/td>\n<\/tr>\n<tr>\n<td>16\u00ba<\/td>\n<td>J.J.\/Donderis<\/td>\n<td>0,00<\/td>\n<td>14,08<\/td>\n<td>14,08<\/td>\n<\/tr>\n<tr>\n<td>17\u00ba<\/td>\n<td>C.Piqueras<\/td>\n<td>13,45<\/td>\n<td>0,00<\/td>\n<td>13,45<\/td>\n<\/tr>\n<tr>\n<td>18\u00ba<\/td>\n<td>R.Atienza<\/td>\n<td>0,00<\/td>\n<td>1,36<\/td>\n<td>1,36<\/td>\n<\/tr>\n<tr>\n<td>19\u00ba<\/td>\n<td>M.Garc\u00eda\/P.Revert<\/td>\n<td>0,00<\/td>\n<td>0,63<\/td>\n<td>0,63<\/td>\n<\/tr>\n<tr>\n<td>20\u00ba<\/td>\n<td>J.Murcia<\/td>\n<td>0,00<\/td>\n<td>0,00<\/td>\n<td>0,00<\/td>\n<\/tr>\n<tr>\n<td>21\u00ba<\/td>\n<td>B.Zarate<\/td>\n<td>0,00<\/td>\n<td>0,00<\/td>\n<td>0,00<\/td>\n<\/tr>\n<\/table>\n<p>Pieza mayor: J.M.L\u00f3pez (2.92kg)<\/p>\n<p>Despu\u00e9s de una jornada muy intensa de pesca, que mejor que darse un buen \u00e1gape a pie de embalse comentando con los compa\u00f1eros los lances del d\u00eda.<\/p>\n<p><a href=\"http:\/\/www.valenciabass.com\/wp-content\/uploads\/12.640x4805.jpg\"><img loading=\"lazy\" decoding=\"async\" src=\"http:\/\/www.valenciabass.com\/wp-content\/uploads\/12.640x4805.jpg\" alt=\"12.640x480\" width=\"640\" height=\"480\" class=\"aligncenter size-full wp-image-8209\" srcset=\"https:\/\/www.valenciabass.com\/wp-content\/uploads\/12.640x4805.jpg 640w, https:\/\/www.valenciabass.com\/wp-content\/uploads\/12.640x4805-300x225.jpg 300w, https:\/\/www.valenciabass.com\/wp-content\/uploads\/12.640x4805-250x188.jpg 250w\" sizes=\"auto, (max-width: 640px) 100vw, 640px\" \/><\/a><\/p>\n<p>Se puede observar en la foto, la ausencia del se\u00f1or Isra, no se encontraba en condiciones vamos a decir que fue a causa de un golpe de calor.  Recordar que hay que hidratarse de vez en cuando, pero con agua, jajajajajajajajajaja, Grande Isra. Momentos despu\u00e9s.<\/p>\n<p><a href=\"http:\/\/www.valenciabass.com\/wp-content\/uploads\/13.480x3201.jpg\"><img loading=\"lazy\" decoding=\"async\" src=\"http:\/\/www.valenciabass.com\/wp-content\/uploads\/13.480x3201.jpg\" alt=\"13.480x320\" width=\"480\" height=\"640\" class=\"aligncenter size-full wp-image-8211\" srcset=\"https:\/\/www.valenciabass.com\/wp-content\/uploads\/13.480x3201.jpg 480w, https:\/\/www.valenciabass.com\/wp-content\/uploads\/13.480x3201-225x300.jpg 225w, https:\/\/www.valenciabass.com\/wp-content\/uploads\/13.480x3201-250x333.jpg 250w\" sizes=\"auto, (max-width: 480px) 100vw, 480px\" \/><\/a><\/p>\n<p>Os citamos a todos para el concurso doble, no os lo perd\u00e1is, los \u00faltimos a\u00f1os han sido memorables. Que no os lo cuenten!!!!!!!!!!!!!.<\/p>\n","protected":false},"excerpt":{"rendered":"<p>Hab\u00eda llegado el ansiado segundo concurso, no s\u00f3lo por volver a sentir esa extra\u00f1a sensaci\u00f3n de competici\u00f3n sino tambi\u00e9n por volver a navegar por Cortes, (para m\u00ed y para algunos, uno de los embalses m\u00e1s preciosos para pescar nuestro amado <span class=\"excerpt-dots\">&hellip;<\/span> <a class=\"more-link\" href=\"https:\/\/www.valenciabass.com\/?p=8196\"><span class=\"more-msg\">Sigue leyendo &rarr;<\/span><\/a><\/p>\n","protected":false},"author":32,"featured_media":8208,"comment_status":"closed","ping_status":"closed","sticky":false,"template":"","format":"standard","meta":{"_monsterinsights_skip_tracking":false,"_monsterinsights_sitenote_active":false,"_monsterinsights_sitenote_note":"","_monsterinsights_sitenote_category":0,"ngg_post_thumbnail":0,"footnotes":""},"categories":[5,36,26,35,10,12],"tags":[],"class_list":["post-8196","post","type-post","status-publish","format-standard","has-post-thumbnail","hentry","category-competiciones","category-cortes","category-cronicas","category-escenario","category-sociales","category-sociales-embarcacion"],"_links":{"self":[{"href":"https:\/\/www.valenciabass.com\/index.php?rest_route=\/wp\/v2\/posts\/8196","targetHints":{"allow":["GET"]}}],"collection":[{"href":"https:\/\/www.valenciabass.com\/index.php?rest_route=\/wp\/v2\/posts"}],"about":[{"href":"https:\/\/www.valenciabass.com\/index.php?rest_route=\/wp\/v2\/types\/post"}],"author":[{"embeddable":true,"href":"https:\/\/www.valenciabass.com\/index.php?rest_route=\/wp\/v2\/users\/32"}],"replies":[{"embeddable":true,"href":"https:\/\/www.valenciabass.com\/index.php?rest_route=%2Fwp%2Fv2%2Fcomments&post=8196"}],"version-history":[{"count":9,"href":"https:\/\/www.valenciabass.com\/index.php?rest_route=\/wp\/v2\/posts\/8196\/revisions"}],"predecessor-version":[{"id":8218,"href":"https:\/\/www.valenciabass.com\/index.php?rest_route=\/wp\/v2\/posts\/8196\/revisions\/8218"}],"wp:featuredmedia":[{"embeddable":true,"href":"https:\/\/www.valenciabass.com\/index.php?rest_route=\/wp\/v2\/media\/8208"}],"wp:attachment":[{"href":"https:\/\/www.valenciabass.com\/index.php?rest_route=%2Fwp%2Fv2%2Fmedia&parent=8196"}],"wp:term":[{"taxonomy":"category","embeddable":true,"href":"https:\/\/www.valenciabass.com\/index.php?rest_route=%2Fwp%2Fv2%2Fcategories&post=8196"},{"taxonomy":"post_tag","embeddable":true,"href":"https:\/\/www.valenciabass.com\/index.php?rest_route=%2Fwp%2Fv2%2Ftags&post=8196"}],"curies":[{"name":"wp","href":"https:\/\/api.w.org\/{rel}","templated":true}]}}