{"id":8186,"date":"2015-06-24T00:38:36","date_gmt":"2015-06-23T22:38:36","guid":{"rendered":"http:\/\/www.valenciabass.com\/?p=8186"},"modified":"2015-12-25T23:49:26","modified_gmt":"2015-12-25T22:49:26","slug":"copa-bocarde-previa","status":"publish","type":"post","link":"https:\/\/www.valenciabass.com\/?p=8186","title":{"rendered":"Copa Bocarde (Previa)"},"content":{"rendered":"<p>Todo empez\u00f3 con un whatsapp inocente entre Arroyo y Castellano que dec\u00eda: \u00bfNos vamos a la Bocarde?<\/p>\n<p>La idea era tentadora pero como viene siendo habitual, la decisi\u00f3n no solamente est\u00e1 en nuestras manos. Hab\u00eda que consultarlo con las mujeres y \u00e9stas dieron el visto bueno. A los pocos minutos ya hab\u00edamos creado un grupo de whatsapp titulado \u201cIII Copa Bocarde\u201d y ya est\u00e1bamos liando a nuestros respectivos compa\u00f1eros para ir a C\u00edjara.<\/p>\n<p>David Garc\u00eda, compa\u00f1ero de Castellano se cay\u00f3 de la lista de convocados al estar su mujer en las \u00faltimas semanas del embarazo, por lo que fue sustituido por el incombustible Javi Ferr\u00fas.<\/p>\n<p>Despu\u00e9s de semanas esperando el momento y pendientes de los preparativos, finalmente lleg\u00f3 el d\u00eda e inici\u00e1bamos el viaje con destino al embalse de C\u00edjara. Todo estaba listo para el combate. Hab\u00edamos quedado a las 19:00h del jueves 4 de junio en Villamarxant donde dimos comienzo a la aventura.<\/p>\n<p><a href=\"http:\/\/www.valenciabass.com\/wp-content\/uploads\/01.640x480.png\"><img loading=\"lazy\" decoding=\"async\" src=\"http:\/\/www.valenciabass.com\/wp-content\/uploads\/01.640x480.png\" alt=\"01.640x480\" width=\"640\" height=\"436\" class=\"aligncenter size-full wp-image-8137\" srcset=\"https:\/\/www.valenciabass.com\/wp-content\/uploads\/01.640x480.png 640w, https:\/\/www.valenciabass.com\/wp-content\/uploads\/01.640x480-300x204.png 300w, https:\/\/www.valenciabass.com\/wp-content\/uploads\/01.640x480-250x170.png 250w\" sizes=\"auto, (max-width: 640px) 100vw, 640px\" \/><\/a><\/p>\n<p>Antes de que se hiciera de noche hicimos una parada t\u00e9cnica en boxes para cenar y reponer fuerzas.<\/p>\n<p><a href=\"http:\/\/www.valenciabass.com\/wp-content\/uploads\/02.640x480.png\"><img loading=\"lazy\" decoding=\"async\" src=\"http:\/\/www.valenciabass.com\/wp-content\/uploads\/02.640x480.png\" alt=\"02.640x480\" width=\"640\" height=\"360\" class=\"aligncenter size-full wp-image-8138\" srcset=\"https:\/\/www.valenciabass.com\/wp-content\/uploads\/02.640x480.png 640w, https:\/\/www.valenciabass.com\/wp-content\/uploads\/02.640x480-300x169.png 300w, https:\/\/www.valenciabass.com\/wp-content\/uploads\/02.640x480-250x141.png 250w\" sizes=\"auto, (max-width: 640px) 100vw, 640px\" \/><\/a><\/p>\n<p>Al abandonar tierras valencianas se iniciaba un paisaje distinto al que estamos acostumbrados, donde las amplias llanuras y los campos de cereales eran la estampa predominante. Castilla La Mancha nos quiso despedir el d\u00eda con este bonito atardecer.<\/p>\n<p><a href=\"http:\/\/www.valenciabass.com\/wp-content\/uploads\/03.640x480.png\"><img loading=\"lazy\" decoding=\"async\" src=\"http:\/\/www.valenciabass.com\/wp-content\/uploads\/03.640x480.png\" alt=\"03.640x480\" width=\"640\" height=\"361\" class=\"aligncenter size-full wp-image-8139\" srcset=\"https:\/\/www.valenciabass.com\/wp-content\/uploads\/03.640x480.png 640w, https:\/\/www.valenciabass.com\/wp-content\/uploads\/03.640x480-300x169.png 300w, https:\/\/www.valenciabass.com\/wp-content\/uploads\/03.640x480-250x141.png 250w\" sizes=\"auto, (max-width: 640px) 100vw, 640px\" \/><\/a><\/p>\n<p>El viaje hasta Ciudad Real fue pl\u00e1cido y sin complicaciones, donde llegamos de noche. Dado que ah\u00ed se acababa la autov\u00eda e \u00edbamos a continuar el trayecto por carreteras secundarias decidimos repostar los coches por si nos encontr\u00e1bamos las gasolineras cerradas cuando lo necesit\u00e1ramos. Esto nos salv\u00f3 de la cat\u00e1strofe que hubiera sido quedarnos tirados ya que hasta que no llegamos a nuestro destino no encontramos ninguna otra gasolinera abierta.<\/p>\n<p>Con el paso de los kil\u00f3metros la carretera se iba haciendo m\u00e1s pesada, oscura y estrecha. Eso, unido a que nuestras facultades menguaban continuamente despu\u00e9s de haber trabajado durante el d\u00eda y de conducir varias horas. A ello se sum\u00f3 una sorpresa final que el destino nos deparaba. Faltaban \u00fanicamente 30km para llegar al Poblado de C\u00edjara, era de noche y la oscuridad solo quedaba interrumpida por una brillante luna, casi llena, que parec\u00eda digna de una pel\u00edcula de terror.<\/p>\n<p>El GPS nos dirig\u00eda por una carretera totalmente destrozada y angosta que parec\u00eda m\u00e1s bien el paso por las Term\u00f3pilas: no cab\u00edan dos coches en paralelo, la vegetaci\u00f3n inundaba el malogrado asfalto, siendo las piedras y boquetes el tapiz que nos deparaba a cada paso, lo que provoc\u00f3 que tuvi\u00e9ramos que ir con extrema precauci\u00f3n en la 2\u00aa marcha del coche, retrasando sustancialmente nuestra llegada hasta el Poblado.<\/p>\n<p>El tramo final de la traves\u00eda se correspond\u00eda con las sensaciones de pel\u00edcula de terror. Cada pocos metros la oscuridad del monte nos sorprend\u00eda arroj\u00e1ndonos a la carretera todo tipo de bestias que trataban de cortarnos el paso por su territorio. <\/p>\n<div id=\"attachment_8174\" style=\"width: 490px\" class=\"wp-caption aligncenter\"><a href=\"http:\/\/www.valenciabass.com\/wp-content\/uploads\/04.480x320.png\"><img loading=\"lazy\" decoding=\"async\" aria-describedby=\"caption-attachment-8174\" src=\"http:\/\/www.valenciabass.com\/wp-content\/uploads\/04.480x320.png\" alt=\"Fuente: www.androidpit.es\" width=\"480\" height=\"480\" class=\"size-full wp-image-8174\" srcset=\"https:\/\/www.valenciabass.com\/wp-content\/uploads\/04.480x320.png 480w, https:\/\/www.valenciabass.com\/wp-content\/uploads\/04.480x320-150x150.png 150w, https:\/\/www.valenciabass.com\/wp-content\/uploads\/04.480x320-300x300.png 300w, https:\/\/www.valenciabass.com\/wp-content\/uploads\/04.480x320-250x250.png 250w\" sizes=\"auto, (max-width: 480px) 100vw, 480px\" \/><\/a><p id=\"caption-attachment-8174\" class=\"wp-caption-text\">Fuente: www.androidpit.es<\/p><\/div>\n<p>Concretamente fue en el tramo comprendido entre el Estena, Estenilla, Puente de los 19 ojos y alg\u00fan otro nombre cuya memoria no alcanza a recordar. En nuestro camino se cruz\u00f3 un ciervo, un grand\u00edsimo jabal\u00ed que por momentos pareci\u00f3 con ganas de embestir el coche, dos zorros astutos que no dejaban de mirarnos y cinco conejos que cruzaban a saltos el camino hasta que uno de ellos se qued\u00f3 parado sucumbiendo  a una de las ruedas del remolque. DEP Roger Rabbit.<\/p>\n<p>Finalmente, llegamos a nuestro destino a las 2:30h de la madrugada, reventados y sabiendo que en apenas 4 horas se abr\u00eda el periodo de desinfecci\u00f3n de barcas. \u201cMaldurmimos\u201d como pudimos entre ronquidos de alg\u00fan compa\u00f1ero y una pu\u00f1etera farola cuya luz parec\u00eda querer competir con la de la luna.<\/p>\n<h3>Ma\u00f1ana de entrenamientos<\/h3>\n<p>A las 6:15h el ruido de un motor nos sobresalt\u00f3. Hab\u00edamos aparcado para dormir justo a escasos metros de la zona de desinfecci\u00f3n de las barcas as\u00ed que nos levantamos, recogimos b\u00e1rtulos y nos pusimos a la cola ya que no \u00e9ramos los primeros. All\u00ed estaban los catalanes Javier Guill\u00e9n y Eloy Fern\u00e1ndez preparados.<\/p>\n<p><a href=\"http:\/\/www.valenciabass.com\/wp-content\/uploads\/05.640x480.jpg\"><img loading=\"lazy\" decoding=\"async\" src=\"http:\/\/www.valenciabass.com\/wp-content\/uploads\/05.640x480.jpg\" alt=\"05.640x480\" width=\"640\" height=\"360\" class=\"aligncenter size-full wp-image-8141\" srcset=\"https:\/\/www.valenciabass.com\/wp-content\/uploads\/05.640x480.jpg 640w, https:\/\/www.valenciabass.com\/wp-content\/uploads\/05.640x480-300x169.jpg 300w, https:\/\/www.valenciabass.com\/wp-content\/uploads\/05.640x480-250x141.jpg 250w\" sizes=\"auto, (max-width: 640px) 100vw, 640px\" \/><\/a><\/p>\n<p>Al d\u00eda siguiente desinfectamos las barcas y nos quedamos algo sorprendidos por la cara de mosqueo de los t\u00e9cnicos de desinfecci\u00f3n de la Junta de Extremadura al decirles que ven\u00edamos de la Confederaci\u00f3n del J\u00facar. \u00a1Cu\u00e1nto mal ha hecho el mejill\u00f3n cebra!<\/p>\n<p><a href=\"http:\/\/www.valenciabass.com\/wp-content\/uploads\/06.640x480.jpg\"><img loading=\"lazy\" decoding=\"async\" src=\"http:\/\/www.valenciabass.com\/wp-content\/uploads\/06.640x480.jpg\" alt=\"06.640x480\" width=\"640\" height=\"360\" class=\"aligncenter size-full wp-image-8142\" srcset=\"https:\/\/www.valenciabass.com\/wp-content\/uploads\/06.640x480.jpg 640w, https:\/\/www.valenciabass.com\/wp-content\/uploads\/06.640x480-300x169.jpg 300w, https:\/\/www.valenciabass.com\/wp-content\/uploads\/06.640x480-250x141.jpg 250w\" sizes=\"auto, (max-width: 640px) 100vw, 640px\" \/><\/a><\/p>\n<p>Seguidamente, llegamos a la rampa de botadura y comentamos a los lugare\u00f1os lo mal que estaba la carretera por donde hab\u00edamos venido. Nuestra cara hubiera sido digna de retrato cuando nos dijeron que como se nos hab\u00eda ocurrido ir por el camino donde hacen pr\u00e1cticas los tanques&#8230; \u00a1Para pegarse un tiro!<\/p>\n<p>En esta edici\u00f3n de la Copa Bocarde nos gust\u00f3 mucho la inclusi\u00f3n de una ma\u00f1ana de entrenamiento antes de la competici\u00f3n, lo cual serv\u00eda para que pudi\u00e9ramos reconocer las aguas y zonas del embalse que hasta entonces solamente nos las hab\u00edamos imaginado vi\u00e9ndolas en los mapas topogr\u00e1ficos de Internet.<\/p>\n<p>Lleg\u00e1bamos de los primeros a la rampa de botadura pero tuvimos que hacer tiempo hasta que la Organizaci\u00f3n nos permiti\u00f3 entrar al agua ya que el entrenamiento se abr\u00eda a las 8:00h.<\/p>\n<p><a href=\"http:\/\/www.valenciabass.com\/wp-content\/uploads\/07.640x480.jpg\"><img loading=\"lazy\" decoding=\"async\" src=\"http:\/\/www.valenciabass.com\/wp-content\/uploads\/07.640x480.jpg\" alt=\"07.640x480\" width=\"640\" height=\"360\" class=\"aligncenter size-full wp-image-8143\" srcset=\"https:\/\/www.valenciabass.com\/wp-content\/uploads\/07.640x480.jpg 640w, https:\/\/www.valenciabass.com\/wp-content\/uploads\/07.640x480-300x169.jpg 300w, https:\/\/www.valenciabass.com\/wp-content\/uploads\/07.640x480-250x141.jpg 250w\" sizes=\"auto, (max-width: 640px) 100vw, 640px\" \/><\/a><\/p>\n<h4>Arroyo-L\u00f3pez:<\/h4>\n<p>La idea principal era localizar zonas propicias para el bass en este momento del a\u00f1o y sondearlas. Yo no mont\u00e9 anzuelos para no pinchar los peces y pescar bastante r\u00e1pido para batir mucha agua.<\/p>\n<p>Empezamos pescando en varias zonas muy diferentes en superficie y con diferentes se\u00f1uelos obtuve buenas picadas. Edu empez\u00f3 pescando con t\u00e9cnicas de vinilo a la ca\u00edda percibiendo alguna t\u00edmida picada.<\/p>\n<p>Despu\u00e9s cambiamos a zonas de algas las cuales al no estar acostumbrados nos fueron complicadas de pescar&#8230;<\/p>\n<p>Cuando el sol empez\u00f3 apretar nos centramos en una pesca r\u00e1pida m\u00e1s profunda con nulos resultados, pero en medio del embalse divisamos un ataque en superficie, nos acercamos r\u00e1pidamente y Edu con un paseante con ancoretas montadas clavaba su primer bass cijare\u00f1o.<\/p>\n<p><a href=\"http:\/\/www.valenciabass.com\/wp-content\/uploads\/08.480x320.jpg\"><img loading=\"lazy\" decoding=\"async\" src=\"http:\/\/www.valenciabass.com\/wp-content\/uploads\/08.480x320.jpg\" alt=\"08.480x320\" width=\"480\" height=\"640\" class=\"aligncenter size-full wp-image-8175\" srcset=\"https:\/\/www.valenciabass.com\/wp-content\/uploads\/08.480x320.jpg 480w, https:\/\/www.valenciabass.com\/wp-content\/uploads\/08.480x320-225x300.jpg 225w, https:\/\/www.valenciabass.com\/wp-content\/uploads\/08.480x320-250x333.jpg 250w\" sizes=\"auto, (max-width: 480px) 100vw, 480px\" \/><\/a><\/p>\n<h4>Castellano-Ferr\u00fas:<\/h4>\n<p>Por nuestra parte, el entrenamiento nos sirvi\u00f3 para ir acondicion\u00e1ndonos al calor extreme\u00f1o y para localizar peces aunque tratando de no clavarlos. Nos movimos por la zona media del embalse, principio de la entrada a las Minas-Estena, Encinarejos y principio del r\u00edo pasando por el puente de Helechosa.<\/p>\n<p>Fueron 4 los peces que clavamos casi sin querer lo que nos pod\u00eda hacer pensar en que ser\u00eda una competici\u00f3n marcada por gran cantidad de peces. Eran todo peces kileros que estaban en el borde exterior de los innumerables algueros repartidas por todo el embalse. <\/p>\n<p><a href=\"http:\/\/www.valenciabass.com\/wp-content\/uploads\/09.480x320.png\"><img loading=\"lazy\" decoding=\"async\" src=\"http:\/\/www.valenciabass.com\/wp-content\/uploads\/09.480x320.png\" alt=\"09.480x320\" width=\"480\" height=\"589\" class=\"aligncenter size-full wp-image-8176\" srcset=\"https:\/\/www.valenciabass.com\/wp-content\/uploads\/09.480x320.png 480w, https:\/\/www.valenciabass.com\/wp-content\/uploads\/09.480x320-244x300.png 244w, https:\/\/www.valenciabass.com\/wp-content\/uploads\/09.480x320-250x307.png 250w\" sizes=\"auto, (max-width: 480px) 100vw, 480px\" \/><\/a><\/p>\n<p>Las t\u00e9cnicas utilizadas durante la ma\u00f1ana de entrenamiento fueron b\u00e1sicamente de pesca r\u00e1pida para tratar de localizar peces, aunque en algunas estructuras en concreto practicamos pesca m\u00e1s lenta para confirmar la presencia de los basses.<\/p>\n<p>El entrenamiento termin\u00f3 a las 14:00h y muchos de los asistentes a la competici\u00f3n tambi\u00e9n se hab\u00edan cogido d\u00eda libre ese viernes para asistir al entrenamiento. La estampa de la rampa denotaba la competitividad de los participantes por extraer hasta la extenuaci\u00f3n la localizaci\u00f3n de los basses cijare\u00f1os.<\/p>\n<p><a href=\"http:\/\/www.valenciabass.com\/wp-content\/uploads\/10.640x4802.jpg\"><img loading=\"lazy\" decoding=\"async\" src=\"http:\/\/www.valenciabass.com\/wp-content\/uploads\/10.640x4802.jpg\" alt=\"10.640x480\" width=\"640\" height=\"360\" class=\"aligncenter size-full wp-image-8146\" srcset=\"https:\/\/www.valenciabass.com\/wp-content\/uploads\/10.640x4802.jpg 640w, https:\/\/www.valenciabass.com\/wp-content\/uploads\/10.640x4802-300x169.jpg 300w, https:\/\/www.valenciabass.com\/wp-content\/uploads\/10.640x4802-250x141.jpg 250w\" sizes=\"auto, (max-width: 640px) 100vw, 640px\" \/><\/a><\/p>\n<p>Tras sacar la barca, nos desplazamos al Hostal Los Monteros (Poblado de C\u00edjara) donde ten\u00edamos 2 habitaciones reservadas. Sin duda alguna, lo peor de todo el viaje fue nuestra mala adaptaci\u00f3n a las altas temperaturas. El term\u00f3metro marcaba 37\u00baC. Entre lo cansados que est\u00e1bamos por haber dormido tan poco y el calor sofocante que est\u00e1bamos sufriendo nos provoc\u00f3 malestar y algo de agon\u00eda.<\/p>\n<p><a href=\"http:\/\/www.valenciabass.com\/wp-content\/uploads\/11.640x4802.jpg\"><img loading=\"lazy\" decoding=\"async\" src=\"http:\/\/www.valenciabass.com\/wp-content\/uploads\/11.640x4802.jpg\" alt=\"11.640x480\" width=\"640\" height=\"360\" class=\"aligncenter size-full wp-image-8147\" srcset=\"https:\/\/www.valenciabass.com\/wp-content\/uploads\/11.640x4802.jpg 640w, https:\/\/www.valenciabass.com\/wp-content\/uploads\/11.640x4802-300x169.jpg 300w, https:\/\/www.valenciabass.com\/wp-content\/uploads\/11.640x4802-250x141.jpg 250w\" sizes=\"auto, (max-width: 640px) 100vw, 640px\" \/><\/a><\/p>\n<p>Repusimos algo de fuerzas durante la comida y los 4 compa\u00f1eros pusimos en com\u00fan nuestras impresiones del entrenamiento para trazar una estrategia de cara a la competici\u00f3n. Seguidamente, hicimos honor a una antigua tradici\u00f3n espa\u00f1ola e hicimos la siesta hasta las 19:00h con el aire acondicionado a tope para ver si nos recuper\u00e1bamos. <\/p>\n<p><a href=\"http:\/\/www.valenciabass.com\/wp-content\/uploads\/12.480x320.jpg\"><img loading=\"lazy\" decoding=\"async\" src=\"http:\/\/www.valenciabass.com\/wp-content\/uploads\/12.480x320.jpg\" alt=\"12.480x320\" width=\"480\" height=\"853\" class=\"aligncenter size-full wp-image-8177\" srcset=\"https:\/\/www.valenciabass.com\/wp-content\/uploads\/12.480x320.jpg 480w, https:\/\/www.valenciabass.com\/wp-content\/uploads\/12.480x320-169x300.jpg 169w, https:\/\/www.valenciabass.com\/wp-content\/uploads\/12.480x320-250x444.jpg 250w\" sizes=\"auto, (max-width: 480px) 100vw, 480px\" \/><\/a><\/p>\n<p>Tras una breve visita a Puerto Rey para proveernos de gasolina, regresamos a la rampa donde se celebraba la presentaci\u00f3n de la III Copa Bocarde. All\u00ed coincidimos con nuestros compa\u00f1eros valencianos Miguel Ferragut, Pepe Bellver, Rafa Pl\u00e0 y Vicent Tafaner, estos \u00faltimos campeones de la competici\u00f3n en ediciones anteriores. Aprovechamos para charlar con ellos y tambi\u00e9n con otros conocidos del mundo de la competici\u00f3n, asiduos a este tipo de opens y amplios conocedores del embalse de C\u00edjara.<\/p>\n<p><a href=\"http:\/\/www.valenciabass.com\/wp-content\/uploads\/13.640x4801.jpg\"><img loading=\"lazy\" decoding=\"async\" src=\"http:\/\/www.valenciabass.com\/wp-content\/uploads\/13.640x4801.jpg\" alt=\"13.640x480\" width=\"640\" height=\"480\" class=\"aligncenter size-full wp-image-8149\" srcset=\"https:\/\/www.valenciabass.com\/wp-content\/uploads\/13.640x4801.jpg 640w, https:\/\/www.valenciabass.com\/wp-content\/uploads\/13.640x4801-300x225.jpg 300w, https:\/\/www.valenciabass.com\/wp-content\/uploads\/13.640x4801-250x188.jpg 250w\" sizes=\"auto, (max-width: 640px) 100vw, 640px\" \/><\/a><\/p>\n<p>Cuando se acude a una competici\u00f3n celebrada \u00abfuera de casa\u00bb, algo de lo m\u00e1s habitual para los valencianos, ser\u00eda insensato pensar en quedar en las primeras posiciones, privilegio generalmente reservado para los pescadores locales o aquellos que se pasan d\u00edas y\/o semanas entrenando en el escenario, por lo que el objetivo es siempre pasarlo bien, aprender de la experiencia y tratar de hacerlo lo mejor posible, en ese orden.<\/p>\n<p>Vistos estos principios y despu\u00e9s de ver c\u00f3mo nos hab\u00eda ido en el entrenamiento, la pareja Castellano-Ferr\u00fas consider\u00f3 que las posibilidades de hacerlo lo mejor posible pasaban por sacar peces grandes, y es aqu\u00ed donde salta a relucir el dicho de un gran pescador norte\u00f1o multiespecies, Joseba Mikel, que resume en \u00abGO BIG OR GO HOME\u00bb cuyo significado vendr\u00eda a ser \u00abIr a por el grande o irse a casa\u00bb. <\/p>\n<p><a href=\"http:\/\/www.valenciabass.com\/wp-content\/uploads\/14.640x4801.jpg\"><img loading=\"lazy\" decoding=\"async\" src=\"http:\/\/www.valenciabass.com\/wp-content\/uploads\/14.640x4801-300x169.jpg\" alt=\"14.640x480\" width=\"300\" height=\"169\" class=\"aligncenter size-medium wp-image-8150\" srcset=\"https:\/\/www.valenciabass.com\/wp-content\/uploads\/14.640x4801-300x169.jpg 300w, https:\/\/www.valenciabass.com\/wp-content\/uploads\/14.640x4801-250x141.jpg 250w, https:\/\/www.valenciabass.com\/wp-content\/uploads\/14.640x4801.jpg 640w\" sizes=\"auto, (max-width: 300px) 100vw, 300px\" \/><\/a><\/p>\n<p>Esa es una filosof\u00eda que puede adaptarse mejor a competiciones tipo Open donde se acumula peso, a diferencia de competiciones tipo ligas o campeonatos de Espa\u00f1a donde se premia la regularidad mediante puntos y no se puede permitir el lujo de desperdiciar los peces medianos.<\/p>\n<p>En este caso, ser\u00eda su filosof\u00eda para esta Copa Bocarde visto que en la ma\u00f1ana de entrenamientos solamente consiguieron localizar peces kileros situados en zonas someras justo en los bordes exteriores de las algas, y que con un cupo de kileros no era f\u00e1cil conseguir un buen resultado por acumulaci\u00f3n de peso.<\/p>\n<p>Por tanto, su estrategia se decantaba a peces grandes, siendo conscientes de que era una tarea arriesgada y dif\u00edcil. Ahora viene la pregunta del mill\u00f3n: \u00bfD\u00f3nde estar\u00e1n? Sab\u00edamos que en aguas someras pegadas a las algas no hab\u00edamos visto peces grandes as\u00ed que optaron por dos formas de pescar:<\/p>\n<ol>\n<li>Aguas abiertas pescando en superficie entre los bancos de alburnos.<\/li>\n<li>Aguas profundas buscando islas, puntas y grandes piedras.<\/li>\n<\/ol>\n<p><a href=\"http:\/\/www.valenciabass.com\/wp-content\/uploads\/15.640x4801.jpg\"><img loading=\"lazy\" decoding=\"async\" src=\"http:\/\/www.valenciabass.com\/wp-content\/uploads\/15.640x4801.jpg\" alt=\"15.640x480\" width=\"640\" height=\"427\" class=\"aligncenter size-full wp-image-8151\" srcset=\"https:\/\/www.valenciabass.com\/wp-content\/uploads\/15.640x4801.jpg 640w, https:\/\/www.valenciabass.com\/wp-content\/uploads\/15.640x4801-300x200.jpg 300w, https:\/\/www.valenciabass.com\/wp-content\/uploads\/15.640x4801-250x167.jpg 250w\" sizes=\"auto, (max-width: 640px) 100vw, 640px\" \/><\/a><\/p>\n<p><a href=\"http:\/\/www.valenciabass.com\/wp-content\/uploads\/16.640x4802.jpg\"><img loading=\"lazy\" decoding=\"async\" src=\"http:\/\/www.valenciabass.com\/wp-content\/uploads\/16.640x4802.jpg\" alt=\"16.640x480\" width=\"640\" height=\"427\" class=\"aligncenter size-full wp-image-8152\" srcset=\"https:\/\/www.valenciabass.com\/wp-content\/uploads\/16.640x4802.jpg 640w, https:\/\/www.valenciabass.com\/wp-content\/uploads\/16.640x4802-300x200.jpg 300w, https:\/\/www.valenciabass.com\/wp-content\/uploads\/16.640x4802-250x167.jpg 250w\" sizes=\"auto, (max-width: 640px) 100vw, 640px\" \/><\/a><\/p>\n<p>Con la ayuda de los mapas, decidimos elaborar un circuito con diferentes zonas que repetir\u00edamos a diferentes horas. Dado el escaso conocimiento del embalse, optamos por zonas no m\u00e1s all\u00e1 del puente de Helechosa.<\/p>\n<p>Las t\u00e9cnicas era otro de los puntos de discordia. Existen infinidad de artificiales y t\u00e9cnicas que se puedan utilizar. Cre\u00edmos que si llev\u00e1bamos montadas muchas ca\u00f1as con muchos artificiales \u00fanicamente nos servir\u00eda para invertir poco tiempo con muchas t\u00e9cnicas. Esto en algunas situaciones puede resultar beneficioso, pero en esta ocasi\u00f3n, consideramos que no quer\u00edamos salirnos del gui\u00f3n pensado inicialmente y tomamos la decisi\u00f3n de montar: paseante, swimbait de vinilo, jerk de vinilo como t\u00e9cnicas de pesca r\u00e1pida, mientras que optamos por cangrejo a shaky y carolina para buscarlos m\u00e1s lentamente.<\/p>\n<p>Antes de cenar dejamos todo preparado para el d\u00eda siguiente. En el Hostal Los Monteros nos trataron muy bien e incluso cortaron una de las calles del Poblado para que pudi\u00e9ramos poner las dos barcas juntas y cargar las bater\u00edas sin problemas.<\/p>\n<p><a href=\"http:\/\/www.valenciabass.com\/wp-content\/uploads\/17.640x4801.jpg\"><img loading=\"lazy\" decoding=\"async\" src=\"http:\/\/www.valenciabass.com\/wp-content\/uploads\/17.640x4801.jpg\" alt=\"17.640x480\" width=\"640\" height=\"360\" class=\"aligncenter size-full wp-image-8153\" srcset=\"https:\/\/www.valenciabass.com\/wp-content\/uploads\/17.640x4801.jpg 640w, https:\/\/www.valenciabass.com\/wp-content\/uploads\/17.640x4801-300x169.jpg 300w, https:\/\/www.valenciabass.com\/wp-content\/uploads\/17.640x4801-250x141.jpg 250w\" sizes=\"auto, (max-width: 640px) 100vw, 640px\" \/><\/a><\/p>\n<p><a href=\"http:\/\/www.valenciabass.com\/wp-content\/uploads\/18.640x4802.jpg\"><img loading=\"lazy\" decoding=\"async\" src=\"http:\/\/www.valenciabass.com\/wp-content\/uploads\/18.640x4802.jpg\" alt=\"18.640x480\" width=\"640\" height=\"360\" class=\"aligncenter size-full wp-image-8154\" srcset=\"https:\/\/www.valenciabass.com\/wp-content\/uploads\/18.640x4802.jpg 640w, https:\/\/www.valenciabass.com\/wp-content\/uploads\/18.640x4802-300x169.jpg 300w, https:\/\/www.valenciabass.com\/wp-content\/uploads\/18.640x4802-250x141.jpg 250w\" sizes=\"auto, (max-width: 640px) 100vw, 640px\" \/><\/a><\/p>\n<p>Cenamos r\u00e1pidamente y nos acostamos pronto para estar m\u00e1s descansados.<\/p>\n<p><a href=\"http:\/\/www.valenciabass.com\/wp-content\/uploads\/19.640x480.jpg\"><img loading=\"lazy\" decoding=\"async\" src=\"http:\/\/www.valenciabass.com\/wp-content\/uploads\/19.640x480.jpg\" alt=\"19.640x480\" width=\"640\" height=\"360\" class=\"aligncenter size-full wp-image-8155\" srcset=\"https:\/\/www.valenciabass.com\/wp-content\/uploads\/19.640x480.jpg 640w, https:\/\/www.valenciabass.com\/wp-content\/uploads\/19.640x480-300x169.jpg 300w, https:\/\/www.valenciabass.com\/wp-content\/uploads\/19.640x480-250x141.jpg 250w\" sizes=\"auto, (max-width: 640px) 100vw, 640px\" \/><\/a><\/p>\n","protected":false},"excerpt":{"rendered":"<p>Todo empez\u00f3 con un whatsapp inocente entre Arroyo y Castellano que dec\u00eda: \u00bfNos vamos a la Bocarde? La idea era tentadora pero como viene siendo habitual, la decisi\u00f3n no solamente est\u00e1 en nuestras manos. Hab\u00eda que consultarlo con las mujeres <span class=\"excerpt-dots\">&hellip;<\/span> <a class=\"more-link\" href=\"https:\/\/www.valenciabass.com\/?p=8186\"><span class=\"more-msg\">Sigue leyendo &rarr;<\/span><\/a><\/p>\n","protected":false},"author":30,"featured_media":8137,"comment_status":"closed","ping_status":"closed","sticky":false,"template":"","format":"standard","meta":{"_monsterinsights_skip_tracking":false,"_monsterinsights_sitenote_active":false,"_monsterinsights_sitenote_note":"","_monsterinsights_sitenote_category":0,"ngg_post_thumbnail":0,"footnotes":""},"categories":[5,26,13,14],"tags":[],"class_list":["post-8186","post","type-post","status-publish","format-standard","has-post-thumbnail","hentry","category-competiciones","category-cronicas","category-externas","category-externas-embarcacion"],"_links":{"self":[{"href":"https:\/\/www.valenciabass.com\/index.php?rest_route=\/wp\/v2\/posts\/8186","targetHints":{"allow":["GET"]}}],"collection":[{"href":"https:\/\/www.valenciabass.com\/index.php?rest_route=\/wp\/v2\/posts"}],"about":[{"href":"https:\/\/www.valenciabass.com\/index.php?rest_route=\/wp\/v2\/types\/post"}],"author":[{"embeddable":true,"href":"https:\/\/www.valenciabass.com\/index.php?rest_route=\/wp\/v2\/users\/30"}],"replies":[{"embeddable":true,"href":"https:\/\/www.valenciabass.com\/index.php?rest_route=%2Fwp%2Fv2%2Fcomments&post=8186"}],"version-history":[{"count":1,"href":"https:\/\/www.valenciabass.com\/index.php?rest_route=\/wp\/v2\/posts\/8186\/revisions"}],"predecessor-version":[{"id":8187,"href":"https:\/\/www.valenciabass.com\/index.php?rest_route=\/wp\/v2\/posts\/8186\/revisions\/8187"}],"wp:featuredmedia":[{"embeddable":true,"href":"https:\/\/www.valenciabass.com\/index.php?rest_route=\/wp\/v2\/media\/8137"}],"wp:attachment":[{"href":"https:\/\/www.valenciabass.com\/index.php?rest_route=%2Fwp%2Fv2%2Fmedia&parent=8186"}],"wp:term":[{"taxonomy":"category","embeddable":true,"href":"https:\/\/www.valenciabass.com\/index.php?rest_route=%2Fwp%2Fv2%2Fcategories&post=8186"},{"taxonomy":"post_tag","embeddable":true,"href":"https:\/\/www.valenciabass.com\/index.php?rest_route=%2Fwp%2Fv2%2Ftags&post=8186"}],"curies":[{"name":"wp","href":"https:\/\/api.w.org\/{rel}","templated":true}]}}