{"id":817,"date":"2011-11-07T17:43:35","date_gmt":"2011-11-07T16:43:35","guid":{"rendered":"http:\/\/www.valenciabass.com\/?p=817"},"modified":"2014-06-08T23:03:23","modified_gmt":"2014-06-08T21:03:23","slug":"6%c2%aa-competicion-social-vbc-2011","status":"publish","type":"post","link":"https:\/\/www.valenciabass.com\/?p=817","title":{"rendered":"6\u00aa Competici\u00f3n Social Orilla"},"content":{"rendered":"<p>El pasado domingo\u00a030 de\u00a0octubre se celebr\u00f3 la\u00a0sexta y \u00faltima manga social V.B.C. orilla, en el embalse de Tous.<\/p>\n<p>Primero, la clasificaci\u00f3n de la manga:<\/p>\n<p>CLASIFICACION 6\u00ba SOCIAL TOUS<\/p>\n<p>1- Jos\u00e9 Vte Garc\u00eda&#8212;-33,29____3,292kg__2peces<br \/>\n2- Miguel Ferragut&#8212;-29,10____3,100kg__4peces<br \/>\n3- Pau Murcia&#8212;&#8212;&#8212;24,47_____0,478kg__1pez<br \/>\n4- Jos\u00e9 Mazaira&#8212;&#8212;-22,35_____0,356kg__1pez<br \/>\n5- Alina Dimitrova&#8212;-0<br \/>\n6- Toni Ripoll&#8212;&#8212;&#8212;-0<br \/>\n7- Vicente Mahiques&#8211;0<\/p>\n<p>Pieza mayor:\u00a0 Jos\u00e9 Vte. Garc\u00eda &#8211; 2,680kg &#8211;<\/p>\n<p>Segundo, unas fotos de los participantes:<\/p>\n<div id=\"attachment_819\" style=\"width: 458px\" class=\"wp-caption alignnone\"><a href=\"http:\/\/www.valenciabass.com\/wp-content\/uploads\/DSC016821.jpg\"><img loading=\"lazy\" decoding=\"async\" aria-describedby=\"caption-attachment-819\" class=\"size-full wp-image-819\" title=\"DSC01682[1]\" src=\"http:\/\/www.valenciabass.com\/wp-content\/uploads\/DSC016821.jpg\" alt=\"\" width=\"448\" height=\"336\" srcset=\"https:\/\/www.valenciabass.com\/wp-content\/uploads\/DSC016821.jpg 448w, https:\/\/www.valenciabass.com\/wp-content\/uploads\/DSC016821-300x224.jpg 300w\" sizes=\"auto, (max-width: 448px) 100vw, 448px\" \/><\/a><p id=\"caption-attachment-819\" class=\"wp-caption-text\">&quot;Morete&quot; con un tabardo de 2.680 gramos, pieza mayor del social y de la liga de orilla VBC 2011 y tambi\u00e9n record del Club desde orilla.<\/p><\/div>\n<div id=\"attachment_818\" style=\"width: 458px\" class=\"wp-caption alignnone\"><a href=\"http:\/\/www.valenciabass.com\/wp-content\/uploads\/DSC016811.jpg\"><img loading=\"lazy\" decoding=\"async\" aria-describedby=\"caption-attachment-818\" class=\"size-full wp-image-818\" title=\"DSC01681[1]\" src=\"http:\/\/www.valenciabass.com\/wp-content\/uploads\/DSC016811.jpg\" alt=\"\" width=\"448\" height=\"336\" srcset=\"https:\/\/www.valenciabass.com\/wp-content\/uploads\/DSC016811.jpg 448w, https:\/\/www.valenciabass.com\/wp-content\/uploads\/DSC016811-300x224.jpg 300w\" sizes=\"auto, (max-width: 448px) 100vw, 448px\" \/><\/a><p id=\"caption-attachment-818\" class=\"wp-caption-text\">&quot;El Ferra&quot; \u00fanico en lograr el cupo, se llev\u00f3 la segunda posici\u00f3n y la liga, tras unas espectacular temporada.<\/p><\/div>\n<p>Tercero, una peque\u00f1a cr\u00f3nica del delegado de orilla:<\/p>\n<p>Hola a todos, ha sido un social en la que se esperaba mal tiempo y mucha lluvia, pero nada m\u00e1s lejos de lo que ocurri\u00f3, si que fue un d\u00eda muy gris y encapotado pero sin lluvia y apenas viento. La verdad es que lo malo nos lo deparo la pesca ya que los peces estaban muy duros. Felicito desde aqu\u00ed a el p\u00f3dium y a aquellos que han asistido a todos los sociales luchando hasta el \u00faltimo momento.<\/p>\n<p>Enhorabuena a todos, Morete.<\/p>\n<p>Por \u00faltimo, la General VBC Orilla 2011:<\/p>\n<p>GENERAL<\/p>\n<p>1- Miguel Ferragut&#8212;184,76<br \/>\n2- Pau Murcia&#8212;&#8212;&#8211;145,83<br \/>\n3- Jos\u00e9 Vte Garc\u00eda&#8212;142,94<br \/>\n4- Alina Dimitrova&#8212;116,43<br \/>\n5- Toni Ripoll&#8212;&#8212;&#8212;93,09<br \/>\n6-Jose Mazaira&#8212;&#8212;92,39<br \/>\n7- Georgi Dimitrov&#8212;-82,92<br \/>\n8- Vicente Mahiques-80,06<br \/>\n9- Mario Alarcon&#8212;&#8211;42,87<br \/>\n10- Juan Mahiques-29,08<br \/>\n11-Paco Gorrita&#8212;&#8212;0<br \/>\n12-Jose Solves&#8212;&#8212;-0<\/p>\n<p>_Pieza mayor: Jos\u00e9 Vte Garc\u00eda &#8211; 2,680kg &#8211;<\/p>\n<p>Enhorabuena a todos los participantes, especialmente al p\u00f3dium y pieza mayor.<\/p>\n<p>Un saludo y buena pesca.<\/p>\n","protected":false},"excerpt":{"rendered":"<p>El pasado domingo\u00a030 de\u00a0octubre se celebr\u00f3 la\u00a0sexta y \u00faltima manga social V.B.C. orilla, en el embalse de Tous. Primero, la clasificaci\u00f3n de la manga: CLASIFICACION 6\u00ba SOCIAL TOUS 1- Jos\u00e9 Vte Garc\u00eda&#8212;-33,29____3,292kg__2peces 2- Miguel Ferragut&#8212;-29,10____3,100kg__4peces 3- Pau Murcia&#8212;&#8212;&#8212;24,47_____0,478kg__1pez 4- Jos\u00e9 <span class=\"excerpt-dots\">&hellip;<\/span> <a class=\"more-link\" href=\"https:\/\/www.valenciabass.com\/?p=817\"><span class=\"more-msg\">Sigue leyendo &rarr;<\/span><\/a><\/p>\n","protected":false},"author":3,"featured_media":818,"comment_status":"closed","ping_status":"closed","sticky":false,"template":"","format":"standard","meta":{"_monsterinsights_skip_tracking":false,"_monsterinsights_sitenote_active":false,"_monsterinsights_sitenote_note":"","_monsterinsights_sitenote_category":0,"ngg_post_thumbnail":0,"footnotes":""},"categories":[5,35,10,11,39],"tags":[],"class_list":["post-817","post","type-post","status-publish","format-standard","has-post-thumbnail","hentry","category-competiciones","category-escenario","category-sociales","category-sociales-orilla","category-tous"],"_links":{"self":[{"href":"https:\/\/www.valenciabass.com\/index.php?rest_route=\/wp\/v2\/posts\/817","targetHints":{"allow":["GET"]}}],"collection":[{"href":"https:\/\/www.valenciabass.com\/index.php?rest_route=\/wp\/v2\/posts"}],"about":[{"href":"https:\/\/www.valenciabass.com\/index.php?rest_route=\/wp\/v2\/types\/post"}],"author":[{"embeddable":true,"href":"https:\/\/www.valenciabass.com\/index.php?rest_route=\/wp\/v2\/users\/3"}],"replies":[{"embeddable":true,"href":"https:\/\/www.valenciabass.com\/index.php?rest_route=%2Fwp%2Fv2%2Fcomments&post=817"}],"version-history":[{"count":11,"href":"https:\/\/www.valenciabass.com\/index.php?rest_route=\/wp\/v2\/posts\/817\/revisions"}],"predecessor-version":[{"id":5882,"href":"https:\/\/www.valenciabass.com\/index.php?rest_route=\/wp\/v2\/posts\/817\/revisions\/5882"}],"wp:featuredmedia":[{"embeddable":true,"href":"https:\/\/www.valenciabass.com\/index.php?rest_route=\/wp\/v2\/media\/818"}],"wp:attachment":[{"href":"https:\/\/www.valenciabass.com\/index.php?rest_route=%2Fwp%2Fv2%2Fmedia&parent=817"}],"wp:term":[{"taxonomy":"category","embeddable":true,"href":"https:\/\/www.valenciabass.com\/index.php?rest_route=%2Fwp%2Fv2%2Fcategories&post=817"},{"taxonomy":"post_tag","embeddable":true,"href":"https:\/\/www.valenciabass.com\/index.php?rest_route=%2Fwp%2Fv2%2Ftags&post=817"}],"curies":[{"name":"wp","href":"https:\/\/api.w.org\/{rel}","templated":true}]}}