{"id":7889,"date":"2015-03-18T09:34:08","date_gmt":"2015-03-18T08:34:08","guid":{"rendered":"http:\/\/www.valenciabass.com\/?p=7889"},"modified":"2015-03-18T09:56:34","modified_gmt":"2015-03-18T08:56:34","slug":"i-open-lucio-bass-chiva","status":"publish","type":"post","link":"https:\/\/www.valenciabass.com\/?p=7889","title":{"rendered":"I Open Lucio Bass Chiva"},"content":{"rendered":"<p>Despu\u00e9s de varios meses sin concursos y de varias salidas al embalse de Contreras a pescar lucios<br \/>\nllegaba el domingo 1 de marzo, y con ello el I Open de Lucio, esta vez organizado por el club de pesca<br \/>\ny casting Chiva.<\/p>\n<p>Con un embalse subiendo muy poco a poco durante este invierno, y un tiempo anticicl\u00f3nico total, totalmente despejado y sin nada de aire, con lucios bastante complicados de pescar semanas atr\u00e1s, nos dimos cita a las 7:00 en el embarcadero de Villargordo del Cabriel. <\/p>\n<p><a href=\"http:\/\/www.valenciabass.com\/wp-content\/uploads\/IMG-20150315-WA0013.640x480.jpg\"><img loading=\"lazy\" decoding=\"async\" src=\"http:\/\/www.valenciabass.com\/wp-content\/uploads\/IMG-20150315-WA0013.640x480.jpg\" alt=\"IMG-20150315-WA0013.640x480\" width=\"640\" height=\"480\" class=\"aligncenter size-full wp-image-7896\" srcset=\"https:\/\/www.valenciabass.com\/wp-content\/uploads\/IMG-20150315-WA0013.640x480.jpg 640w, https:\/\/www.valenciabass.com\/wp-content\/uploads\/IMG-20150315-WA0013.640x480-300x225.jpg 300w, https:\/\/www.valenciabass.com\/wp-content\/uploads\/IMG-20150315-WA0013.640x480-250x188.jpg 250w\" sizes=\"auto, (max-width: 640px) 100vw, 640px\" \/><\/a><\/p>\n<p><a href=\"http:\/\/www.valenciabass.com\/wp-content\/uploads\/IMG-20150315-WA0038.640x480.jpg\"><img loading=\"lazy\" decoding=\"async\" src=\"http:\/\/www.valenciabass.com\/wp-content\/uploads\/IMG-20150315-WA0038.640x480.jpg\" alt=\"IMG-20150315-WA0038.640x480\" width=\"640\" height=\"480\" class=\"aligncenter size-full wp-image-7894\" srcset=\"https:\/\/www.valenciabass.com\/wp-content\/uploads\/IMG-20150315-WA0038.640x480.jpg 640w, https:\/\/www.valenciabass.com\/wp-content\/uploads\/IMG-20150315-WA0038.640x480-300x225.jpg 300w, https:\/\/www.valenciabass.com\/wp-content\/uploads\/IMG-20150315-WA0038.640x480-250x188.jpg 250w\" sizes=\"auto, (max-width: 640px) 100vw, 640px\" \/><\/a><\/p>\n<p><a href=\"http:\/\/www.valenciabass.com\/wp-content\/uploads\/IMG-20150315-WA0035.640x480.jpg\"><img loading=\"lazy\" decoding=\"async\" src=\"http:\/\/www.valenciabass.com\/wp-content\/uploads\/IMG-20150315-WA0035.640x480.jpg\" alt=\"IMG-20150315-WA0035.640x480\" width=\"640\" height=\"360\" class=\"aligncenter size-full wp-image-7895\" srcset=\"https:\/\/www.valenciabass.com\/wp-content\/uploads\/IMG-20150315-WA0035.640x480.jpg 640w, https:\/\/www.valenciabass.com\/wp-content\/uploads\/IMG-20150315-WA0035.640x480-300x169.jpg 300w, https:\/\/www.valenciabass.com\/wp-content\/uploads\/IMG-20150315-WA0035.640x480-250x141.jpg 250w\" sizes=\"auto, (max-width: 640px) 100vw, 640px\" \/><\/a><\/p>\n<p>Una excelente organizaci\u00f3n facilit\u00f3 las maniobras de botadura y colocaci\u00f3n de veh\u00edculos y embarcaciones. A pie de rampa estuvimos esperando a que estuviera todo listo y se diera la salida a las 8:10 de la ma\u00f1ana.<\/p>\n<p><a href=\"http:\/\/www.valenciabass.com\/wp-content\/uploads\/IMG-20150315-WA0014.640x480.jpg\"><img loading=\"lazy\" decoding=\"async\" src=\"http:\/\/www.valenciabass.com\/wp-content\/uploads\/IMG-20150315-WA0014.640x480.jpg\" alt=\"IMG-20150315-WA0014.640x480\" width=\"640\" height=\"360\" class=\"aligncenter size-full wp-image-7897\" srcset=\"https:\/\/www.valenciabass.com\/wp-content\/uploads\/IMG-20150315-WA0014.640x480.jpg 640w, https:\/\/www.valenciabass.com\/wp-content\/uploads\/IMG-20150315-WA0014.640x480-300x169.jpg 300w, https:\/\/www.valenciabass.com\/wp-content\/uploads\/IMG-20150315-WA0014.640x480-250x141.jpg 250w\" sizes=\"auto, (max-width: 640px) 100vw, 640px\" \/><\/a><\/p>\n<p><a href=\"http:\/\/www.valenciabass.com\/wp-content\/uploads\/IMG-20150315-WA0044.640x480.jpg\"><img loading=\"lazy\" decoding=\"async\" src=\"http:\/\/www.valenciabass.com\/wp-content\/uploads\/IMG-20150315-WA0044.640x480.jpg\" alt=\"IMG-20150315-WA0044.640x480\" width=\"640\" height=\"480\" class=\"aligncenter size-full wp-image-7901\" srcset=\"https:\/\/www.valenciabass.com\/wp-content\/uploads\/IMG-20150315-WA0044.640x480.jpg 640w, https:\/\/www.valenciabass.com\/wp-content\/uploads\/IMG-20150315-WA0044.640x480-300x225.jpg 300w, https:\/\/www.valenciabass.com\/wp-content\/uploads\/IMG-20150315-WA0044.640x480-250x188.jpg 250w\" sizes=\"auto, (max-width: 640px) 100vw, 640px\" \/><\/a><\/p>\n<p>Minutos antes Alfredo V\u00e1zquez, miembro de la organizaci\u00f3n y organizador de este evento nos di\u00f3 la \u00faltima charla explicativa sobre las normas y bases del concurso, siendo este no por pesaje, sino por medida. <\/p>\n<p><a href=\"http:\/\/www.valenciabass.com\/wp-content\/uploads\/IMG-20150315-WA0019.640x480.jpg\"><img loading=\"lazy\" decoding=\"async\" src=\"http:\/\/www.valenciabass.com\/wp-content\/uploads\/IMG-20150315-WA0019.640x480.jpg\" alt=\"IMG-20150315-WA0019.640x480\" width=\"640\" height=\"360\" class=\"aligncenter size-full wp-image-7898\" srcset=\"https:\/\/www.valenciabass.com\/wp-content\/uploads\/IMG-20150315-WA0019.640x480.jpg 640w, https:\/\/www.valenciabass.com\/wp-content\/uploads\/IMG-20150315-WA0019.640x480-300x169.jpg 300w, https:\/\/www.valenciabass.com\/wp-content\/uploads\/IMG-20150315-WA0019.640x480-250x141.jpg 250w\" sizes=\"auto, (max-width: 640px) 100vw, 640px\" \/><\/a><\/p>\n<p>Se trataba de medir el lucio sobre una regla de lona que nos proporcionaba la organizaci\u00f3n para medir los lucios y fotografiarlos, de forma que se aprecie perfectamente la medida del mismo e inmediatamente<br \/>\ndevolverlo al agua.<\/p>\n<p><a href=\"http:\/\/www.valenciabass.com\/wp-content\/uploads\/2015-03-01-12.28.40.640x480.jpg\"><img loading=\"lazy\" decoding=\"async\" src=\"http:\/\/www.valenciabass.com\/wp-content\/uploads\/2015-03-01-12.28.40.640x480.jpg\" alt=\"2015-03-01 12.28.40.640x480\" width=\"640\" height=\"480\" class=\"aligncenter size-full wp-image-7899\" srcset=\"https:\/\/www.valenciabass.com\/wp-content\/uploads\/2015-03-01-12.28.40.640x480.jpg 640w, https:\/\/www.valenciabass.com\/wp-content\/uploads\/2015-03-01-12.28.40.640x480-300x225.jpg 300w, https:\/\/www.valenciabass.com\/wp-content\/uploads\/2015-03-01-12.28.40.640x480-250x188.jpg 250w\" sizes=\"auto, (max-width: 640px) 100vw, 640px\" \/><\/a><\/p>\n<p>Desde el Valencia Bass Club aplaudimos esta medida que ya aplicamos en nuestros lucios jamoneros, pues muchas embarcaciones no estan preparadas para mantener en condiciones un buen lucio en su vivero, habi\u00e9ndolo que llevar colgado de un stringer durante horas lo cual causa un stress innecesario para el pez. <\/p>\n<p><a href=\"http:\/\/www.valenciabass.com\/wp-content\/uploads\/2015-03-01-07.38.40.640x480.jpg\"><img loading=\"lazy\" decoding=\"async\" src=\"http:\/\/www.valenciabass.com\/wp-content\/uploads\/2015-03-01-07.38.40.640x480.jpg\" alt=\"2015-03-01 07.38.40.640x480\" width=\"640\" height=\"480\" class=\"aligncenter size-full wp-image-7900\" srcset=\"https:\/\/www.valenciabass.com\/wp-content\/uploads\/2015-03-01-07.38.40.640x480.jpg 640w, https:\/\/www.valenciabass.com\/wp-content\/uploads\/2015-03-01-07.38.40.640x480-300x225.jpg 300w, https:\/\/www.valenciabass.com\/wp-content\/uploads\/2015-03-01-07.38.40.640x480-250x188.jpg 250w\" sizes=\"auto, (max-width: 640px) 100vw, 640px\" \/><\/a><\/p>\n<p>Despu\u00e9s de la salida cada uno fue buscando el puestecico que le d\u00e9 suerte o le ten\u00eda m\u00e1s fe para obtener una dif\u00edcil picada que se transforme en un buen lucio.<\/p>\n<p><a href=\"http:\/\/www.valenciabass.com\/wp-content\/uploads\/IMG-20150315-WA0037.640x480.jpg\"><img loading=\"lazy\" decoding=\"async\" src=\"http:\/\/www.valenciabass.com\/wp-content\/uploads\/IMG-20150315-WA0037.640x480.jpg\" alt=\"IMG-20150315-WA0037.640x480\" width=\"640\" height=\"480\" class=\"aligncenter size-full wp-image-7902\" srcset=\"https:\/\/www.valenciabass.com\/wp-content\/uploads\/IMG-20150315-WA0037.640x480.jpg 640w, https:\/\/www.valenciabass.com\/wp-content\/uploads\/IMG-20150315-WA0037.640x480-300x225.jpg 300w, https:\/\/www.valenciabass.com\/wp-content\/uploads\/IMG-20150315-WA0037.640x480-250x188.jpg 250w\" sizes=\"auto, (max-width: 640px) 100vw, 640px\" \/><\/a><\/p>\n<p>Unos tiraron hacia la zona de las Hoyas, otros a la recula del camping y otros aguas arriba. Os dejamos algunas instant\u00e1neas de los participantes en acci\u00f3n de pesca.<\/p>\n<p><a href=\"http:\/\/www.valenciabass.com\/wp-content\/uploads\/IMG-20150315-WA0026.640x480.jpg\"><img loading=\"lazy\" decoding=\"async\" src=\"http:\/\/www.valenciabass.com\/wp-content\/uploads\/IMG-20150315-WA0026.640x480.jpg\" alt=\"IMG-20150315-WA0026.640x480\" width=\"640\" height=\"480\" class=\"aligncenter size-full wp-image-7903\" srcset=\"https:\/\/www.valenciabass.com\/wp-content\/uploads\/IMG-20150315-WA0026.640x480.jpg 640w, https:\/\/www.valenciabass.com\/wp-content\/uploads\/IMG-20150315-WA0026.640x480-300x225.jpg 300w, https:\/\/www.valenciabass.com\/wp-content\/uploads\/IMG-20150315-WA0026.640x480-250x188.jpg 250w\" sizes=\"auto, (max-width: 640px) 100vw, 640px\" \/><\/a><\/p>\n<p><a href=\"http:\/\/www.valenciabass.com\/wp-content\/uploads\/IMG-20150315-WA0023.640x480.jpg\"><img loading=\"lazy\" decoding=\"async\" src=\"http:\/\/www.valenciabass.com\/wp-content\/uploads\/IMG-20150315-WA0023.640x480.jpg\" alt=\"IMG-20150315-WA0023.640x480\" width=\"640\" height=\"480\" class=\"aligncenter size-full wp-image-7904\" srcset=\"https:\/\/www.valenciabass.com\/wp-content\/uploads\/IMG-20150315-WA0023.640x480.jpg 640w, https:\/\/www.valenciabass.com\/wp-content\/uploads\/IMG-20150315-WA0023.640x480-300x225.jpg 300w, https:\/\/www.valenciabass.com\/wp-content\/uploads\/IMG-20150315-WA0023.640x480-250x188.jpg 250w\" sizes=\"auto, (max-width: 640px) 100vw, 640px\" \/><\/a><\/p>\n<p>As\u00ed como algunas de las capturas realizadas durante la ma\u00f1ana.<\/p>\n<p><a href=\"http:\/\/www.valenciabass.com\/wp-content\/uploads\/IMG-20150315-WA0030.640x480.jpg\"><img loading=\"lazy\" decoding=\"async\" src=\"http:\/\/www.valenciabass.com\/wp-content\/uploads\/IMG-20150315-WA0030.640x480.jpg\" alt=\"IMG-20150315-WA0030.640x480\" width=\"640\" height=\"359\" class=\"aligncenter size-full wp-image-7905\" srcset=\"https:\/\/www.valenciabass.com\/wp-content\/uploads\/IMG-20150315-WA0030.640x480.jpg 640w, https:\/\/www.valenciabass.com\/wp-content\/uploads\/IMG-20150315-WA0030.640x480-300x168.jpg 300w, https:\/\/www.valenciabass.com\/wp-content\/uploads\/IMG-20150315-WA0030.640x480-250x140.jpg 250w\" sizes=\"auto, (max-width: 640px) 100vw, 640px\" \/><\/a><\/p>\n<p><a href=\"http:\/\/www.valenciabass.com\/wp-content\/uploads\/2015-03-01-12.29.24.640x480.jpg\"><img loading=\"lazy\" decoding=\"async\" src=\"http:\/\/www.valenciabass.com\/wp-content\/uploads\/2015-03-01-12.29.24.640x480.jpg\" alt=\"2015-03-01 12.29.24.640x480\" width=\"640\" height=\"480\" class=\"aligncenter size-full wp-image-7906\" srcset=\"https:\/\/www.valenciabass.com\/wp-content\/uploads\/2015-03-01-12.29.24.640x480.jpg 640w, https:\/\/www.valenciabass.com\/wp-content\/uploads\/2015-03-01-12.29.24.640x480-300x225.jpg 300w, https:\/\/www.valenciabass.com\/wp-content\/uploads\/2015-03-01-12.29.24.640x480-250x188.jpg 250w\" sizes=\"auto, (max-width: 640px) 100vw, 640px\" \/><\/a><\/p>\n<p>Se intento de todo con todo tipo de se\u00f1uelos. Personalmente la ma\u00f1ana estuvo complicada y los peces se resist\u00edan, menos a \u00faltima hora de concurso que mi amigo y compa\u00f1ero este d\u00eda, Pedro Garc\u00eda \u00abPerero\u00bb, tuvo una picada al pikie que no llego a clavar. Tuvo que ser los \u00faltimos 20 minutos cuando en un lance ajustado a una piedra tuve la captura del d\u00eda, un lucio que no lleg\u00f3 a la medida por un poco. Ya eran las 13:50 cuando nos volvimos a la rampa a recoger el barco.<\/p>\n<p>En general, los participantes dec\u00edan que los peces estaban muy complicados, as\u00ed fue como el n\u00famero de capturas de medida fue escaso.<\/p>\n<p>Tras la charla all\u00ed a pie de embalse con diferentes amigos y compa\u00f1eros&#8230;<\/p>\n<p><a href=\"http:\/\/www.valenciabass.com\/wp-content\/uploads\/IMG-20150315-WA0036.640x480.jpg\"><img loading=\"lazy\" decoding=\"async\" src=\"http:\/\/www.valenciabass.com\/wp-content\/uploads\/IMG-20150315-WA0036.640x480.jpg\" alt=\"IMG-20150315-WA0036.640x480\" width=\"640\" height=\"480\" class=\"aligncenter size-full wp-image-7907\" srcset=\"https:\/\/www.valenciabass.com\/wp-content\/uploads\/IMG-20150315-WA0036.640x480.jpg 640w, https:\/\/www.valenciabass.com\/wp-content\/uploads\/IMG-20150315-WA0036.640x480-300x225.jpg 300w, https:\/\/www.valenciabass.com\/wp-content\/uploads\/IMG-20150315-WA0036.640x480-250x188.jpg 250w\" sizes=\"auto, (max-width: 640px) 100vw, 640px\" \/><\/a><\/p>\n<p><a href=\"http:\/\/www.valenciabass.com\/wp-content\/uploads\/IMG-20150315-WA0032.640x480.jpg\"><img loading=\"lazy\" decoding=\"async\" src=\"http:\/\/www.valenciabass.com\/wp-content\/uploads\/IMG-20150315-WA0032.640x480.jpg\" alt=\"IMG-20150315-WA0032.640x480\" width=\"640\" height=\"480\" class=\"aligncenter size-full wp-image-7908\" srcset=\"https:\/\/www.valenciabass.com\/wp-content\/uploads\/IMG-20150315-WA0032.640x480.jpg 640w, https:\/\/www.valenciabass.com\/wp-content\/uploads\/IMG-20150315-WA0032.640x480-300x225.jpg 300w, https:\/\/www.valenciabass.com\/wp-content\/uploads\/IMG-20150315-WA0032.640x480-250x188.jpg 250w\" sizes=\"auto, (max-width: 640px) 100vw, 640px\" \/><\/a><\/p>\n<p>&#8230;nos fuimos al Kiko Park a hacernos una cerveza antes de comer, mientras el jurado evaluaba las fotos de los diferentes lucios pescados ese d\u00eda. Acto seguido, a eso de las 15:00, todos a saborear una buena comida tranquilamente en una animada tertulia.<\/p>\n<p><a href=\"http:\/\/www.valenciabass.com\/wp-content\/uploads\/IMG-20150315-WA0021.640x480.jpg\"><img loading=\"lazy\" decoding=\"async\" src=\"http:\/\/www.valenciabass.com\/wp-content\/uploads\/IMG-20150315-WA0021.640x480.jpg\" alt=\"IMG-20150315-WA0021.640x480\" width=\"640\" height=\"360\" class=\"aligncenter size-full wp-image-7909\" srcset=\"https:\/\/www.valenciabass.com\/wp-content\/uploads\/IMG-20150315-WA0021.640x480.jpg 640w, https:\/\/www.valenciabass.com\/wp-content\/uploads\/IMG-20150315-WA0021.640x480-300x169.jpg 300w, https:\/\/www.valenciabass.com\/wp-content\/uploads\/IMG-20150315-WA0021.640x480-250x141.jpg 250w\" sizes=\"auto, (max-width: 640px) 100vw, 640px\" \/><\/a><\/p>\n<p><a href=\"http:\/\/www.valenciabass.com\/wp-content\/uploads\/IMG-20150315-WA0020.640x480.jpg\"><img loading=\"lazy\" decoding=\"async\" src=\"http:\/\/www.valenciabass.com\/wp-content\/uploads\/IMG-20150315-WA0020.640x480.jpg\" alt=\"IMG-20150315-WA0020.640x480\" width=\"640\" height=\"480\" class=\"aligncenter size-full wp-image-7910\" srcset=\"https:\/\/www.valenciabass.com\/wp-content\/uploads\/IMG-20150315-WA0020.640x480.jpg 640w, https:\/\/www.valenciabass.com\/wp-content\/uploads\/IMG-20150315-WA0020.640x480-300x225.jpg 300w, https:\/\/www.valenciabass.com\/wp-content\/uploads\/IMG-20150315-WA0020.640x480-250x188.jpg 250w\" sizes=\"auto, (max-width: 640px) 100vw, 640px\" \/><\/a><\/p>\n<p>Tras la comida los amigos de bass Chiva nos obsequiaron con diferentes articulos de pesca y gorras para cada uno de nosotros y seguidamente se realiz\u00f3 la entrega de premios a los primeros clasificados clasificados.<\/p>\n<p><a href=\"http:\/\/www.valenciabass.com\/wp-content\/uploads\/IMG-20150315-WA0031.640x480.jpg\"><img loading=\"lazy\" decoding=\"async\" src=\"http:\/\/www.valenciabass.com\/wp-content\/uploads\/IMG-20150315-WA0031.640x480.jpg\" alt=\"IMG-20150315-WA0031.640x480\" width=\"640\" height=\"480\" class=\"aligncenter size-full wp-image-7911\" srcset=\"https:\/\/www.valenciabass.com\/wp-content\/uploads\/IMG-20150315-WA0031.640x480.jpg 640w, https:\/\/www.valenciabass.com\/wp-content\/uploads\/IMG-20150315-WA0031.640x480-300x225.jpg 300w, https:\/\/www.valenciabass.com\/wp-content\/uploads\/IMG-20150315-WA0031.640x480-250x188.jpg 250w\" sizes=\"auto, (max-width: 640px) 100vw, 640px\" \/><\/a><\/p>\n<ol>\n<li>Samir Ganic de Bass Utiel<\/li>\n<p><a href=\"http:\/\/www.valenciabass.com\/wp-content\/uploads\/IMG-20150315-WA0043.640x480.jpg\"><img loading=\"lazy\" decoding=\"async\" src=\"http:\/\/www.valenciabass.com\/wp-content\/uploads\/IMG-20150315-WA0043.640x480.jpg\" alt=\"IMG-20150315-WA0043.640x480\" width=\"640\" height=\"480\" class=\"aligncenter size-full wp-image-7912\" srcset=\"https:\/\/www.valenciabass.com\/wp-content\/uploads\/IMG-20150315-WA0043.640x480.jpg 640w, https:\/\/www.valenciabass.com\/wp-content\/uploads\/IMG-20150315-WA0043.640x480-300x225.jpg 300w, https:\/\/www.valenciabass.com\/wp-content\/uploads\/IMG-20150315-WA0043.640x480-250x188.jpg 250w\" sizes=\"auto, (max-width: 640px) 100vw, 640px\" \/><\/a><\/p>\n<li>Pedro Latorre y Ricardo Gil de Bass Utiel<\/li>\n<p><a href=\"http:\/\/www.valenciabass.com\/wp-content\/uploads\/IMG-20150315-WA0006.640x480.jpg\"><img loading=\"lazy\" decoding=\"async\" src=\"http:\/\/www.valenciabass.com\/wp-content\/uploads\/IMG-20150315-WA0006.640x480.jpg\" alt=\"IMG-20150315-WA0006.640x480\" width=\"640\" height=\"480\" class=\"aligncenter size-full wp-image-7913\" srcset=\"https:\/\/www.valenciabass.com\/wp-content\/uploads\/IMG-20150315-WA0006.640x480.jpg 640w, https:\/\/www.valenciabass.com\/wp-content\/uploads\/IMG-20150315-WA0006.640x480-300x225.jpg 300w, https:\/\/www.valenciabass.com\/wp-content\/uploads\/IMG-20150315-WA0006.640x480-250x188.jpg 250w\" sizes=\"auto, (max-width: 640px) 100vw, 640px\" \/><\/a><\/p>\n<li>Eduardo y Angel de Minglabass<\/li>\n<p><a href=\"http:\/\/www.valenciabass.com\/wp-content\/uploads\/IMG-20150315-WA0005.640x480.jpg\"><img loading=\"lazy\" decoding=\"async\" src=\"http:\/\/www.valenciabass.com\/wp-content\/uploads\/IMG-20150315-WA0005.640x480.jpg\" alt=\"IMG-20150315-WA0005.640x480\" width=\"640\" height=\"480\" class=\"aligncenter size-full wp-image-7914\" srcset=\"https:\/\/www.valenciabass.com\/wp-content\/uploads\/IMG-20150315-WA0005.640x480.jpg 640w, https:\/\/www.valenciabass.com\/wp-content\/uploads\/IMG-20150315-WA0005.640x480-300x225.jpg 300w, https:\/\/www.valenciabass.com\/wp-content\/uploads\/IMG-20150315-WA0005.640x480-250x188.jpg 250w\" sizes=\"auto, (max-width: 640px) 100vw, 640px\" \/><\/a><\/p>\n<\/ol>\n<p>\u00a1Enhorabuena a los ganadores de un concurso tan complicado!<\/p>\n<p>Luego, para terminar la fiesta, hubo una rifa de bastante material de pesca por cortes\u00eda de Bass Chiva y muchos de los asistentes fueron agraciados por art\u00edculos de las marcas colaboradoras.<br \/>\n<a href=\"http:\/\/www.valenciabass.com\/wp-content\/uploads\/IMG-20150315-WA0009.640x480.jpg\"><img loading=\"lazy\" decoding=\"async\" src=\"http:\/\/www.valenciabass.com\/wp-content\/uploads\/IMG-20150315-WA0009.640x480.jpg\" alt=\"IMG-20150315-WA0009.640x480\" width=\"640\" height=\"480\" class=\"aligncenter size-full wp-image-7915\" srcset=\"https:\/\/www.valenciabass.com\/wp-content\/uploads\/IMG-20150315-WA0009.640x480.jpg 640w, https:\/\/www.valenciabass.com\/wp-content\/uploads\/IMG-20150315-WA0009.640x480-300x225.jpg 300w, https:\/\/www.valenciabass.com\/wp-content\/uploads\/IMG-20150315-WA0009.640x480-250x188.jpg 250w\" sizes=\"auto, (max-width: 640px) 100vw, 640px\" \/><\/a><\/p>\n<p><a href=\"http:\/\/www.valenciabass.com\/wp-content\/uploads\/IMG-20150315-WA0010.640x480.jpg\"><img loading=\"lazy\" decoding=\"async\" src=\"http:\/\/www.valenciabass.com\/wp-content\/uploads\/IMG-20150315-WA0010.640x480.jpg\" alt=\"IMG-20150315-WA0010.640x480\" width=\"640\" height=\"480\" class=\"aligncenter size-full wp-image-7916\" srcset=\"https:\/\/www.valenciabass.com\/wp-content\/uploads\/IMG-20150315-WA0010.640x480.jpg 640w, https:\/\/www.valenciabass.com\/wp-content\/uploads\/IMG-20150315-WA0010.640x480-300x225.jpg 300w, https:\/\/www.valenciabass.com\/wp-content\/uploads\/IMG-20150315-WA0010.640x480-250x188.jpg 250w\" sizes=\"auto, (max-width: 640px) 100vw, 640px\" \/><\/a><\/p>\n<p><a href=\"http:\/\/www.valenciabass.com\/wp-content\/uploads\/IMG-20150315-WA0008.640x480.jpg\"><img loading=\"lazy\" decoding=\"async\" src=\"http:\/\/www.valenciabass.com\/wp-content\/uploads\/IMG-20150315-WA0008.640x480.jpg\" alt=\"IMG-20150315-WA0008.640x480\" width=\"640\" height=\"480\" class=\"aligncenter size-full wp-image-7917\" srcset=\"https:\/\/www.valenciabass.com\/wp-content\/uploads\/IMG-20150315-WA0008.640x480.jpg 640w, https:\/\/www.valenciabass.com\/wp-content\/uploads\/IMG-20150315-WA0008.640x480-300x225.jpg 300w, https:\/\/www.valenciabass.com\/wp-content\/uploads\/IMG-20150315-WA0008.640x480-250x188.jpg 250w\" sizes=\"auto, (max-width: 640px) 100vw, 640px\" \/><\/a><\/p>\n<p>Por ultimo y para concluir, dar las gracias a Club de Pesca y Casting Chiva por organizar este evento con el trabajo que ello supone,a esa organizacion que estuvo de 10 y como no, por ese ambiente de pesca y amistad que siempre envuelve este tipo de eventos. Igualmente, insistir en nuestra felicitaci\u00f3n por esa manera de plantear el concurso anteponiendo el respeto al pez, que es al fin y al cabo lo que nos mueve cada fin de semana.<\/p>\n<p>\u00a1Un saludo y buena pesca!<\/p>\n","protected":false},"excerpt":{"rendered":"<p>Despu\u00e9s de varios meses sin concursos y de varias salidas al embalse de Contreras a pescar lucios llegaba el domingo 1 de marzo, y con ello el I Open de Lucio, esta vez organizado por el club de pesca y <span class=\"excerpt-dots\">&hellip;<\/span> <a class=\"more-link\" href=\"https:\/\/www.valenciabass.com\/?p=7889\"><span class=\"more-msg\">Sigue leyendo &rarr;<\/span><\/a><\/p>\n","protected":false},"author":5,"featured_media":7905,"comment_status":"closed","ping_status":"closed","sticky":false,"template":"","format":"standard","meta":{"_monsterinsights_skip_tracking":false,"_monsterinsights_sitenote_active":false,"_monsterinsights_sitenote_note":"","_monsterinsights_sitenote_category":0,"ngg_post_thumbnail":0,"footnotes":""},"categories":[37,26,35,6],"tags":[],"class_list":["post-7889","post","type-post","status-publish","format-standard","has-post-thumbnail","hentry","category-contreras","category-cronicas","category-escenario","category-salidas"],"_links":{"self":[{"href":"https:\/\/www.valenciabass.com\/index.php?rest_route=\/wp\/v2\/posts\/7889","targetHints":{"allow":["GET"]}}],"collection":[{"href":"https:\/\/www.valenciabass.com\/index.php?rest_route=\/wp\/v2\/posts"}],"about":[{"href":"https:\/\/www.valenciabass.com\/index.php?rest_route=\/wp\/v2\/types\/post"}],"author":[{"embeddable":true,"href":"https:\/\/www.valenciabass.com\/index.php?rest_route=\/wp\/v2\/users\/5"}],"replies":[{"embeddable":true,"href":"https:\/\/www.valenciabass.com\/index.php?rest_route=%2Fwp%2Fv2%2Fcomments&post=7889"}],"version-history":[{"count":4,"href":"https:\/\/www.valenciabass.com\/index.php?rest_route=\/wp\/v2\/posts\/7889\/revisions"}],"predecessor-version":[{"id":7919,"href":"https:\/\/www.valenciabass.com\/index.php?rest_route=\/wp\/v2\/posts\/7889\/revisions\/7919"}],"wp:featuredmedia":[{"embeddable":true,"href":"https:\/\/www.valenciabass.com\/index.php?rest_route=\/wp\/v2\/media\/7905"}],"wp:attachment":[{"href":"https:\/\/www.valenciabass.com\/index.php?rest_route=%2Fwp%2Fv2%2Fmedia&parent=7889"}],"wp:term":[{"taxonomy":"category","embeddable":true,"href":"https:\/\/www.valenciabass.com\/index.php?rest_route=%2Fwp%2Fv2%2Fcategories&post=7889"},{"taxonomy":"post_tag","embeddable":true,"href":"https:\/\/www.valenciabass.com\/index.php?rest_route=%2Fwp%2Fv2%2Ftags&post=7889"}],"curies":[{"name":"wp","href":"https:\/\/api.w.org\/{rel}","templated":true}]}}