{"id":6088,"date":"2014-07-09T00:50:32","date_gmt":"2014-07-08T22:50:32","guid":{"rendered":"http:\/\/www.valenciabass.com\/?p=6088"},"modified":"2014-07-09T00:50:32","modified_gmt":"2014-07-08T22:50:32","slug":"entrevista-canal-7-televalencia","status":"publish","type":"post","link":"https:\/\/www.valenciabass.com\/?p=6088","title":{"rendered":"Entrevista Canal 7 TeleValencia"},"content":{"rendered":"<p>Durante la pasada <a href=\"http:\/\/www.valenciabass.com\/?p=5936\" title=\"Feria de Pesca Deportiva\">Feria de Pesca Deportiva y Turismo<\/a>, Emilio Mart\u00ed de <a href=\"http:\/\/www.ocioypesca.es\" title=\"Ocio y Pesca\" target=\"_blank\">Ocio y Pesca<\/a> de <a href=\"http:\/\/canal7televalencia.es\" title=\"Canal 7 TeleValencia\" target=\"_blank\">Canal 7 TeleValencia<\/a> estuvo entrevistando a los diferentes stands que all\u00ed estuvimos.<\/p>\n<p>En el caso del club fue nuestro secretario, Javier S\u00e1nchez Jim\u00e9nez, quien habl\u00f3 con total desenvoltura ante la c\u00e1mara para dar a conocer a nuestro club.<\/p>\n<p><iframe loading=\"lazy\" width=\"640\" height=\"360\" src=\"\/\/www.youtube.com\/embed\/9dmffIFH_rk?rel=0\" frameborder=\"0\" allowfullscreen><\/iframe><\/p>\n<p>Para aquellos que est\u00e9is interesados en ver el reportaje en su totalidad, est\u00e1 disponible el <a href=\"http:\/\/vimeo.com\/99578773\" title=\"Video Ocio y Pesca \" target=\"_blank\">v\u00eddeo completo<\/a>.<\/p>\n","protected":false},"excerpt":{"rendered":"<p>Durante la pasada Feria de Pesca Deportiva y Turismo, Emilio Mart\u00ed de Ocio y Pesca de Canal 7 TeleValencia estuvo entrevistando a los diferentes stands que all\u00ed estuvimos. En el caso del club fue nuestro secretario, Javier S\u00e1nchez Jim\u00e9nez, quien <span class=\"excerpt-dots\">&hellip;<\/span> <a class=\"more-link\" href=\"https:\/\/www.valenciabass.com\/?p=6088\"><span class=\"more-msg\">Sigue leyendo &rarr;<\/span><\/a><\/p>\n","protected":false},"author":2,"featured_media":6090,"comment_status":"closed","ping_status":"closed","sticky":false,"template":"","format":"standard","meta":{"_monsterinsights_skip_tracking":false,"_monsterinsights_sitenote_active":false,"_monsterinsights_sitenote_note":"","_monsterinsights_sitenote_category":0,"ngg_post_thumbnail":0,"footnotes":""},"categories":[35,1,17,43],"tags":[],"class_list":["post-6088","post","type-post","status-publish","format-standard","has-post-thumbnail","hentry","category-escenario","category-noticias","category-noticias-club","category-otros"],"_links":{"self":[{"href":"https:\/\/www.valenciabass.com\/index.php?rest_route=\/wp\/v2\/posts\/6088","targetHints":{"allow":["GET"]}}],"collection":[{"href":"https:\/\/www.valenciabass.com\/index.php?rest_route=\/wp\/v2\/posts"}],"about":[{"href":"https:\/\/www.valenciabass.com\/index.php?rest_route=\/wp\/v2\/types\/post"}],"author":[{"embeddable":true,"href":"https:\/\/www.valenciabass.com\/index.php?rest_route=\/wp\/v2\/users\/2"}],"replies":[{"embeddable":true,"href":"https:\/\/www.valenciabass.com\/index.php?rest_route=%2Fwp%2Fv2%2Fcomments&post=6088"}],"version-history":[{"count":3,"href":"https:\/\/www.valenciabass.com\/index.php?rest_route=\/wp\/v2\/posts\/6088\/revisions"}],"predecessor-version":[{"id":6092,"href":"https:\/\/www.valenciabass.com\/index.php?rest_route=\/wp\/v2\/posts\/6088\/revisions\/6092"}],"wp:featuredmedia":[{"embeddable":true,"href":"https:\/\/www.valenciabass.com\/index.php?rest_route=\/wp\/v2\/media\/6090"}],"wp:attachment":[{"href":"https:\/\/www.valenciabass.com\/index.php?rest_route=%2Fwp%2Fv2%2Fmedia&parent=6088"}],"wp:term":[{"taxonomy":"category","embeddable":true,"href":"https:\/\/www.valenciabass.com\/index.php?rest_route=%2Fwp%2Fv2%2Fcategories&post=6088"},{"taxonomy":"post_tag","embeddable":true,"href":"https:\/\/www.valenciabass.com\/index.php?rest_route=%2Fwp%2Fv2%2Ftags&post=6088"}],"curies":[{"name":"wp","href":"https:\/\/api.w.org\/{rel}","templated":true}]}}