{"id":6019,"date":"2014-07-01T00:00:21","date_gmt":"2014-06-30T22:00:21","guid":{"rendered":"http:\/\/www.valenciabass.com\/?p=6019"},"modified":"2014-07-06T20:38:47","modified_gmt":"2014-07-06T18:38:47","slug":"una-barca-para-siempre-y-un-nuevo-amigo","status":"publish","type":"post","link":"https:\/\/www.valenciabass.com\/?p=6019","title":{"rendered":"Una barca para siempre"},"content":{"rendered":"<p>Tras la veda de Cortes y haber pensado en ir algunas veces a Contreras, lleg\u00f3 el d\u00eda de quedar a pescar<br \/>\njuntos en mi \u00abex\u00bb barca con su nuevo due\u00f1o y socio de nuestro gran club, V\u00edctor Cuevas Llamas.<\/p>\n<p>Tras varias conversaciones de que hacer, preparamos lo que hac\u00eda falta y como es costumbre,<br \/>\ny mas ahora en este tiempo, a las 6 de la ma\u00f1ana est\u00e1bamos en Cofrentes tirando el barco para vivir<br \/>\notro d\u00eda de pesca m\u00e1s en nuestro embalse favorito. Tras el d\u00eda de pesca del jueves anterior con el gran<br \/>\nmaestro y secretario de Bassmaster Alberic, Santi Castro, en su espectacular Tracker, en el que los peces no dieron casi la cara, afront\u00e1bamos un d\u00eda que se preve\u00eda complicado. Pero, la cuesti\u00f3n es ir al embalse a pescar, lo dem\u00e1s, ya veremos.<\/p>\n<p>Tras los preparativos y alguna puesta a punto de la embarcaci\u00f3n salimos en busca del primer apostadero. Empezamos con los t\u00edpicos paseantes, jerks blandos, etc., por la ma\u00f1ana tempran\u00edsimo, pero no hab\u00eda manera de hacer atacar a esos centr\u00e1rquidos tan tan exquisitos de nuestro embalse favorito.<\/p>\n<p>V\u00edctor, muy a mi estilo, dice: \u00ab<em>Va, vamos a tomarnos un caf\u00e9<\/em>\u00ab. \u00a1Un caf\u00e9 en el barco en medio del embalse a las 7  de la ma\u00f1ana y con un trozo de tarta de chocolate! Eso era ya m\u00e1s lujo que un crucero a todo confort.<\/p>\n<p>Una vez terminado el cafetico, V\u00edctor cogi\u00f3 su lombriz de vinilo preferida. Lanz\u00f3 a un \u00e1rbol salido de la orilla y ah\u00ed estaba el primer pez del d\u00eda. Un buen bass pescado a <em>split-shot<\/em> con un plomico de 1 gramo. Como dir\u00eda yo en otra epoca. \u00a1Viva el <em>finesse<\/em>!<\/p>\n<p><a href=\"http:\/\/www.valenciabass.com\/wp-content\/uploads\/cortes-21-junio-14-5.640x480.jpg\"><img loading=\"lazy\" decoding=\"async\" src=\"http:\/\/www.valenciabass.com\/wp-content\/uploads\/cortes-21-junio-14-5.640x480.jpg\" alt=\"cortes 21 junio 14 (5).640x480\" width=\"640\" height=\"480\" class=\"aligncenter size-full wp-image-6009\" srcset=\"https:\/\/www.valenciabass.com\/wp-content\/uploads\/cortes-21-junio-14-5.640x480.jpg 640w, https:\/\/www.valenciabass.com\/wp-content\/uploads\/cortes-21-junio-14-5.640x480-300x225.jpg 300w, https:\/\/www.valenciabass.com\/wp-content\/uploads\/cortes-21-junio-14-5.640x480-250x187.jpg 250w\" sizes=\"auto, (max-width: 640px) 100vw, 640px\" \/><\/a><\/p>\n<p>Continuamos la pesca por la zona y llegamos a una zona de piedras donde vimos varios buenos peces. Peces se ve\u00edan y de muy buen tama\u00f1o, otra cosa es que quieran picar. Vemos un buen bass, lanzo el senko en color daiquiri, lo coge y lo suelta en 1 segundo sin darme tiempo a clavar. Los peces estaban muy finos de pescar.<\/p>\n<p>Seguimos por la zona, tras observar varios individuos pescando en una orilla, nos acercamos y les pido la documentaci\u00f3n. Como me figuraba no la llevaban en regla, neg\u00e1ndose a pagar el pase por pescar en el acotado. Como consecuencia les invito a abandonar el acotado. Haciendo caso omiso de mis instrucciones, lo que conllev\u00f3 la siguiente aviso a la Guardia Civil con su correspondiente denuncia. Sin desviar nuestra atenci\u00f3n de la jornada de pesca, quiero comentar que por favor se cumplan las normativas del acotado.<\/p>\n<p>Siguiendo con la pesca, uno de esos buenos basses que vimos por la orilla me dio la idea de que quer\u00edan cosas lentas y finas. Pues nada, un <em>drop-shot<\/em> con una lombriz Zipper de 3 pulgadas que es lo adecuado para esas situaciones. Ese bass cogi\u00f3 el enga\u00f1o y subi\u00f3 de nuevo a la barca para ser fotografiado, y volver en perfectas condiciones al agua.<\/p>\n<p><a href=\"http:\/\/www.valenciabass.com\/wp-content\/uploads\/cortes-21-junio-14.640x480.jpg\"><img loading=\"lazy\" decoding=\"async\" src=\"http:\/\/www.valenciabass.com\/wp-content\/uploads\/cortes-21-junio-14.640x480.jpg\" alt=\"cortes 21 junio 14.640x480\" width=\"640\" height=\"480\" class=\"aligncenter size-full wp-image-6012\" srcset=\"https:\/\/www.valenciabass.com\/wp-content\/uploads\/cortes-21-junio-14.640x480.jpg 640w, https:\/\/www.valenciabass.com\/wp-content\/uploads\/cortes-21-junio-14.640x480-300x225.jpg 300w, https:\/\/www.valenciabass.com\/wp-content\/uploads\/cortes-21-junio-14.640x480-250x187.jpg 250w\" sizes=\"auto, (max-width: 640px) 100vw, 640px\" \/><\/a><\/p>\n<p>En esa misma zona continuamos lanzando algo m\u00e1s r\u00e1pido por la orilla. A lo que V\u00edctor en un perfecto lance con su Flat CB DR 12, \u00a1plass!, un buen delgado bass de 1.9kg estaba al otro lado del hilo y de nuevo arriba a ser fotografiado.<\/p>\n<p><a href=\"http:\/\/www.valenciabass.com\/wp-content\/uploads\/cortes-21-junio-14-4.640x480.jpg\"><img loading=\"lazy\" decoding=\"async\" src=\"http:\/\/www.valenciabass.com\/wp-content\/uploads\/cortes-21-junio-14-4.640x480.jpg\" alt=\"cortes 21 junio 14 (4).640x480\" width=\"640\" height=\"480\" class=\"aligncenter size-full wp-image-6014\" srcset=\"https:\/\/www.valenciabass.com\/wp-content\/uploads\/cortes-21-junio-14-4.640x480.jpg 640w, https:\/\/www.valenciabass.com\/wp-content\/uploads\/cortes-21-junio-14-4.640x480-300x225.jpg 300w, https:\/\/www.valenciabass.com\/wp-content\/uploads\/cortes-21-junio-14-4.640x480-250x187.jpg 250w\" sizes=\"auto, (max-width: 640px) 100vw, 640px\" \/><\/a><\/p>\n<p>Tras este nuevo pez se hizo hora de almorzar a la sombra. As\u00ed que nos dirigimos al t\u00edpico sitio de verano donde los miembros de \u00ab<em>La Familia<\/em>\u00bb nos juntamos a las 10:00. Tiempo de un descansito y saborear la buena tortilla de patatas y pollo en salsa cocinado por la madre de V\u00edctor. Como siempre dice el gran Jorge Civera: <em>Como una madre, no nos cuida nadie<\/em>.<\/p>\n<p><a href=\"http:\/\/www.valenciabass.com\/wp-content\/uploads\/cortes-21-6-14.640x480.jpg\"><img loading=\"lazy\" decoding=\"async\" src=\"http:\/\/www.valenciabass.com\/wp-content\/uploads\/cortes-21-6-14.640x480.jpg\" alt=\"cortes 21-6-14.640x480\" width=\"640\" height=\"480\" class=\"aligncenter size-full wp-image-6015\" srcset=\"https:\/\/www.valenciabass.com\/wp-content\/uploads\/cortes-21-6-14.640x480.jpg 640w, https:\/\/www.valenciabass.com\/wp-content\/uploads\/cortes-21-6-14.640x480-300x225.jpg 300w, https:\/\/www.valenciabass.com\/wp-content\/uploads\/cortes-21-6-14.640x480-250x187.jpg 250w\" sizes=\"auto, (max-width: 640px) 100vw, 640px\" \/><\/a><\/p>\n<p>Tras el almuerzo cambiamos de sitio, nos pusimos a pescar con ikas y senkos a la ca\u00edda y sacamos varios entre peque\u00f1os y de talla justita. El sol empezaba a calentar a lo bestia y los peces dejaron de picar. Es m\u00e1s, hubo un momento que no picaban ni los peque\u00f1os, ni <em>finesse<\/em>, ni sin <em>finesse<\/em>. <\/p>\n<p>As\u00ed es que abrimos la nevera y nos arreamos un par de shandys frescas a ver si sale alguno, pero nada. As\u00ed que a las 13:45 nos fuimos para el Ral. All\u00ed estaban mi amigo David Baides y Fran Valera esperando a Sergio de Cenizate para comer todos juntos a la sombra tranquilamente.<\/p>\n<p>La comida se alarg\u00f3 mas de lo esperado con la correspondiente tertulia de sobremesa con unos Gin tonics adecuados para la \u00e9poca. Nos pegamos un buen descanso esperando al vicepresidente del club, el se\u00f1or Berni Zarate, nuevo empresario del sector de las spinners y jigs, que sin duda ser\u00e1n de una excelente calidad y un trato especial a todos. \u00a1Mucha suerte!<\/p>\n<p>Tras descansar un rato salimos a pescar otro rato m\u00e1s, pero no pod\u00edamos alargarlo demasiado, ya que a las 19:00 deb\u00eda estar en mi pueblo para asistir a una reuni\u00f3n para reabrir el Coto La Terrera.<\/p>\n<p>Pescamos durante casi 2 horas m\u00e1s sin picada, y cansados ya de no obtener respuesta, decidimos partir hacia Cofrentes para recoger trastos. Con esto pusimos fin a un dia de pesca m\u00e1s, un dia en el que, l\u00f3gicamente, los basses se encuentran en el periodo transitorio de post-freza a patr\u00f3n de verano buscando nuevos sitios del embalse y con la temperatura del embalse subiendo. Con tanta luminosidad, los peces se encuentran bastante tiempo inactivos, pero, como no, el que la sigue, la consigue. Y es que qued\u00e1ndote en el sof\u00e1 de casa, no se sacan basses, \u00bfverdad?<\/p>\n<p>\u00a1Un saludo a toda la familia VBC y buena pesca!<\/p>\n","protected":false},"excerpt":{"rendered":"<p>Tras la veda de Cortes y haber pensado en ir algunas veces a Contreras, lleg\u00f3 el d\u00eda de quedar a pescar juntos en mi \u00abex\u00bb barca con su nuevo due\u00f1o y socio de nuestro gran club, V\u00edctor Cuevas Llamas. Tras <span class=\"excerpt-dots\">&hellip;<\/span> <a class=\"more-link\" href=\"https:\/\/www.valenciabass.com\/?p=6019\"><span class=\"more-msg\">Sigue leyendo &rarr;<\/span><\/a><\/p>\n","protected":false},"author":5,"featured_media":6020,"comment_status":"closed","ping_status":"closed","sticky":false,"template":"","format":"standard","meta":{"_monsterinsights_skip_tracking":false,"_monsterinsights_sitenote_active":false,"_monsterinsights_sitenote_note":"","_monsterinsights_sitenote_category":0,"ngg_post_thumbnail":0,"footnotes":""},"categories":[36,26,35,6],"tags":[],"class_list":["post-6019","post","type-post","status-publish","format-standard","has-post-thumbnail","hentry","category-cortes","category-cronicas","category-escenario","category-salidas"],"_links":{"self":[{"href":"https:\/\/www.valenciabass.com\/index.php?rest_route=\/wp\/v2\/posts\/6019","targetHints":{"allow":["GET"]}}],"collection":[{"href":"https:\/\/www.valenciabass.com\/index.php?rest_route=\/wp\/v2\/posts"}],"about":[{"href":"https:\/\/www.valenciabass.com\/index.php?rest_route=\/wp\/v2\/types\/post"}],"author":[{"embeddable":true,"href":"https:\/\/www.valenciabass.com\/index.php?rest_route=\/wp\/v2\/users\/5"}],"replies":[{"embeddable":true,"href":"https:\/\/www.valenciabass.com\/index.php?rest_route=%2Fwp%2Fv2%2Fcomments&post=6019"}],"version-history":[{"count":4,"href":"https:\/\/www.valenciabass.com\/index.php?rest_route=\/wp\/v2\/posts\/6019\/revisions"}],"predecessor-version":[{"id":6086,"href":"https:\/\/www.valenciabass.com\/index.php?rest_route=\/wp\/v2\/posts\/6019\/revisions\/6086"}],"wp:featuredmedia":[{"embeddable":true,"href":"https:\/\/www.valenciabass.com\/index.php?rest_route=\/wp\/v2\/media\/6020"}],"wp:attachment":[{"href":"https:\/\/www.valenciabass.com\/index.php?rest_route=%2Fwp%2Fv2%2Fmedia&parent=6019"}],"wp:term":[{"taxonomy":"category","embeddable":true,"href":"https:\/\/www.valenciabass.com\/index.php?rest_route=%2Fwp%2Fv2%2Fcategories&post=6019"},{"taxonomy":"post_tag","embeddable":true,"href":"https:\/\/www.valenciabass.com\/index.php?rest_route=%2Fwp%2Fv2%2Ftags&post=6019"}],"curies":[{"name":"wp","href":"https:\/\/api.w.org\/{rel}","templated":true}]}}