{"id":5999,"date":"2014-06-27T10:33:03","date_gmt":"2014-06-27T08:33:03","guid":{"rendered":"http:\/\/www.valenciabass.com\/?p=5999"},"modified":"2014-06-27T10:33:04","modified_gmt":"2014-06-27T08:33:04","slug":"viii-abierto-villa-de-algar","status":"publish","type":"post","link":"https:\/\/www.valenciabass.com\/?p=5999","title":{"rendered":"VIII Abierto Villa de Algar"},"content":{"rendered":"<p>Os informamos de que Jos\u00e9 Enrique Such Lloret, Presidente del Club de Pesca Deportiva \u00abMajaceite\u00bb de la localidad de Algar (C\u00e1diz), nos ha hecho llegar la convocatoria del VIII Abierto \u00abVilla de Algar\u00bb de Pesca de Black Bass desde Orilla.<\/p>\n<p>Este Abierto se celebrar\u00e1 el domingo 27 de julio en el embalse de Guadalcac\u00edn &#8211; Puente Picao (C\u00e1diz). Es un evento en donde poder disfrutar de la pesca en un ambiente natural, sano y distendido.<\/p>\n<p>El plazo de inscripci\u00f3n est\u00e1 abierto hasta el 24 de julio.<\/p>\n<p><a href=\"http:\/\/www.valenciabass.com\/wp-content\/uploads\/Cartel_VIII_Abierto.jpg\"><img loading=\"lazy\" decoding=\"async\" src=\"http:\/\/www.valenciabass.com\/wp-content\/uploads\/Cartel_VIII_Abierto-724x1024.jpg\" alt=\"Cartel_VIII_Abierto\" width=\"640\" height=\"905\" class=\"aligncenter size-large wp-image-6001\" srcset=\"https:\/\/www.valenciabass.com\/wp-content\/uploads\/Cartel_VIII_Abierto-724x1024.jpg 724w, https:\/\/www.valenciabass.com\/wp-content\/uploads\/Cartel_VIII_Abierto-212x300.jpg 212w, https:\/\/www.valenciabass.com\/wp-content\/uploads\/Cartel_VIII_Abierto-250x353.jpg 250w, https:\/\/www.valenciabass.com\/wp-content\/uploads\/Cartel_VIII_Abierto.jpg 905w\" sizes=\"auto, (max-width: 640px) 100vw, 640px\" \/><\/a><\/p>\n<p>Para m\u00e1s informaci\u00f3n, pod\u00e9is consultar la <a href=\"http:\/\/clubpescamajaceite.webnode.es\" title=\"Club de Pesca Majaceite\" target=\"_blank\">p\u00e1gina web del Club de Pesca Majaceite<\/a>.<\/p>\n","protected":false},"excerpt":{"rendered":"<p>Os informamos de que Jos\u00e9 Enrique Such Lloret, Presidente del Club de Pesca Deportiva \u00abMajaceite\u00bb de la localidad de Algar (C\u00e1diz), nos ha hecho llegar la convocatoria del VIII Abierto \u00abVilla de Algar\u00bb de Pesca de Black Bass desde Orilla. <span class=\"excerpt-dots\">&hellip;<\/span> <a class=\"more-link\" href=\"https:\/\/www.valenciabass.com\/?p=5999\"><span class=\"more-msg\">Sigue leyendo &rarr;<\/span><\/a><\/p>\n","protected":false},"author":2,"featured_media":6001,"comment_status":"closed","ping_status":"closed","sticky":false,"template":"","format":"standard","meta":{"_monsterinsights_skip_tracking":false,"_monsterinsights_sitenote_active":false,"_monsterinsights_sitenote_note":"","_monsterinsights_sitenote_category":0,"ngg_post_thumbnail":0,"footnotes":""},"categories":[1,18],"tags":[],"class_list":["post-5999","post","type-post","status-publish","format-standard","has-post-thumbnail","hentry","category-noticias","category-noticias-general"],"_links":{"self":[{"href":"https:\/\/www.valenciabass.com\/index.php?rest_route=\/wp\/v2\/posts\/5999","targetHints":{"allow":["GET"]}}],"collection":[{"href":"https:\/\/www.valenciabass.com\/index.php?rest_route=\/wp\/v2\/posts"}],"about":[{"href":"https:\/\/www.valenciabass.com\/index.php?rest_route=\/wp\/v2\/types\/post"}],"author":[{"embeddable":true,"href":"https:\/\/www.valenciabass.com\/index.php?rest_route=\/wp\/v2\/users\/2"}],"replies":[{"embeddable":true,"href":"https:\/\/www.valenciabass.com\/index.php?rest_route=%2Fwp%2Fv2%2Fcomments&post=5999"}],"version-history":[{"count":2,"href":"https:\/\/www.valenciabass.com\/index.php?rest_route=\/wp\/v2\/posts\/5999\/revisions"}],"predecessor-version":[{"id":6002,"href":"https:\/\/www.valenciabass.com\/index.php?rest_route=\/wp\/v2\/posts\/5999\/revisions\/6002"}],"wp:featuredmedia":[{"embeddable":true,"href":"https:\/\/www.valenciabass.com\/index.php?rest_route=\/wp\/v2\/media\/6001"}],"wp:attachment":[{"href":"https:\/\/www.valenciabass.com\/index.php?rest_route=%2Fwp%2Fv2%2Fmedia&parent=5999"}],"wp:term":[{"taxonomy":"category","embeddable":true,"href":"https:\/\/www.valenciabass.com\/index.php?rest_route=%2Fwp%2Fv2%2Fcategories&post=5999"},{"taxonomy":"post_tag","embeddable":true,"href":"https:\/\/www.valenciabass.com\/index.php?rest_route=%2Fwp%2Fv2%2Ftags&post=5999"}],"curies":[{"name":"wp","href":"https:\/\/api.w.org\/{rel}","templated":true}]}}