{"id":5913,"date":"2014-06-18T01:10:17","date_gmt":"2014-06-17T23:10:17","guid":{"rendered":"http:\/\/www.valenciabass.com\/?p=5913"},"modified":"2014-06-18T01:10:17","modified_gmt":"2014-06-17T23:10:17","slug":"entrenando-con-dos-bassmasters","status":"publish","type":"post","link":"https:\/\/www.valenciabass.com\/?p=5913","title":{"rendered":"Entrenando con dos bassmasters"},"content":{"rendered":"<p>Despu\u00e9s del XX aniversario volvimos a Contreras para seguir con los entrenamientos, o mejor dicho disfrutar de la pesca en un embalse que est\u00e1 resultado m\u00e1s productivo que, por ejemplo, Benag\u00e9ber.<\/p>\n<p>El primero de estos d\u00edas fu\u00ed con <em>The Guardian<\/em> que se encuentra en el dique seco a la espera de su nueva flamante embarcaci\u00f3n. As\u00ed que rescat\u00e1ndolo de un posible colapso emocional me lo llev\u00e9 de pesca tras tres semanas sin pescar.<\/p>\n<p>El d\u00eda estaba nublado y la tormenta que se atisbaba en el horizonte hizo reducir un posible set de 12 horas de 7 a.m. a 7 p.m. Sin embargo, con un embalse para nosotros solos, el d\u00eda se di\u00f3 mejor de lo esperado.<\/p>\n<p>Empezamos en la recula del camping con crankbait que nunca nos falla.<\/p>\n<p><a href=\"http:\/\/www.valenciabass.com\/wp-content\/uploads\/IMG-20140531-WA0006.640x480.jpg\"><img loading=\"lazy\" decoding=\"async\" src=\"http:\/\/www.valenciabass.com\/wp-content\/uploads\/IMG-20140531-WA0006.640x480.jpg\" alt=\"IMG-20140531-WA0006.640x480\" width=\"640\" height=\"480\" class=\"aligncenter size-full wp-image-5914\" srcset=\"https:\/\/www.valenciabass.com\/wp-content\/uploads\/IMG-20140531-WA0006.640x480.jpg 640w, https:\/\/www.valenciabass.com\/wp-content\/uploads\/IMG-20140531-WA0006.640x480-300x225.jpg 300w, https:\/\/www.valenciabass.com\/wp-content\/uploads\/IMG-20140531-WA0006.640x480-250x187.jpg 250w\" sizes=\"auto, (max-width: 640px) 100vw, 640px\" \/><\/a><\/p>\n<p>Luego nos fuimos hacia las r\u00e9culas de Fran en Contreras y de igual manera, el Sculpo no nos fall\u00f3.<\/p>\n<p><a href=\"http:\/\/www.valenciabass.com\/wp-content\/uploads\/IMG-20140531-WA0005.640x480.jpg\"><img loading=\"lazy\" decoding=\"async\" src=\"http:\/\/www.valenciabass.com\/wp-content\/uploads\/IMG-20140531-WA0005.640x480.jpg\" alt=\"IMG-20140531-WA0005.640x480\" width=\"640\" height=\"480\" class=\"aligncenter size-full wp-image-5915\" srcset=\"https:\/\/www.valenciabass.com\/wp-content\/uploads\/IMG-20140531-WA0005.640x480.jpg 640w, https:\/\/www.valenciabass.com\/wp-content\/uploads\/IMG-20140531-WA0005.640x480-300x225.jpg 300w, https:\/\/www.valenciabass.com\/wp-content\/uploads\/IMG-20140531-WA0005.640x480-250x187.jpg 250w\" sizes=\"auto, (max-width: 640px) 100vw, 640px\" \/><\/a><\/p>\n<p>Emilio, pescador de grandes lucios, libraba la funesta porra <em>in extremis<\/em>.<\/p>\n<p><a href=\"http:\/\/www.valenciabass.com\/wp-content\/uploads\/IMG-20140531-WA0004.480x320.jpg\"><img loading=\"lazy\" decoding=\"async\" src=\"http:\/\/www.valenciabass.com\/wp-content\/uploads\/IMG-20140531-WA0004.480x320.jpg\" alt=\"IMG-20140531-WA0004.480x320\" width=\"480\" height=\"640\" class=\"aligncenter size-full wp-image-5916\" srcset=\"https:\/\/www.valenciabass.com\/wp-content\/uploads\/IMG-20140531-WA0004.480x320.jpg 480w, https:\/\/www.valenciabass.com\/wp-content\/uploads\/IMG-20140531-WA0004.480x320-225x300.jpg 225w, https:\/\/www.valenciabass.com\/wp-content\/uploads\/IMG-20140531-WA0004.480x320-250x333.jpg 250w\" sizes=\"auto, (max-width: 480px) 100vw, 480px\" \/><\/a><\/p>\n<p>El siguiente d\u00eda tuve el placer de ir a pescar con el bassmaster de <em>El Pont\u00f3n<\/em> que por suerte conoc\u00ed en el <a href=\"http:\/\/www.valenciabass.com\/?p=5671\" title=\"XX aniversario (parte 2)\">XX aniversario<\/a>. As\u00ed que tras recoger a Alvaro a las 7 a.m. nos dirigimos a Contreras.<\/p>\n<p>Como era de esperar mi compa\u00f1ero en esta ocasi\u00f3n no hab\u00eda pegado ojo con el nerviosismo de pescar desde embarcaci\u00f3n. No s\u00e9 porque, pero era una vivencia que me era bastante familiar.<\/p>\n<p>A las 7:30 ya est\u00e1bamos en la rampa. Tras nosotros llegaron los hermanos T\u00f3rtola, unos excelentes conocedores del embalse de Contreras. As\u00ed que entre saludar a unos y otros, a las 8:00 bot\u00e1bamos la embarcaci\u00f3n.<\/p>\n<p><a href=\"http:\/\/www.valenciabass.com\/wp-content\/uploads\/2014-06-07-08.00.41.640x480.jpg\"><img loading=\"lazy\" decoding=\"async\" src=\"http:\/\/www.valenciabass.com\/wp-content\/uploads\/2014-06-07-08.00.41.640x480.jpg\" alt=\"2014-06-07 08.00.41.640x480\" width=\"640\" height=\"480\" class=\"aligncenter size-full wp-image-5929\" srcset=\"https:\/\/www.valenciabass.com\/wp-content\/uploads\/2014-06-07-08.00.41.640x480.jpg 640w, https:\/\/www.valenciabass.com\/wp-content\/uploads\/2014-06-07-08.00.41.640x480-300x225.jpg 300w, https:\/\/www.valenciabass.com\/wp-content\/uploads\/2014-06-07-08.00.41.640x480-250x187.jpg 250w\" sizes=\"auto, (max-width: 640px) 100vw, 640px\" \/><\/a><\/p>\n<p>Remontamos las aguas de Contreras para parar en el margen derecho y empezar a batir orilla con crankbait. Mientras tanto aprovechaba para dar algunos humildes consejos a \u00c1lvaro sobre la pesca con crankbait: <\/p>\n<blockquote><p>\nEs muy importante que ajustes el enlace a la orilla y que en la medida de lo posible minimices el chapoteo del se\u00f1uelo al tocar el agua.\n<\/p><\/blockquote>\n<p>No hac\u00eda mucho viento, pero a\u00fan as\u00ed: <\/p>\n<blockquote><p>\n\u00c1lvaro, no realices el lance por arriba ya que el se\u00f1uelo describe una par\u00e1bola demasiado amplia y pierdes el control sobre donde va. Adem\u00e1s el se\u00f1uelo hace m\u00e1s ruido al caer al agua y el viento se lleva la l\u00ednea a los \u00e1rboles cercanos.\n<\/p><\/blockquote>\n<p>La tertulia fue animada hablando de pesca y de los personajes que la rodean. Sin darnos cuenta hab\u00edan pasado las primera horas sin picada. As\u00ed que cruzamos de orilla para buscar los hot-spots de Contreras.<\/p>\n<p>Empezamos a ver peces que dejaba en manos de \u00c1lvaro, pero no hab\u00eda suerte, o nos ve\u00edan y no quer\u00edan picar. Finalmente, \u00c1lvaro mont\u00f3 su jerkbait blando y lo hizo vibrar. A pez visto, lanza el jerkbait y se le engancha en una rama a ras de agua. Sin embargo, el bass sube zafa el se\u00f1uelo y \u00c1lvaro clava sac\u00e1ndoselo de la boca. \u00a1Qu\u00e9 mala suerte! <\/p>\n<p>Era mi turno con un se\u00f1uelo que \u00c1lvaro hab\u00eda desde\u00f1ado hasta el momento. Lance suave dejando caer el ika libre hasta el fondo con holgura (slack) en la l\u00ednea, pero con suficiente tensi\u00f3n como para notar la picada. Todo esto con narraci\u00f3n en voz alta para \u00c1lvaro de la t\u00e9cnica de la pesca con ika. El bass baja detr\u00e1s del se\u00f1uelo, as\u00ed que arrastro ligeramente el se\u00f1uelo por el fondo, lo cual precipita la picada. La cara de \u00c1lvaro era toda una sorpresa, algo as\u00ed como: \u00ab<em>Si los basses pican a los ikas<\/em>\u00bb \ud83d\ude42<\/p>\n<p><a href=\"http:\/\/www.valenciabass.com\/wp-content\/uploads\/2014-06-07-12.59.21.640x480.jpg\"><img loading=\"lazy\" decoding=\"async\" src=\"http:\/\/www.valenciabass.com\/wp-content\/uploads\/2014-06-07-12.59.21.640x480.jpg\" alt=\"2014-06-07 12.59.21.640x480\" width=\"640\" height=\"480\" class=\"aligncenter size-full wp-image-5930\" srcset=\"https:\/\/www.valenciabass.com\/wp-content\/uploads\/2014-06-07-12.59.21.640x480.jpg 640w, https:\/\/www.valenciabass.com\/wp-content\/uploads\/2014-06-07-12.59.21.640x480-300x225.jpg 300w, https:\/\/www.valenciabass.com\/wp-content\/uploads\/2014-06-07-12.59.21.640x480-250x187.jpg 250w\" sizes=\"auto, (max-width: 640px) 100vw, 640px\" \/><\/a><\/p>\n<p>Volvimos sobre nuestros pasos para que \u00c1lvaro intentara pescar a pez visto. Efectivamente, tuvo su oportunidad, dej\u00e1ndole mi ca\u00f1a montada con un ika. Lanza con suavidad, pero con excesiva holgura en la l\u00ednea lo cual no le permite notar la picada. Mi voz de alarma dispar\u00f3 la clavada de \u00c1lvaro: \u00ab\u00a1Que el bass se lleva el ika en la boca, clava, \u00c1lvaro!\u00bb. \u00c1lvaro ejecuta la clavada, pero con tan mala fortuna que le saca el ika de la boca.<\/p>\n<p>No hab\u00eda nada que hacer, as\u00ed que seguimos buscando otros peces. \u00c1lvaro sacar\u00eda algunos peces m\u00e1s con su crankbait, pero omitimos su fotograf\u00eda para no dar pistas a los contrincantes del pr\u00f3ximo concurso que estar\u00e1n leyendo esta cr\u00f3nica.<\/p>\n<p>Est\u00e1bamos a punto de irnos cuando ocurri\u00f3 lo inesperado. Una carpa descomunal zaf\u00f3 mi Sculpo y durante unos minutos estuvimos bailando a su son hasta que decidi\u00f3 que el baile hab\u00eda acabado penetrando en un arbusto hasta que la l\u00ednea parti\u00f3. \u00a1Qu\u00e9 rabia! Habr\u00eda sido la mayor carpa de mi vida. \u00c1lvaro estaba tan alucinado como yo.<\/p>\n<p>As\u00ed que con esta an\u00e9cdota dimos por terminada la jornada de pesca acompa\u00f1ado por el bassmaster de <em>El Pont\u00f3n<\/em>. \u00c1lvaro gui\u00f3 el barco con trayectoria sinuosa hasta la rampa de botadura, mientras \u00edbamos comentando los lances de la jornada.<\/p>\n<p><a href=\"http:\/\/www.valenciabass.com\/wp-content\/uploads\/2014-06-07-18.20.05.640x480.jpg\"><img loading=\"lazy\" decoding=\"async\" src=\"http:\/\/www.valenciabass.com\/wp-content\/uploads\/2014-06-07-18.20.05.640x480.jpg\" alt=\"2014-06-07 18.20.05.640x480\" width=\"640\" height=\"480\" class=\"aligncenter size-full wp-image-5931\" srcset=\"https:\/\/www.valenciabass.com\/wp-content\/uploads\/2014-06-07-18.20.05.640x480.jpg 640w, https:\/\/www.valenciabass.com\/wp-content\/uploads\/2014-06-07-18.20.05.640x480-300x225.jpg 300w, https:\/\/www.valenciabass.com\/wp-content\/uploads\/2014-06-07-18.20.05.640x480-250x187.jpg 250w\" sizes=\"auto, (max-width: 640px) 100vw, 640px\" \/><\/a><\/p>\n<p>Personalmente, como he dicho antes, fue un placer compartir una jornada de pesca con \u00c1lvaro y poder revivir aquellas sensaciones y recuerdos que uno sent\u00eda cuando iba de pesca con aquella ilusi\u00f3n de joven pescador que compensaba la falta de medios.<\/p>\n<p>PD: Acordaos que el pr\u00f3ximo s\u00e1bado 21 de junio de 10:00 a 21:00 tenemos una cita en la explanada del Nuevo Centro (Valencia) en la <a href=\"https:\/\/www.facebook.com\/events\/1495471277338821\" title=\"P\u00e1gina web de Facebook de la Feria de Pesca Deportiva y Turismo\" target=\"_blank\">Feria de la Pesca Deportiva y Turismo<\/a>. \u00a1Esperamos vuestra asistencia!<\/p>\n","protected":false},"excerpt":{"rendered":"<p>Despu\u00e9s del XX aniversario volvimos a Contreras para seguir con los entrenamientos, o mejor dicho disfrutar de la pesca en un embalse que est\u00e1 resultado m\u00e1s productivo que, por ejemplo, Benag\u00e9ber. El primero de estos d\u00edas fu\u00ed con The Guardian <span class=\"excerpt-dots\">&hellip;<\/span> <a class=\"more-link\" href=\"https:\/\/www.valenciabass.com\/?p=5913\"><span class=\"more-msg\">Sigue leyendo &rarr;<\/span><\/a><\/p>\n","protected":false},"author":2,"featured_media":5930,"comment_status":"closed","ping_status":"closed","sticky":false,"template":"","format":"standard","meta":{"_monsterinsights_skip_tracking":false,"_monsterinsights_sitenote_active":false,"_monsterinsights_sitenote_note":"","_monsterinsights_sitenote_category":0,"ngg_post_thumbnail":0,"footnotes":""},"categories":[37,26,35,6],"tags":[],"class_list":["post-5913","post","type-post","status-publish","format-standard","has-post-thumbnail","hentry","category-contreras","category-cronicas","category-escenario","category-salidas"],"_links":{"self":[{"href":"https:\/\/www.valenciabass.com\/index.php?rest_route=\/wp\/v2\/posts\/5913","targetHints":{"allow":["GET"]}}],"collection":[{"href":"https:\/\/www.valenciabass.com\/index.php?rest_route=\/wp\/v2\/posts"}],"about":[{"href":"https:\/\/www.valenciabass.com\/index.php?rest_route=\/wp\/v2\/types\/post"}],"author":[{"embeddable":true,"href":"https:\/\/www.valenciabass.com\/index.php?rest_route=\/wp\/v2\/users\/2"}],"replies":[{"embeddable":true,"href":"https:\/\/www.valenciabass.com\/index.php?rest_route=%2Fwp%2Fv2%2Fcomments&post=5913"}],"version-history":[{"count":4,"href":"https:\/\/www.valenciabass.com\/index.php?rest_route=\/wp\/v2\/posts\/5913\/revisions"}],"predecessor-version":[{"id":5934,"href":"https:\/\/www.valenciabass.com\/index.php?rest_route=\/wp\/v2\/posts\/5913\/revisions\/5934"}],"wp:featuredmedia":[{"embeddable":true,"href":"https:\/\/www.valenciabass.com\/index.php?rest_route=\/wp\/v2\/media\/5930"}],"wp:attachment":[{"href":"https:\/\/www.valenciabass.com\/index.php?rest_route=%2Fwp%2Fv2%2Fmedia&parent=5913"}],"wp:term":[{"taxonomy":"category","embeddable":true,"href":"https:\/\/www.valenciabass.com\/index.php?rest_route=%2Fwp%2Fv2%2Fcategories&post=5913"},{"taxonomy":"post_tag","embeddable":true,"href":"https:\/\/www.valenciabass.com\/index.php?rest_route=%2Fwp%2Fv2%2Ftags&post=5913"}],"curies":[{"name":"wp","href":"https:\/\/api.w.org\/{rel}","templated":true}]}}