{"id":5660,"date":"2014-05-29T00:40:33","date_gmt":"2014-05-28T22:40:33","guid":{"rendered":"http:\/\/www.valenciabass.com\/?p=5660"},"modified":"2014-06-11T23:34:28","modified_gmt":"2014-06-11T21:34:28","slug":"xx-aniversario-parte-1","status":"publish","type":"post","link":"https:\/\/www.valenciabass.com\/?p=5660","title":{"rendered":"XX Aniversario (parte 1)"},"content":{"rendered":"<p>Tras meses de preparativos y reuniones en la trastienda de los Revert (\u00a1gracias!), hab\u00eda llegado el fin de semana de la celebraci\u00f3n del XX aniversario de nuestro club, personalmente, el mejor club del mundo mundial \ud83d\ude1b<\/p>\n<p>Los participantes estaban convocados a ir llegando al embalse de Benag\u00e9ber cuando quisieran teniendo en cuenta que la comida era a las 15:00 y que lo que les esperaba era muy suculento.<\/p>\n<p><a href=\"http:\/\/www.valenciabass.com\/wp-content\/uploads\/IMG-20140528-WA0045.640x480.jpg\"><img loading=\"lazy\" decoding=\"async\" class=\"aligncenter size-full wp-image-5661\" src=\"http:\/\/www.valenciabass.com\/wp-content\/uploads\/IMG-20140528-WA0045.640x480.jpg\" alt=\"IMG-20140528-WA0045.640x480\" width=\"640\" height=\"480\" srcset=\"https:\/\/www.valenciabass.com\/wp-content\/uploads\/IMG-20140528-WA0045.640x480.jpg 640w, https:\/\/www.valenciabass.com\/wp-content\/uploads\/IMG-20140528-WA0045.640x480-300x225.jpg 300w, https:\/\/www.valenciabass.com\/wp-content\/uploads\/IMG-20140528-WA0045.640x480-250x187.jpg 250w\" sizes=\"auto, (max-width: 640px) 100vw, 640px\" \/><\/a><\/p>\n<p>Por mi parte hab\u00eda quedado con nuestro invitado de lujo, Jes\u00fas Exp\u00f3sito, presidente de la AEBass, que hab\u00eda tenido la deferencia para con nuestro club de compartir con nosotros nuestro aniversario.<\/p>\n<p>Para cuando llegamos a pie de embalse, ya ten\u00edamos all\u00ed a los m\u00e1s madrugadores, Javi Mateo, rebautizado por Paco Revert como <em>Benag\u00e9ber Man<\/em>, en compa\u00f1\u00eda del Guardia Civil m\u00e1s intr\u00e9pido y camale\u00f3nico, as\u00ed como los Franco Bros. que como sab\u00e9is, en Benag\u00e9ber juegan en casa. Al momento lleg\u00f3 Fernando el socio m\u00e1s lindo del club junto con Chimo que disfruta de la doble nacionalidad Valencia-Utiel.<\/p>\n<p>Cuando nos alejamos en busca de los ca\u00f1ones la rampa se poblaba de coches con remolques, mientras en el lado opuesto dentro de los ca\u00f1ones ya pescaban las dos parejas mencionadas anteriormente.<\/p>\n<p>Tras los correspondientes saludos y transmitirnos Javi Mateo los conocimientos b\u00e1sicos para el \u00e9xito en esa jornada, seguimos nuestro camino. La ma\u00f1ana comenz\u00f3 bien y el primer bass sali\u00f3 de buena ma\u00f1ana con un jerkbait blando de Keitech ligeramente plomado cuando ya estaba posado en el fondo.<\/p>\n<p><a href=\"http:\/\/www.valenciabass.com\/wp-content\/uploads\/IMG-20140526-WA0012.480x320.jpg\"><img loading=\"lazy\" decoding=\"async\" class=\"aligncenter size-full wp-image-5664\" src=\"http:\/\/www.valenciabass.com\/wp-content\/uploads\/IMG-20140526-WA0012.480x320.jpg\" alt=\"IMG-20140526-WA0012.480x320\" width=\"480\" height=\"643\" srcset=\"https:\/\/www.valenciabass.com\/wp-content\/uploads\/IMG-20140526-WA0012.480x320.jpg 480w, https:\/\/www.valenciabass.com\/wp-content\/uploads\/IMG-20140526-WA0012.480x320-223x300.jpg 223w, https:\/\/www.valenciabass.com\/wp-content\/uploads\/IMG-20140526-WA0012.480x320-250x334.jpg 250w\" sizes=\"auto, (max-width: 480px) 100vw, 480px\" \/><\/a><\/p>\n<p>Por otra parte, los campistas, L\u00e1zaro y Lorenzo, que hab\u00edan pegado un madrug\u00f3n considerable recib\u00edan su recompensa con dos buenas capturas.<\/p>\n<p><a href=\"http:\/\/www.valenciabass.com\/wp-content\/uploads\/IMG-20140528-WA00167.640.jpg\"><img loading=\"lazy\" decoding=\"async\" class=\"aligncenter size-full wp-image-5666\" src=\"http:\/\/www.valenciabass.com\/wp-content\/uploads\/IMG-20140528-WA00167.640.jpg\" alt=\"IMG-20140528-WA00167.640\" width=\"640\" height=\"569\" srcset=\"https:\/\/www.valenciabass.com\/wp-content\/uploads\/IMG-20140528-WA00167.640.jpg 640w, https:\/\/www.valenciabass.com\/wp-content\/uploads\/IMG-20140528-WA00167.640-300x266.jpg 300w, https:\/\/www.valenciabass.com\/wp-content\/uploads\/IMG-20140528-WA00167.640-250x222.jpg 250w\" sizes=\"auto, (max-width: 640px) 100vw, 640px\" \/><\/a><\/p>\n<p>Javi y Jaime tampoco faltaban a la cita y con un motor el\u00e9ctrico popero todav\u00eda en fase de testeo sacaban a relucir su mejor arma que se personifica en un socio de nuestro club.<\/p>\n<p><a href=\"http:\/\/www.valenciabass.com\/wp-content\/uploads\/Javi.jpg\"><img loading=\"lazy\" decoding=\"async\" class=\"aligncenter size-full wp-image-5675\" src=\"http:\/\/www.valenciabass.com\/wp-content\/uploads\/Javi.jpg\" alt=\"Javi\" width=\"640\" height=\"427\" srcset=\"https:\/\/www.valenciabass.com\/wp-content\/uploads\/Javi.jpg 640w, https:\/\/www.valenciabass.com\/wp-content\/uploads\/Javi-300x200.jpg 300w, https:\/\/www.valenciabass.com\/wp-content\/uploads\/Javi-250x166.jpg 250w\" sizes=\"auto, (max-width: 640px) 100vw, 640px\" \/><\/a><\/p>\n<p>Desde la otra punta del embalse se pod\u00eda escuchar el m\u00edtico <em>\u00a1Oootrooo!<\/em> que tan nervioso te pone cuando llevas porra.<\/p>\n<p><a href=\"http:\/\/www.valenciabass.com\/wp-content\/uploads\/IMG-20140529-WA0008.640x480.jpg\"><img loading=\"lazy\" decoding=\"async\" class=\"aligncenter size-full wp-image-5676\" src=\"http:\/\/www.valenciabass.com\/wp-content\/uploads\/IMG-20140529-WA0008.640x480.jpg\" alt=\"IMG-20140529-WA0008.640x480\" width=\"640\" height=\"480\" srcset=\"https:\/\/www.valenciabass.com\/wp-content\/uploads\/IMG-20140529-WA0008.640x480.jpg 640w, https:\/\/www.valenciabass.com\/wp-content\/uploads\/IMG-20140529-WA0008.640x480-300x225.jpg 300w, https:\/\/www.valenciabass.com\/wp-content\/uploads\/IMG-20140529-WA0008.640x480-250x187.jpg 250w\" sizes=\"auto, (max-width: 640px) 100vw, 640px\" \/><\/a><\/p>\n<p>Mientras tanto nuestros ilustres Presidente y Vicepresidente junto al delegado de festejos preparaban los bocadillos de la comida.<\/p>\n<p><a href=\"http:\/\/www.valenciabass.com\/wp-content\/uploads\/IMG-20140528-WA0050.640x480.jpg\"><img loading=\"lazy\" decoding=\"async\" class=\"aligncenter size-full wp-image-5677\" src=\"http:\/\/www.valenciabass.com\/wp-content\/uploads\/IMG-20140528-WA0050.640x480.jpg\" alt=\"IMG-20140528-WA0050.640x480\" width=\"640\" height=\"480\" srcset=\"https:\/\/www.valenciabass.com\/wp-content\/uploads\/IMG-20140528-WA0050.640x480.jpg 640w, https:\/\/www.valenciabass.com\/wp-content\/uploads\/IMG-20140528-WA0050.640x480-300x225.jpg 300w, https:\/\/www.valenciabass.com\/wp-content\/uploads\/IMG-20140528-WA0050.640x480-250x187.jpg 250w\" sizes=\"auto, (max-width: 640px) 100vw, 640px\" \/><\/a><\/p>\n<p>Berni estaba entregado en la tarea de preparar bocadillos, y otros mientras tanto pescando (o intent\u00e1ndolo).<\/p>\n<p><a href=\"http:\/\/www.valenciabass.com\/wp-content\/uploads\/IMG-20140529-WA0010-e1401386435128.jpg\"><img loading=\"lazy\" decoding=\"async\" class=\"aligncenter size-full wp-image-5678\" src=\"http:\/\/www.valenciabass.com\/wp-content\/uploads\/IMG-20140529-WA0010-e1401386435128.jpg\" alt=\"IMG-20140529-WA0010\" width=\"640\" height=\"480\" \/><\/a><\/p>\n<p>Como la pesca era bastante escasa para la mayor\u00eda, fuimos dej\u00e1ndonos caer por los merenderos para preparar el aperitivo compuesto por unas <em>papetes<\/em>, cacaos y almendras, olivas rellenas, empanadas de tomate y morcilla de la mano del horno de Fede.<\/p>\n<p>Paco Revert aprovechaba la previa para darse un ba\u00f1o de multitudes con reencuentros memorables de socios fundadores del club.<\/p>\n<p><a href=\"http:\/\/www.valenciabass.com\/wp-content\/uploads\/IMG_2485.640x480.jpg\"><img loading=\"lazy\" decoding=\"async\" class=\"aligncenter size-full wp-image-5691\" src=\"http:\/\/www.valenciabass.com\/wp-content\/uploads\/IMG_2485.640x480.jpg\" alt=\"IMG_2485.640x480\" width=\"640\" height=\"480\" srcset=\"https:\/\/www.valenciabass.com\/wp-content\/uploads\/IMG_2485.640x480.jpg 640w, https:\/\/www.valenciabass.com\/wp-content\/uploads\/IMG_2485.640x480-300x225.jpg 300w, https:\/\/www.valenciabass.com\/wp-content\/uploads\/IMG_2485.640x480-250x187.jpg 250w\" sizes=\"auto, (max-width: 640px) 100vw, 640px\" \/><\/a><\/p>\n<p><a href=\"http:\/\/www.valenciabass.com\/wp-content\/uploads\/2014-05-24-15.44.43.640x480.jpg\"><img loading=\"lazy\" decoding=\"async\" class=\"aligncenter size-full wp-image-5697\" src=\"http:\/\/www.valenciabass.com\/wp-content\/uploads\/2014-05-24-15.44.43.640x480.jpg\" alt=\"2014-05-24 15.44.43.640x480\" width=\"640\" height=\"480\" srcset=\"https:\/\/www.valenciabass.com\/wp-content\/uploads\/2014-05-24-15.44.43.640x480.jpg 640w, https:\/\/www.valenciabass.com\/wp-content\/uploads\/2014-05-24-15.44.43.640x480-300x225.jpg 300w, https:\/\/www.valenciabass.com\/wp-content\/uploads\/2014-05-24-15.44.43.640x480-250x187.jpg 250w\" sizes=\"auto, (max-width: 640px) 100vw, 640px\" \/><\/a><\/p>\n<p>Antes de la comida el equipo Molix establec\u00eda contacto con las altas esferas del mundo del bass a nivel nacional. Por una parte, Jes\u00fas Exp\u00f3sito, presidente de la AEBass.<\/p>\n<p><a href=\"http:\/\/www.valenciabass.com\/wp-content\/uploads\/IMG-20140528-WA0055.640x480.jpg\"><img loading=\"lazy\" decoding=\"async\" class=\"aligncenter size-full wp-image-5681\" src=\"http:\/\/www.valenciabass.com\/wp-content\/uploads\/IMG-20140528-WA0055.640x480.jpg\" alt=\"IMG-20140528-WA0055.640x480\" width=\"640\" height=\"480\" srcset=\"https:\/\/www.valenciabass.com\/wp-content\/uploads\/IMG-20140528-WA0055.640x480.jpg 640w, https:\/\/www.valenciabass.com\/wp-content\/uploads\/IMG-20140528-WA0055.640x480-300x225.jpg 300w, https:\/\/www.valenciabass.com\/wp-content\/uploads\/IMG-20140528-WA0055.640x480-250x187.jpg 250w\" sizes=\"auto, (max-width: 640px) 100vw, 640px\" \/><\/a><\/p>\n<p>Por otra parte, Charlie, el tesorero del Valencia Bass Club antes de que un servidor se dejara enga\u00f1ar.<\/p>\n<p><a href=\"http:\/\/www.valenciabass.com\/wp-content\/uploads\/IMG-20140528-WA0056.640x480.jpg\"><img loading=\"lazy\" decoding=\"async\" class=\"aligncenter size-full wp-image-5682\" src=\"http:\/\/www.valenciabass.com\/wp-content\/uploads\/IMG-20140528-WA0056.640x480.jpg\" alt=\"IMG-20140528-WA0056.640x480\" width=\"640\" height=\"480\" srcset=\"https:\/\/www.valenciabass.com\/wp-content\/uploads\/IMG-20140528-WA0056.640x480.jpg 640w, https:\/\/www.valenciabass.com\/wp-content\/uploads\/IMG-20140528-WA0056.640x480-300x225.jpg 300w, https:\/\/www.valenciabass.com\/wp-content\/uploads\/IMG-20140528-WA0056.640x480-250x187.jpg 250w\" sizes=\"auto, (max-width: 640px) 100vw, 640px\" \/><\/a><\/p>\n<p>Antes de meternos en harina hay que agradecer a todos aquellos socios que colaboraron con el club en proporcionar el mejor \u00e1gape. JJ que regal\u00f3 casi 50 litros de cerveza y Juan Jos\u00e9 R\u00edos que trajo dos baskets de pav\u00edas de cosecha propia. Muchas gracias. El reconocimiento al chico m\u00e1s dulce del club lo dejamos para la segunda parte de la cr\u00f3nica.<\/p>\n<p><a href=\"http:\/\/www.valenciabass.com\/wp-content\/uploads\/IMG-20140528-WA0028.640x480.jpg\"><img loading=\"lazy\" decoding=\"async\" class=\"aligncenter size-full wp-image-5687\" src=\"http:\/\/www.valenciabass.com\/wp-content\/uploads\/IMG-20140528-WA0028.640x480.jpg\" alt=\"IMG-20140528-WA0028.640x480\" width=\"640\" height=\"480\" srcset=\"https:\/\/www.valenciabass.com\/wp-content\/uploads\/IMG-20140528-WA0028.640x480.jpg 640w, https:\/\/www.valenciabass.com\/wp-content\/uploads\/IMG-20140528-WA0028.640x480-300x225.jpg 300w, https:\/\/www.valenciabass.com\/wp-content\/uploads\/IMG-20140528-WA0028.640x480-250x187.jpg 250w\" sizes=\"auto, (max-width: 640px) 100vw, 640px\" \/><\/a><\/p>\n<p>Tambi\u00e9n nos acordamos de aquellos que por unos u otros motivos no pudieron asistir. Entre ellos Cisco, el gran ausente.<\/p>\n<p><a href=\"http:\/\/www.valenciabass.com\/wp-content\/uploads\/Cisco.jpg\"><img loading=\"lazy\" decoding=\"async\" class=\"aligncenter size-full wp-image-5684\" src=\"http:\/\/www.valenciabass.com\/wp-content\/uploads\/Cisco.jpg\" alt=\"Cisco\" width=\"600\" height=\"500\" srcset=\"https:\/\/www.valenciabass.com\/wp-content\/uploads\/Cisco.jpg 600w, https:\/\/www.valenciabass.com\/wp-content\/uploads\/Cisco-300x250.jpg 300w, https:\/\/www.valenciabass.com\/wp-content\/uploads\/Cisco-250x208.jpg 250w\" sizes=\"auto, (max-width: 600px) 100vw, 600px\" \/><\/a><\/p>\n<p>Cuando nos quisimos dar cuenta la comida de fratenidad del Valencia Bass Club estaba en plena ebullici\u00f3n. No hace falta m\u00e1s que dirigir la mirada hacia el grupo de ultras radicales que poblaban la siguiente mesa.<\/p>\n<p><a href=\"http:\/\/www.valenciabass.com\/wp-content\/uploads\/IMG-20140528-WA0031.640x480.jpg\"><img loading=\"lazy\" decoding=\"async\" class=\"aligncenter size-full wp-image-5686\" src=\"http:\/\/www.valenciabass.com\/wp-content\/uploads\/IMG-20140528-WA0031.640x480.jpg\" alt=\"IMG-20140528-WA0031.640x480\" width=\"640\" height=\"480\" srcset=\"https:\/\/www.valenciabass.com\/wp-content\/uploads\/IMG-20140528-WA0031.640x480.jpg 640w, https:\/\/www.valenciabass.com\/wp-content\/uploads\/IMG-20140528-WA0031.640x480-300x225.jpg 300w, https:\/\/www.valenciabass.com\/wp-content\/uploads\/IMG-20140528-WA0031.640x480-250x187.jpg 250w\" sizes=\"auto, (max-width: 640px) 100vw, 640px\" \/><\/a><\/p>\n<p>Algunos m\u00e1s recatados guardaban las formas y manten\u00edan una conversaci\u00f3n m\u00e1s normal (no c\u00edclica).<\/p>\n<p><a href=\"http:\/\/www.valenciabass.com\/wp-content\/uploads\/IMG-20140528-WA0027.640x480.jpg\"><img loading=\"lazy\" decoding=\"async\" class=\"aligncenter size-full wp-image-5688\" src=\"http:\/\/www.valenciabass.com\/wp-content\/uploads\/IMG-20140528-WA0027.640x480.jpg\" alt=\"IMG-20140528-WA0027.640x480\" width=\"640\" height=\"480\" srcset=\"https:\/\/www.valenciabass.com\/wp-content\/uploads\/IMG-20140528-WA0027.640x480.jpg 640w, https:\/\/www.valenciabass.com\/wp-content\/uploads\/IMG-20140528-WA0027.640x480-300x225.jpg 300w, https:\/\/www.valenciabass.com\/wp-content\/uploads\/IMG-20140528-WA0027.640x480-250x187.jpg 250w\" sizes=\"auto, (max-width: 640px) 100vw, 640px\" \/><\/a><\/p>\n<p>Sin duda, los m\u00e1s modositos del club con sus sendos bocadilletes en mano, como si se los hubiera hecho sus respectivas madres esa misma ma\u00f1ana, Javi el Secre y Miguel el Presi.<\/p>\n<p><a href=\"http:\/\/www.valenciabass.com\/wp-content\/uploads\/IMG-20140528-WA0025.640x480.jpg\"><img loading=\"lazy\" decoding=\"async\" class=\"aligncenter size-full wp-image-5689\" src=\"http:\/\/www.valenciabass.com\/wp-content\/uploads\/IMG-20140528-WA0025.640x480.jpg\" alt=\"IMG-20140528-WA0025.640x480\" width=\"640\" height=\"480\" srcset=\"https:\/\/www.valenciabass.com\/wp-content\/uploads\/IMG-20140528-WA0025.640x480.jpg 640w, https:\/\/www.valenciabass.com\/wp-content\/uploads\/IMG-20140528-WA0025.640x480-300x225.jpg 300w, https:\/\/www.valenciabass.com\/wp-content\/uploads\/IMG-20140528-WA0025.640x480-250x187.jpg 250w\" sizes=\"auto, (max-width: 640px) 100vw, 640px\" \/><\/a><\/p>\n<p>Llegado este momento hab\u00edamos tomado el merendero.<\/p>\n<p><a href=\"http:\/\/www.valenciabass.com\/wp-content\/uploads\/IMG_2480.640x480.jpg\"><img loading=\"lazy\" decoding=\"async\" class=\"aligncenter size-full wp-image-5690\" src=\"http:\/\/www.valenciabass.com\/wp-content\/uploads\/IMG_2480.640x480.jpg\" alt=\"IMG_2480.640x480\" width=\"640\" height=\"480\" srcset=\"https:\/\/www.valenciabass.com\/wp-content\/uploads\/IMG_2480.640x480.jpg 640w, https:\/\/www.valenciabass.com\/wp-content\/uploads\/IMG_2480.640x480-300x225.jpg 300w, https:\/\/www.valenciabass.com\/wp-content\/uploads\/IMG_2480.640x480-250x187.jpg 250w\" sizes=\"auto, (max-width: 640px) 100vw, 640px\" \/><\/a><\/p>\n<p>Menos mal pues la lluvia hizo acto de presencia y de que manera.<\/p>\n<p><a href=\"http:\/\/www.valenciabass.com\/wp-content\/uploads\/2014-05-24-16.32.31.640x480.jpg\"><img loading=\"lazy\" decoding=\"async\" class=\"aligncenter size-full wp-image-5699\" src=\"http:\/\/www.valenciabass.com\/wp-content\/uploads\/2014-05-24-16.32.31.640x480.jpg\" alt=\"2014-05-24 16.32.31.640x480\" width=\"640\" height=\"480\" srcset=\"https:\/\/www.valenciabass.com\/wp-content\/uploads\/2014-05-24-16.32.31.640x480.jpg 640w, https:\/\/www.valenciabass.com\/wp-content\/uploads\/2014-05-24-16.32.31.640x480-300x225.jpg 300w, https:\/\/www.valenciabass.com\/wp-content\/uploads\/2014-05-24-16.32.31.640x480-250x187.jpg 250w\" sizes=\"auto, (max-width: 640px) 100vw, 640px\" \/><\/a>Mozos y mozuelos viendo como llov\u00eda.<\/p>\n<p><a href=\"http:\/\/www.valenciabass.com\/wp-content\/uploads\/2014-05-24-16.32.51.640x480.jpg\"><img loading=\"lazy\" decoding=\"async\" class=\"aligncenter size-full wp-image-5700\" src=\"http:\/\/www.valenciabass.com\/wp-content\/uploads\/2014-05-24-16.32.51.640x480.jpg\" alt=\"2014-05-24 16.32.51.640x480\" width=\"640\" height=\"480\" srcset=\"https:\/\/www.valenciabass.com\/wp-content\/uploads\/2014-05-24-16.32.51.640x480.jpg 640w, https:\/\/www.valenciabass.com\/wp-content\/uploads\/2014-05-24-16.32.51.640x480-300x225.jpg 300w, https:\/\/www.valenciabass.com\/wp-content\/uploads\/2014-05-24-16.32.51.640x480-250x187.jpg 250w\" sizes=\"auto, (max-width: 640px) 100vw, 640px\" \/><\/a><\/p>\n<p>El puente de la presa de Benag\u00e9ber se convertir\u00eda en una piscina con los 30 litros por metro cuadrado que cayeron.<\/p>\n<p><a href=\"http:\/\/www.valenciabass.com\/wp-content\/uploads\/IMG-20140528-WA0047.480x320.jpg\"><img loading=\"lazy\" decoding=\"async\" class=\"aligncenter size-full wp-image-5685\" src=\"http:\/\/www.valenciabass.com\/wp-content\/uploads\/IMG-20140528-WA0047.480x320.jpg\" alt=\"IMG-20140528-WA0047.480x320\" width=\"480\" height=\"640\" srcset=\"https:\/\/www.valenciabass.com\/wp-content\/uploads\/IMG-20140528-WA0047.480x320.jpg 480w, https:\/\/www.valenciabass.com\/wp-content\/uploads\/IMG-20140528-WA0047.480x320-225x300.jpg 225w, https:\/\/www.valenciabass.com\/wp-content\/uploads\/IMG-20140528-WA0047.480x320-250x333.jpg 250w\" sizes=\"auto, (max-width: 480px) 100vw, 480px\" \/><\/a><\/p>\n<p>Hagamos ahora como en las bodas y vayamos pasando por las mesas de nuestros ilustres asistentes. Manchegos y murcianos compart\u00edan mesa como buenos hermanos.<\/p>\n<p><a href=\"http:\/\/www.valenciabass.com\/wp-content\/uploads\/2014-05-24-15.17.52.640x480.jpg\"><img loading=\"lazy\" decoding=\"async\" class=\"aligncenter size-full wp-image-5693\" src=\"http:\/\/www.valenciabass.com\/wp-content\/uploads\/2014-05-24-15.17.52.640x480.jpg\" alt=\"2014-05-24 15.17.52.640x480\" width=\"640\" height=\"480\" srcset=\"https:\/\/www.valenciabass.com\/wp-content\/uploads\/2014-05-24-15.17.52.640x480.jpg 640w, https:\/\/www.valenciabass.com\/wp-content\/uploads\/2014-05-24-15.17.52.640x480-300x225.jpg 300w, https:\/\/www.valenciabass.com\/wp-content\/uploads\/2014-05-24-15.17.52.640x480-250x187.jpg 250w\" sizes=\"auto, (max-width: 640px) 100vw, 640px\" \/><\/a><\/p>\n<p>Jes\u00fas \u00c1vila, ex-secretario de nuestro club, acompa\u00f1ado de su sobrino Fernando y amigos Jaime &amp; C\u00eda.<\/p>\n<p><a href=\"http:\/\/www.valenciabass.com\/wp-content\/uploads\/2014-05-24-15.18.03.640x480.jpg\"><img loading=\"lazy\" decoding=\"async\" class=\"aligncenter size-full wp-image-5694\" src=\"http:\/\/www.valenciabass.com\/wp-content\/uploads\/2014-05-24-15.18.03.640x480.jpg\" alt=\"2014-05-24 15.18.03.640x480\" width=\"640\" height=\"480\" srcset=\"https:\/\/www.valenciabass.com\/wp-content\/uploads\/2014-05-24-15.18.03.640x480.jpg 640w, https:\/\/www.valenciabass.com\/wp-content\/uploads\/2014-05-24-15.18.03.640x480-300x225.jpg 300w, https:\/\/www.valenciabass.com\/wp-content\/uploads\/2014-05-24-15.18.03.640x480-250x187.jpg 250w\" sizes=\"auto, (max-width: 640px) 100vw, 640px\" \/><\/a><\/p>\n<p>Los viejos rockeros en compa\u00f1\u00eda de Jes\u00fas Exp\u00f3sito debatiendo sobre la dichosa Orden de Vedas, entre otras cosas.<\/p>\n<p><a href=\"http:\/\/www.valenciabass.com\/wp-content\/uploads\/2014-05-24-15.18.35.640x480.jpg\"><img loading=\"lazy\" decoding=\"async\" class=\"aligncenter size-full wp-image-5695\" src=\"http:\/\/www.valenciabass.com\/wp-content\/uploads\/2014-05-24-15.18.35.640x480.jpg\" alt=\"2014-05-24 15.18.35.640x480\" width=\"640\" height=\"480\" srcset=\"https:\/\/www.valenciabass.com\/wp-content\/uploads\/2014-05-24-15.18.35.640x480.jpg 640w, https:\/\/www.valenciabass.com\/wp-content\/uploads\/2014-05-24-15.18.35.640x480-300x225.jpg 300w, https:\/\/www.valenciabass.com\/wp-content\/uploads\/2014-05-24-15.18.35.640x480-250x187.jpg 250w\" sizes=\"auto, (max-width: 640px) 100vw, 640px\" \/><\/a><\/p>\n<p>Ascendentes de la Meseta y lugares mucho m\u00e1s lejanos pero cercanos ling\u00fc\u00edsticamente hablando.<\/p>\n<p><a href=\"http:\/\/www.valenciabass.com\/wp-content\/uploads\/2014-05-24-15.18.50.640x480.jpg\"><img loading=\"lazy\" decoding=\"async\" class=\"aligncenter size-full wp-image-5696\" src=\"http:\/\/www.valenciabass.com\/wp-content\/uploads\/2014-05-24-15.18.50.640x480.jpg\" alt=\"2014-05-24 15.18.50.640x480\" width=\"640\" height=\"480\" srcset=\"https:\/\/www.valenciabass.com\/wp-content\/uploads\/2014-05-24-15.18.50.640x480.jpg 640w, https:\/\/www.valenciabass.com\/wp-content\/uploads\/2014-05-24-15.18.50.640x480-300x225.jpg 300w, https:\/\/www.valenciabass.com\/wp-content\/uploads\/2014-05-24-15.18.50.640x480-250x187.jpg 250w\" sizes=\"auto, (max-width: 640px) 100vw, 640px\" \/><\/a><\/p>\n<p>Tras mucho manducar y beborrear lleg\u00f3 el momento del postre. Cristian cuchillo en mano serv\u00eda sand\u00eda a diestro y siniestro.<\/p>\n<p><a href=\"http:\/\/www.valenciabass.com\/wp-content\/uploads\/IMG-20140528-WA0057.640x480.jpg\"><img loading=\"lazy\" decoding=\"async\" class=\"aligncenter size-full wp-image-5683\" src=\"http:\/\/www.valenciabass.com\/wp-content\/uploads\/IMG-20140528-WA0057.640x480.jpg\" alt=\"IMG-20140528-WA0057.640x480\" width=\"640\" height=\"480\" srcset=\"https:\/\/www.valenciabass.com\/wp-content\/uploads\/IMG-20140528-WA0057.640x480.jpg 640w, https:\/\/www.valenciabass.com\/wp-content\/uploads\/IMG-20140528-WA0057.640x480-300x225.jpg 300w, https:\/\/www.valenciabass.com\/wp-content\/uploads\/IMG-20140528-WA0057.640x480-250x187.jpg 250w\" sizes=\"auto, (max-width: 640px) 100vw, 640px\" \/><\/a><\/p>\n<p>Jes\u00fas Exp\u00f3sito disfrutaba de la sabrosa sand\u00eda de la zona de Cullera sin perder capacidad locuaz.<\/p>\n<p><a href=\"http:\/\/www.valenciabass.com\/wp-content\/uploads\/2014-05-24-15.44.59.640x480.jpg\"><img loading=\"lazy\" decoding=\"async\" class=\"aligncenter size-full wp-image-5698\" src=\"http:\/\/www.valenciabass.com\/wp-content\/uploads\/2014-05-24-15.44.59.640x480.jpg\" alt=\"2014-05-24 15.44.59.640x480\" width=\"640\" height=\"480\" srcset=\"https:\/\/www.valenciabass.com\/wp-content\/uploads\/2014-05-24-15.44.59.640x480.jpg 640w, https:\/\/www.valenciabass.com\/wp-content\/uploads\/2014-05-24-15.44.59.640x480-300x225.jpg 300w, https:\/\/www.valenciabass.com\/wp-content\/uploads\/2014-05-24-15.44.59.640x480-250x187.jpg 250w\" sizes=\"auto, (max-width: 640px) 100vw, 640px\" \/><\/a><\/p>\n<p>La mejor forma de haceros llegar las sensaciones que se vivieron durante la comida son con este v\u00eddeo que grab\u00f3 Paco Arroyo.<\/p>\n<p><iframe loading=\"lazy\" src=\"\/\/www.youtube.com\/embed\/HR2YlzP7CLs?rel=0\" width=\"640\" height=\"360\" frameborder=\"0\" allowfullscreen=\"allowfullscreen\"><\/iframe><\/p>\n<p>Como colof\u00f3n a esta comida, lleg\u00f3 el turno de los Gin Tonics. Nacho organizaba la cola de sedientos pescadores que se form\u00f3 s\u00fabitamente.<\/p>\n<p><a href=\"http:\/\/www.valenciabass.com\/wp-content\/uploads\/IMG_2487.640x480.jpg\"><img loading=\"lazy\" decoding=\"async\" class=\"aligncenter size-full wp-image-5692\" src=\"http:\/\/www.valenciabass.com\/wp-content\/uploads\/IMG_2487.640x480.jpg\" alt=\"IMG_2487.640x480\" width=\"640\" height=\"480\" srcset=\"https:\/\/www.valenciabass.com\/wp-content\/uploads\/IMG_2487.640x480.jpg 640w, https:\/\/www.valenciabass.com\/wp-content\/uploads\/IMG_2487.640x480-300x225.jpg 300w, https:\/\/www.valenciabass.com\/wp-content\/uploads\/IMG_2487.640x480-250x187.jpg 250w\" sizes=\"auto, (max-width: 640px) 100vw, 640px\" \/><\/a><\/p>\n<p>Por \u00faltimo, entre Javi y Emilio me enga\u00f1aron para que sostuviera un Gin Tonic para la foto (\u00a1qu\u00e9 amargo est\u00e1!) \ud83d\ude1b <\/p>\n<p><a href=\"http:\/\/www.valenciabass.com\/wp-content\/uploads\/IMG-20140528-WA0058.640x480.jpg\"><img loading=\"lazy\" decoding=\"async\" class=\"aligncenter size-full wp-image-5680\" src=\"http:\/\/www.valenciabass.com\/wp-content\/uploads\/IMG-20140528-WA0058.640x480.jpg\" alt=\"IMG-20140528-WA0058.640x480\" width=\"640\" height=\"480\" srcset=\"https:\/\/www.valenciabass.com\/wp-content\/uploads\/IMG-20140528-WA0058.640x480.jpg 640w, https:\/\/www.valenciabass.com\/wp-content\/uploads\/IMG-20140528-WA0058.640x480-300x225.jpg 300w, https:\/\/www.valenciabass.com\/wp-content\/uploads\/IMG-20140528-WA0058.640x480-250x187.jpg 250w\" sizes=\"auto, (max-width: 640px) 100vw, 640px\" \/><\/a><\/p>\n<p>N\u00f3tese el individuo que se alza por detr\u00e1s de nosotros. Parece sacado del libro del <em>Se\u00f1or de los Anillos<\/em>. \u00a1Qu\u00e9 miedo!<\/p>\n<p>Con esto despedimos esta primera cr\u00f3nica del XX aniversario en un ambiente excelente y a la altura de las circunstancias, pero a\u00fan queda lo mejor&#8230;<\/p>\n","protected":false},"excerpt":{"rendered":"<p>Tras meses de preparativos y reuniones en la trastienda de los Revert (\u00a1gracias!), hab\u00eda llegado el fin de semana de la celebraci\u00f3n del XX aniversario de nuestro club, personalmente, el mejor club del mundo mundial \ud83d\ude1b Los participantes estaban convocados <span class=\"excerpt-dots\">&hellip;<\/span> <a class=\"more-link\" href=\"https:\/\/www.valenciabass.com\/?p=5660\"><span class=\"more-msg\">Sigue leyendo &rarr;<\/span><\/a><\/p>\n","protected":false},"author":2,"featured_media":5686,"comment_status":"closed","ping_status":"closed","sticky":false,"template":"","format":"standard","meta":{"_monsterinsights_skip_tracking":false,"_monsterinsights_sitenote_active":false,"_monsterinsights_sitenote_note":"","_monsterinsights_sitenote_category":0,"ngg_post_thumbnail":0,"footnotes":""},"categories":[38,5,26,35],"tags":[],"class_list":["post-5660","post","type-post","status-publish","format-standard","has-post-thumbnail","hentry","category-benageber","category-competiciones","category-cronicas","category-escenario"],"_links":{"self":[{"href":"https:\/\/www.valenciabass.com\/index.php?rest_route=\/wp\/v2\/posts\/5660","targetHints":{"allow":["GET"]}}],"collection":[{"href":"https:\/\/www.valenciabass.com\/index.php?rest_route=\/wp\/v2\/posts"}],"about":[{"href":"https:\/\/www.valenciabass.com\/index.php?rest_route=\/wp\/v2\/types\/post"}],"author":[{"embeddable":true,"href":"https:\/\/www.valenciabass.com\/index.php?rest_route=\/wp\/v2\/users\/2"}],"replies":[{"embeddable":true,"href":"https:\/\/www.valenciabass.com\/index.php?rest_route=%2Fwp%2Fv2%2Fcomments&post=5660"}],"version-history":[{"count":9,"href":"https:\/\/www.valenciabass.com\/index.php?rest_route=\/wp\/v2\/posts\/5660\/revisions"}],"predecessor-version":[{"id":5702,"href":"https:\/\/www.valenciabass.com\/index.php?rest_route=\/wp\/v2\/posts\/5660\/revisions\/5702"}],"wp:featuredmedia":[{"embeddable":true,"href":"https:\/\/www.valenciabass.com\/index.php?rest_route=\/wp\/v2\/media\/5686"}],"wp:attachment":[{"href":"https:\/\/www.valenciabass.com\/index.php?rest_route=%2Fwp%2Fv2%2Fmedia&parent=5660"}],"wp:term":[{"taxonomy":"category","embeddable":true,"href":"https:\/\/www.valenciabass.com\/index.php?rest_route=%2Fwp%2Fv2%2Fcategories&post=5660"},{"taxonomy":"post_tag","embeddable":true,"href":"https:\/\/www.valenciabass.com\/index.php?rest_route=%2Fwp%2Fv2%2Ftags&post=5660"}],"curies":[{"name":"wp","href":"https:\/\/api.w.org\/{rel}","templated":true}]}}