{"id":5590,"date":"2014-05-16T01:06:14","date_gmt":"2014-05-15T23:06:14","guid":{"rendered":"http:\/\/www.valenciabass.com\/?p=5590"},"modified":"2014-06-08T13:05:41","modified_gmt":"2014-06-08T11:05:41","slug":"cortes-en-cortes-no-hay-peces","status":"publish","type":"post","link":"https:\/\/www.valenciabass.com\/?p=5590","title":{"rendered":"\u00bfCortes?, en Cortes no hay peces"},"content":{"rendered":"<p>Inmersos en plena efervescencia bassera, en plena primavera con un tiempo estable, caluroso, y extremadamente seco para lo que deber\u00eda ser esta \u00e9poca del a\u00f1o, como no, los personajes que vivimos por y para el bass, no sabemos estarnos quietos en casa o dedicarnos a otra cosa.<\/p>\n<p>Llegamos a un extremo en el que pescar de 8:00 a 13:00 es malgastar el dinero en gasolina, ya que la amortizaci\u00f3n supone un set que tiene que ser de 12 horas m\u00ednimo. Estamos llegado a unos extremos&#8230;<\/p>\n<p>Dicho esto, llega el viernes tarde y con ello aspirar la barca, preparar ca\u00f1as, echar gasolina al motor, cargar bater\u00edas, y como tantas otras veces llamar por tel\u00e9fono a mi hermano, David Garc\u00eda Garc\u00eda, hijo pr\u00f3digo de nuestro club que vuelve a ser socio.<\/p>\n<p>El objetivo de esta salida era doble: echar un s\u00e1bado corto, hasta las 14:00 con David, y presentar mi barco a su nuevo due\u00f1o, V\u00edctor, socio tambi\u00e9n de nuestro club, y dar as\u00ed v\u00eda libre a mi nueva adquisici\u00f3n.<\/p>\n<p>A las 7:30 de la ma\u00f1ana est\u00e1bamos ya en la rampa de Cofrentes botando el barco bajo unas condiciones que no nos gustaron nada. Por un lado, el airazo que hac\u00eda, y por otro, el baj\u00f3n de nivel que peg\u00f3 el embalse que casi se queda el eje del remolque atrancado en el corte de la rampa de Cofrentes.<\/p>\n<p>Sin m\u00e1s y ya sobre el barco, mi hermano arranc\u00f3 el Mariner y me llevo al Prebet\u00f3n a empezar el d\u00eda. Yo hab\u00eda salido de fiesta la noche anterior y sorprendentemente no ten\u00eda ganas de pescar. Despu\u00e9s de cuatro lances me sent\u00e9 en la parte de atr\u00e1s a pasar la ma\u00f1ana. Antes de almorzar David sac\u00f3 un primer pez de m\u00e1s o menos 1.400kg.<\/p>\n<p><a href=\"http:\/\/www.valenciabass.com\/wp-content\/uploads\/CRONICA-1.640x480.jpg\"><img loading=\"lazy\" decoding=\"async\" class=\"aligncenter size-full wp-image-5594\" src=\"http:\/\/www.valenciabass.com\/wp-content\/uploads\/CRONICA-1.640x480.jpg\" alt=\"CRONICA 1.640x480\" width=\"640\" height=\"480\" srcset=\"https:\/\/www.valenciabass.com\/wp-content\/uploads\/CRONICA-1.640x480.jpg 640w, https:\/\/www.valenciabass.com\/wp-content\/uploads\/CRONICA-1.640x480-300x225.jpg 300w, https:\/\/www.valenciabass.com\/wp-content\/uploads\/CRONICA-1.640x480-250x187.jpg 250w\" sizes=\"auto, (max-width: 640px) 100vw, 640px\" \/><\/a><\/p>\n<p>Y con este pez, a almorza. Ya con el almuerzo empec\u00e9 a ponerme a tono y a calentar mu\u00f1eca. Acto seguido nos fuimos a otro lado del embalse que fue sin duda m\u00e1s productivo que el Prebet\u00f3n.<\/p>\n<p>Llegamos al sitio y ya s\u00f3lo quedaba una hora y media de pesca hasta las 13:00. Hab\u00eda tenido bastante faena como guarda esa ma\u00f1ana. En fin, cojo mi Avid 7 MHXF con mi <em>cangrejico<\/em> fetiche y a los 3 lances, entonces s\u00ed, \u00a1plas!, uno de 1.850kg al salabre y sube al barco.<\/p>\n<p><a href=\"http:\/\/www.valenciabass.com\/wp-content\/uploads\/CRONICA-2.640x480.jpg\"><img loading=\"lazy\" decoding=\"async\" class=\"aligncenter size-full wp-image-5599\" src=\"http:\/\/www.valenciabass.com\/wp-content\/uploads\/CRONICA-2.640x480.jpg\" alt=\"CRONICA 2.640x480\" width=\"640\" height=\"480\" srcset=\"https:\/\/www.valenciabass.com\/wp-content\/uploads\/CRONICA-2.640x480.jpg 640w, https:\/\/www.valenciabass.com\/wp-content\/uploads\/CRONICA-2.640x480-300x225.jpg 300w, https:\/\/www.valenciabass.com\/wp-content\/uploads\/CRONICA-2.640x480-250x187.jpg 250w\" sizes=\"auto, (max-width: 640px) 100vw, 640px\" \/><\/a><\/p>\n<p>Diez minutos m\u00e1s tarde, \u00a1plass!, otro gordo que se me escap\u00f3 al lado del barco. Tres minutos despu\u00e9s, a David se le va otro, uno bueno de verdad. \u00a1Mala suerte!, pero parec\u00eda que hab\u00edamos dado con el patr\u00f3n y el sitio.<\/p>\n<p>Nos hacemos una recula que en esta \u00e9poca siempre nos hab\u00edamos puesto finos de peces, pero nada. Al salir de la recula un poquito m\u00e1s adelante, lance ajustado, un leve movimiento de hilo hacia dentro del embalse y una clavada fuerte. Eso ya era otra cosa, una lucha a lo bestia entre una espesa cobertura con un buen bass de 2.440kg que puso los pelos de punta a mi hermano y a mi. Casi hace que me d\u00e9 una angustia si se va, salabre,y ahora si un buen pez de verdad. Un pez de 2.440kg en la b\u00e1scula, de los que no se aumenta su peso en el bar, ni en los grupos de WhatsApp.<\/p>\n<p><a href=\"http:\/\/www.valenciabass.com\/wp-content\/uploads\/CRONICA-3.640x480.jpg\"><img loading=\"lazy\" decoding=\"async\" class=\"aligncenter size-full wp-image-5601\" src=\"http:\/\/www.valenciabass.com\/wp-content\/uploads\/CRONICA-3.640x480.jpg\" alt=\"CRONICA 3.640x480\" width=\"640\" height=\"480\" srcset=\"https:\/\/www.valenciabass.com\/wp-content\/uploads\/CRONICA-3.640x480.jpg 640w, https:\/\/www.valenciabass.com\/wp-content\/uploads\/CRONICA-3.640x480-300x225.jpg 300w, https:\/\/www.valenciabass.com\/wp-content\/uploads\/CRONICA-3.640x480-250x187.jpg 250w\" sizes=\"auto, (max-width: 640px) 100vw, 640px\" \/><\/a><\/p>\n<p>Con esto y estando m\u00e1s que ultramotivados nos fuimos a Cofrentes, pues V\u00edctor nos esperaba para hacer el trato de lo que va a ser su flamante barca. As\u00ed que nos quedamos de ganas de m\u00e1s, aunque yo estaba ya pensando en lo que ven\u00eda entre semana: un set al m\u00e1s puro estilo del gran David Baides a 12 horas o nada.<\/p>\n<p>As\u00ed que el siguiente mi\u00e9rcoles a las 7:00 ya est\u00e1bamos de nuevo en otro l\u00edo. De nuevo en el bar de Cofrentes con nuestro cortado y nuestras magdalenicas rellenas de chocolate.<\/p>\n<p>Botamos el barco y directamente a la zona que cre\u00edmos m\u00e1s conveniente y de nuevo a pescar. Empezamos con bent minnow y super flukes moviendo muchos peces, pero sal\u00edan, se frenaban a 20cm del se\u00f1uelo y te dec\u00edan que el bent minnow te lo pusieras en el bocadillo t\u00fa.<\/p>\n<p>Cambio la estrategia y a los 5 minutos de nuevo la suerte, porque con estos peces la suerte te tiene que sonreir, hizo que tuviera al otro extremo de la l\u00ednea un extraordinario pez de 2.650kg. Una vez m\u00e1s sacado entre la cobertura, y poniendo la Avid, el fluorocarbono Yamatoyo y el Curado a echar chispas. Sin embargo, el crack que llevaba de co-angler no hab\u00eda que explicarle las cosas dos veces y ese pez subi\u00f3 al barco para disfrutar de hacernos unas fotos, pero much\u00edsimo m\u00e1s de su suelta, incre\u00edble.<\/p>\n<p><a href=\"http:\/\/www.valenciabass.com\/wp-content\/uploads\/ESTE-GORDOPON-LAS-4-4.640x480.jpg\"><img loading=\"lazy\" decoding=\"async\" src=\"http:\/\/www.valenciabass.com\/wp-content\/uploads\/ESTE-GORDOPON-LAS-4-4.640x480.jpg\" alt=\"ESTE GORDO,PON LAS 4 (4).640x480\" width=\"640\" height=\"480\" class=\"aligncenter size-full wp-image-5622\" srcset=\"https:\/\/www.valenciabass.com\/wp-content\/uploads\/ESTE-GORDOPON-LAS-4-4.640x480.jpg 640w, https:\/\/www.valenciabass.com\/wp-content\/uploads\/ESTE-GORDOPON-LAS-4-4.640x480-300x225.jpg 300w, https:\/\/www.valenciabass.com\/wp-content\/uploads\/ESTE-GORDOPON-LAS-4-4.640x480-250x187.jpg 250w\" sizes=\"auto, (max-width: 640px) 100vw, 640px\" \/><\/a><\/p>\n<p><a href=\"http:\/\/www.valenciabass.com\/wp-content\/uploads\/ESTE-GORDOPON-LAS-4-3.640x480.jpg\"><img loading=\"lazy\" decoding=\"async\" src=\"http:\/\/www.valenciabass.com\/wp-content\/uploads\/ESTE-GORDOPON-LAS-4-3.640x480.jpg\" alt=\"ESTE GORDO,PON LAS 4 (3).640x480\" width=\"640\" height=\"480\" class=\"aligncenter size-full wp-image-5623\" srcset=\"https:\/\/www.valenciabass.com\/wp-content\/uploads\/ESTE-GORDOPON-LAS-4-3.640x480.jpg 640w, https:\/\/www.valenciabass.com\/wp-content\/uploads\/ESTE-GORDOPON-LAS-4-3.640x480-300x225.jpg 300w, https:\/\/www.valenciabass.com\/wp-content\/uploads\/ESTE-GORDOPON-LAS-4-3.640x480-250x187.jpg 250w\" sizes=\"auto, (max-width: 640px) 100vw, 640px\" \/><\/a><\/p>\n<p><a href=\"http:\/\/www.valenciabass.com\/wp-content\/uploads\/ESTE-GORDOPON-LAS-4.480x320.jpg\"><img loading=\"lazy\" decoding=\"async\" src=\"http:\/\/www.valenciabass.com\/wp-content\/uploads\/ESTE-GORDOPON-LAS-4.480x320.jpg\" alt=\"ESTE GORDO,PON LAS 4.480x320\" width=\"480\" height=\"640\" class=\"aligncenter size-full wp-image-5628\" srcset=\"https:\/\/www.valenciabass.com\/wp-content\/uploads\/ESTE-GORDOPON-LAS-4.480x320.jpg 480w, https:\/\/www.valenciabass.com\/wp-content\/uploads\/ESTE-GORDOPON-LAS-4.480x320-225x300.jpg 225w, https:\/\/www.valenciabass.com\/wp-content\/uploads\/ESTE-GORDOPON-LAS-4.480x320-250x333.jpg 250w\" sizes=\"auto, (max-width: 480px) 100vw, 480px\" \/><\/a><\/p>\n<p>\u00cdbamos ya muy felices,y m\u00e1s felices nos pusimos a\u00fan cuando nos dimos cuenta que al final de una recula vimos una gran nube de alevines de este a\u00f1o. As\u00ed que de esta manera aclaramos dudas sobre si la bajada de nivel de estos d\u00edas atr\u00e1s hab\u00eda malogrado las puestas. Afortunadamente, alguna se habr\u00e1 perdido, pero much\u00edsimas han salido adelante para el bien de nuestro deporte.<\/p>\n<p>Diez minutos m\u00e1s tarde, el fen\u00f3meno de David clava un buen bass de 2 kilos.<\/p>\n<p><a href=\"http:\/\/www.valenciabass.com\/wp-content\/uploads\/CRONICA-5.480x320.jpg\"><img loading=\"lazy\" decoding=\"async\" class=\"aligncenter size-full wp-image-5605\" src=\"http:\/\/www.valenciabass.com\/wp-content\/uploads\/CRONICA-5.480x320.jpg\" alt=\"CRONICA 5.480x320\" width=\"480\" height=\"640\" srcset=\"https:\/\/www.valenciabass.com\/wp-content\/uploads\/CRONICA-5.480x320.jpg 480w, https:\/\/www.valenciabass.com\/wp-content\/uploads\/CRONICA-5.480x320-225x300.jpg 225w, https:\/\/www.valenciabass.com\/wp-content\/uploads\/CRONICA-5.480x320-250x333.jpg 250w\" sizes=\"auto, (max-width: 480px) 100vw, 480px\" \/><\/a><\/p>\n<p>Lo suelta, y al siguiente lance, \u00a1plas!, otro igual de grande mas o menos.<\/p>\n<p><a href=\"http:\/\/www.valenciabass.com\/wp-content\/uploads\/CRONICA-6.640x480.jpg\"><img loading=\"lazy\" decoding=\"async\" class=\"aligncenter size-full wp-image-5606\" src=\"http:\/\/www.valenciabass.com\/wp-content\/uploads\/CRONICA-6.640x480.jpg\" alt=\"CRONICA 6.640x480\" width=\"640\" height=\"480\" srcset=\"https:\/\/www.valenciabass.com\/wp-content\/uploads\/CRONICA-6.640x480.jpg 640w, https:\/\/www.valenciabass.com\/wp-content\/uploads\/CRONICA-6.640x480-300x225.jpg 300w, https:\/\/www.valenciabass.com\/wp-content\/uploads\/CRONICA-6.640x480-250x187.jpg 250w\" sizes=\"auto, (max-width: 640px) 100vw, 640px\" \/><\/a><\/p>\n<p>Al agua de nuevo, mientras yo lanzo mi crankbait entre los \u00e1rboles, y otro de 1.700kg al barco.<\/p>\n<p><a href=\"http:\/\/www.valenciabass.com\/wp-content\/uploads\/CRONICA-7.480x320.jpg\"><img loading=\"lazy\" decoding=\"async\" class=\"aligncenter size-full wp-image-5607\" src=\"http:\/\/www.valenciabass.com\/wp-content\/uploads\/CRONICA-7.480x320.jpg\" alt=\"CRONICA 7.480x320\" width=\"480\" height=\"640\" srcset=\"https:\/\/www.valenciabass.com\/wp-content\/uploads\/CRONICA-7.480x320.jpg 480w, https:\/\/www.valenciabass.com\/wp-content\/uploads\/CRONICA-7.480x320-225x300.jpg 225w, https:\/\/www.valenciabass.com\/wp-content\/uploads\/CRONICA-7.480x320-250x333.jpg 250w\" sizes=\"auto, (max-width: 480px) 100vw, 480px\" \/><\/a><\/p>\n<p>Con esos peces ya en el barco nos dispusimos a hacer algo que a David Baides le encanta cuando va de pesca, esto es, almorzar a base de bien, pues es el chef que se encarga de que al menos nosotros, no pasemos necesidades.<\/p>\n<p><a href=\"http:\/\/www.valenciabass.com\/wp-content\/uploads\/CRONICA-8.640x480.jpg\"><img loading=\"lazy\" decoding=\"async\" class=\"aligncenter size-full wp-image-5608\" src=\"http:\/\/www.valenciabass.com\/wp-content\/uploads\/CRONICA-8.640x480.jpg\" alt=\"CRONICA 8.640x480\" width=\"640\" height=\"480\" srcset=\"https:\/\/www.valenciabass.com\/wp-content\/uploads\/CRONICA-8.640x480.jpg 640w, https:\/\/www.valenciabass.com\/wp-content\/uploads\/CRONICA-8.640x480-300x225.jpg 300w, https:\/\/www.valenciabass.com\/wp-content\/uploads\/CRONICA-8.640x480-250x187.jpg 250w\" sizes=\"auto, (max-width: 640px) 100vw, 640px\" \/><\/a><\/p>\n<p>Como no, continuamos con la pesca, pero de manera sorprendente tenemos un par\u00f3n de picadas. No hab\u00eda la misma actividad que 40 minutos antes. Bueno, era cuesti\u00f3n de pensar, cambiar de sitio, buscar otra cobertura m\u00e1s o menos adecuada, y el shad shape de Yamamoto a dropshot. Pocas veces falla,y al cabo de 1h sin picadas, otro de 1.600kg que sube al barco.<\/p>\n<p><img loading=\"lazy\" decoding=\"async\" class=\"aligncenter size-full wp-image-5610\" src=\"http:\/\/www.valenciabass.com\/wp-content\/uploads\/CRONICA-9.640x480.jpg\" alt=\"CRONICA 9.640x480\" width=\"640\" height=\"480\" srcset=\"https:\/\/www.valenciabass.com\/wp-content\/uploads\/CRONICA-9.640x480.jpg 640w, https:\/\/www.valenciabass.com\/wp-content\/uploads\/CRONICA-9.640x480-300x225.jpg 300w, https:\/\/www.valenciabass.com\/wp-content\/uploads\/CRONICA-9.640x480-250x187.jpg 250w\" sizes=\"auto, (max-width: 640px) 100vw, 640px\" \/><\/p>\n<p>Vamos a otra zona, en eso que el fen\u00f3meno de Almansa dice: <em>M\u00e9tete all\u00ed, que cuando iba con el pato casi siempre he sacado buenos peces.<\/em>. Casi sin hablar, lance, pez, pero peque\u00f1o. Lanza David su senko a split, movimiento en sentido opuesto del hilo y \u00a1plass!, pez de 1.500kg al salabre.<\/p>\n<p><a href=\"http:\/\/www.valenciabass.com\/wp-content\/uploads\/10.480x320.jpg\"><img loading=\"lazy\" decoding=\"async\" class=\"aligncenter size-full wp-image-5611\" src=\"http:\/\/www.valenciabass.com\/wp-content\/uploads\/10.480x320.jpg\" alt=\"10.480x320\" width=\"480\" height=\"640\" srcset=\"https:\/\/www.valenciabass.com\/wp-content\/uploads\/10.480x320.jpg 480w, https:\/\/www.valenciabass.com\/wp-content\/uploads\/10.480x320-225x300.jpg 225w, https:\/\/www.valenciabass.com\/wp-content\/uploads\/10.480x320-250x333.jpg 250w\" sizes=\"auto, (max-width: 480px) 100vw, 480px\" \/><\/a><\/p>\n<p>Continuamos un poco m\u00e1s, lanzo exacto a unas matas de fuera de la orilla, introduzco el se\u00f1uelos en el agua para no hacer ruido, y lo mismo, movimiento del hilo hacia dentro del embalse, y me encuentro que otro de 2.100kg estaba al otro extremo del hilo. Fotos y un v\u00eddeo de la suelta al agua.<\/p>\n<p><a href=\"http:\/\/www.valenciabass.com\/wp-content\/uploads\/12.640x4803.jpg\"><img loading=\"lazy\" decoding=\"async\" class=\"aligncenter size-full wp-image-5614\" src=\"http:\/\/www.valenciabass.com\/wp-content\/uploads\/12.640x4803.jpg\" alt=\"12.640x480\" width=\"640\" height=\"480\" srcset=\"https:\/\/www.valenciabass.com\/wp-content\/uploads\/12.640x4803.jpg 640w, https:\/\/www.valenciabass.com\/wp-content\/uploads\/12.640x4803-300x225.jpg 300w, https:\/\/www.valenciabass.com\/wp-content\/uploads\/12.640x4803-250x187.jpg 250w\" sizes=\"auto, (max-width: 640px) 100vw, 640px\" \/><\/a><\/p>\n<p><iframe loading=\"lazy\" width=\"640\" height=\"360\" src=\"\/\/www.youtube.com\/embed\/fXA0SfOXxTM?rel=0\" frameborder=\"0\" allowfullscreen><\/iframe><\/p>\n<p>Cinco minutos m\u00e1s tarde se oye: \u00a1eeeeeeh, coge el salabre! El fen\u00f3meno de Almansa hab\u00eda lanzado de nuevo su senko de 4&#8243; entre medias de unas algas que el conoce bien y otro de 1.900kg al barco. Fotos de rigor&#8230; <\/p>\n<p><a href=\"http:\/\/www.valenciabass.com\/wp-content\/uploads\/13ESA-CON-VIDEO.640x480.jpg\"><img loading=\"lazy\" decoding=\"async\" class=\"aligncenter size-full wp-image-5615\" src=\"http:\/\/www.valenciabass.com\/wp-content\/uploads\/13ESA-CON-VIDEO.640x480.jpg\" alt=\"13,ESA CON VIDEO.640x480\" width=\"640\" height=\"480\" srcset=\"https:\/\/www.valenciabass.com\/wp-content\/uploads\/13ESA-CON-VIDEO.640x480.jpg 640w, https:\/\/www.valenciabass.com\/wp-content\/uploads\/13ESA-CON-VIDEO.640x480-300x225.jpg 300w, https:\/\/www.valenciabass.com\/wp-content\/uploads\/13ESA-CON-VIDEO.640x480-250x187.jpg 250w\" sizes=\"auto, (max-width: 640px) 100vw, 640px\" \/><\/a><\/p>\n<p>..y un buen v\u00eddeo de la suelta para agradecer a la AEBass la gran labor que hacen por nosotros.<\/p>\n<p><iframe loading=\"lazy\" width=\"640\" height=\"360\" src=\"\/\/www.youtube.com\/embed\/T9jqPCm4jn0?rel=0\" frameborder=\"0\" allowfullscreen><\/iframe><\/p>\n<p>Como no, una vez m\u00e1s concienciar a la gente de que es imprescindible unirse a esta asociaci\u00f3n, ya que sin ellos esto no ser\u00eda posible.<\/p>\n<p>De ah\u00ed nos fuimos a comer tranquilamente con el socio y amigo de Alberic, Miguel Miravet. Como es habitual tratamos todos y cada uno de los temas de actualidad en este mundillo del bass. <\/p>\n<p>Despu\u00e9s de descansar un rato, yo me quer\u00eda echar la siesta, pero mi co-angler no me dejo. Nos pusimos de nuevo a pescar, pero la cosa hab\u00eda cambiado un poco bastante. De nuevo los paseantes y bent minnows mov\u00edan cacharros de esc\u00e1ndalo. Peces incre\u00edbles que si hubieran picado, esto hubiera sido un aut\u00e9ntico esc\u00e1ndalo. Sin embargo, con aguas muy muy claras, presi\u00f3n de pesca y d\u00eda muy muy soleado con el agua totalmente parada, no son unas condiciones \u00f3ptimas para pescar tan arriba. <\/p>\n<p>Volvimos al hot spot de la ma\u00f1ana, pero al parecer la suerte hab\u00eda cambiado. Tuvo que ser el el r\u00edo, ya subi\u00e9ndonos donde saqu\u00e9 el ultimo pez del d\u00eda de 1.300kg.<\/p>\n<p><a href=\"http:\/\/www.valenciabass.com\/wp-content\/uploads\/ULTIMA-FOTO-MIADEL-RIO.480x320.jpg\"><img loading=\"lazy\" decoding=\"async\" src=\"http:\/\/www.valenciabass.com\/wp-content\/uploads\/ULTIMA-FOTO-MIADEL-RIO.480x320.jpg\" alt=\"ULTIMA FOTO MIA,DEL RIO.480x320\" width=\"480\" height=\"640\" class=\"aligncenter size-full wp-image-5617\" srcset=\"https:\/\/www.valenciabass.com\/wp-content\/uploads\/ULTIMA-FOTO-MIADEL-RIO.480x320.jpg 480w, https:\/\/www.valenciabass.com\/wp-content\/uploads\/ULTIMA-FOTO-MIADEL-RIO.480x320-225x300.jpg 225w, https:\/\/www.valenciabass.com\/wp-content\/uploads\/ULTIMA-FOTO-MIADEL-RIO.480x320-250x333.jpg 250w\" sizes=\"auto, (max-width: 480px) 100vw, 480px\" \/><\/a><\/p>\n<p>Con estos dos d\u00edas de pesca con dos grand\u00edsimos compa\u00f1eros, nos despedimos de esta primavera en Cortes. Ya hasta el pr\u00f3ximo martes 17 de junio estar\u00e1 cerrado por la veda y como sab\u00e9is, no est\u00e1 permitido pescar ni navegar. <\/p>\n<p>De nuevo quiero hacer un llamamiento a la comprensi\u00f3n y respeto a la veda. Tambi\u00e9n aprovecho para animar a clubes, pe\u00f1as, pescadores en general, lo primero, asociarse a la AEBass, y segundo, a trabajar para acotar embalses para que haya un control, veda y todo lo que haya que hacer para cuidar el futuro de nuestra pesca. Una pesca que tanto nos gusta y tantas satisfacciones nos da este excelente pez. Hagamos todo lo que podamos por cuidarlo.<\/p>\n<p><a href=\"http:\/\/www.valenciabass.com\/wp-content\/uploads\/PARA-DESPEDIR-LA-CRONICA.640x480.jpg\"><img loading=\"lazy\" decoding=\"async\" src=\"http:\/\/www.valenciabass.com\/wp-content\/uploads\/PARA-DESPEDIR-LA-CRONICA.640x480.jpg\" alt=\"PARA DESPEDIR LA CRONICA.640x480\" width=\"640\" height=\"480\" class=\"aligncenter size-full wp-image-5618\" srcset=\"https:\/\/www.valenciabass.com\/wp-content\/uploads\/PARA-DESPEDIR-LA-CRONICA.640x480.jpg 640w, https:\/\/www.valenciabass.com\/wp-content\/uploads\/PARA-DESPEDIR-LA-CRONICA.640x480-300x225.jpg 300w, https:\/\/www.valenciabass.com\/wp-content\/uploads\/PARA-DESPEDIR-LA-CRONICA.640x480-250x187.jpg 250w\" sizes=\"auto, (max-width: 640px) 100vw, 640px\" \/><\/a><\/p>\n<p><a href=\"http:\/\/www.valenciabass.com\/wp-content\/uploads\/PARA-DESPEDIR-1.640x480.jpg\"><img loading=\"lazy\" decoding=\"async\" src=\"http:\/\/www.valenciabass.com\/wp-content\/uploads\/PARA-DESPEDIR-1.640x480.jpg\" alt=\"PARA DESPEDIR 1.640x480\" width=\"640\" height=\"480\" class=\"aligncenter size-full wp-image-5619\" srcset=\"https:\/\/www.valenciabass.com\/wp-content\/uploads\/PARA-DESPEDIR-1.640x480.jpg 640w, https:\/\/www.valenciabass.com\/wp-content\/uploads\/PARA-DESPEDIR-1.640x480-300x225.jpg 300w, https:\/\/www.valenciabass.com\/wp-content\/uploads\/PARA-DESPEDIR-1.640x480-250x187.jpg 250w\" sizes=\"auto, (max-width: 640px) 100vw, 640px\" \/><\/a><\/p>\n<p><strong>\u00a1Un saludo y buena pesca a todos!<\/strong><\/p>\n","protected":false},"excerpt":{"rendered":"<p>Inmersos en plena efervescencia bassera, en plena primavera con un tiempo estable, caluroso, y extremadamente seco para lo que deber\u00eda ser esta \u00e9poca del a\u00f1o, como no, los personajes que vivimos por y para el bass, no sabemos estarnos quietos <span class=\"excerpt-dots\">&hellip;<\/span> <a class=\"more-link\" href=\"https:\/\/www.valenciabass.com\/?p=5590\"><span class=\"more-msg\">Sigue leyendo &rarr;<\/span><\/a><\/p>\n","protected":false},"author":5,"featured_media":5625,"comment_status":"closed","ping_status":"closed","sticky":false,"template":"","format":"standard","meta":{"_monsterinsights_skip_tracking":false,"_monsterinsights_sitenote_active":false,"_monsterinsights_sitenote_note":"","_monsterinsights_sitenote_category":0,"ngg_post_thumbnail":0,"footnotes":""},"categories":[36,26,35,6],"tags":[],"class_list":["post-5590","post","type-post","status-publish","format-standard","has-post-thumbnail","hentry","category-cortes","category-cronicas","category-escenario","category-salidas"],"_links":{"self":[{"href":"https:\/\/www.valenciabass.com\/index.php?rest_route=\/wp\/v2\/posts\/5590","targetHints":{"allow":["GET"]}}],"collection":[{"href":"https:\/\/www.valenciabass.com\/index.php?rest_route=\/wp\/v2\/posts"}],"about":[{"href":"https:\/\/www.valenciabass.com\/index.php?rest_route=\/wp\/v2\/types\/post"}],"author":[{"embeddable":true,"href":"https:\/\/www.valenciabass.com\/index.php?rest_route=\/wp\/v2\/users\/5"}],"replies":[{"embeddable":true,"href":"https:\/\/www.valenciabass.com\/index.php?rest_route=%2Fwp%2Fv2%2Fcomments&post=5590"}],"version-history":[{"count":16,"href":"https:\/\/www.valenciabass.com\/index.php?rest_route=\/wp\/v2\/posts\/5590\/revisions"}],"predecessor-version":[{"id":5629,"href":"https:\/\/www.valenciabass.com\/index.php?rest_route=\/wp\/v2\/posts\/5590\/revisions\/5629"}],"wp:featuredmedia":[{"embeddable":true,"href":"https:\/\/www.valenciabass.com\/index.php?rest_route=\/wp\/v2\/media\/5625"}],"wp:attachment":[{"href":"https:\/\/www.valenciabass.com\/index.php?rest_route=%2Fwp%2Fv2%2Fmedia&parent=5590"}],"wp:term":[{"taxonomy":"category","embeddable":true,"href":"https:\/\/www.valenciabass.com\/index.php?rest_route=%2Fwp%2Fv2%2Fcategories&post=5590"},{"taxonomy":"post_tag","embeddable":true,"href":"https:\/\/www.valenciabass.com\/index.php?rest_route=%2Fwp%2Fv2%2Ftags&post=5590"}],"curies":[{"name":"wp","href":"https:\/\/api.w.org\/{rel}","templated":true}]}}