{"id":5560,"date":"2014-05-10T23:22:55","date_gmt":"2014-05-10T21:22:55","guid":{"rendered":"http:\/\/www.valenciabass.com\/?p=5560"},"modified":"2014-06-08T13:05:26","modified_gmt":"2014-06-08T11:05:26","slug":"un-dia-para-no-olvidar","status":"publish","type":"post","link":"https:\/\/www.valenciabass.com\/?p=5560","title":{"rendered":"Un d\u00eda para no olvidar"},"content":{"rendered":"<p>Como no, y t\u00edpico en mi, no me hab\u00eda hecho falta el despertador, a las 7:00 de la ma\u00f1ana sonaba el despertador en casa. Hoy era uno de esos d\u00edas que llevaba so\u00f1ando desde hace tiempo.<\/p>\n<p>Desde mi habitaci\u00f3n me acercaba a despertar a mi hijo, hoy iba a ser su primer d\u00eda de pesca de toda su vida. Con ayuda de mi mujer lo preparamos todo para pasar el d\u00eda en uno de los para\u00edsos de la pesca valencianos.<\/p>\n<p>A las 07:30 ya ten\u00edamos el barco cargado y saliendo hacia el embalse, previa parada en la gasolinera a coger los \u00faltimos enseres para pasar un d\u00eda genial.<\/p>\n<p>Sobre las 9:00 lleg\u00e1bamos a la orilla del embalse, la verdad es que me quede un poco sorprendido por la bajada del nivel que le hab\u00edan dado.<\/p>\n<p><a href=\"http:\/\/www.valenciabass.com\/wp-content\/uploads\/1.640x4805.jpg\"><img loading=\"lazy\" decoding=\"async\" src=\"http:\/\/www.valenciabass.com\/wp-content\/uploads\/1.640x4805.jpg\" alt=\"1.640x480\" width=\"640\" height=\"360\" class=\"aligncenter size-full wp-image-5563\" srcset=\"https:\/\/www.valenciabass.com\/wp-content\/uploads\/1.640x4805.jpg 640w, https:\/\/www.valenciabass.com\/wp-content\/uploads\/1.640x4805-300x168.jpg 300w, https:\/\/www.valenciabass.com\/wp-content\/uploads\/1.640x4805-250x140.jpg 250w\" sizes=\"auto, (max-width: 640px) 100vw, 640px\" \/><\/a><\/p>\n<p>Despu\u00e9s de estar estudiando la forma y manera de meter el barco al agua, ya que no la encontraba, desde el mismo pantano llam\u00e9 por tel\u00e9fono a mi amigo Jos\u00e9 Luis, conocidos por todos como <em>El Mune<\/em>, para ver si hab\u00eda podido meter el barco ya que el llegaba antes que yo. Despu\u00e9s de dos intentos no pudimos hablar. Decid\u00ed echarle coraje y botar el barco al agua poco a poco. Tras costarnos bastante terminamos con el barco dentro  del agua.<\/p>\n<p>Empezamos a navegar y me gustar\u00eda que hubierais visto la cara de mi hijo, Marcos. Era todo un poema. No sab\u00eda si mirar hacia delante o hacia atr\u00e1s.<\/p>\n<p><a href=\"http:\/\/www.valenciabass.com\/wp-content\/uploads\/Conduciendo.640x480.jpg\"><img loading=\"lazy\" decoding=\"async\" src=\"http:\/\/www.valenciabass.com\/wp-content\/uploads\/Conduciendo.640x480.jpg\" alt=\"Conduciendo.640x480\" width=\"640\" height=\"360\" class=\"aligncenter size-full wp-image-5565\" srcset=\"https:\/\/www.valenciabass.com\/wp-content\/uploads\/Conduciendo.640x480.jpg 640w, https:\/\/www.valenciabass.com\/wp-content\/uploads\/Conduciendo.640x480-300x168.jpg 300w, https:\/\/www.valenciabass.com\/wp-content\/uploads\/Conduciendo.640x480-250x140.jpg 250w\" sizes=\"auto, (max-width: 640px) 100vw, 640px\" \/><\/a><\/p>\n<p>Despu\u00e9s de darle una vuelta por el embalse vimos a los compa\u00f1eros de Valencia Bass, <em>el Mune y el Jefe<\/em> por una parte, y por otra parte <em>Moya y Jos\u00e9 Antonio<\/em>. As\u00ed que decidimos atarnos al mismo \u00e1rbol que ellos y almorzar.<\/p>\n<p>Despu\u00e9s de almorzar ya se ve todo de otra manera. Nos fuimos buscando reculas y zonas donde el viento no nos molestara demasiado ya que el tiempo amenazaba viento.<\/p>\n<p>Comenzamos a pescar y al poco rato de empezar, <em>\u00a1zas!<\/em>, el primer pez del d\u00eda. Me hac\u00eda ilusi\u00f3n que mi hijo viera la manera que tenemos de tratar a este pez que tantas alegr\u00edas nos da. Como siempre, captura y suelta.<\/p>\n<p>Seguimos pescando y con la clase pr\u00e1ctica de pesca no pas\u00f3 mucho tiempo cuando clavo el segundo pez. \u00c9ste le dej\u00e9 la ca\u00f1a a Marcos para que sintiera un poquito la forma de tirar que tienen. Le cambio la cara cuando empez\u00f3 a saltar junto al barco. Lo sacamos y le hicimos la foto de vigor.<\/p>\n<p><a href=\"http:\/\/www.valenciabass.com\/wp-content\/uploads\/Segundo-Pez.640x480.jpg\"><img loading=\"lazy\" decoding=\"async\" src=\"http:\/\/www.valenciabass.com\/wp-content\/uploads\/Segundo-Pez.640x480.jpg\" alt=\"Segundo-Pez.640x480\" width=\"640\" height=\"360\" class=\"aligncenter size-full wp-image-5566\" srcset=\"https:\/\/www.valenciabass.com\/wp-content\/uploads\/Segundo-Pez.640x480.jpg 640w, https:\/\/www.valenciabass.com\/wp-content\/uploads\/Segundo-Pez.640x480-300x168.jpg 300w, https:\/\/www.valenciabass.com\/wp-content\/uploads\/Segundo-Pez.640x480-250x140.jpg 250w\" sizes=\"auto, (max-width: 640px) 100vw, 640px\" \/><\/a><\/p>\n<p>Ya eran sobre las 12:30 y ya empezaba a cansarse. Ahora trabajo de mi mujer para intentar entretenerlo con algo, y as\u00ed fue, con las papas y una peque\u00f1a siesta.<\/p>\n<p>Se acercaba la hora de comer y decidimos de cambiar de zona. Como no era raro de que no lo dijera: <em>\u00a1Pap\u00e1. quiero conducir la barca!<\/em><\/p>\n<p>Llegamos a la zona decidida y empezamos a pescar para ver si enga\u00f1amos alg\u00fan <em>diablo verde<\/em>. <\/p>\n<p><a href=\"http:\/\/www.valenciabass.com\/wp-content\/uploads\/20140427_110309.640x480.jpg\"><img loading=\"lazy\" decoding=\"async\" src=\"http:\/\/www.valenciabass.com\/wp-content\/uploads\/20140427_110309.640x480.jpg\" alt=\"20140427_110309.640x480\" width=\"640\" height=\"360\" class=\"aligncenter size-full wp-image-5576\" srcset=\"https:\/\/www.valenciabass.com\/wp-content\/uploads\/20140427_110309.640x480.jpg 640w, https:\/\/www.valenciabass.com\/wp-content\/uploads\/20140427_110309.640x480-300x168.jpg 300w, https:\/\/www.valenciabass.com\/wp-content\/uploads\/20140427_110309.640x480-250x140.jpg 250w\" sizes=\"auto, (max-width: 640px) 100vw, 640px\" \/><\/a><\/p>\n<p>El viento molestaba demasiado y no se alargar\u00eda mucho m\u00e1s la cosa. Cuando recogiendo todo para irnos, a\u00fan conseguimos, subir a otro al barco, foto y al agua.<\/p>\n<p><a href=\"http:\/\/www.valenciabass.com\/wp-content\/uploads\/TErcer-Pez.640x480.jpg\"><img loading=\"lazy\" decoding=\"async\" src=\"http:\/\/www.valenciabass.com\/wp-content\/uploads\/TErcer-Pez.640x480.jpg\" alt=\"TErcer-Pez.640x480\" width=\"640\" height=\"360\" class=\"aligncenter size-full wp-image-5567\" srcset=\"https:\/\/www.valenciabass.com\/wp-content\/uploads\/TErcer-Pez.640x480.jpg 640w, https:\/\/www.valenciabass.com\/wp-content\/uploads\/TErcer-Pez.640x480-300x168.jpg 300w, https:\/\/www.valenciabass.com\/wp-content\/uploads\/TErcer-Pez.640x480-250x140.jpg 250w\" sizes=\"auto, (max-width: 640px) 100vw, 640px\" \/><\/a><\/p>\n<p>Lleg\u00f3 la hora de comer y eso hicimos con la compa\u00f1\u00eda de <em>el Mune y el Jefe<\/em>, y <em>Moya y Jos\u00e9 Antonio<\/em>. Despu\u00e9s de mantener conversaciones sobre las bajadas y subidas de nivel.<br \/>\nantes de que ellos continuaran pescando, me ayudaron a subir el barco al remolque, ya que estaba un poquito complicado. <strong>\u00a1Gracias, compa\u00f1eros!<\/strong><\/p>\n<p>Lleg\u00f3 la hora de la vuelta a casa y como no la tristeza se viene encima para ver cuando ser\u00e1 la pr\u00f3xima vez. Lo que mas me gust\u00f3 de todo esto es que mi hijo me dijera: <em>\u00a1Pap\u00e1, cuando volvemos a venir otra vez!<\/em> <\/p>\n<p><a href=\"http:\/\/www.valenciabass.com\/wp-content\/uploads\/20140427_095533.640x480.jpg\"><img loading=\"lazy\" decoding=\"async\" src=\"http:\/\/www.valenciabass.com\/wp-content\/uploads\/20140427_095533.640x480.jpg\" alt=\"20140427_095533.640x480\" width=\"640\" height=\"360\" class=\"aligncenter size-full wp-image-5575\" srcset=\"https:\/\/www.valenciabass.com\/wp-content\/uploads\/20140427_095533.640x480.jpg 640w, https:\/\/www.valenciabass.com\/wp-content\/uploads\/20140427_095533.640x480-300x168.jpg 300w, https:\/\/www.valenciabass.com\/wp-content\/uploads\/20140427_095533.640x480-250x140.jpg 250w\" sizes=\"auto, (max-width: 640px) 100vw, 640px\" \/><\/a><\/p>\n<p>Ahora s\u00ed que estoy orgulloso. Voy a intentar que a mi hijo le guste el mismo deporte que a mi, que disfrute  y se divierta tanto como yo. La mejor manera que duerman y seguro que esta so\u00f1ando con peces.<\/p>\n<p><a href=\"http:\/\/www.valenciabass.com\/wp-content\/uploads\/Durmiendo.640x480.jpg\"><img loading=\"lazy\" decoding=\"async\" src=\"http:\/\/www.valenciabass.com\/wp-content\/uploads\/Durmiendo.640x480.jpg\" alt=\"Durmiendo.640x480\" width=\"640\" height=\"1136\" class=\"aligncenter size-full wp-image-5568\" srcset=\"https:\/\/www.valenciabass.com\/wp-content\/uploads\/Durmiendo.640x480.jpg 640w, https:\/\/www.valenciabass.com\/wp-content\/uploads\/Durmiendo.640x480-169x300.jpg 169w, https:\/\/www.valenciabass.com\/wp-content\/uploads\/Durmiendo.640x480-250x443.jpg 250w\" sizes=\"auto, (max-width: 640px) 100vw, 640px\" \/><\/a><\/p>\n<p>Muchas gracias.<\/p>\n","protected":false},"excerpt":{"rendered":"<p>Como no, y t\u00edpico en mi, no me hab\u00eda hecho falta el despertador, a las 7:00 de la ma\u00f1ana sonaba el despertador en casa. Hoy era uno de esos d\u00edas que llevaba so\u00f1ando desde hace tiempo. Desde mi habitaci\u00f3n me <span class=\"excerpt-dots\">&hellip;<\/span> <a class=\"more-link\" href=\"https:\/\/www.valenciabass.com\/?p=5560\"><span class=\"more-msg\">Sigue leyendo &rarr;<\/span><\/a><\/p>\n","protected":false},"author":27,"featured_media":5566,"comment_status":"closed","ping_status":"closed","sticky":false,"template":"","format":"standard","meta":{"_monsterinsights_skip_tracking":false,"_monsterinsights_sitenote_active":false,"_monsterinsights_sitenote_note":"","_monsterinsights_sitenote_category":0,"ngg_post_thumbnail":0,"footnotes":""},"categories":[36,26,35,6],"tags":[],"class_list":["post-5560","post","type-post","status-publish","format-standard","has-post-thumbnail","hentry","category-cortes","category-cronicas","category-escenario","category-salidas"],"_links":{"self":[{"href":"https:\/\/www.valenciabass.com\/index.php?rest_route=\/wp\/v2\/posts\/5560","targetHints":{"allow":["GET"]}}],"collection":[{"href":"https:\/\/www.valenciabass.com\/index.php?rest_route=\/wp\/v2\/posts"}],"about":[{"href":"https:\/\/www.valenciabass.com\/index.php?rest_route=\/wp\/v2\/types\/post"}],"author":[{"embeddable":true,"href":"https:\/\/www.valenciabass.com\/index.php?rest_route=\/wp\/v2\/users\/27"}],"replies":[{"embeddable":true,"href":"https:\/\/www.valenciabass.com\/index.php?rest_route=%2Fwp%2Fv2%2Fcomments&post=5560"}],"version-history":[{"count":8,"href":"https:\/\/www.valenciabass.com\/index.php?rest_route=\/wp\/v2\/posts\/5560\/revisions"}],"predecessor-version":[{"id":5577,"href":"https:\/\/www.valenciabass.com\/index.php?rest_route=\/wp\/v2\/posts\/5560\/revisions\/5577"}],"wp:featuredmedia":[{"embeddable":true,"href":"https:\/\/www.valenciabass.com\/index.php?rest_route=\/wp\/v2\/media\/5566"}],"wp:attachment":[{"href":"https:\/\/www.valenciabass.com\/index.php?rest_route=%2Fwp%2Fv2%2Fmedia&parent=5560"}],"wp:term":[{"taxonomy":"category","embeddable":true,"href":"https:\/\/www.valenciabass.com\/index.php?rest_route=%2Fwp%2Fv2%2Fcategories&post=5560"},{"taxonomy":"post_tag","embeddable":true,"href":"https:\/\/www.valenciabass.com\/index.php?rest_route=%2Fwp%2Fv2%2Ftags&post=5560"}],"curies":[{"name":"wp","href":"https:\/\/api.w.org\/{rel}","templated":true}]}}