{"id":5496,"date":"2014-05-06T22:43:48","date_gmt":"2014-05-06T20:43:48","guid":{"rendered":"http:\/\/www.valenciabass.com\/?p=5496"},"modified":"2014-06-08T13:05:57","modified_gmt":"2014-06-08T11:05:57","slug":"los-basses-que-llegaron-con-la-tormenta","status":"publish","type":"post","link":"https:\/\/www.valenciabass.com\/?p=5496","title":{"rendered":"Basses con la tormenta"},"content":{"rendered":"<p>Tras una <a href=\"http:\/\/www.valenciabass.com\/?p=5494\" title=\"Con el maestro del Shap Rap\">jornada de pesca con el gran Pedro Borja<\/a> que se pas\u00f3 como si nada y sin poder tirar marcha atr\u00e1s, eran las 7 de la ma\u00f1ana y me encontraba otra vez en la rampa de Cofrentes con David Baides.<\/p>\n<p>Este fue un d\u00eda m\u00e1s complicado que el anterior. A primera hora ni rastro de los peces, hasta que despu\u00e9s de almorzar con el <em>cangrejillo<\/em> pillo un lucio de 4 kilos sin ni siquiera rozar el fluorocarbono que llevaba.<\/p>\n<p><a href=\"http:\/\/www.valenciabass.com\/wp-content\/uploads\/CORTES-17-ABRIL-14-7.640x480.jpg\"><img loading=\"lazy\" decoding=\"async\" src=\"http:\/\/www.valenciabass.com\/wp-content\/uploads\/CORTES-17-ABRIL-14-7.640x480.jpg\" alt=\"CORTES 17 ABRIL-14 (7).640x480\" width=\"640\" height=\"480\" class=\"aligncenter size-full wp-image-5536\" srcset=\"https:\/\/www.valenciabass.com\/wp-content\/uploads\/CORTES-17-ABRIL-14-7.640x480.jpg 640w, https:\/\/www.valenciabass.com\/wp-content\/uploads\/CORTES-17-ABRIL-14-7.640x480-300x225.jpg 300w, https:\/\/www.valenciabass.com\/wp-content\/uploads\/CORTES-17-ABRIL-14-7.640x480-250x187.jpg 250w\" sizes=\"auto, (max-width: 640px) 100vw, 640px\" \/><\/a><\/p>\n<p>Seguimos la ma\u00f1ana y no fue hasta casi las 13h cuando con un senko de 4&#8243; color special order clavo un bass de 1.950kg que nos alegr\u00f3 la ma\u00f1ana.<\/p>\n<p><a href=\"http:\/\/www.valenciabass.com\/wp-content\/uploads\/CORTES-17-ABRIL-14-9.640x480.jpg\"><img loading=\"lazy\" decoding=\"async\" src=\"http:\/\/www.valenciabass.com\/wp-content\/uploads\/CORTES-17-ABRIL-14-9.640x480.jpg\" alt=\"CORTES 17 ABRIL-14 (9).640x480\" width=\"640\" height=\"480\" class=\"aligncenter size-full wp-image-5537\" srcset=\"https:\/\/www.valenciabass.com\/wp-content\/uploads\/CORTES-17-ABRIL-14-9.640x480.jpg 640w, https:\/\/www.valenciabass.com\/wp-content\/uploads\/CORTES-17-ABRIL-14-9.640x480-300x225.jpg 300w, https:\/\/www.valenciabass.com\/wp-content\/uploads\/CORTES-17-ABRIL-14-9.640x480-250x187.jpg 250w\" sizes=\"auto, (max-width: 640px) 100vw, 640px\" \/><\/a><\/p>\n<p>A los 4 minutos David con otro senko clava un pez igual que le parti\u00f3 la l\u00ednea. Continuamos por esa zona un ratillo m\u00e1s hasta que fueron las 14h. <\/p>\n<p>Entonces fuimos a buscar en la arboleda del Ral a mi <em>compa<\/em> de competici\u00f3n, y miembro de honor de la familia, el incombustible Richi Montoya, que remolcamos hasta la rampa del Ral para comer juntos. <\/p>\n<p><a href=\"http:\/\/www.valenciabass.com\/wp-content\/uploads\/CORTES-17-ABRIL-141.640x480.jpg\"><img loading=\"lazy\" decoding=\"async\" src=\"http:\/\/www.valenciabass.com\/wp-content\/uploads\/CORTES-17-ABRIL-141.640x480.jpg\" alt=\"CORTES 17 ABRIL-14(1).640x480\" width=\"640\" height=\"480\" class=\"aligncenter size-full wp-image-5541\" srcset=\"https:\/\/www.valenciabass.com\/wp-content\/uploads\/CORTES-17-ABRIL-141.640x480.jpg 640w, https:\/\/www.valenciabass.com\/wp-content\/uploads\/CORTES-17-ABRIL-141.640x480-300x225.jpg 300w, https:\/\/www.valenciabass.com\/wp-content\/uploads\/CORTES-17-ABRIL-141.640x480-250x187.jpg 250w\" sizes=\"auto, (max-width: 640px) 100vw, 640px\" \/><\/a><\/p>\n<p>All\u00ed nos juntamos varios pescadores de la <em>contorn\u00e1<\/em>, y todos coincidimos en que los peces estaban duros.<\/p>\n<p>Al cerrar un tambucho del barco David rompe la puntera de su Saint Croix Avid y tuvimos que salir en socorro del gran Paco Arroyo, que estaba en la recula de la casa, casualmente sacando un buen pepino en compa\u00f1ia de un gran pro Fran Figueres. Le entregamos la ca\u00f1a para que la llevara a <a href=\"https:\/\/plus.google.com\/111439481256207703096\/about?gl=es&#038;hl=es\" title=\"Paco Revert\" target=\"_blank\">Paco Revert<\/a> a ver si la pod\u00edan arreglar. <\/p>\n<p>Acto seguido salimos rumbo a otra zona y entramos en un recula. Al llegar vimos un bass paseando por la zona que no tard\u00f3 en comerse el super fluke, pero sin saber lo que pas\u00f3, se desclav\u00f3. <\/p>\n<p>Al fondo de la recula hab\u00eda varios peces, David clavo un buen tocho que se solt\u00f3. Finalmente, David pescando con un paseante desde muy lejos pudo hacerse con su buen bass del d\u00eda, un buen pez de 2 kilos.<\/p>\n<p><a href=\"http:\/\/www.valenciabass.com\/wp-content\/uploads\/CORTES-17-ABRIL-14-3.480x640.jpg\"><img loading=\"lazy\" decoding=\"async\" src=\"http:\/\/www.valenciabass.com\/wp-content\/uploads\/CORTES-17-ABRIL-14-3.480x640.jpg\" alt=\"CORTES 17 ABRIL-14 (3).480x640\" width=\"480\" height=\"640\" class=\"aligncenter size-full wp-image-5542\" srcset=\"https:\/\/www.valenciabass.com\/wp-content\/uploads\/CORTES-17-ABRIL-14-3.480x640.jpg 480w, https:\/\/www.valenciabass.com\/wp-content\/uploads\/CORTES-17-ABRIL-14-3.480x640-225x300.jpg 225w, https:\/\/www.valenciabass.com\/wp-content\/uploads\/CORTES-17-ABRIL-14-3.480x640-250x333.jpg 250w\" sizes=\"auto, (max-width: 480px) 100vw, 480px\" \/><\/a><\/p>\n<p>Yo en ese momento clav\u00e9 otro gordo que se fue en el salto al desclavarse del Dog-X.<\/p>\n<p>Para terminar el d\u00eda cambiamos de zona, sacamos algunos m\u00e1s de talla justa y David pillo otro de 1.2kg m\u00e1s o menos con un shad shape a drop.<\/p>\n<p><a href=\"http:\/\/www.valenciabass.com\/wp-content\/uploads\/CORTES-17-ABRIL-14-4.640x480.jpg\"><img loading=\"lazy\" decoding=\"async\" src=\"http:\/\/www.valenciabass.com\/wp-content\/uploads\/CORTES-17-ABRIL-14-4.640x480.jpg\" alt=\"CORTES 17 ABRIL-14 (4).640x480\" width=\"640\" height=\"480\" class=\"aligncenter size-full wp-image-5543\" srcset=\"https:\/\/www.valenciabass.com\/wp-content\/uploads\/CORTES-17-ABRIL-14-4.640x480.jpg 640w, https:\/\/www.valenciabass.com\/wp-content\/uploads\/CORTES-17-ABRIL-14-4.640x480-300x225.jpg 300w, https:\/\/www.valenciabass.com\/wp-content\/uploads\/CORTES-17-ABRIL-14-4.640x480-250x187.jpg 250w\" sizes=\"auto, (max-width: 640px) 100vw, 640px\" \/><\/a><\/p>\n<p>Era ya tarde, as\u00ed que recogimos trastos y una vez sacado el barco, como mandan los c\u00e1nones del gran fen\u00f3meno de Almansa, David Baides, hab\u00eda que merendar la mona de pascua que estuvo exquisita.<\/p>\n<p>Sin tiempo para m\u00e1s, cada mochuelo se fue a su olivo llegando a mi casa a las 22h de la noche. Supongo que ser\u00e1 porque mal, lo que se dice mal, no lo pasamos, \u00bfno??<\/p>\n<p><strong>\u00a1Un saludo y buena pesca familia VBC!<\/strong><\/p>\n","protected":false},"excerpt":{"rendered":"<p>Tras una jornada de pesca con el gran Pedro Borja que se pas\u00f3 como si nada y sin poder tirar marcha atr\u00e1s, eran las 7 de la ma\u00f1ana y me encontraba otra vez en la rampa de Cofrentes con David <span class=\"excerpt-dots\">&hellip;<\/span> <a class=\"more-link\" href=\"https:\/\/www.valenciabass.com\/?p=5496\"><span class=\"more-msg\">Sigue leyendo &rarr;<\/span><\/a><\/p>\n","protected":false},"author":5,"featured_media":5542,"comment_status":"closed","ping_status":"closed","sticky":false,"template":"","format":"standard","meta":{"_monsterinsights_skip_tracking":false,"_monsterinsights_sitenote_active":false,"_monsterinsights_sitenote_note":"","_monsterinsights_sitenote_category":0,"ngg_post_thumbnail":0,"footnotes":""},"categories":[36,26,35,6],"tags":[],"class_list":["post-5496","post","type-post","status-publish","format-standard","has-post-thumbnail","hentry","category-cortes","category-cronicas","category-escenario","category-salidas"],"_links":{"self":[{"href":"https:\/\/www.valenciabass.com\/index.php?rest_route=\/wp\/v2\/posts\/5496","targetHints":{"allow":["GET"]}}],"collection":[{"href":"https:\/\/www.valenciabass.com\/index.php?rest_route=\/wp\/v2\/posts"}],"about":[{"href":"https:\/\/www.valenciabass.com\/index.php?rest_route=\/wp\/v2\/types\/post"}],"author":[{"embeddable":true,"href":"https:\/\/www.valenciabass.com\/index.php?rest_route=\/wp\/v2\/users\/5"}],"replies":[{"embeddable":true,"href":"https:\/\/www.valenciabass.com\/index.php?rest_route=%2Fwp%2Fv2%2Fcomments&post=5496"}],"version-history":[{"count":8,"href":"https:\/\/www.valenciabass.com\/index.php?rest_route=\/wp\/v2\/posts\/5496\/revisions"}],"predecessor-version":[{"id":5548,"href":"https:\/\/www.valenciabass.com\/index.php?rest_route=\/wp\/v2\/posts\/5496\/revisions\/5548"}],"wp:featuredmedia":[{"embeddable":true,"href":"https:\/\/www.valenciabass.com\/index.php?rest_route=\/wp\/v2\/media\/5542"}],"wp:attachment":[{"href":"https:\/\/www.valenciabass.com\/index.php?rest_route=%2Fwp%2Fv2%2Fmedia&parent=5496"}],"wp:term":[{"taxonomy":"category","embeddable":true,"href":"https:\/\/www.valenciabass.com\/index.php?rest_route=%2Fwp%2Fv2%2Fcategories&post=5496"},{"taxonomy":"post_tag","embeddable":true,"href":"https:\/\/www.valenciabass.com\/index.php?rest_route=%2Fwp%2Fv2%2Ftags&post=5496"}],"curies":[{"name":"wp","href":"https:\/\/api.w.org\/{rel}","templated":true}]}}