{"id":5494,"date":"2014-04-26T23:43:24","date_gmt":"2014-04-26T21:43:24","guid":{"rendered":"http:\/\/www.valenciabass.com\/?p=5494"},"modified":"2014-06-08T13:06:15","modified_gmt":"2014-06-08T11:06:15","slug":"de-pesca-con-el-maestro-del-shap-rap","status":"publish","type":"post","link":"https:\/\/www.valenciabass.com\/?p=5494","title":{"rendered":"Con el maestro del Shap Rap"},"content":{"rendered":"<p>Despu\u00e9s de que el s\u00e1bado dia 12 de abril celebrasemo el primer aniversario de la armada porrera, un dia en el que hubo compa\u00f1eros que sacaron muy buenos peces, y otros que no tuvimos esa suerte que a veces hace falta, posiblemente no supimos interpretar que querian estos exquisitos centr\u00e1rquidos de las aguas de Cortes II, lleg\u00f3 la semana de pascua. Sin haberlo planeado, el lunes d\u00eda 14 por la tarde recibo en mi taller la visita de todo un bassmaster destroyer, el Gran Perdo Borja.<\/p>\n<p>Sin haber pensado ir el martes 15 de pesca, y tras una serie de proposiciones pesquiles a las que no me suelo hacer de rogar, concret\u00e9 en ir a recoger a Pedro a su casa a las 6 de la ma\u00f1ana.<\/p>\n<p>Como es de costumbre, y con la ilusi\u00f3n de un principiante de 14 a\u00f1os, a sus 54 a\u00f1os el gran maestro de la pesca con crankbait, no s\u00f3lo no habia dormido, si no que hab\u00eda estado calentando su cabeza enumerando que sitios eran los m\u00e1s adecuados para esta \u00e9poca en el embalse. <\/p>\n<p>As\u00ed nos subimos al Terrano y salimos en direcci\u00f3n a Cofrentes, como no paramos a tomar caf\u00e9 con sus correspondientes bollos, etc. y cargar el m\u00edtico termo del fen\u00f3meno. Dicho termo, que seg\u00fan Pedro, le vendi\u00f3 el Gran <a href=\"https:\/\/plus.google.com\/111439481256207703096\/about?gl=es&#038;hl=es\" title=\"Tienda Paco Revert\" target=\"_blank\">Paco Revert<\/a> hace 25 a\u00f1os, y a\u00fan lo guarda como oro en pa\u00f1o us\u00e1ndolo para todas y cada una de sus salidas de pesca.<\/p>\n<p>Una vez en el agua, salimos buscando el primer sitio m\u00e1s adecuado, sin navegar mucho, empezamos tanteando el territorio, yo con spinner y Pedro con su m\u00edtico crankbait Rapala Shad Rap 7cm en color plata.<\/p>\n<p>Sin darme cuenta, en 5 minutos, mi compa\u00f1ero se hace con su primer buen pez del d\u00eda. Para calentar<br \/>\nno esta nada mal, 1.6kg.<\/p>\n<p><a href=\"http:\/\/www.valenciabass.com\/wp-content\/uploads\/cortes-15-abril-14-7.640x480.jpg\"><img loading=\"lazy\" decoding=\"async\" src=\"http:\/\/www.valenciabass.com\/wp-content\/uploads\/cortes-15-abril-14-7.640x480.jpg\" alt=\"cortes 15 abril-14 (7).640x480\" width=\"640\" height=\"480\" class=\"aligncenter size-full wp-image-5507\" srcset=\"https:\/\/www.valenciabass.com\/wp-content\/uploads\/cortes-15-abril-14-7.640x480.jpg 640w, https:\/\/www.valenciabass.com\/wp-content\/uploads\/cortes-15-abril-14-7.640x480-300x225.jpg 300w, https:\/\/www.valenciabass.com\/wp-content\/uploads\/cortes-15-abril-14-7.640x480-250x187.jpg 250w\" sizes=\"auto, (max-width: 640px) 100vw, 640px\" \/><\/a><\/p>\n<p>No hab\u00edan pasado 3 minutos cuando un luciete de 2 kilos muerde de nuevo su crankbait y sube al barco. Cinco minutos m\u00e1s tarde, y otro lucio de 2 kilos, y entre medias otro bass de buen tama\u00f1o. <\/p>\n<p><a href=\"http:\/\/www.valenciabass.com\/wp-content\/uploads\/cortes-15-abril-14-11.480x320.jpg\"><img loading=\"lazy\" decoding=\"async\" src=\"http:\/\/www.valenciabass.com\/wp-content\/uploads\/cortes-15-abril-14-11.480x320.jpg\" alt=\"cortes 15 abril-14 (11).480x320\" width=\"480\" height=\"640\" class=\"aligncenter size-full wp-image-5508\" srcset=\"https:\/\/www.valenciabass.com\/wp-content\/uploads\/cortes-15-abril-14-11.480x320.jpg 480w, https:\/\/www.valenciabass.com\/wp-content\/uploads\/cortes-15-abril-14-11.480x320-225x300.jpg 225w, https:\/\/www.valenciabass.com\/wp-content\/uploads\/cortes-15-abril-14-11.480x320-250x333.jpg 250w\" sizes=\"auto, (max-width: 480px) 100vw, 480px\" \/><\/a><\/p>\n<p>El comienzo del Gran Pedro Borja habia sido como el de un Ferrari trucado&#8230; No hab\u00eda quien le metiera mano&#8230; pesquerilmente hablando.<\/p>\n<p>Cruzamos de orilla a otra zona que me gusta. Al fin con la t\u00e9cnica que me ense\u00f1\u00f3 hace ya 3 temporadas el n\u00famero 1 de la pesca del bass, Jorge Civera, el cangrejico a texas. Picada fulgurante y bass de 1.8kg que sube a la barca. Como no, recordando las palabras de Javi el Secre: <em>\u00a1ya no hago porra!<\/em>.<\/p>\n<p><a href=\"http:\/\/www.valenciabass.com\/wp-content\/uploads\/cortes-15-abril-14-10.640x480.jpg\"><img loading=\"lazy\" decoding=\"async\" src=\"http:\/\/www.valenciabass.com\/wp-content\/uploads\/cortes-15-abril-14-10.640x480.jpg\" alt=\"cortes 15 abril-14 (10).640x480\" width=\"640\" height=\"480\" class=\"aligncenter size-full wp-image-5509\" srcset=\"https:\/\/www.valenciabass.com\/wp-content\/uploads\/cortes-15-abril-14-10.640x480.jpg 640w, https:\/\/www.valenciabass.com\/wp-content\/uploads\/cortes-15-abril-14-10.640x480-300x225.jpg 300w, https:\/\/www.valenciabass.com\/wp-content\/uploads\/cortes-15-abril-14-10.640x480-250x187.jpg 250w\" sizes=\"auto, (max-width: 640px) 100vw, 640px\" \/><\/a><\/p>\n<p>Seguimos bajando orilla y al encontrar el sitio reservado para almorzar, por supuesto a la sombra, Pedro lanza su se\u00f1uelo entre medias de los \u00e1rboles y plas. Otro buen bass.<\/p>\n<p><a href=\"http:\/\/www.valenciabass.com\/wp-content\/uploads\/cortes-15-abril-14-8.480x320.jpg\"><img loading=\"lazy\" decoding=\"async\" src=\"http:\/\/www.valenciabass.com\/wp-content\/uploads\/cortes-15-abril-14-8.480x320.jpg\" alt=\"cortes 15 abril-14 (8).480x320\" width=\"480\" height=\"640\" class=\"aligncenter size-full wp-image-5510\" srcset=\"https:\/\/www.valenciabass.com\/wp-content\/uploads\/cortes-15-abril-14-8.480x320.jpg 480w, https:\/\/www.valenciabass.com\/wp-content\/uploads\/cortes-15-abril-14-8.480x320-225x300.jpg 225w, https:\/\/www.valenciabass.com\/wp-content\/uploads\/cortes-15-abril-14-8.480x320-250x333.jpg 250w\" sizes=\"auto, (max-width: 480px) 100vw, 480px\" \/><\/a><\/p>\n<p>Finalmente, degustamos los manjares que salida tras salida nos prepara una de las mejores cocineras de Casas Iba\u00f1ez, la se\u00f1ora de Pedro, Do\u00f1a Paqui Luj\u00e1n.<\/p>\n<p>Seguimos pescando en otro rinc\u00f3n, Pedro clava un buen bass y se le suelta. Una pena, era un muy buen pez. En estas ocasiones viene a mi mente aquella frase que acu\u00f1\u00e9 hace alg\u00fan tiempo: \u00a1qu\u00e9 injusta es la pesca!<\/p>\n<p>No sacar\u00edamos nada m\u00e1s hasta llegar al Ral. Llegamos a una r\u00e9cula con cobertura y otro certero lance a un cent\u00edmetro de la orilla con el cangrejico. \u00a1Plas!, un buen bass de 2 kilos sacado de entre toda la cobertura que Pedro ensalabr\u00f3 sin el m\u00e1s m\u00ednimo problema. <\/p>\n<p><a href=\"http:\/\/www.valenciabass.com\/wp-content\/uploads\/cortes-15-abril-14-1.640x480.jpg\"><img loading=\"lazy\" decoding=\"async\" src=\"http:\/\/www.valenciabass.com\/wp-content\/uploads\/cortes-15-abril-14-1.640x480.jpg\" alt=\"cortes 15 abril-14 (1).640x480\" width=\"640\" height=\"480\" class=\"aligncenter size-full wp-image-5511\" srcset=\"https:\/\/www.valenciabass.com\/wp-content\/uploads\/cortes-15-abril-14-1.640x480.jpg 640w, https:\/\/www.valenciabass.com\/wp-content\/uploads\/cortes-15-abril-14-1.640x480-300x225.jpg 300w, https:\/\/www.valenciabass.com\/wp-content\/uploads\/cortes-15-abril-14-1.640x480-250x187.jpg 250w\" sizes=\"auto, (max-width: 640px) 100vw, 640px\" \/><\/a><\/p>\n<p>Seguimos en la misma zona y un lance con el super fluke haciendo skipping entre medias de unas ramas hizo salir un bass de los grandes, que clav\u00e9 y se solt\u00f3. Por si acaso no se hubiera hecho mucho da\u00f1o, vuelta a empezar esta vez con el dropshot lento. Vuelta a clavarlo mal y se vuelve a ir&#8230; no pasa nada.<\/p>\n<p>Estaba empezando a pillarle el truco al tema y me encontraba pescando muy a gusto. Pillamos unos 3 peces m\u00e1s, esta vez peque\u00f1os y una lucioperca. Moviendo algun buen bass con el jerkbait blando que no quiso picar. Con estos resultados <em>pusimos el cerebro a masa<\/em> y nos fuimos a comer al Ral.<\/p>\n<p>Como no, se levant\u00f3 el viento algo m\u00e1s que habitual en Cortes. As\u00ed que fue la recula de la casa nuestro siguiente destino. Buscamos coberturas adecuadas para esta epoca. Otra vez de nuevo el cangrejillo no falla y otro pez de 1.7kg sube al barco. <\/p>\n<p><a href=\"http:\/\/www.valenciabass.com\/wp-content\/uploads\/cortes-15-abril-14-3.640x480.jpg\"><img loading=\"lazy\" decoding=\"async\" src=\"http:\/\/www.valenciabass.com\/wp-content\/uploads\/cortes-15-abril-14-3.640x480.jpg\" alt=\"cortes 15 abril-14 (3).640x480\" width=\"640\" height=\"480\" class=\"aligncenter size-full wp-image-5512\" srcset=\"https:\/\/www.valenciabass.com\/wp-content\/uploads\/cortes-15-abril-14-3.640x480.jpg 640w, https:\/\/www.valenciabass.com\/wp-content\/uploads\/cortes-15-abril-14-3.640x480-300x225.jpg 300w, https:\/\/www.valenciabass.com\/wp-content\/uploads\/cortes-15-abril-14-3.640x480-250x187.jpg 250w\" sizes=\"auto, (max-width: 640px) 100vw, 640px\" \/><\/a><\/p>\n<p>Ya estaba m\u00e1s contento, y de ah\u00ed, para terminar la jornada volvimos al r\u00edo donde otra vez el cangrejillo me daba otro pez de 1.7kg.<\/p>\n<p><a href=\"http:\/\/www.valenciabass.com\/wp-content\/uploads\/cortes-15-abril-14-4.480x320.jpg\"><img loading=\"lazy\" decoding=\"async\" src=\"http:\/\/www.valenciabass.com\/wp-content\/uploads\/cortes-15-abril-14-4.480x320.jpg\" alt=\"cortes 15 abril-14 (4).480x320\" width=\"480\" height=\"640\" class=\"aligncenter size-full wp-image-5513\" srcset=\"https:\/\/www.valenciabass.com\/wp-content\/uploads\/cortes-15-abril-14-4.480x320.jpg 480w, https:\/\/www.valenciabass.com\/wp-content\/uploads\/cortes-15-abril-14-4.480x320-225x300.jpg 225w, https:\/\/www.valenciabass.com\/wp-content\/uploads\/cortes-15-abril-14-4.480x320-250x333.jpg 250w\" sizes=\"auto, (max-width: 480px) 100vw, 480px\" \/><\/a><\/p>\n<p>Se estaba haciendo tarde, as\u00ed que decidimos recoger trastos y volvernos a Casas Iba\u00f1ez terminando de esta forma un buen d\u00eda de pesca. Un d\u00eda en el que nos divertimos y con un tiempo muy bueno.<\/p>\n<p>Sin embargo, no hab\u00eda m\u00e1s que acostarme y ya estaba pensando en lo que ten\u00eda por delante el Jueves Santo: una jornada de pesca con otro crack medi\u00e1tico, David Baides, pero esto lo dejo para otra cr\u00f3nica que publicar\u00e9 m\u00e1s adelante.<\/p>\n","protected":false},"excerpt":{"rendered":"<p>Despu\u00e9s de que el s\u00e1bado dia 12 de abril celebrasemo el primer aniversario de la armada porrera, un dia en el que hubo compa\u00f1eros que sacaron muy buenos peces, y otros que no tuvimos esa suerte que a veces hace <span class=\"excerpt-dots\">&hellip;<\/span> <a class=\"more-link\" href=\"https:\/\/www.valenciabass.com\/?p=5494\"><span class=\"more-msg\">Sigue leyendo &rarr;<\/span><\/a><\/p>\n","protected":false},"author":5,"featured_media":5507,"comment_status":"closed","ping_status":"closed","sticky":false,"template":"","format":"standard","meta":{"_monsterinsights_skip_tracking":false,"_monsterinsights_sitenote_active":false,"_monsterinsights_sitenote_note":"","_monsterinsights_sitenote_category":0,"ngg_post_thumbnail":0,"footnotes":""},"categories":[36,26,35,6],"tags":[],"class_list":["post-5494","post","type-post","status-publish","format-standard","has-post-thumbnail","hentry","category-cortes","category-cronicas","category-escenario","category-salidas"],"_links":{"self":[{"href":"https:\/\/www.valenciabass.com\/index.php?rest_route=\/wp\/v2\/posts\/5494","targetHints":{"allow":["GET"]}}],"collection":[{"href":"https:\/\/www.valenciabass.com\/index.php?rest_route=\/wp\/v2\/posts"}],"about":[{"href":"https:\/\/www.valenciabass.com\/index.php?rest_route=\/wp\/v2\/types\/post"}],"author":[{"embeddable":true,"href":"https:\/\/www.valenciabass.com\/index.php?rest_route=\/wp\/v2\/users\/5"}],"replies":[{"embeddable":true,"href":"https:\/\/www.valenciabass.com\/index.php?rest_route=%2Fwp%2Fv2%2Fcomments&post=5494"}],"version-history":[{"count":15,"href":"https:\/\/www.valenciabass.com\/index.php?rest_route=\/wp\/v2\/posts\/5494\/revisions"}],"predecessor-version":[{"id":5518,"href":"https:\/\/www.valenciabass.com\/index.php?rest_route=\/wp\/v2\/posts\/5494\/revisions\/5518"}],"wp:featuredmedia":[{"embeddable":true,"href":"https:\/\/www.valenciabass.com\/index.php?rest_route=\/wp\/v2\/media\/5507"}],"wp:attachment":[{"href":"https:\/\/www.valenciabass.com\/index.php?rest_route=%2Fwp%2Fv2%2Fmedia&parent=5494"}],"wp:term":[{"taxonomy":"category","embeddable":true,"href":"https:\/\/www.valenciabass.com\/index.php?rest_route=%2Fwp%2Fv2%2Fcategories&post=5494"},{"taxonomy":"post_tag","embeddable":true,"href":"https:\/\/www.valenciabass.com\/index.php?rest_route=%2Fwp%2Fv2%2Ftags&post=5494"}],"curies":[{"name":"wp","href":"https:\/\/api.w.org\/{rel}","templated":true}]}}