{"id":5487,"date":"2014-04-24T00:09:52","date_gmt":"2014-04-23T22:09:52","guid":{"rendered":"http:\/\/www.valenciabass.com\/?p=5487"},"modified":"2014-06-08T13:06:33","modified_gmt":"2014-06-08T11:06:33","slug":"orellana-12-y-13-de-abril","status":"publish","type":"post","link":"https:\/\/www.valenciabass.com\/?p=5487","title":{"rendered":"Orellana 12 y 13 de Abril"},"content":{"rendered":"<p>Con un mono atroz por volver a nuestro Orellana querido y lejano, y despu\u00e9s de las mil veces que Chincheta me ha insistido en realizar el viaje (gracias por ello), planeamos lo que ser\u00eda un buen fin de semana de pesca.<\/p>\n<p>Aconsejados por Blas Valverde este viaje ha sido diferente. Como todos sab\u00e9is, los peces se mueven y cada estaci\u00f3n y momento del a\u00f1o tienen sus rincones. Hacer un viaje tan largo para pasar un d\u00eda y medio de pesca y volverse a medias no es plato de buen gusto para nadie. Blas nos aconsejo a un gu\u00eda de pesca de Orellana, y solo puedo decir que ha sido una experiencia magnifica. Su nombre es Zoilo Montero, y su predisposici\u00f3n y profesionalidad es para quitarse el sombrero.<\/p>\n<p><a href=\"http:\/\/www.valenciabass.com\/wp-content\/uploads\/Foto2.480x320.jpg\"><img loading=\"lazy\" decoding=\"async\" src=\"http:\/\/www.valenciabass.com\/wp-content\/uploads\/Foto2.480x320.jpg\" alt=\"Foto2.480x320\" width=\"480\" height=\"640\" class=\"aligncenter size-full wp-image-5491\" srcset=\"https:\/\/www.valenciabass.com\/wp-content\/uploads\/Foto2.480x320.jpg 480w, https:\/\/www.valenciabass.com\/wp-content\/uploads\/Foto2.480x320-225x300.jpg 225w, https:\/\/www.valenciabass.com\/wp-content\/uploads\/Foto2.480x320-250x333.jpg 250w\" sizes=\"auto, (max-width: 480px) 100vw, 480px\" \/><\/a><\/p>\n<p>Por supuesto, hay que saber pescar y ser unos profesionales como nosotros, pero que alguien de all\u00ed te acompa\u00f1e y ense\u00f1e no tiene precio. Como decimos 100% recomendable. Por cierto, Zoilo, al d\u00eda siguiente tambi\u00e9n triunfamos en nuestros escondrijos.<\/p>\n<p><a href=\"http:\/\/www.valenciabass.com\/wp-content\/uploads\/Foto4.640x480.jpg\"><img loading=\"lazy\" decoding=\"async\" class=\"aligncenter size-full wp-image-5481\" alt=\"Foto4.640x480\" src=\"http:\/\/www.valenciabass.com\/wp-content\/uploads\/Foto4.640x480.jpg\" width=\"640\" height=\"480\" srcset=\"https:\/\/www.valenciabass.com\/wp-content\/uploads\/Foto4.640x480.jpg 640w, https:\/\/www.valenciabass.com\/wp-content\/uploads\/Foto4.640x480-300x225.jpg 300w, https:\/\/www.valenciabass.com\/wp-content\/uploads\/Foto4.640x480-250x187.jpg 250w\" sizes=\"auto, (max-width: 640px) 100vw, 640px\" \/><\/a><\/p>\n<p>Salimos el s\u00e1bado de madrugada y a las 8 ya est\u00e1bamos tomando unos churros en Orellana. El d\u00eda amanec\u00eda espl\u00e9ndido, aunque nos acompa\u00f1o la niebla gran parte de la ma\u00f1ana, no molesto para nada pues la temperatura era algo fresca, pero agradable.<\/p>\n<p>Zoilo no nos dej\u00f3 parar desde el primer momento y uno tras otro nos ense\u00f1\u00f3 lugares donde las picadas y capturas se repet\u00edan. Lo que m\u00e1s me gusto fue que adem\u00e1s de ir a uno u otro lugar nos explicaba la orograf\u00eda del fondo como si de la sonda \u00faltimo modelo se tratara. Absorto por las explicaciones no marcamos ni un punto en el GPS. No importa, creo que ser\u00e1 un compa\u00f1ero de pesca imprescindible en Orellana.<\/p>\n<p>En la parada del almuerzo, \u201clos de la Roda almuerzan\u201d, y despu\u00e9s en la comida el buen rollo y la buena sinton\u00eda no hac\u00edan m\u00e1s que aumentar la calidad de la salida de pesca.<\/p>\n<p>Al salir de una recula vimos un buen banco de black-bass de un tama\u00f1o descomunal. Zoilo nos estuvo contando como pescarlo en Orellana, al parecer hay que hacerlo, desde el hotel (\u00a1vamos\u00a1, muy muy lejos). Nosotros acostumbrados a otras distancias (m\u00e1s cortas) no logr\u00e1bamos hacer lances certeros (todav\u00eda nos duele el brazo). Al final le dije Zoilo: \u00ab<em>te lo pesco al estilo valenciano<\/em>\u00ab, y con un ika y un movimiento sexy sali\u00f3 un pepino de 2.77kg espectacular.<\/p>\n<p><a href=\"http:\/\/www.valenciabass.com\/wp-content\/uploads\/Foto3.640x4801.jpg\"><img loading=\"lazy\" decoding=\"async\" class=\"aligncenter size-full wp-image-5479\" alt=\"Foto3.640x480\" src=\"http:\/\/www.valenciabass.com\/wp-content\/uploads\/Foto3.640x4801.jpg\" width=\"640\" height=\"480\" srcset=\"https:\/\/www.valenciabass.com\/wp-content\/uploads\/Foto3.640x4801.jpg 640w, https:\/\/www.valenciabass.com\/wp-content\/uploads\/Foto3.640x4801-300x225.jpg 300w, https:\/\/www.valenciabass.com\/wp-content\/uploads\/Foto3.640x4801-250x187.jpg 250w\" sizes=\"auto, (max-width: 640px) 100vw, 640px\" \/><\/a><\/p>\n<p>Los 38 lucios que salieron y subieron al barco no fueron de gran tama\u00f1o, pero si muy deportivos y divertidos, los jerk baits duros y lipless hicieron su agosto, sin descartar los jigs y pikies de 6 pulgadas de rigor.<\/p>\n<p><a href=\"http:\/\/www.valenciabass.com\/wp-content\/uploads\/Foto1.480x320.jpg\"><img loading=\"lazy\" decoding=\"async\" class=\"aligncenter size-full wp-image-5480\" alt=\"Foto1.480x320\" src=\"http:\/\/www.valenciabass.com\/wp-content\/uploads\/Foto1.480x320.jpg\" width=\"480\" height=\"640\" srcset=\"https:\/\/www.valenciabass.com\/wp-content\/uploads\/Foto1.480x320.jpg 480w, https:\/\/www.valenciabass.com\/wp-content\/uploads\/Foto1.480x320-225x300.jpg 225w, https:\/\/www.valenciabass.com\/wp-content\/uploads\/Foto1.480x320-250x333.jpg 250w\" sizes=\"auto, (max-width: 480px) 100vw, 480px\" \/><\/a><\/p>\n<p>El domingo compartimos la media jornada con un amigo de Badajoz que nos deleito con un morc\u00f3n que quita el hipo. En respuesta hicimos que sacara su primer lucio. Creo que por la cara, las preguntas y comentarios de despu\u00e9s:<\/p>\n<ul>\n<li>\u00bfCu\u00e1nto cuesta una ca\u00f1a?<\/li>\n<li>\u00bfD\u00f3nde la puedo comprar?<\/li>\n<li>\u00bfQu\u00e9 papeles hacen falta?<\/li>\n<li>\u00a1Dios, qu\u00e9 adrenalina!<\/li>\n<\/ul>\n<p>&#8230;tenemos nuevo pescador. Os lo pod\u00e9is imaginar.<\/p>\n<p><a href=\"http:\/\/www.valenciabass.com\/wp-content\/uploads\/Foto5.640x480.jpg\"><img loading=\"lazy\" decoding=\"async\" src=\"http:\/\/www.valenciabass.com\/wp-content\/uploads\/Foto5.640x480.jpg\" alt=\"Foto5.640x480\" width=\"640\" height=\"480\" class=\"aligncenter size-full wp-image-5483\" srcset=\"https:\/\/www.valenciabass.com\/wp-content\/uploads\/Foto5.640x480.jpg 640w, https:\/\/www.valenciabass.com\/wp-content\/uploads\/Foto5.640x480-300x225.jpg 300w, https:\/\/www.valenciabass.com\/wp-content\/uploads\/Foto5.640x480-250x187.jpg 250w\" sizes=\"auto, (max-width: 640px) 100vw, 640px\" \/><\/a><\/p>\n<p>Al final del d\u00eda con un sol y calor de justicia nos despedimos de Orellana. Un verdadero para\u00edso despu\u00e9s de, por supuesto, nuestro querido Cortes.<\/p>\n<p>Chincheta y F\u00e9lix<\/p>\n","protected":false},"excerpt":{"rendered":"<p>Con un mono atroz por volver a nuestro Orellana querido y lejano, y despu\u00e9s de las mil veces que Chincheta me ha insistido en realizar el viaje (gracias por ello), planeamos lo que ser\u00eda un buen fin de semana de <span class=\"excerpt-dots\">&hellip;<\/span> <a class=\"more-link\" href=\"https:\/\/www.valenciabass.com\/?p=5487\"><span class=\"more-msg\">Sigue leyendo &rarr;<\/span><\/a><\/p>\n","protected":false},"author":26,"featured_media":5479,"comment_status":"closed","ping_status":"closed","sticky":false,"template":"","format":"standard","meta":{"_monsterinsights_skip_tracking":false,"_monsterinsights_sitenote_active":false,"_monsterinsights_sitenote_note":"","_monsterinsights_sitenote_category":0,"ngg_post_thumbnail":0,"footnotes":""},"categories":[26,35,43,6],"tags":[],"class_list":["post-5487","post","type-post","status-publish","format-standard","has-post-thumbnail","hentry","category-cronicas","category-escenario","category-otros","category-salidas"],"_links":{"self":[{"href":"https:\/\/www.valenciabass.com\/index.php?rest_route=\/wp\/v2\/posts\/5487","targetHints":{"allow":["GET"]}}],"collection":[{"href":"https:\/\/www.valenciabass.com\/index.php?rest_route=\/wp\/v2\/posts"}],"about":[{"href":"https:\/\/www.valenciabass.com\/index.php?rest_route=\/wp\/v2\/types\/post"}],"author":[{"embeddable":true,"href":"https:\/\/www.valenciabass.com\/index.php?rest_route=\/wp\/v2\/users\/26"}],"replies":[{"embeddable":true,"href":"https:\/\/www.valenciabass.com\/index.php?rest_route=%2Fwp%2Fv2%2Fcomments&post=5487"}],"version-history":[{"count":4,"href":"https:\/\/www.valenciabass.com\/index.php?rest_route=\/wp\/v2\/posts\/5487\/revisions"}],"predecessor-version":[{"id":5492,"href":"https:\/\/www.valenciabass.com\/index.php?rest_route=\/wp\/v2\/posts\/5487\/revisions\/5492"}],"wp:featuredmedia":[{"embeddable":true,"href":"https:\/\/www.valenciabass.com\/index.php?rest_route=\/wp\/v2\/media\/5479"}],"wp:attachment":[{"href":"https:\/\/www.valenciabass.com\/index.php?rest_route=%2Fwp%2Fv2%2Fmedia&parent=5487"}],"wp:term":[{"taxonomy":"category","embeddable":true,"href":"https:\/\/www.valenciabass.com\/index.php?rest_route=%2Fwp%2Fv2%2Fcategories&post=5487"},{"taxonomy":"post_tag","embeddable":true,"href":"https:\/\/www.valenciabass.com\/index.php?rest_route=%2Fwp%2Fv2%2Ftags&post=5487"}],"curies":[{"name":"wp","href":"https:\/\/api.w.org\/{rel}","templated":true}]}}