{"id":5443,"date":"2014-04-20T22:45:07","date_gmt":"2014-04-20T20:45:07","guid":{"rendered":"http:\/\/www.valenciabass.com\/?p=5443"},"modified":"2014-06-08T13:06:50","modified_gmt":"2014-06-08T11:06:50","slug":"1er-aniversario-armada-porrera","status":"publish","type":"post","link":"https:\/\/www.valenciabass.com\/?p=5443","title":{"rendered":"1er aniversario: Armada Porrera"},"content":{"rendered":"<p>Fue aproximadamente hace un a\u00f1o cuando algunos compa\u00f1eros del club, alentados por los buenos resultados de la <a title=\"III Soner Euro Nitro Cup\" href=\"http:\/\/www.valenciabass.com\/?p=1787\">III Soner Euro Nitro Cup<\/a>, decidieron apuntarse para la siguiente edici\u00f3n y conformar un selecto grupo de WhatsApp que todav\u00eda hoy perdura en el tiempo. Este grupo capitaneado por <em>The Coach<\/em> y administrado por <em>The Guardian<\/em> fue inicialmente apodado la A<em>rmada Invencible<\/em>, pero Arroyo d\u00e1ndole un cariz m\u00e1s realista de lo que pod\u00eda acaecer lo rebautiz\u00f3 como la A<em>rmada Porrera<\/em>.<\/p>\n<p>Nuestro paso por la <a title=\"IV Soner Euro Nitro Cup\" href=\"http:\/\/www.valenciabass.com\/?p=4268\">IV edici\u00f3n de la Euro Nitro<\/a> no hizo m\u00e1s que reafirmar la cohesi\u00f3n del grupo y ampliarlo a <em>hermanos<\/em> sin consanguinidad. Bueno, algunos s\u00ed, pero algo lejana.<\/p>\n<p>La cuesti\u00f3n es que nuestro delegado de festejos oficioso en <em>La Mancha<\/em> vino a bien instaurar el 12 de abril como fecha del <em>1er aniversario de la Armada Porrera<\/em>, y as\u00ed es como esta cr\u00f3nica ve la luz.<\/p>\n<p>Dados los condicionantes familiares-laborales de algunos de los miembros, la armada fue conformada por las siguientes parejas <em>ad hoc<\/em>: El Presi y the Guardian, David y Arroyo, el Mune y Richi, y finalmente Cisco con un servidor.<\/p>\n<p>La predicci\u00f3n meteorol\u00f3gica parec\u00eda que deparaba chubascos, pero afortunadamente no fue as\u00ed.<\/p>\n<p><a href=\"http:\/\/www.valenciabass.com\/wp-content\/uploads\/IMG-20140411-WA0003.480x320.jpg\"><img loading=\"lazy\" decoding=\"async\" class=\"aligncenter size-full wp-image-5470\" alt=\"IMG-20140411-WA0003.480x320\" src=\"http:\/\/www.valenciabass.com\/wp-content\/uploads\/IMG-20140411-WA0003.480x320.jpg\" width=\"480\" height=\"720\" srcset=\"https:\/\/www.valenciabass.com\/wp-content\/uploads\/IMG-20140411-WA0003.480x320.jpg 480w, https:\/\/www.valenciabass.com\/wp-content\/uploads\/IMG-20140411-WA0003.480x320-200x300.jpg 200w, https:\/\/www.valenciabass.com\/wp-content\/uploads\/IMG-20140411-WA0003.480x320-250x375.jpg 250w\" sizes=\"auto, (max-width: 480px) 100vw, 480px\" \/><\/a><\/p>\n<p>Las primeras horas de la ma\u00f1ana Cisco y yo las dedicamos a pescar el r\u00edo por la zona de la isla, sacando un par de buenos peces. El \u00faltimo a crankbait cuando bat\u00edamos orilla.<\/p>\n<p><a href=\"http:\/\/www.valenciabass.com\/wp-content\/uploads\/2014-04-12-09.05.44.640x480.jpg\"><img loading=\"lazy\" decoding=\"async\" class=\"aligncenter size-full wp-image-5446\" alt=\"2014-04-12 09.05.44.640x480\" src=\"http:\/\/www.valenciabass.com\/wp-content\/uploads\/2014-04-12-09.05.44.640x480.jpg\" width=\"640\" height=\"480\" srcset=\"https:\/\/www.valenciabass.com\/wp-content\/uploads\/2014-04-12-09.05.44.640x480.jpg 640w, https:\/\/www.valenciabass.com\/wp-content\/uploads\/2014-04-12-09.05.44.640x480-300x225.jpg 300w, https:\/\/www.valenciabass.com\/wp-content\/uploads\/2014-04-12-09.05.44.640x480-250x187.jpg 250w\" sizes=\"auto, (max-width: 640px) 100vw, 640px\" \/><\/a><\/p>\n<p>Por otra parte, David y Arroyo por el Ral-Prebet\u00f3n sacaban su primer pez de la jornada.<\/p>\n<p><a href=\"http:\/\/www.valenciabass.com\/wp-content\/uploads\/IMG-20140413-WA0003.480x320.jpg\"><img loading=\"lazy\" decoding=\"async\" class=\"aligncenter size-full wp-image-5447\" alt=\"IMG-20140413-WA0003.480x320\" src=\"http:\/\/www.valenciabass.com\/wp-content\/uploads\/IMG-20140413-WA0003.480x320.jpg\" width=\"480\" height=\"853\" srcset=\"https:\/\/www.valenciabass.com\/wp-content\/uploads\/IMG-20140413-WA0003.480x320.jpg 480w, https:\/\/www.valenciabass.com\/wp-content\/uploads\/IMG-20140413-WA0003.480x320-168x300.jpg 168w, https:\/\/www.valenciabass.com\/wp-content\/uploads\/IMG-20140413-WA0003.480x320-250x444.jpg 250w\" sizes=\"auto, (max-width: 480px) 100vw, 480px\" \/><\/a><\/p>\n<p>Como marcan los c\u00e1nones emilianos a las 10h con puntualidad inglesa a almorzar todos juntos en la rampa del Ral.<\/p>\n<p><a href=\"http:\/\/www.valenciabass.com\/wp-content\/uploads\/IMG-20140413-WA0012.640x480.jpg\"><img loading=\"lazy\" decoding=\"async\" class=\"aligncenter size-full wp-image-5450\" alt=\"IMG-20140413-WA0012.640x480\" src=\"http:\/\/www.valenciabass.com\/wp-content\/uploads\/IMG-20140413-WA0012.640x480.jpg\" width=\"640\" height=\"360\" srcset=\"https:\/\/www.valenciabass.com\/wp-content\/uploads\/IMG-20140413-WA0012.640x480.jpg 640w, https:\/\/www.valenciabass.com\/wp-content\/uploads\/IMG-20140413-WA0012.640x480-300x168.jpg 300w, https:\/\/www.valenciabass.com\/wp-content\/uploads\/IMG-20140413-WA0012.640x480-250x140.jpg 250w\" sizes=\"auto, (max-width: 640px) 100vw, 640px\" \/><\/a><\/p>\n<p><a href=\"http:\/\/www.valenciabass.com\/wp-content\/uploads\/IMG-20140413-WA0013.640x480.jpg\"><img loading=\"lazy\" decoding=\"async\" class=\"aligncenter size-full wp-image-5451\" alt=\"IMG-20140413-WA0013.640x480\" src=\"http:\/\/www.valenciabass.com\/wp-content\/uploads\/IMG-20140413-WA0013.640x480.jpg\" width=\"640\" height=\"360\" srcset=\"https:\/\/www.valenciabass.com\/wp-content\/uploads\/IMG-20140413-WA0013.640x480.jpg 640w, https:\/\/www.valenciabass.com\/wp-content\/uploads\/IMG-20140413-WA0013.640x480-300x168.jpg 300w, https:\/\/www.valenciabass.com\/wp-content\/uploads\/IMG-20140413-WA0013.640x480-250x140.jpg 250w\" sizes=\"auto, (max-width: 640px) 100vw, 640px\" \/><\/a><\/p>\n<p><a href=\"http:\/\/www.valenciabass.com\/wp-content\/uploads\/IMG-20140413-WA0006.640x480.jpg\"><img loading=\"lazy\" decoding=\"async\" class=\"aligncenter size-full wp-image-5456\" alt=\"IMG-20140413-WA0006.640x480\" src=\"http:\/\/www.valenciabass.com\/wp-content\/uploads\/IMG-20140413-WA0006.640x480.jpg\" width=\"640\" height=\"360\" srcset=\"https:\/\/www.valenciabass.com\/wp-content\/uploads\/IMG-20140413-WA0006.640x480.jpg 640w, https:\/\/www.valenciabass.com\/wp-content\/uploads\/IMG-20140413-WA0006.640x480-300x168.jpg 300w, https:\/\/www.valenciabass.com\/wp-content\/uploads\/IMG-20140413-WA0006.640x480-250x140.jpg 250w\" sizes=\"auto, (max-width: 640px) 100vw, 640px\" \/><\/a><\/p>\n<p>All\u00ed deleitamos las m\u00edticas <em>pel\u00e1s<\/em> del suegro de Arroyo. Muchas gracias.<\/p>\n<p><a href=\"http:\/\/www.valenciabass.com\/wp-content\/uploads\/2014-04-12-10.10.42.640x480.jpg\"><img loading=\"lazy\" decoding=\"async\" src=\"http:\/\/www.valenciabass.com\/wp-content\/uploads\/2014-04-12-10.10.42.640x480.jpg\" alt=\"2014-04-12 10.10.42.640x480\" width=\"640\" height=\"480\" class=\"aligncenter size-full wp-image-5472\" srcset=\"https:\/\/www.valenciabass.com\/wp-content\/uploads\/2014-04-12-10.10.42.640x480.jpg 640w, https:\/\/www.valenciabass.com\/wp-content\/uploads\/2014-04-12-10.10.42.640x480-300x225.jpg 300w, https:\/\/www.valenciabass.com\/wp-content\/uploads\/2014-04-12-10.10.42.640x480-250x187.jpg 250w\" sizes=\"auto, (max-width: 640px) 100vw, 640px\" \/><\/a><\/p>\n<p>El almuerzo fue r\u00e1pido, pero intenso. Ten\u00edamos ganas de volver a pescar y ver que nos deparaba la ma\u00f1ana.<\/p>\n<p>La mayor\u00eda nos distribuimos por el Ral y Prebeton buscando las reculas propicias paraa la freza y sus entradas. En una de esas estamos pescando sobre una punta con skitter grub y cuando me quiero dar cuenta Cisco corr\u00eda arriba y abajo por el barco con un pepino de m\u00e1s de 2.5kg en la otra punta de la l\u00ednea.<\/p>\n<p><a href=\"http:\/\/www.valenciabass.com\/wp-content\/uploads\/IMG-20140413-WA0017.640x480.jpg\"><img loading=\"lazy\" decoding=\"async\" class=\"aligncenter size-full wp-image-5453\" alt=\"IMG-20140413-WA0017.640x480\" src=\"http:\/\/www.valenciabass.com\/wp-content\/uploads\/IMG-20140413-WA0017.640x480.jpg\" width=\"640\" height=\"480\" srcset=\"https:\/\/www.valenciabass.com\/wp-content\/uploads\/IMG-20140413-WA0017.640x480.jpg 640w, https:\/\/www.valenciabass.com\/wp-content\/uploads\/IMG-20140413-WA0017.640x480-300x225.jpg 300w, https:\/\/www.valenciabass.com\/wp-content\/uploads\/IMG-20140413-WA0017.640x480-250x187.jpg 250w\" sizes=\"auto, (max-width: 640px) 100vw, 640px\" \/><\/a><\/p>\n<p>En la orilla de enfrente estaban David y Arroyo que tampoco fallaban y sacaban sus peces.<\/p>\n<p><a href=\"http:\/\/www.valenciabass.com\/wp-content\/uploads\/IMG-20140413-WA0005.480x320.jpg\"><img loading=\"lazy\" decoding=\"async\" class=\"aligncenter size-full wp-image-5455\" alt=\"IMG-20140413-WA0005.480x320\" src=\"http:\/\/www.valenciabass.com\/wp-content\/uploads\/IMG-20140413-WA0005.480x320.jpg\" width=\"480\" height=\"853\" srcset=\"https:\/\/www.valenciabass.com\/wp-content\/uploads\/IMG-20140413-WA0005.480x320.jpg 480w, https:\/\/www.valenciabass.com\/wp-content\/uploads\/IMG-20140413-WA0005.480x320-168x300.jpg 168w, https:\/\/www.valenciabass.com\/wp-content\/uploads\/IMG-20140413-WA0005.480x320-250x444.jpg 250w\" sizes=\"auto, (max-width: 480px) 100vw, 480px\" \/><\/a><\/p>\n<p><a href=\"http:\/\/www.valenciabass.com\/wp-content\/uploads\/IMG-20140413-WA0004.480x320.jpg\"><img loading=\"lazy\" decoding=\"async\" class=\"aligncenter size-full wp-image-5459\" alt=\"IMG-20140413-WA0004.480x320\" src=\"http:\/\/www.valenciabass.com\/wp-content\/uploads\/IMG-20140413-WA0004.480x320.jpg\" width=\"480\" height=\"853\" srcset=\"https:\/\/www.valenciabass.com\/wp-content\/uploads\/IMG-20140413-WA0004.480x320.jpg 480w, https:\/\/www.valenciabass.com\/wp-content\/uploads\/IMG-20140413-WA0004.480x320-168x300.jpg 168w, https:\/\/www.valenciabass.com\/wp-content\/uploads\/IMG-20140413-WA0004.480x320-250x444.jpg 250w\" sizes=\"auto, (max-width: 480px) 100vw, 480px\" \/><\/a><\/p>\n<p>Mientras tanto, el Mune y Richi, gran conocedores de la zona del r\u00edo dedicaban sus \u00faltimas horas matutinas a pescar sus mejores rincones pre-spawn.<\/p>\n<p><a href=\"http:\/\/www.valenciabass.com\/wp-content\/uploads\/IMG-20140413-WA0010.640x480.jpg\"><img loading=\"lazy\" decoding=\"async\" class=\"aligncenter size-full wp-image-5460\" alt=\"IMG-20140413-WA0010.640x480\" src=\"http:\/\/www.valenciabass.com\/wp-content\/uploads\/IMG-20140413-WA0010.640x480.jpg\" width=\"640\" height=\"480\" srcset=\"https:\/\/www.valenciabass.com\/wp-content\/uploads\/IMG-20140413-WA0010.640x480.jpg 640w, https:\/\/www.valenciabass.com\/wp-content\/uploads\/IMG-20140413-WA0010.640x480-300x225.jpg 300w, https:\/\/www.valenciabass.com\/wp-content\/uploads\/IMG-20140413-WA0010.640x480-250x187.jpg 250w\" sizes=\"auto, (max-width: 640px) 100vw, 640px\" \/><\/a><\/p>\n<p>Richi se encontraba en estado de gracia y Mune quedaba relegado a fot\u00f3grafo de lujo.<\/p>\n<p><a href=\"http:\/\/www.valenciabass.com\/wp-content\/uploads\/IMG-20140413-WA0011.480x320.jpg\"><img loading=\"lazy\" decoding=\"async\" class=\"aligncenter size-full wp-image-5461\" alt=\"IMG-20140413-WA0011.480x320\" src=\"http:\/\/www.valenciabass.com\/wp-content\/uploads\/IMG-20140413-WA0011.480x320.jpg\" width=\"480\" height=\"640\" srcset=\"https:\/\/www.valenciabass.com\/wp-content\/uploads\/IMG-20140413-WA0011.480x320.jpg 480w, https:\/\/www.valenciabass.com\/wp-content\/uploads\/IMG-20140413-WA0011.480x320-225x300.jpg 225w, https:\/\/www.valenciabass.com\/wp-content\/uploads\/IMG-20140413-WA0011.480x320-250x333.jpg 250w\" sizes=\"auto, (max-width: 480px) 100vw, 480px\" \/><\/a><\/p>\n<p>La \u00faltima media hora antes de comer tuve la suerte de sacar dos peces de m\u00e1s de 2kg en los tocones del Ral pescando con skitter-grub.<\/p>\n<p><a href=\"http:\/\/www.valenciabass.com\/wp-content\/uploads\/2014-04-12-14.15.16.640x480.jpg\"><img loading=\"lazy\" decoding=\"async\" class=\"aligncenter size-full wp-image-5463\" alt=\"2014-04-12 14.15.16.640x480\" src=\"http:\/\/www.valenciabass.com\/wp-content\/uploads\/2014-04-12-14.15.16.640x480.jpg\" width=\"640\" height=\"480\" srcset=\"https:\/\/www.valenciabass.com\/wp-content\/uploads\/2014-04-12-14.15.16.640x480.jpg 640w, https:\/\/www.valenciabass.com\/wp-content\/uploads\/2014-04-12-14.15.16.640x480-300x225.jpg 300w, https:\/\/www.valenciabass.com\/wp-content\/uploads\/2014-04-12-14.15.16.640x480-250x187.jpg 250w\" sizes=\"auto, (max-width: 640px) 100vw, 640px\" \/><\/a><\/p>\n<p>Este segundo fue un regalo involuntario de Cisco, que tras apuntar donde podr\u00eda esconderse un buen pez tuvo la mala suerte de enganchar su se\u00f1uelo.<\/p>\n<p><a href=\"http:\/\/www.valenciabass.com\/wp-content\/uploads\/2014-04-12-14.21.27.640x480.jpg\"><img loading=\"lazy\" decoding=\"async\" class=\"aligncenter size-full wp-image-5462\" alt=\"2014-04-12 14.21.27.640x480\" src=\"http:\/\/www.valenciabass.com\/wp-content\/uploads\/2014-04-12-14.21.27.640x480.jpg\" width=\"640\" height=\"480\" srcset=\"https:\/\/www.valenciabass.com\/wp-content\/uploads\/2014-04-12-14.21.27.640x480.jpg 640w, https:\/\/www.valenciabass.com\/wp-content\/uploads\/2014-04-12-14.21.27.640x480-300x225.jpg 300w, https:\/\/www.valenciabass.com\/wp-content\/uploads\/2014-04-12-14.21.27.640x480-250x187.jpg 250w\" sizes=\"auto, (max-width: 640px) 100vw, 640px\" \/><\/a><\/p>\n<p>Como podr\u00e1 observar el avezado observador, son peces diferentes \ud83d\ude42<\/p>\n<p>Quedamos a comer en el pantal\u00e1n del pueblo de Cortes para dejar amarrados nuestros barcos c\u00f3modamente. Cuando llegamos, Emilio ya hab\u00eda hecho una <a title=\"Lucio Jamonero 2013 en Contreras\" href=\"http:\/\/www.valenciabass.com\/?p=4683\">actuaci\u00f3n de terraza de verano<\/a>: un tablero, unos caballetes, unas sillas de pla\u015btico y la furgoneta que hac\u00eda de paravientos, conformaban un restaurante estrella Michel\u00edn al aire libre bajo los pinos.<\/p>\n<p>El men\u00fa const\u00f3 de un plato principal compuesto por los manjares culinarios de cada casa, hab\u00eda pistos t\u00edpicos valencianos, pasando por tortilla de esp\u00e1rragos y lomo adobado iba\u00f1enses, as\u00ed como quich\u00e9 y empanada de tomate gracias a la mujer de David, y otras cosas que no acierto a recordar. El maridaje tambi\u00e9n corri\u00f3 a manos manchegas, m\u00e1s concretamente de bodegas centenarias ubicadas en Casas Iba\u00f1ez. Tengo que reconocer que ante tal espect\u00e1culo gastron\u00f3mico algunos entramos en modo visi\u00f3n t\u00fanel y el 112 estuvo pre-marcado en caso de necesidad.<\/p>\n<p>Pasamos directamente al postre con algunas frutas de temporada que no tuvieron mucho \u00e9xito dado que la sidra y los dulces ya inundaban la mesa.<\/p>\n<p>Por \u00faltimo, ronda de gin-tonics, o en su defecto, chupitos de crema de orujo (o ambos) a la salud del Chincheta que se encontraba en esos momentos pescando con F\u00e9lix en Orellana.<\/p>\n<p><a href=\"http:\/\/www.valenciabass.com\/wp-content\/uploads\/IMG-20140420-WA0003.640x4801.jpg\"><img loading=\"lazy\" decoding=\"async\" class=\"aligncenter size-full wp-image-5465\" alt=\"IMG-20140420-WA0003.640x480\" src=\"http:\/\/www.valenciabass.com\/wp-content\/uploads\/IMG-20140420-WA0003.640x4801.jpg\" width=\"640\" height=\"480\" srcset=\"https:\/\/www.valenciabass.com\/wp-content\/uploads\/IMG-20140420-WA0003.640x4801.jpg 640w, https:\/\/www.valenciabass.com\/wp-content\/uploads\/IMG-20140420-WA0003.640x4801-300x225.jpg 300w, https:\/\/www.valenciabass.com\/wp-content\/uploads\/IMG-20140420-WA0003.640x4801-250x187.jpg 250w\" sizes=\"auto, (max-width: 640px) 100vw, 640px\" \/><\/a><\/p>\n<p>La tertulia relajada se alarg\u00f3 sin prisas por volver al embalse y pasadas las 17h vinimos a bien volver a nuestros barcos para rematar la jornada.<\/p>\n<p>El primero en desquitarse fue nuestro presi que viendo sobrevolar la porra sobre su cabeza tir\u00f3 de experiencia para sobreponerse. Muy buen pez.<\/p>\n<p><a href=\"http:\/\/www.valenciabass.com\/wp-content\/uploads\/IMG-20140414-WA0005.640x480.jpg\"><img loading=\"lazy\" decoding=\"async\" class=\"aligncenter size-full wp-image-5466\" alt=\"IMG-20140414-WA0005.640x480\" src=\"http:\/\/www.valenciabass.com\/wp-content\/uploads\/IMG-20140414-WA0005.640x480.jpg\" width=\"640\" height=\"480\" srcset=\"https:\/\/www.valenciabass.com\/wp-content\/uploads\/IMG-20140414-WA0005.640x480.jpg 640w, https:\/\/www.valenciabass.com\/wp-content\/uploads\/IMG-20140414-WA0005.640x480-300x225.jpg 300w, https:\/\/www.valenciabass.com\/wp-content\/uploads\/IMG-20140414-WA0005.640x480-250x187.jpg 250w\" sizes=\"auto, (max-width: 640px) 100vw, 640px\" \/><\/a><\/p>\n<p>A Richi los gin-tonics no le hab\u00edan hecho aflojar la marcha y desped\u00eda la jornada con otro buen pez.<\/p>\n<p><a href=\"http:\/\/www.valenciabass.com\/wp-content\/uploads\/IMG-20140413-WA0009.480x320.jpg\"><img loading=\"lazy\" decoding=\"async\" class=\"aligncenter size-full wp-image-5467\" alt=\"IMG-20140413-WA0009.480x320\" src=\"http:\/\/www.valenciabass.com\/wp-content\/uploads\/IMG-20140413-WA0009.480x320.jpg\" width=\"480\" height=\"640\" srcset=\"https:\/\/www.valenciabass.com\/wp-content\/uploads\/IMG-20140413-WA0009.480x320.jpg 480w, https:\/\/www.valenciabass.com\/wp-content\/uploads\/IMG-20140413-WA0009.480x320-225x300.jpg 225w, https:\/\/www.valenciabass.com\/wp-content\/uploads\/IMG-20140413-WA0009.480x320-250x333.jpg 250w\" sizes=\"auto, (max-width: 480px) 100vw, 480px\" \/><\/a><\/p>\n<p>Y como no, ya entre dos luces, Cisco a manos de su Saint-Croix montada con un jig sacaba el \u00faltimo pez de la jornada.<\/p>\n<p><a href=\"http:\/\/www.valenciabass.com\/wp-content\/uploads\/IMG-20140420-WA0002.640x480.jpg\"><img loading=\"lazy\" decoding=\"async\" class=\"aligncenter size-full wp-image-5468\" alt=\"IMG-20140420-WA0002.640x480\" src=\"http:\/\/www.valenciabass.com\/wp-content\/uploads\/IMG-20140420-WA0002.640x480.jpg\" width=\"640\" height=\"480\" srcset=\"https:\/\/www.valenciabass.com\/wp-content\/uploads\/IMG-20140420-WA0002.640x480.jpg 640w, https:\/\/www.valenciabass.com\/wp-content\/uploads\/IMG-20140420-WA0002.640x480-300x225.jpg 300w, https:\/\/www.valenciabass.com\/wp-content\/uploads\/IMG-20140420-WA0002.640x480-250x187.jpg 250w\" sizes=\"auto, (max-width: 640px) 100vw, 640px\" \/><\/a><\/p>\n<p>Sin duda, una jornada de compa\u00f1erismo para el recuerdo, y m\u00e1s concretamente en mi caso, un placer volver a compartir una jornada de pesca con el KVD de Massamagrell.<\/p>\n","protected":false},"excerpt":{"rendered":"<p>Fue aproximadamente hace un a\u00f1o cuando algunos compa\u00f1eros del club, alentados por los buenos resultados de la III Soner Euro Nitro Cup, decidieron apuntarse para la siguiente edici\u00f3n y conformar un selecto grupo de WhatsApp que todav\u00eda hoy perdura en <span class=\"excerpt-dots\">&hellip;<\/span> <a class=\"more-link\" href=\"https:\/\/www.valenciabass.com\/?p=5443\"><span class=\"more-msg\">Sigue leyendo &rarr;<\/span><\/a><\/p>\n","protected":false},"author":2,"featured_media":5458,"comment_status":"closed","ping_status":"closed","sticky":false,"template":"","format":"standard","meta":{"_monsterinsights_skip_tracking":false,"_monsterinsights_sitenote_active":false,"_monsterinsights_sitenote_note":"","_monsterinsights_sitenote_category":0,"ngg_post_thumbnail":0,"footnotes":""},"categories":[36,26,35,6],"tags":[],"class_list":["post-5443","post","type-post","status-publish","format-standard","has-post-thumbnail","hentry","category-cortes","category-cronicas","category-escenario","category-salidas"],"_links":{"self":[{"href":"https:\/\/www.valenciabass.com\/index.php?rest_route=\/wp\/v2\/posts\/5443","targetHints":{"allow":["GET"]}}],"collection":[{"href":"https:\/\/www.valenciabass.com\/index.php?rest_route=\/wp\/v2\/posts"}],"about":[{"href":"https:\/\/www.valenciabass.com\/index.php?rest_route=\/wp\/v2\/types\/post"}],"author":[{"embeddable":true,"href":"https:\/\/www.valenciabass.com\/index.php?rest_route=\/wp\/v2\/users\/2"}],"replies":[{"embeddable":true,"href":"https:\/\/www.valenciabass.com\/index.php?rest_route=%2Fwp%2Fv2%2Fcomments&post=5443"}],"version-history":[{"count":7,"href":"https:\/\/www.valenciabass.com\/index.php?rest_route=\/wp\/v2\/posts\/5443\/revisions"}],"predecessor-version":[{"id":5473,"href":"https:\/\/www.valenciabass.com\/index.php?rest_route=\/wp\/v2\/posts\/5443\/revisions\/5473"}],"wp:featuredmedia":[{"embeddable":true,"href":"https:\/\/www.valenciabass.com\/index.php?rest_route=\/wp\/v2\/media\/5458"}],"wp:attachment":[{"href":"https:\/\/www.valenciabass.com\/index.php?rest_route=%2Fwp%2Fv2%2Fmedia&parent=5443"}],"wp:term":[{"taxonomy":"category","embeddable":true,"href":"https:\/\/www.valenciabass.com\/index.php?rest_route=%2Fwp%2Fv2%2Fcategories&post=5443"},{"taxonomy":"post_tag","embeddable":true,"href":"https:\/\/www.valenciabass.com\/index.php?rest_route=%2Fwp%2Fv2%2Ftags&post=5443"}],"curies":[{"name":"wp","href":"https:\/\/api.w.org\/{rel}","templated":true}]}}