{"id":5338,"date":"2014-03-22T00:53:53","date_gmt":"2014-03-21T23:53:53","guid":{"rendered":"http:\/\/www.valenciabass.com\/?p=5338"},"modified":"2014-03-22T00:57:36","modified_gmt":"2014-03-21T23:57:36","slug":"el-valencia-bass-en-la-asamblea-de-la-aebass","status":"publish","type":"post","link":"https:\/\/www.valenciabass.com\/?p=5338","title":{"rendered":"En la asamblea de la AEBass"},"content":{"rendered":"<p>El pasado s\u00e1bado 15 de marzo en plena efervescencia fallera me desplac\u00e9 en compa\u00f1\u00eda de Fernan y Rafa (amigo de Fernan) al municipio de Saucedilla (C\u00e1ceres) donde se celebraba la asamblea de la <a href=\"http:\/\/www.aebass.es\" title=\"AEBass\" target=\"_blank\">AEBass<\/a>. <\/p>\n<p>La idea era pasar unos d\u00edas pescando en Extremadura, m\u00e1s concretamente en Sierra Brava, y la asamblea de la AEBass era la primera parada obligatoria. As\u00ed que involuntariamente actu\u00e9 de representante del club en la asamblea de la AEBass. Asociaci\u00f3n que protege al black-bass all\u00ed donde se encuentre y a la cual <a href=\"http:\/\/www.valenciabass.com\/?page_id=748\" title=\"\u00bfPor qu\u00e9 somos de la AEBass?\">todos nuestros socios est\u00e1n afiliados<\/a>.<\/p>\n<p><a href=\"http:\/\/www.valenciabass.com\/wp-content\/uploads\/2014-03-15-15.46.27.640x480.jpg\"><img loading=\"lazy\" decoding=\"async\" src=\"http:\/\/www.valenciabass.com\/wp-content\/uploads\/2014-03-15-15.46.27.640x480.jpg\" alt=\"2014-03-15 15.46.27.640x480\" width=\"640\" height=\"480\" class=\"aligncenter size-full wp-image-5341\" srcset=\"https:\/\/www.valenciabass.com\/wp-content\/uploads\/2014-03-15-15.46.27.640x480.jpg 640w, https:\/\/www.valenciabass.com\/wp-content\/uploads\/2014-03-15-15.46.27.640x480-300x225.jpg 300w, https:\/\/www.valenciabass.com\/wp-content\/uploads\/2014-03-15-15.46.27.640x480-250x187.jpg 250w\" sizes=\"auto, (max-width: 640px) 100vw, 640px\" \/><\/a><\/p>\n<p>La asamblea daba comienzo a las 16:00h en el pabell\u00f3n polideportivo de Saucedilla con la asamblea extraordinaria que ser\u00eda seguida por la asamblea ordinaria a las 16:30h.<\/p>\n<p>La asamblea extraordinaria estuvo destinada a la creaci\u00f3n de la junta electoral para la pr\u00f3xima convocatoria de elecciones para la creaci\u00f3n de la pr\u00f3xima Junta Directiva de la AEBass. Jes\u00fas Exp\u00f3sito expres\u00f3 su voluntad de volver a presentarse como presidente, si no hab\u00eda una candidatura alternativa. Desde estas l\u00edneas, me gustar\u00eda animaros a que particip\u00e9is activamente en la AEBass en la medida que os sea posible.<\/p>\n<p>Tras la asamblea extraordinaria, vendr\u00eda la asamblea ordinaria donde Jes\u00fas describi\u00f3 con detalle las actuaciones de la AEBass y el informe econ\u00f3mico de la asociaci\u00f3n. A continuaci\u00f3n os resumo brevemente las actuaciones m\u00e1s importantes de la AEBass:<\/p>\n<ul>\n<li>Hay un nuevo real decreto de 2013 que reemplaza el de captura y muerte de 2011. El nuevo real decreto dice que se pueden devolver al agua todas aquellas especies ex\u00f3ticas capturadas que ya exist\u00edan en el medio en el que fueron capturadas antes del 13 de diciembre de 2007.<\/li>\n<p><\/p>\n<li>La interpretaci\u00f3n del nuevo real decreto por las Comunidades Aut\u00f3nomas para elaborar sus \u00f3rdenes de vedas correspondientes ha sido en la mayor\u00eda de casos de captura y muerte. La AEBass ha recurrido las \u00f3rdenes de veda por cada comunidad aut\u00f3noma para evitar su puesta en marcha.<\/li>\n<p><\/p>\n<li>Una vez bien interpretado este nuevo real decreto, \u00e9ste implica que cada Comunidad Aut\u00f3noma debe realizar un mapa de distribuci\u00f3n geogr\u00e1fica de especies ex\u00f3ticas que exist\u00edan en sus aguas antes del 13 de diciembre de 2007. La AEBass est\u00e1 aportando documentaci\u00f3n justificativa a las Comunidades Aut\u00f3nomas para ayudar en la elaboraci\u00f3n de dicho mapa de distribuci\u00f3n geogr\u00e1fica del bass.<\/li>\n<p><\/p>\n<li>En el momento de celebraci\u00f3n de la asamblea de la AEBass, la orden de veda de la Comunidad Valenciana exig\u00eda sacrificar todos los basses fuera de competiciones oficiales y acotados, y estaba pendiente de resoluci\u00f3n el recurso que hab\u00eda interpuesto a esta orden de vedas la AEBass. Desafortunadamente, cuando escribo estas l\u00edneas, la <a href=\"http:\/\/www.valenciabass.com\/wp-content\/uploads\/OrdenVedasComunidadValenciana2014.pdf\">orden de vedas de la Comunidad Valenciana de 2014<\/a> se ha publicado y ha hecho caso omiso al recurso de la AEBass exigiendo el sacrificio del black-bass fuera de competiciones y acotados. S\u00f3lo queda la opci\u00f3n de un recurso judicial a esta orden de vedas.<\/li>\n<p><\/p>\n<li>El presupuesto de la AEBass en 2014 ha sido destinado en su mayor\u00eda a acciones judiciales para recurrir las ordenes de vedas de las diferentes Comunidades Aut\u00f3nomas, no pudiendo destinar fondos a otras actividades de promoci\u00f3n de la pesca del black-bass.<\/li>\n<p><\/p>\n<li>La cuota de la AEBass en 2014 se mantiene en 15 euros.<\/li>\n<p><\/p>\n<li>Por mi parte, como ya hizo Vicente Mascarell, hice hincapi\u00e9 en la necesidad de convencer a la Juntas Directivas de los clubes de pesca de bass de la necesidad de que afilien a todos sus socios a la AEBass, y evitar de estas forma situaciones personalmente decepcionantes como son el caso del Bassmaster Alberic y Bass Utiel que abandonaron la AEBass en 2013.<\/li>\n<ul>\n<br \/>\n<a href=\"http:\/\/www.valenciabass.com\/wp-content\/uploads\/2014-03-15-18.32.59.640x480.jpg\"><img loading=\"lazy\" decoding=\"async\" src=\"http:\/\/www.valenciabass.com\/wp-content\/uploads\/2014-03-15-18.32.59.640x480.jpg\" alt=\"2014-03-15 18.32.59.640x480\" width=\"640\" height=\"480\" class=\"aligncenter size-full wp-image-5348\" srcset=\"https:\/\/www.valenciabass.com\/wp-content\/uploads\/2014-03-15-18.32.59.640x480.jpg 640w, https:\/\/www.valenciabass.com\/wp-content\/uploads\/2014-03-15-18.32.59.640x480-300x225.jpg 300w, https:\/\/www.valenciabass.com\/wp-content\/uploads\/2014-03-15-18.32.59.640x480-250x187.jpg 250w\" sizes=\"auto, (max-width: 640px) 100vw, 640px\" \/><\/a><\/p>\n<p>Esto es un resumen de la asamblea de la AEBass que dur\u00f3 hasta las 21h, es decir, casi 5 horas de asamblea. Desde estas l\u00edneas me gustar\u00eda mostrar mi profundo agradecimiento a la Junta Directiva de la AEBass con Jes\u00fas Exp\u00f3sito a su cabeza por el gran esfuerzo desarrollado durante el \u00faltimo a\u00f1o en la protecci\u00f3n del black-bass, trabajando duramente para que podamos seguir disfrutando de nuestra afici\u00f3n. <\/p>\n<p>S\u00f3lo me atrever\u00eda a realizar una sugerencia a la organizaci\u00f3n de la asamblea: por favor, m\u00e1s concisi\u00f3n en la presentaci\u00f3n de actuaciones realizadas por la AEBass, para as\u00ed dejar m\u00e1s tiempo a la discusi\u00f3n sobre c\u00f3mo atraer m\u00e1s socios y recursos a esta asociaci\u00f3n que se est\u00e1 dejando la piel (y algunos la salud) para que otros podamos devolver al agua nuestro querido black-bass sin ser considerados delincuentes.<\/p>\n<p>Si est\u00e1s interesado en afiliarte a la AEBass, puedes hacerlo a trav\u00e9s de <a href=\"http:\/\/www.aebass.es\" title=\"AEBass\">su nueva p\u00e1gina web<\/a>.<\/p>\n<p>Un abrazo.<\/p>\n","protected":false},"excerpt":{"rendered":"<p>El pasado s\u00e1bado 15 de marzo en plena efervescencia fallera me desplac\u00e9 en compa\u00f1\u00eda de Fernan y Rafa (amigo de Fernan) al municipio de Saucedilla (C\u00e1ceres) donde se celebraba la asamblea de la AEBass. La idea era pasar unos d\u00edas <span class=\"excerpt-dots\">&hellip;<\/span> <a class=\"more-link\" href=\"https:\/\/www.valenciabass.com\/?p=5338\"><span class=\"more-msg\">Sigue leyendo &rarr;<\/span><\/a><\/p>\n","protected":false},"author":2,"featured_media":5350,"comment_status":"closed","ping_status":"closed","sticky":false,"template":"","format":"standard","meta":{"_monsterinsights_skip_tracking":false,"_monsterinsights_sitenote_active":false,"_monsterinsights_sitenote_note":"","_monsterinsights_sitenote_category":0,"ngg_post_thumbnail":0,"footnotes":""},"categories":[1,18],"tags":[],"class_list":["post-5338","post","type-post","status-publish","format-standard","has-post-thumbnail","hentry","category-noticias","category-noticias-general"],"_links":{"self":[{"href":"https:\/\/www.valenciabass.com\/index.php?rest_route=\/wp\/v2\/posts\/5338","targetHints":{"allow":["GET"]}}],"collection":[{"href":"https:\/\/www.valenciabass.com\/index.php?rest_route=\/wp\/v2\/posts"}],"about":[{"href":"https:\/\/www.valenciabass.com\/index.php?rest_route=\/wp\/v2\/types\/post"}],"author":[{"embeddable":true,"href":"https:\/\/www.valenciabass.com\/index.php?rest_route=\/wp\/v2\/users\/2"}],"replies":[{"embeddable":true,"href":"https:\/\/www.valenciabass.com\/index.php?rest_route=%2Fwp%2Fv2%2Fcomments&post=5338"}],"version-history":[{"count":13,"href":"https:\/\/www.valenciabass.com\/index.php?rest_route=\/wp\/v2\/posts\/5338\/revisions"}],"predecessor-version":[{"id":5356,"href":"https:\/\/www.valenciabass.com\/index.php?rest_route=\/wp\/v2\/posts\/5338\/revisions\/5356"}],"wp:featuredmedia":[{"embeddable":true,"href":"https:\/\/www.valenciabass.com\/index.php?rest_route=\/wp\/v2\/media\/5350"}],"wp:attachment":[{"href":"https:\/\/www.valenciabass.com\/index.php?rest_route=%2Fwp%2Fv2%2Fmedia&parent=5338"}],"wp:term":[{"taxonomy":"category","embeddable":true,"href":"https:\/\/www.valenciabass.com\/index.php?rest_route=%2Fwp%2Fv2%2Fcategories&post=5338"},{"taxonomy":"post_tag","embeddable":true,"href":"https:\/\/www.valenciabass.com\/index.php?rest_route=%2Fwp%2Fv2%2Ftags&post=5338"}],"curies":[{"name":"wp","href":"https:\/\/api.w.org\/{rel}","templated":true}]}}