{"id":5215,"date":"2014-06-11T23:17:23","date_gmt":"2014-06-11T21:17:23","guid":{"rendered":"http:\/\/www.valenciabass.com\/?p=5215"},"modified":"2014-06-11T23:17:23","modified_gmt":"2014-06-11T21:17:23","slug":"un-dia-de-pesca-tras-el-barbo","status":"publish","type":"post","link":"https:\/\/www.valenciabass.com\/?p=5215","title":{"rendered":"Un d\u00eda de pesca tras el barbo"},"content":{"rendered":"<p>Eran las 7:00 de la ma\u00f1ana cuando sonaba el despertador y no sab\u00eda si levantarme, o dar media vuelta y seguir al abrigo de las mantas. La verdad es que cuando el invierno aprieta cuesta empezar la jornada de pesca, s\u00f3lo la gran afici\u00f3n\/pasi\u00f3n que tenemos, nos empuja a creer que el tremendo pez de nuestros sue\u00f1os nos estar\u00e1 esperando en el r\u00edo. Aunque est\u00e9n cayendo chuzos de punta, me levant\u00e9 con esa ilusi\u00f3n para ir donde hab\u00eda quedado con Paco Esteban, Paco Tu\u00e9jar para los amigos.<\/p>\n<p>Quedamos en el bar y como la temperatura exterior era apenas de 3 grados, decidimos ir calentando motores con un buen almuerzo y dejar que el sol subiera algo m\u00e1s en el horizonte, porque con el sol bajo se crean inc\u00f3modos reflejos en el agua que no permiten ver bien a tan esquivo pez.<\/p>\n<p>Eran ya eso de las 10:00 de la ma\u00f1ana cuando habi\u00e9ndonos echado todo tipo de risas, an\u00e9cdotas y tonter\u00edas varias, decidimos ponernos por fin el traje de luces para entrar en el agua. <\/p>\n<p>Paco amablemente me dijo que me metiera yo en una parte del r\u00edo que los dos consideramos mejor, porque esta algo mas despejada de ramaje y ofrece muchas m\u00e1s posturas para los barbos. Pues \u00e9l ya hab\u00eda salido a pescar barbo varias veces las semanas anteriores y yo no lo hab\u00eda podido acompa\u00f1ar. <\/p>\n<p>Como no pod\u00eda ser de otra manera, nada m\u00e1s poner un pie en el r\u00edo un barbo sal\u00eda a toda velocidad despavorido, al no haberlo visto. Es incre\u00edble como se mimetizan con el fondo, teniendo que poner gran atenci\u00f3n, incluso a veces, tener que estar parados en una buena postura observando un rato hasta que se mueven un poco para detectarlos. A este ya no lo podr\u00eda enga\u00f1ar, as\u00ed que tendr\u00eda que seguir r\u00edo arriba para intentar coger a otro desprevenido. <\/p>\n<p>Cosa que no tard\u00f3 mucho en pasar, poco m\u00e1s arriba me encontr\u00e9, al abrigo que una piedra les proporcionaba de la corriente, una pareja de barbos preciosos. Con mucho cuidado me coloqu\u00e9 a unos 3 metros de ellos, la \u00ab<em>San Juan<\/em>\u00bb estaba preparada y si hac\u00eda un buen lance me podr\u00eda resarcir de la metedura de pata anterior. <\/p>\n<p>Haciendo un par de falsos lances pos\u00e9 la mosca en el agua de forma bastante sutil, lo cual no hizo sospechar del enga\u00f1o a los barbos. Desgraciadamente para mis intenciones el lance me queda demasiado vertical y en cuando la mosca empieza a derivar por la corriente, la l\u00ednea roza el lomo de uno de ellos y en un abrir y cerrar de ojos, los barbos desaparecen corriente arriba buscando la protecci\u00f3n de las ca\u00f1as de la orilla de enfrente, de nuevo me dan una lecci\u00f3n de como no hacer las cosas. <\/p>\n<p>Al poco mi amigo Paco aparece por la zona de pesca y comenzamos una conversaci\u00f3n:<\/p>\n<blockquote>\n<ul>\n<li>\u00bfQu\u00e9 tal compa\u00f1ero, como va?<\/li>\n<li>Pues de momento no he pillado ninguno, \u00bfy t\u00fa, que tal?<\/li>\n<li>Pues yo si he pillado uno.<\/li>\n<li>Eres una m\u00e1quina, \u00bfc\u00f3mo te ha entrado?<\/li>\n<\/ul>\n<\/blockquote>\n<p>El amigo Paco empieza a contarme el lance. Como ten\u00eda unos cuantos barbos en la orilla de enfrente, utilizando una <em>ninfita<\/em> de pelo de oreja de liebre en color marr\u00f3n. Se la puso delante a un par de metros del grupo y cuando lleg\u00f3 a la altura de los mismos, uno de ellos no pudo resistirse al manjar y la tomo ingenuamente. La clavada y la carrera r\u00edo arriba fue todo uno. Tras unos primeros momentos algo tensos porque el barbo busca desesperadamente las ramas y las ca\u00f1as, Paco Esteban empieza a hacerse due\u00f1o de la situaci\u00f3n a la vez que el barbo empieza a perder la batalla. No sin dar alguna \u00faltima carrera que saca unos cuantos metros de l\u00ednea y finalmente acaba en la sacadera. Foto y al agua, como no pod\u00eda ser de otra manera, tras la noble lucha que hemos tenido con \u00e9l.<\/p>\n<p><a href=\"http:\/\/www.valenciabass.com\/wp-content\/uploads\/IMG-20140610-WA0018.480x320.jpg\"><img loading=\"lazy\" decoding=\"async\" src=\"http:\/\/www.valenciabass.com\/wp-content\/uploads\/IMG-20140610-WA0018.480x320.jpg\" alt=\"IMG-20140610-WA0018.480x320\" width=\"480\" height=\"640\" class=\"aligncenter size-full wp-image-5902\" srcset=\"https:\/\/www.valenciabass.com\/wp-content\/uploads\/IMG-20140610-WA0018.480x320.jpg 480w, https:\/\/www.valenciabass.com\/wp-content\/uploads\/IMG-20140610-WA0018.480x320-225x300.jpg 225w, https:\/\/www.valenciabass.com\/wp-content\/uploads\/IMG-20140610-WA0018.480x320-250x333.jpg 250w\" sizes=\"auto, (max-width: 480px) 100vw, 480px\" \/><\/a><\/p>\n<p>Continuamos con la pesca y unos minutos despu\u00e9s del relato de Paco, cuando Paco todav\u00eda estaba a mi lado, se me presenta otra ocasi\u00f3n. Le hago una se\u00f1al a mi compa\u00f1ero indic\u00e1ndole que he visto un grupo de 4 barbos, que parec\u00eda que se hab\u00edan acercado a escuchar el relato de la captura de Paco. Entonces aprovecha para sacar la c\u00e1mara de v\u00eddeo que lleva y ponerse a grabarme. <\/p>\n<p>Esta vez me encontraba en una posici\u00f3n ventajosa, porque los ten\u00eda algo ladeados, con lo cual la l\u00ednea no los espantar\u00eda. Tras el relato de Paco, no dud\u00e9 en quitar la \u00ab<em>San Juan<\/em>\u00bb y poner una ninfa de ef\u00e9mera en color marr\u00f3n. Hago un par de falsos lances de manera algo forzada, porque justo detr\u00e1s tengo unos juncos que no me dejan lanzar libremente y poso la ninfa a tres metros ellos. Tras 2 segundos de tensi\u00f3n, de repente veo uno de ellos ladearse extra\u00f1amente y noto un par\u00f3n seco en la deriva de la mosca. \u00a1Ya est\u00e1!, me hab\u00eda cogido la ninfa y clavo. Es un buen barbo, muy potente y hace una carrera r\u00edo arriba que me resulta imposible detener. Salen unos 15 metros de l\u00ednea, cuando ya empiezo a lograr detenerlo, para lo cual me ayuda una roca en la que el barbo se ha quedado a rebufo. Tenso la ca\u00f1a y empiezo a traerlo hacia mi, no sin tener que frenar alguna carrera mas intentando meterse en los arbustos del r\u00edo. Finalmente lo tengo al lado, cojo la sacadera y salabro: \u00a1Tomaaaa! Le choco la mano a mi compa\u00f1ero disfrutando del momento, y tras la foto mi contrincante va directo al agua.<\/p>\n<p><a href=\"http:\/\/www.valenciabass.com\/wp-content\/uploads\/IMG-20140610-WA00145.jpg\"><img loading=\"lazy\" decoding=\"async\" src=\"http:\/\/www.valenciabass.com\/wp-content\/uploads\/IMG-20140610-WA00145.jpg\" alt=\"IMG-20140610-WA00145\" width=\"640\" height=\"427\" class=\"aligncenter size-full wp-image-5903\" srcset=\"https:\/\/www.valenciabass.com\/wp-content\/uploads\/IMG-20140610-WA00145.jpg 640w, https:\/\/www.valenciabass.com\/wp-content\/uploads\/IMG-20140610-WA00145-300x200.jpg 300w, https:\/\/www.valenciabass.com\/wp-content\/uploads\/IMG-20140610-WA00145-250x166.jpg 250w\" sizes=\"auto, (max-width: 640px) 100vw, 640px\" \/><\/a><\/p>\n<p>Seguimos pescando r\u00edo arriba. Al rato de estar buscando en las posturas que cre\u00eda que pod\u00edan estar comiendo, escucho que me llama mi compa\u00f1ero con otro barbo en la sacadera. Una buena pieza por lo que veo desde la lejan\u00eda. Le saludo y sigo a lo m\u00edo sin tener buenos resultados.<\/p>\n<p><a href=\"http:\/\/www.valenciabass.com\/wp-content\/uploads\/IMG-20140610-WA0019.640x480.jpg\"><img loading=\"lazy\" decoding=\"async\" src=\"http:\/\/www.valenciabass.com\/wp-content\/uploads\/IMG-20140610-WA0019.640x480.jpg\" alt=\"IMG-20140610-WA0019.640x480\" width=\"640\" height=\"480\" class=\"aligncenter size-full wp-image-5905\" srcset=\"https:\/\/www.valenciabass.com\/wp-content\/uploads\/IMG-20140610-WA0019.640x480.jpg 640w, https:\/\/www.valenciabass.com\/wp-content\/uploads\/IMG-20140610-WA0019.640x480-300x225.jpg 300w, https:\/\/www.valenciabass.com\/wp-content\/uploads\/IMG-20140610-WA0019.640x480-250x187.jpg 250w\" sizes=\"auto, (max-width: 640px) 100vw, 640px\" \/><\/a><\/p>\n<p>Al rato se acerca Paco Esteban cont\u00e1ndome que despu\u00e9s de lo que me hab\u00eda contado, todav\u00eda hab\u00eda conseguido clavar otro. Mientras charlamos yo consigo enga\u00f1ar mi segundo barbo de la jornada, que ser\u00eda tambi\u00e9n el \u00faltimo. <\/p>\n<p><a href=\"http:\/\/www.valenciabass.com\/wp-content\/uploads\/IMG-20140610-WA0017.640x480.jpg\"><img loading=\"lazy\" decoding=\"async\" src=\"http:\/\/www.valenciabass.com\/wp-content\/uploads\/IMG-20140610-WA0017.640x480.jpg\" alt=\"IMG-20140610-WA0017.640x480\" width=\"640\" height=\"480\" class=\"aligncenter size-full wp-image-5907\" srcset=\"https:\/\/www.valenciabass.com\/wp-content\/uploads\/IMG-20140610-WA0017.640x480.jpg 640w, https:\/\/www.valenciabass.com\/wp-content\/uploads\/IMG-20140610-WA0017.640x480-300x225.jpg 300w, https:\/\/www.valenciabass.com\/wp-content\/uploads\/IMG-20140610-WA0017.640x480-250x187.jpg 250w\" sizes=\"auto, (max-width: 640px) 100vw, 640px\" \/><\/a><\/p>\n<p><a href=\"http:\/\/www.valenciabass.com\/wp-content\/uploads\/IMG-20140610-WA0013.480x320.jpg\"><img loading=\"lazy\" decoding=\"async\" src=\"http:\/\/www.valenciabass.com\/wp-content\/uploads\/IMG-20140610-WA0013.480x320.jpg\" alt=\"IMG-20140610-WA0013.480x320\" width=\"480\" height=\"640\" class=\"aligncenter size-full wp-image-5908\" srcset=\"https:\/\/www.valenciabass.com\/wp-content\/uploads\/IMG-20140610-WA0013.480x320.jpg 480w, https:\/\/www.valenciabass.com\/wp-content\/uploads\/IMG-20140610-WA0013.480x320-225x300.jpg 225w, https:\/\/www.valenciabass.com\/wp-content\/uploads\/IMG-20140610-WA0013.480x320-250x333.jpg 250w\" sizes=\"auto, (max-width: 480px) 100vw, 480px\" \/><\/a><\/p>\n<p>En esa misma poza Paco Esteban aun clavar\u00eda otro buen barbo m\u00e1s. Todos los pescamos con ninfas en tonos marrones que parece ser que es lo que quer\u00edan hoy.<\/p>\n<p><a href=\"http:\/\/www.valenciabass.com\/wp-content\/uploads\/IMG-20140610-WA0016.480x320.jpg\"><img loading=\"lazy\" decoding=\"async\" src=\"http:\/\/www.valenciabass.com\/wp-content\/uploads\/IMG-20140610-WA0016.480x320.jpg\" alt=\"IMG-20140610-WA0016.480x320\" width=\"480\" height=\"640\" class=\"aligncenter size-full wp-image-5909\" srcset=\"https:\/\/www.valenciabass.com\/wp-content\/uploads\/IMG-20140610-WA0016.480x320.jpg 480w, https:\/\/www.valenciabass.com\/wp-content\/uploads\/IMG-20140610-WA0016.480x320-225x300.jpg 225w, https:\/\/www.valenciabass.com\/wp-content\/uploads\/IMG-20140610-WA0016.480x320-250x333.jpg 250w\" sizes=\"auto, (max-width: 480px) 100vw, 480px\" \/><\/a><\/p>\n<p><a href=\"http:\/\/www.valenciabass.com\/wp-content\/uploads\/IMG-20140610-WA0021.640x480.jpg\"><img loading=\"lazy\" decoding=\"async\" src=\"http:\/\/www.valenciabass.com\/wp-content\/uploads\/IMG-20140610-WA0021.640x480.jpg\" alt=\"IMG-20140610-WA0021.640x480\" width=\"640\" height=\"480\" class=\"aligncenter size-full wp-image-5910\" srcset=\"https:\/\/www.valenciabass.com\/wp-content\/uploads\/IMG-20140610-WA0021.640x480.jpg 640w, https:\/\/www.valenciabass.com\/wp-content\/uploads\/IMG-20140610-WA0021.640x480-300x225.jpg 300w, https:\/\/www.valenciabass.com\/wp-content\/uploads\/IMG-20140610-WA0021.640x480-250x187.jpg 250w\" sizes=\"auto, (max-width: 640px) 100vw, 640px\" \/><\/a><\/p>\n<p>Espero que hay\u00e1is disfrutado de la lectura de esta cr\u00f3nica tanto como nosotros disfrutamos de ese d\u00eda de pesca tras el barbo.<\/p>\n","protected":false},"excerpt":{"rendered":"<p>Eran las 7:00 de la ma\u00f1ana cuando sonaba el despertador y no sab\u00eda si levantarme, o dar media vuelta y seguir al abrigo de las mantas. La verdad es que cuando el invierno aprieta cuesta empezar la jornada de pesca, <span class=\"excerpt-dots\">&hellip;<\/span> <a class=\"more-link\" href=\"https:\/\/www.valenciabass.com\/?p=5215\"><span class=\"more-msg\">Sigue leyendo &rarr;<\/span><\/a><\/p>\n","protected":false},"author":24,"featured_media":5912,"comment_status":"closed","ping_status":"closed","sticky":false,"template":"","format":"standard","meta":{"_monsterinsights_skip_tracking":false,"_monsterinsights_sitenote_active":false,"_monsterinsights_sitenote_note":"","_monsterinsights_sitenote_category":0,"ngg_post_thumbnail":0,"footnotes":""},"categories":[26,35,43,6],"tags":[],"class_list":["post-5215","post","type-post","status-publish","format-standard","has-post-thumbnail","hentry","category-cronicas","category-escenario","category-otros","category-salidas"],"_links":{"self":[{"href":"https:\/\/www.valenciabass.com\/index.php?rest_route=\/wp\/v2\/posts\/5215","targetHints":{"allow":["GET"]}}],"collection":[{"href":"https:\/\/www.valenciabass.com\/index.php?rest_route=\/wp\/v2\/posts"}],"about":[{"href":"https:\/\/www.valenciabass.com\/index.php?rest_route=\/wp\/v2\/types\/post"}],"author":[{"embeddable":true,"href":"https:\/\/www.valenciabass.com\/index.php?rest_route=\/wp\/v2\/users\/24"}],"replies":[{"embeddable":true,"href":"https:\/\/www.valenciabass.com\/index.php?rest_route=%2Fwp%2Fv2%2Fcomments&post=5215"}],"version-history":[{"count":7,"href":"https:\/\/www.valenciabass.com\/index.php?rest_route=\/wp\/v2\/posts\/5215\/revisions"}],"predecessor-version":[{"id":5911,"href":"https:\/\/www.valenciabass.com\/index.php?rest_route=\/wp\/v2\/posts\/5215\/revisions\/5911"}],"wp:featuredmedia":[{"embeddable":true,"href":"https:\/\/www.valenciabass.com\/index.php?rest_route=\/wp\/v2\/media\/5912"}],"wp:attachment":[{"href":"https:\/\/www.valenciabass.com\/index.php?rest_route=%2Fwp%2Fv2%2Fmedia&parent=5215"}],"wp:term":[{"taxonomy":"category","embeddable":true,"href":"https:\/\/www.valenciabass.com\/index.php?rest_route=%2Fwp%2Fv2%2Fcategories&post=5215"},{"taxonomy":"post_tag","embeddable":true,"href":"https:\/\/www.valenciabass.com\/index.php?rest_route=%2Fwp%2Fv2%2Ftags&post=5215"}],"curies":[{"name":"wp","href":"https:\/\/api.w.org\/{rel}","templated":true}]}}