{"id":4679,"date":"2013-12-18T22:00:40","date_gmt":"2013-12-18T21:00:40","guid":{"rendered":"http:\/\/www.valenciabass.com\/?p=4679"},"modified":"2014-06-08T22:09:41","modified_gmt":"2014-06-08T20:09:41","slug":"open-lucio-2013-by-chincheta-2","status":"publish","type":"post","link":"https:\/\/www.valenciabass.com\/?p=4679","title":{"rendered":"Open Lucio 2013 by Chincheta"},"content":{"rendered":"<p>Este a\u00f1o el Open de Lucio empezaba con muchas ganas, parec\u00eda que el mal tiempo no iba a ser por fin el protagonista y que \u00edbamos a poder disfrutar de verdad de unos d\u00edas de pesca intensos. Adem\u00e1s este a\u00f1o como novedad estaba la posibilidad de poder cruzar el puente de Cogolludo con lo que la cantidad de embalse sumado a un n\u00famero menor de embarcaciones inscritas (entendemos que la crisis ha hecho mella), aumentaba las posibilidades de pescar sin el agobio de otros a\u00f1os, por lo menos desde un punto de vista psicol\u00f3gico.<\/p>\n<p>Adem\u00e1s este a\u00f1o, viendo como otros grupos de amigos realizaban camisas para el evento para tener un recuerdo perdurable, nos unimos a la iniciativa y junto a Antonio Mu\u00f1oz y Andr\u00e9s Casado realizamos una equipaci\u00f3n para este a\u00f1o.<\/p>\n<p><a href=\"http:\/\/www.valenciabass.com\/wp-content\/uploads\/1.640x4803.jpg\"><img loading=\"lazy\" decoding=\"async\" src=\"http:\/\/www.valenciabass.com\/wp-content\/uploads\/1.640x4803.jpg\" alt=\"1.640x480\" width=\"640\" height=\"480\" class=\"aligncenter size-full wp-image-4665\" srcset=\"https:\/\/www.valenciabass.com\/wp-content\/uploads\/1.640x4803.jpg 640w, https:\/\/www.valenciabass.com\/wp-content\/uploads\/1.640x4803-300x225.jpg 300w, https:\/\/www.valenciabass.com\/wp-content\/uploads\/1.640x4803-250x187.jpg 250w\" sizes=\"auto, (max-width: 640px) 100vw, 640px\" \/><\/a><\/p>\n<p>La organizaci\u00f3n como otros a\u00f1os, perfecta. Adem\u00e1s ya tenemos cogido el ritmo, con lo que los pasos a seguir, es coser y cantar. Llegamos pronto y nos fuimos directamente a comer al hotel y a desinfectar los barcos. Un a\u00f1o m\u00e1s hemos pasado por este tramite ecol\u00f3gico que bien si es interesante, pierde su valor al no hacerse fuera de esta \u00e9poca del a\u00f1o. <\/p>\n<p><a href=\"http:\/\/www.valenciabass.com\/wp-content\/uploads\/2.640x4803.jpg\"><img loading=\"lazy\" decoding=\"async\" src=\"http:\/\/www.valenciabass.com\/wp-content\/uploads\/2.640x4803.jpg\" alt=\"2.640x480\" width=\"640\" height=\"478\" class=\"aligncenter size-full wp-image-4666\" srcset=\"https:\/\/www.valenciabass.com\/wp-content\/uploads\/2.640x4803.jpg 640w, https:\/\/www.valenciabass.com\/wp-content\/uploads\/2.640x4803-300x224.jpg 300w, https:\/\/www.valenciabass.com\/wp-content\/uploads\/2.640x4803-250x186.jpg 250w\" sizes=\"auto, (max-width: 640px) 100vw, 640px\" \/><\/a><\/p>\n<p>De ah\u00ed nos fuimos a descansar y a esperar la cena, sorteo de salidas, entrega de plicas, y como no disfrutar un a\u00f1o m\u00e1s del buen rollo general. <\/p>\n<p><a href=\"http:\/\/www.valenciabass.com\/wp-content\/uploads\/5.640x4803.jpg\"><img loading=\"lazy\" decoding=\"async\" src=\"http:\/\/www.valenciabass.com\/wp-content\/uploads\/5.640x4803.jpg\" alt=\"5.640x480\" width=\"640\" height=\"478\" class=\"aligncenter size-full wp-image-4669\" srcset=\"https:\/\/www.valenciabass.com\/wp-content\/uploads\/5.640x4803.jpg 640w, https:\/\/www.valenciabass.com\/wp-content\/uploads\/5.640x4803-300x224.jpg 300w, https:\/\/www.valenciabass.com\/wp-content\/uploads\/5.640x4803-250x186.jpg 250w\" sizes=\"auto, (max-width: 640px) 100vw, 640px\" \/><\/a><\/p>\n<p>El equipo de Bocarde nos sorprendi\u00f3 a todos con la celebraci\u00f3n de Halloween y se presentaron todos disfrazados de zombies.<\/p>\n<p><a href=\"http:\/\/www.valenciabass.com\/wp-content\/uploads\/3.480x320.jpg\"><img loading=\"lazy\" decoding=\"async\" src=\"http:\/\/www.valenciabass.com\/wp-content\/uploads\/3.480x320.jpg\" alt=\"3.480x320\" width=\"480\" height=\"643\" class=\"aligncenter size-full wp-image-4667\" srcset=\"https:\/\/www.valenciabass.com\/wp-content\/uploads\/3.480x320.jpg 480w, https:\/\/www.valenciabass.com\/wp-content\/uploads\/3.480x320-223x300.jpg 223w, https:\/\/www.valenciabass.com\/wp-content\/uploads\/3.480x320-250x334.jpg 250w\" sizes=\"auto, (max-width: 480px) 100vw, 480px\" \/><\/a><\/p>\n<p>Los miguelitos una vez m\u00e1s no pudieron faltar, se entregan a Quique de Bass Madrid como speaker incansable y en representaci\u00f3n de toda la organizaci\u00f3n. <\/p>\n<p><a href=\"http:\/\/www.valenciabass.com\/wp-content\/uploads\/4.640x4803.jpg\"><img loading=\"lazy\" decoding=\"async\" src=\"http:\/\/www.valenciabass.com\/wp-content\/uploads\/4.640x4803.jpg\" alt=\"4.640x480\" width=\"640\" height=\"478\" class=\"aligncenter size-full wp-image-4668\" srcset=\"https:\/\/www.valenciabass.com\/wp-content\/uploads\/4.640x4803.jpg 640w, https:\/\/www.valenciabass.com\/wp-content\/uploads\/4.640x4803-300x224.jpg 300w, https:\/\/www.valenciabass.com\/wp-content\/uploads\/4.640x4803-250x186.jpg 250w\" sizes=\"auto, (max-width: 640px) 100vw, 640px\" \/><\/a><\/p>\n<p>Es un peque\u00f1o gesto hacia ellos, pero en el fondo son los responsables del buen rato que pasamos y hay que agradecerlo. <\/p>\n<p>Aqu\u00ed nos juntamos con amigos de otros a\u00f1os y con los paisanos que ven\u00edan al evento, y como se suele decir ya est\u00e1bamos todos.<\/p>\n<p><a href=\"http:\/\/www.valenciabass.com\/wp-content\/uploads\/6.640x4803.jpg\"><img loading=\"lazy\" decoding=\"async\" src=\"http:\/\/www.valenciabass.com\/wp-content\/uploads\/6.640x4803.jpg\" alt=\"6.640x480\" width=\"640\" height=\"478\" class=\"aligncenter size-full wp-image-4670\" srcset=\"https:\/\/www.valenciabass.com\/wp-content\/uploads\/6.640x4803.jpg 640w, https:\/\/www.valenciabass.com\/wp-content\/uploads\/6.640x4803-300x224.jpg 300w, https:\/\/www.valenciabass.com\/wp-content\/uploads\/6.640x4803-250x186.jpg 250w\" sizes=\"auto, (max-width: 640px) 100vw, 640px\" \/><\/a><\/p>\n<p>A la ma\u00f1ana siguiente el d\u00eda amanec\u00eda espectacular. <\/p>\n<p><a href=\"http:\/\/www.valenciabass.com\/wp-content\/uploads\/7.640x480.png\"><img loading=\"lazy\" decoding=\"async\" src=\"http:\/\/www.valenciabass.com\/wp-content\/uploads\/7.640x480.png\" alt=\"7.640x480\" width=\"640\" height=\"478\" class=\"aligncenter size-full wp-image-4671\" srcset=\"https:\/\/www.valenciabass.com\/wp-content\/uploads\/7.640x480.png 640w, https:\/\/www.valenciabass.com\/wp-content\/uploads\/7.640x480-300x224.png 300w, https:\/\/www.valenciabass.com\/wp-content\/uploads\/7.640x480-250x186.png 250w\" sizes=\"auto, (max-width: 640px) 100vw, 640px\" \/><\/a><\/p>\n<p>Nuestra salida no era muy mala, sal\u00edamos en la segunda tanda y pudimos llegar sin problemas a la zona elegida para comenzar el d\u00eda. En estos momentos el barco del Chincheta, sin palabras, (jijiji) es maravilloso.<\/p>\n<p><a href=\"http:\/\/www.valenciabass.com\/wp-content\/uploads\/8.640x4803.jpg\"><img loading=\"lazy\" decoding=\"async\" src=\"http:\/\/www.valenciabass.com\/wp-content\/uploads\/8.640x4803.jpg\" alt=\"8.640x480\" width=\"640\" height=\"480\" class=\"aligncenter size-full wp-image-4672\" srcset=\"https:\/\/www.valenciabass.com\/wp-content\/uploads\/8.640x4803.jpg 640w, https:\/\/www.valenciabass.com\/wp-content\/uploads\/8.640x4803-300x225.jpg 300w, https:\/\/www.valenciabass.com\/wp-content\/uploads\/8.640x4803-250x187.jpg 250w\" sizes=\"auto, (max-width: 640px) 100vw, 640px\" \/><\/a><\/p>\n<p>Pudimos presentar dos buenos peces en el pesaje intermedio y lograr un cupo muy bueno que nos coloc\u00f3 en una posici\u00f3n 13 en la primera manga.<\/p>\n<p><a href=\"http:\/\/www.valenciabass.com\/wp-content\/uploads\/9.480x320.jpg\"><img loading=\"lazy\" decoding=\"async\" src=\"http:\/\/www.valenciabass.com\/wp-content\/uploads\/9.480x320.jpg\" alt=\"9.480x320\" width=\"480\" height=\"720\" class=\"aligncenter size-full wp-image-4673\" srcset=\"https:\/\/www.valenciabass.com\/wp-content\/uploads\/9.480x320.jpg 480w, https:\/\/www.valenciabass.com\/wp-content\/uploads\/9.480x320-200x300.jpg 200w, https:\/\/www.valenciabass.com\/wp-content\/uploads\/9.480x320-250x375.jpg 250w\" sizes=\"auto, (max-width: 480px) 100vw, 480px\" \/><\/a><\/p>\n<p>El segundo d\u00eda, pinchamos estrepitosamente, aunque pudimos presentar dos peces. Sin embargo, estos peces no fueron muy buenos y ca\u00edmos bastante en la clasificaci\u00f3n, aunque tenemos claro que por debajo del segundo y pieza mayor ya lo dem\u00e1s da igual. <\/p>\n<p>El a\u00f1o que viene m\u00e1s y mejor, tenemos claros nuestros fallos, y cada a\u00f1o y cada salida de pesca ya sab\u00e9is que se aprende algo m\u00e1s. Lo  mejor que nuestros compa\u00f1eros y amigos s\u00ed lograron tocar la victoria y conseguir por tan s\u00f3lo 400 gramos el segundo puesto.<\/p>\n<p><a href=\"http:\/\/www.valenciabass.com\/wp-content\/uploads\/10.640x4801.jpg\"><img loading=\"lazy\" decoding=\"async\" src=\"http:\/\/www.valenciabass.com\/wp-content\/uploads\/10.640x4801.jpg\" alt=\"10.640x480\" width=\"640\" height=\"478\" class=\"aligncenter size-full wp-image-4674\" srcset=\"https:\/\/www.valenciabass.com\/wp-content\/uploads\/10.640x4801.jpg 640w, https:\/\/www.valenciabass.com\/wp-content\/uploads\/10.640x4801-300x224.jpg 300w, https:\/\/www.valenciabass.com\/wp-content\/uploads\/10.640x4801-250x186.jpg 250w\" sizes=\"auto, (max-width: 640px) 100vw, 640px\" \/><\/a><\/p>\n<p>La competici\u00f3n estuvo muy emocionante y ya es la segunda vez que consiguen esta posici\u00f3n. Sin duda vivirlo tan cerca ha conseguido que disfrutemos doblemente de este open.<\/p>\n<p><a href=\"http:\/\/www.valenciabass.com\/wp-content\/uploads\/11.640x4801.jpg\"><img loading=\"lazy\" decoding=\"async\" src=\"http:\/\/www.valenciabass.com\/wp-content\/uploads\/11.640x4801.jpg\" alt=\"11.640x480\" width=\"640\" height=\"478\" class=\"aligncenter size-full wp-image-4675\" srcset=\"https:\/\/www.valenciabass.com\/wp-content\/uploads\/11.640x4801.jpg 640w, https:\/\/www.valenciabass.com\/wp-content\/uploads\/11.640x4801-300x224.jpg 300w, https:\/\/www.valenciabass.com\/wp-content\/uploads\/11.640x4801-250x186.jpg 250w\" sizes=\"auto, (max-width: 640px) 100vw, 640px\" \/><\/a><\/p>\n<p>Volvemos animar a la gente del club para que incluyan en su calendario esta competici\u00f3n que como pensamos hay que ver por lo menos una vez en la vida. <\/p>\n<p><a href=\"http:\/\/www.valenciabass.com\/wp-content\/uploads\/12.640x4802.jpg\"><img loading=\"lazy\" decoding=\"async\" src=\"http:\/\/www.valenciabass.com\/wp-content\/uploads\/12.640x4802.jpg\" alt=\"12.640x480\" width=\"640\" height=\"478\" class=\"aligncenter size-full wp-image-4676\" srcset=\"https:\/\/www.valenciabass.com\/wp-content\/uploads\/12.640x4802.jpg 640w, https:\/\/www.valenciabass.com\/wp-content\/uploads\/12.640x4802-300x224.jpg 300w, https:\/\/www.valenciabass.com\/wp-content\/uploads\/12.640x4802-250x186.jpg 250w\" sizes=\"auto, (max-width: 640px) 100vw, 640px\" \/><\/a><\/p>\n<p>Un saludo a todos <\/p>\n<p>Antonio Fern\u00e1ndez y F\u00e9lix Talavera <\/p>\n","protected":false},"excerpt":{"rendered":"<p>Este a\u00f1o el Open de Lucio empezaba con muchas ganas, parec\u00eda que el mal tiempo no iba a ser por fin el protagonista y que \u00edbamos a poder disfrutar de verdad de unos d\u00edas de pesca intensos. Adem\u00e1s este a\u00f1o <span class=\"excerpt-dots\">&hellip;<\/span> <a class=\"more-link\" href=\"https:\/\/www.valenciabass.com\/?p=4679\"><span class=\"more-msg\">Sigue leyendo &rarr;<\/span><\/a><\/p>\n","protected":false},"author":19,"featured_media":4676,"comment_status":"closed","ping_status":"closed","sticky":false,"template":"","format":"standard","meta":{"_monsterinsights_skip_tracking":false,"_monsterinsights_sitenote_active":false,"_monsterinsights_sitenote_note":"","_monsterinsights_sitenote_category":0,"ngg_post_thumbnail":0,"footnotes":""},"categories":[5,26,35,13,14,43],"tags":[],"class_list":["post-4679","post","type-post","status-publish","format-standard","has-post-thumbnail","hentry","category-competiciones","category-cronicas","category-escenario","category-externas","category-externas-embarcacion","category-otros"],"_links":{"self":[{"href":"https:\/\/www.valenciabass.com\/index.php?rest_route=\/wp\/v2\/posts\/4679","targetHints":{"allow":["GET"]}}],"collection":[{"href":"https:\/\/www.valenciabass.com\/index.php?rest_route=\/wp\/v2\/posts"}],"about":[{"href":"https:\/\/www.valenciabass.com\/index.php?rest_route=\/wp\/v2\/types\/post"}],"author":[{"embeddable":true,"href":"https:\/\/www.valenciabass.com\/index.php?rest_route=\/wp\/v2\/users\/19"}],"replies":[{"embeddable":true,"href":"https:\/\/www.valenciabass.com\/index.php?rest_route=%2Fwp%2Fv2%2Fcomments&post=4679"}],"version-history":[{"count":3,"href":"https:\/\/www.valenciabass.com\/index.php?rest_route=\/wp\/v2\/posts\/4679\/revisions"}],"predecessor-version":[{"id":4682,"href":"https:\/\/www.valenciabass.com\/index.php?rest_route=\/wp\/v2\/posts\/4679\/revisions\/4682"}],"wp:featuredmedia":[{"embeddable":true,"href":"https:\/\/www.valenciabass.com\/index.php?rest_route=\/wp\/v2\/media\/4676"}],"wp:attachment":[{"href":"https:\/\/www.valenciabass.com\/index.php?rest_route=%2Fwp%2Fv2%2Fmedia&parent=4679"}],"wp:term":[{"taxonomy":"category","embeddable":true,"href":"https:\/\/www.valenciabass.com\/index.php?rest_route=%2Fwp%2Fv2%2Fcategories&post=4679"},{"taxonomy":"post_tag","embeddable":true,"href":"https:\/\/www.valenciabass.com\/index.php?rest_route=%2Fwp%2Fv2%2Ftags&post=4679"}],"curies":[{"name":"wp","href":"https:\/\/api.w.org\/{rel}","templated":true}]}}