{"id":3381,"date":"2013-04-21T21:43:57","date_gmt":"2013-04-21T19:43:57","guid":{"rendered":"http:\/\/www.valenciabass.com\/?p=3381"},"modified":"2013-04-26T19:06:43","modified_gmt":"2013-04-26T17:06:43","slug":"jornada-de-limpieza-en-beniarres","status":"publish","type":"post","link":"https:\/\/www.valenciabass.com\/?p=3381","title":{"rendered":"Jornada de Limpieza en Beniarr\u00e9s"},"content":{"rendered":"<p>Os informamos de la convocatoria de la Jornada de Limpieza del embalse de Beniarr\u00e9s programada para el s\u00e1bado 11 de mayo, apoyada por la AEBass y por la FPCV.<\/p>\n<p>A continuaci\u00f3n os dejamos el texto de la convocatoria y el cartel publicitario.<\/p>\n<blockquote><p>\u00bfHab\u00e9is visto el embalse de Beniarr\u00e9s \u00faltimamente? Esta precioso de agua y vida, pero lamentablemente, debido a la suciedad y basuras que la gente deja, este bello paisaje se esta convirtiendo en un aut\u00e9ntico estercolero. Por ello proponemos una jornada de limpieza del embalse de Beniarr\u00e9s.<\/p>\n<p>La idea es recoger la basura que otros dejan, e intentar concienciar a la gente para que ensucie lo menos posible y respete el medio ambiente. Por ello, hemos quedado el pr\u00f3ximo d\u00eda 11 de mayo a las 9:00 para que todo aquel que quiera ayudar al medio ambiente, y en concreto a este paraje, venga a ayudar a recoger basura. Se realizaran grupos de limpieza para repartirnos por todo el paraje. Por ello rogamos m\u00e1xima difusi\u00f3n.<\/p>\n<p>Los materiales recomendados ser\u00e1n:<\/p>\n<ul>\n<li>Bolsas de basura, cuanto m\u00e1s grandes mejor.<\/li>\n<li>Guantes.<\/li>\n<li>C\u00e1mara de fotos.<\/li>\n<li>Desayuno.<\/li>\n<li>y muy buen rollo.<\/li>\n<\/ul>\n<\/blockquote>\n<p><a href=\"http:\/\/www.valenciabass.com\/wp-content\/uploads\/LimpiezaBeniarres11Mayo.jpg\"><img loading=\"lazy\" decoding=\"async\" src=\"http:\/\/www.valenciabass.com\/wp-content\/uploads\/LimpiezaBeniarres11Mayo.jpg\" alt=\"\" title=\"LimpiezaBeniarres11Mayo\" width=\"640\" height=\"452\" class=\"aligncenter size-full wp-image-3448\" srcset=\"https:\/\/www.valenciabass.com\/wp-content\/uploads\/LimpiezaBeniarres11Mayo.jpg 640w, https:\/\/www.valenciabass.com\/wp-content\/uploads\/LimpiezaBeniarres11Mayo-300x211.jpg 300w, https:\/\/www.valenciabass.com\/wp-content\/uploads\/LimpiezaBeniarres11Mayo-250x176.jpg 250w\" sizes=\"auto, (max-width: 640px) 100vw, 640px\" \/><\/a><\/p>\n","protected":false},"excerpt":{"rendered":"<p>Os informamos de la convocatoria de la Jornada de Limpieza del embalse de Beniarr\u00e9s programada para el s\u00e1bado 11 de mayo, apoyada por la AEBass y por la FPCV. A continuaci\u00f3n os dejamos el texto de la convocatoria y el <span class=\"excerpt-dots\">&hellip;<\/span> <a class=\"more-link\" href=\"https:\/\/www.valenciabass.com\/?p=3381\"><span class=\"more-msg\">Sigue leyendo &rarr;<\/span><\/a><\/p>\n","protected":false},"author":2,"featured_media":3448,"comment_status":"closed","ping_status":"closed","sticky":false,"template":"","format":"standard","meta":{"_monsterinsights_skip_tracking":false,"_monsterinsights_sitenote_active":false,"_monsterinsights_sitenote_note":"","_monsterinsights_sitenote_category":0,"ngg_post_thumbnail":0,"footnotes":""},"categories":[1,18],"tags":[],"class_list":["post-3381","post","type-post","status-publish","format-standard","has-post-thumbnail","hentry","category-noticias","category-noticias-general"],"_links":{"self":[{"href":"https:\/\/www.valenciabass.com\/index.php?rest_route=\/wp\/v2\/posts\/3381","targetHints":{"allow":["GET"]}}],"collection":[{"href":"https:\/\/www.valenciabass.com\/index.php?rest_route=\/wp\/v2\/posts"}],"about":[{"href":"https:\/\/www.valenciabass.com\/index.php?rest_route=\/wp\/v2\/types\/post"}],"author":[{"embeddable":true,"href":"https:\/\/www.valenciabass.com\/index.php?rest_route=\/wp\/v2\/users\/2"}],"replies":[{"embeddable":true,"href":"https:\/\/www.valenciabass.com\/index.php?rest_route=%2Fwp%2Fv2%2Fcomments&post=3381"}],"version-history":[{"count":5,"href":"https:\/\/www.valenciabass.com\/index.php?rest_route=\/wp\/v2\/posts\/3381\/revisions"}],"predecessor-version":[{"id":3449,"href":"https:\/\/www.valenciabass.com\/index.php?rest_route=\/wp\/v2\/posts\/3381\/revisions\/3449"}],"wp:featuredmedia":[{"embeddable":true,"href":"https:\/\/www.valenciabass.com\/index.php?rest_route=\/wp\/v2\/media\/3448"}],"wp:attachment":[{"href":"https:\/\/www.valenciabass.com\/index.php?rest_route=%2Fwp%2Fv2%2Fmedia&parent=3381"}],"wp:term":[{"taxonomy":"category","embeddable":true,"href":"https:\/\/www.valenciabass.com\/index.php?rest_route=%2Fwp%2Fv2%2Fcategories&post=3381"},{"taxonomy":"post_tag","embeddable":true,"href":"https:\/\/www.valenciabass.com\/index.php?rest_route=%2Fwp%2Fv2%2Ftags&post=3381"}],"curies":[{"name":"wp","href":"https:\/\/api.w.org\/{rel}","templated":true}]}}