{"id":3378,"date":"2013-04-24T00:09:11","date_gmt":"2013-04-23T22:09:11","guid":{"rendered":"http:\/\/www.valenciabass.com\/?p=3378"},"modified":"2014-06-08T22:24:55","modified_gmt":"2014-06-08T20:24:55","slug":"visita-a-valencia-parte-2","status":"publish","type":"post","link":"https:\/\/www.valenciabass.com\/?p=3378","title":{"rendered":"Visita a Valencia &#8211; Parte 2"},"content":{"rendered":"<p>Esta cr\u00f3nica es la segunda parte de la visita de cuatro d\u00edas de Fernan. El segundo d\u00eda con Kike fueron a Tous, pero un fuerte aguacero hizo que tuvieran que \u00abreplegar banderetes i a casa\u00bb.<\/p>\n<p>As\u00ed lleg\u00f3 el tercer d\u00eda que fue dedicado al embalse de Cortes. Las condiciones no eran las mejores, pues el agua todav\u00eda segu\u00eda muy fr\u00eda 11-12\u00baC para la \u00e9poca que estabamos y los peces estaban desaparecidos.<\/p>\n<p><a href=\"http:\/\/www.valenciabass.com\/wp-content\/uploads\/DSC04380.640x480.jpg\"><img loading=\"lazy\" decoding=\"async\" src=\"http:\/\/www.valenciabass.com\/wp-content\/uploads\/DSC04380.640x480.jpg\" alt=\"\" title=\"DSC04380.640x480\" width=\"640\" height=\"480\" class=\"aligncenter size-full wp-image-3389\" srcset=\"https:\/\/www.valenciabass.com\/wp-content\/uploads\/DSC04380.640x480.jpg 640w, https:\/\/www.valenciabass.com\/wp-content\/uploads\/DSC04380.640x480-300x225.jpg 300w, https:\/\/www.valenciabass.com\/wp-content\/uploads\/DSC04380.640x480-250x187.jpg 250w\" sizes=\"auto, (max-width: 640px) 100vw, 640px\" \/><\/a><\/p>\n<p>All\u00ed coincidimos con el \u00abPresi\u00bb y \u00abThe Guardian\u00bb, pareja de hecho para la Euro Nitro, con los que compartimos una tertulia agradable despu\u00e9s de la comida. <\/p>\n<p><a href=\"http:\/\/www.valenciabass.com\/wp-content\/uploads\/DSC04398.640x480.jpg\"><img loading=\"lazy\" decoding=\"async\" src=\"http:\/\/www.valenciabass.com\/wp-content\/uploads\/DSC04398.640x480.jpg\" alt=\"\" title=\"DSC04398.640x480\" width=\"640\" height=\"480\" class=\"aligncenter size-full wp-image-3390\" srcset=\"https:\/\/www.valenciabass.com\/wp-content\/uploads\/DSC04398.640x480.jpg 640w, https:\/\/www.valenciabass.com\/wp-content\/uploads\/DSC04398.640x480-300x225.jpg 300w, https:\/\/www.valenciabass.com\/wp-content\/uploads\/DSC04398.640x480-250x187.jpg 250w\" sizes=\"auto, (max-width: 640px) 100vw, 640px\" \/><\/a><\/p>\n<p><a href=\"http:\/\/www.valenciabass.com\/wp-content\/uploads\/DSC04408.640x480.jpg\"><img loading=\"lazy\" decoding=\"async\" src=\"http:\/\/www.valenciabass.com\/wp-content\/uploads\/DSC04408.640x480.jpg\" alt=\"\" title=\"DSC04408.640x480\" width=\"640\" height=\"480\" class=\"aligncenter size-full wp-image-3394\" srcset=\"https:\/\/www.valenciabass.com\/wp-content\/uploads\/DSC04408.640x480.jpg 640w, https:\/\/www.valenciabass.com\/wp-content\/uploads\/DSC04408.640x480-300x225.jpg 300w, https:\/\/www.valenciabass.com\/wp-content\/uploads\/DSC04408.640x480-250x187.jpg 250w\" sizes=\"auto, (max-width: 640px) 100vw, 640px\" \/><\/a><\/p>\n<p>Emilio le explic\u00f3 el funcionamiento del acotado de Cortes a Fernando y su amigo Ra\u00fal, los cuales quedaron maravillados de su gesti\u00f3n.<\/p>\n<p><a href=\"http:\/\/www.valenciabass.com\/wp-content\/uploads\/DSC04409.640x480.jpg\"><img loading=\"lazy\" decoding=\"async\" src=\"http:\/\/www.valenciabass.com\/wp-content\/uploads\/DSC04409.640x480.jpg\" alt=\"\" title=\"DSC04409.640x480\" width=\"640\" height=\"480\" class=\"aligncenter size-full wp-image-3391\" srcset=\"https:\/\/www.valenciabass.com\/wp-content\/uploads\/DSC04409.640x480.jpg 640w, https:\/\/www.valenciabass.com\/wp-content\/uploads\/DSC04409.640x480-300x225.jpg 300w, https:\/\/www.valenciabass.com\/wp-content\/uploads\/DSC04409.640x480-250x187.jpg 250w\" sizes=\"auto, (max-width: 640px) 100vw, 640px\" \/><\/a><\/p>\n<p>En cuanto a la pesca en Cortes fue dura. S\u00f3lo conseguimos sacar un bass de talla pescando con crankbait una playa soleada y un par de luciopercas.<\/p>\n<p><a href=\"http:\/\/www.valenciabass.com\/wp-content\/uploads\/DSC04404.640x480.jpg\"><img loading=\"lazy\" decoding=\"async\" src=\"http:\/\/www.valenciabass.com\/wp-content\/uploads\/DSC04404.640x480.jpg\" alt=\"\" title=\"DSC04404.640x480\" width=\"640\" height=\"480\" class=\"aligncenter size-full wp-image-3392\" srcset=\"https:\/\/www.valenciabass.com\/wp-content\/uploads\/DSC04404.640x480.jpg 640w, https:\/\/www.valenciabass.com\/wp-content\/uploads\/DSC04404.640x480-300x225.jpg 300w, https:\/\/www.valenciabass.com\/wp-content\/uploads\/DSC04404.640x480-250x187.jpg 250w\" sizes=\"auto, (max-width: 640px) 100vw, 640px\" \/><\/a><\/p>\n<p>La an\u00e9cdota de la jornada vino marcada por un bass que pasaba sobradamente los 2.5kg y que repente apareci\u00f3 enganchado a la otra parte de la l\u00ednea de Ra\u00fal, el cual por falta de experiencia no sac\u00f3 r\u00e1pidamente el pez del \u00e1rbol donde lo hab\u00eda clavado, y acabo perdi\u00e9ndolo.<\/p>\n<p><a href=\"http:\/\/www.valenciabass.com\/wp-content\/uploads\/DSC04390.640x480.jpg\"><img loading=\"lazy\" decoding=\"async\" src=\"http:\/\/www.valenciabass.com\/wp-content\/uploads\/DSC04390.640x480.jpg\" alt=\"\" title=\"DSC04390.640x480\" width=\"640\" height=\"480\" class=\"aligncenter size-full wp-image-3393\" srcset=\"https:\/\/www.valenciabass.com\/wp-content\/uploads\/DSC04390.640x480.jpg 640w, https:\/\/www.valenciabass.com\/wp-content\/uploads\/DSC04390.640x480-300x225.jpg 300w, https:\/\/www.valenciabass.com\/wp-content\/uploads\/DSC04390.640x480-250x187.jpg 250w\" sizes=\"auto, (max-width: 640px) 100vw, 640px\" \/><\/a><\/p>\n<p>La despedida de ese d\u00eda fue una lluvia repentina que hizo que di\u00e9ramos por cerrada la jornada.<\/p>\n<p>Al d\u00eda siguiente, era el cuarto d\u00eda consecutivo de pesca para Fernando, que estaba m\u00e1s ultramotivado, si cabe, ya que volv\u00eda a su embalse valenciano favorito: Benag\u00e9ber.<\/p>\n<p><a href=\"http:\/\/www.valenciabass.com\/wp-content\/uploads\/DSC04464.640x480.jpg\"><img loading=\"lazy\" decoding=\"async\" src=\"http:\/\/www.valenciabass.com\/wp-content\/uploads\/DSC04464.640x480.jpg\" alt=\"\" title=\"DSC04464.640x480\" width=\"640\" height=\"480\" class=\"aligncenter size-full wp-image-3395\" srcset=\"https:\/\/www.valenciabass.com\/wp-content\/uploads\/DSC04464.640x480.jpg 640w, https:\/\/www.valenciabass.com\/wp-content\/uploads\/DSC04464.640x480-300x225.jpg 300w, https:\/\/www.valenciabass.com\/wp-content\/uploads\/DSC04464.640x480-250x187.jpg 250w\" sizes=\"auto, (max-width: 640px) 100vw, 640px\" \/><\/a><\/p>\n<p>All\u00ed llegamos con un embalse casi para nosotros solos. Estando en la rampa lleg\u00f3 una patrulla del Seprona que nos solicit\u00f3 la documentaci\u00f3n y con los que tuvimos una agradable tertulia coment\u00e1ndonos las diversas problem\u00e1ticas de unos y otros.<\/p>\n<p>Subimos directamente hacia Fuente Cabera donde el agua estaba una grado m\u00e1s alta (13\u00baC) y algo m\u00e1s tomada. En la primera punta que tentamos perd\u00ed un buen pez con un lipless y seguimos subiendo aguas arriba sin ninguna captura.<\/p>\n<p>La vuelta fue diferente. Pescamos con tranquilidad las puntas con vinilo y Fernando tirando de casta sac\u00f3 un buen bass de 1.7kg con un jig. Hab\u00eda costado, pues ya eran las 14h, y no hab\u00edamos subido un pez al barco hasta entonces.<\/p>\n<p><a href=\"http:\/\/www.valenciabass.com\/wp-content\/uploads\/DSC04466.640x480.jpg\"><img loading=\"lazy\" decoding=\"async\" src=\"http:\/\/www.valenciabass.com\/wp-content\/uploads\/DSC04466.640x480.jpg\" alt=\"\" title=\"DSC04466.640x480\" width=\"640\" height=\"480\" class=\"aligncenter size-full wp-image-3396\" srcset=\"https:\/\/www.valenciabass.com\/wp-content\/uploads\/DSC04466.640x480.jpg 640w, https:\/\/www.valenciabass.com\/wp-content\/uploads\/DSC04466.640x480-300x225.jpg 300w, https:\/\/www.valenciabass.com\/wp-content\/uploads\/DSC04466.640x480-250x187.jpg 250w\" sizes=\"auto, (max-width: 640px) 100vw, 640px\" \/><\/a><\/p>\n<p>Fuimos bajando y al pasar los cuchillos nos metimos en la recula que hay a mano derecha. El agua estaba algo m\u00e1s caliente y tuvimos alguna picada que otra a la spinner. Al salir de esta recula, en una playa mientras el crankbait golpeaba en el fondo pedregoso, patapam, noto una picada e intento asegurar la picada. Este era bueno. Tras una lucha al l\u00edmite con un pez clavado por los pelos, Fernan hizo presa en la mand\u00edbula de un maravilloso bass de 2.3kg que fue la recompensa de la jornada.<\/p>\n<p><a href=\"http:\/\/www.valenciabass.com\/wp-content\/uploads\/DSC04471.640x480.jpg\"><img loading=\"lazy\" decoding=\"async\" src=\"http:\/\/www.valenciabass.com\/wp-content\/uploads\/DSC04471.640x480.jpg\" alt=\"\" title=\"DSC04471.640x480\" width=\"640\" height=\"480\" class=\"aligncenter size-full wp-image-3397\" srcset=\"https:\/\/www.valenciabass.com\/wp-content\/uploads\/DSC04471.640x480.jpg 640w, https:\/\/www.valenciabass.com\/wp-content\/uploads\/DSC04471.640x480-300x225.jpg 300w, https:\/\/www.valenciabass.com\/wp-content\/uploads\/DSC04471.640x480-250x187.jpg 250w\" sizes=\"auto, (max-width: 640px) 100vw, 640px\" \/><\/a><\/p>\n<p><a href=\"http:\/\/www.valenciabass.com\/wp-content\/uploads\/DSC04482.640x480.jpg\"><img loading=\"lazy\" decoding=\"async\" src=\"http:\/\/www.valenciabass.com\/wp-content\/uploads\/DSC04482.640x480.jpg\" alt=\"\" title=\"DSC04482.640x480\" width=\"640\" height=\"360\" class=\"aligncenter size-full wp-image-3399\" srcset=\"https:\/\/www.valenciabass.com\/wp-content\/uploads\/DSC04482.640x480.jpg 640w, https:\/\/www.valenciabass.com\/wp-content\/uploads\/DSC04482.640x480-300x168.jpg 300w, https:\/\/www.valenciabass.com\/wp-content\/uploads\/DSC04482.640x480-250x140.jpg 250w\" sizes=\"auto, (max-width: 640px) 100vw, 640px\" \/><\/a><\/p>\n<p>Seguimos bajando y al fondo de las reculas tuvimos alguna que otra picada, pero personalmente no pude clavar ninguno. No puedo decir lo mismo de Fernan que sacar\u00eda otro bass, esta vez algo m\u00e1s peque\u00f1o, de 1.2kg.<\/p>\n<p><a href=\"http:\/\/www.valenciabass.com\/wp-content\/uploads\/DSC04484.640x480.jpg\"><img loading=\"lazy\" decoding=\"async\" src=\"http:\/\/www.valenciabass.com\/wp-content\/uploads\/DSC04484.640x480.jpg\" alt=\"\" title=\"DSC04484.640x480\" width=\"640\" height=\"480\" class=\"aligncenter size-full wp-image-3398\" srcset=\"https:\/\/www.valenciabass.com\/wp-content\/uploads\/DSC04484.640x480.jpg 640w, https:\/\/www.valenciabass.com\/wp-content\/uploads\/DSC04484.640x480-300x225.jpg 300w, https:\/\/www.valenciabass.com\/wp-content\/uploads\/DSC04484.640x480-250x187.jpg 250w\" sizes=\"auto, (max-width: 640px) 100vw, 640px\" \/><\/a><\/p>\n<p>De ah\u00ed fuimos saliendo de los ca\u00f1ones de Benag\u00e9ber, no sin antes que Fernan sacara un lucio de 2.5kg. Apurando los \u00faltimos rayos de sol, salimos de los cortados con una agua a 10\u00baC y sin que tuvi\u00e9ramos m\u00e1s picadas.<\/p>\n<p>As\u00ed que cruzamos el embalse hasta la rampa para sacar el \u00abRayo Azul\u00bb, recoger b\u00e1rtulos y abrazados por la luna sal\u00edamos de la explanada de Ben\u00e1geber.<\/p>\n<p>Me desped\u00ed de Fernan que le quedaba un largo camino hasta Madrid y al cual estos cuatro d\u00edas de pesca le dieron muchas im\u00e1genes para el recuerdo.<\/p>\n","protected":false},"excerpt":{"rendered":"<p>Esta cr\u00f3nica es la segunda parte de la visita de cuatro d\u00edas de Fernan. El segundo d\u00eda con Kike fueron a Tous, pero un fuerte aguacero hizo que tuvieran que \u00abreplegar banderetes i a casa\u00bb. As\u00ed lleg\u00f3 el tercer d\u00eda <span class=\"excerpt-dots\">&hellip;<\/span> <a class=\"more-link\" href=\"https:\/\/www.valenciabass.com\/?p=3378\"><span class=\"more-msg\">Sigue leyendo &rarr;<\/span><\/a><\/p>\n","protected":false},"author":2,"featured_media":3394,"comment_status":"closed","ping_status":"closed","sticky":false,"template":"","format":"standard","meta":{"_monsterinsights_skip_tracking":false,"_monsterinsights_sitenote_active":false,"_monsterinsights_sitenote_note":"","_monsterinsights_sitenote_category":0,"ngg_post_thumbnail":0,"footnotes":""},"categories":[26,35,6,39],"tags":[],"class_list":["post-3378","post","type-post","status-publish","format-standard","has-post-thumbnail","hentry","category-cronicas","category-escenario","category-salidas","category-tous"],"_links":{"self":[{"href":"https:\/\/www.valenciabass.com\/index.php?rest_route=\/wp\/v2\/posts\/3378","targetHints":{"allow":["GET"]}}],"collection":[{"href":"https:\/\/www.valenciabass.com\/index.php?rest_route=\/wp\/v2\/posts"}],"about":[{"href":"https:\/\/www.valenciabass.com\/index.php?rest_route=\/wp\/v2\/types\/post"}],"author":[{"embeddable":true,"href":"https:\/\/www.valenciabass.com\/index.php?rest_route=\/wp\/v2\/users\/2"}],"replies":[{"embeddable":true,"href":"https:\/\/www.valenciabass.com\/index.php?rest_route=%2Fwp%2Fv2%2Fcomments&post=3378"}],"version-history":[{"count":6,"href":"https:\/\/www.valenciabass.com\/index.php?rest_route=\/wp\/v2\/posts\/3378\/revisions"}],"predecessor-version":[{"id":3402,"href":"https:\/\/www.valenciabass.com\/index.php?rest_route=\/wp\/v2\/posts\/3378\/revisions\/3402"}],"wp:featuredmedia":[{"embeddable":true,"href":"https:\/\/www.valenciabass.com\/index.php?rest_route=\/wp\/v2\/media\/3394"}],"wp:attachment":[{"href":"https:\/\/www.valenciabass.com\/index.php?rest_route=%2Fwp%2Fv2%2Fmedia&parent=3378"}],"wp:term":[{"taxonomy":"category","embeddable":true,"href":"https:\/\/www.valenciabass.com\/index.php?rest_route=%2Fwp%2Fv2%2Fcategories&post=3378"},{"taxonomy":"post_tag","embeddable":true,"href":"https:\/\/www.valenciabass.com\/index.php?rest_route=%2Fwp%2Fv2%2Ftags&post=3378"}],"curies":[{"name":"wp","href":"https:\/\/api.w.org\/{rel}","templated":true}]}}