{"id":3326,"date":"2013-04-13T22:59:46","date_gmt":"2013-04-13T20:59:46","guid":{"rendered":"http:\/\/www.valenciabass.com\/?p=3326"},"modified":"2014-06-08T22:25:13","modified_gmt":"2014-06-08T20:25:13","slug":"visita-a-valencia-benageber-parte-1","status":"publish","type":"post","link":"https:\/\/www.valenciabass.com\/?p=3326","title":{"rendered":"Visita a Valencia &#8211; Benag\u00e9ber"},"content":{"rendered":"<p>La semana pasada realic\u00e9 una visita de cuatro d\u00edas a tierras valencianas. Me desplac\u00e9 al pueblo de Alberic (Valencia) donde hab\u00eda quedado con Kike, buen amigo y gran persona, y pas\u00e9 la noche en un hostal de esa localidad que me hab\u00eda recomendado.<\/p>\n<p>Al d\u00eda siguiente, cuando son\u00f3 el despertador, me arregl\u00e9 y fu\u00ed en busca de Kike que estaba al lado de donde yo estaba alojado. Metimos todos mis ca\u00f1as, cebos, agua, comida en su coche y pusimos rumbo al emblem\u00e1tico embalse de Benag\u00e9ber. <\/p>\n<p><a href=\"http:\/\/www.valenciabass.com\/wp-content\/uploads\/Foto110.jpg\"><img loading=\"lazy\" decoding=\"async\" src=\"http:\/\/www.valenciabass.com\/wp-content\/uploads\/Foto110.jpg\" alt=\"\" width=\"640\" height=\"480\" class=\"aligncenter size-full wp-image-3353\" srcset=\"https:\/\/www.valenciabass.com\/wp-content\/uploads\/Foto110.jpg 640w, https:\/\/www.valenciabass.com\/wp-content\/uploads\/Foto110-300x225.jpg 300w, https:\/\/www.valenciabass.com\/wp-content\/uploads\/Foto110-250x187.jpg 250w\" sizes=\"auto, (max-width: 640px) 100vw, 640px\" \/><\/a><\/p>\n<p>Colocamos todo en la barca y Kike la meti\u00f3 en el agua.<\/p>\n<p><a href=\"http:\/\/www.valenciabass.com\/wp-content\/uploads\/Foto28.jpg\"><img loading=\"lazy\" decoding=\"async\" src=\"http:\/\/www.valenciabass.com\/wp-content\/uploads\/Foto28.jpg\" alt=\"\" width=\"640\" height=\"480\" class=\"aligncenter size-full wp-image-3352\" srcset=\"https:\/\/www.valenciabass.com\/wp-content\/uploads\/Foto28.jpg 640w, https:\/\/www.valenciabass.com\/wp-content\/uploads\/Foto28-300x225.jpg 300w, https:\/\/www.valenciabass.com\/wp-content\/uploads\/Foto28-250x187.jpg 250w\" sizes=\"auto, (max-width: 640px) 100vw, 640px\" \/><\/a><\/p>\n<p>Fuimos subiendo r\u00edo arriba pasando por unos ca\u00f1ones y cortados espectaculares.<\/p>\n<p><a href=\"http:\/\/www.valenciabass.com\/wp-content\/uploads\/Foto52.jpg\"><img loading=\"lazy\" decoding=\"async\" src=\"http:\/\/www.valenciabass.com\/wp-content\/uploads\/Foto52.jpg\" alt=\"\" width=\"640\" height=\"480\" class=\"aligncenter size-full wp-image-3349\" srcset=\"https:\/\/www.valenciabass.com\/wp-content\/uploads\/Foto52.jpg 640w, https:\/\/www.valenciabass.com\/wp-content\/uploads\/Foto52-300x225.jpg 300w, https:\/\/www.valenciabass.com\/wp-content\/uploads\/Foto52-250x187.jpg 250w\" sizes=\"auto, (max-width: 640px) 100vw, 640px\" \/><\/a><\/p>\n<p>Tambi\u00e9n lo son sus reculas con esos grandes desniveles.<\/p>\n<p><a href=\"http:\/\/www.valenciabass.com\/wp-content\/uploads\/Foto25.jpg\"><img loading=\"lazy\" decoding=\"async\" src=\"http:\/\/www.valenciabass.com\/wp-content\/uploads\/Foto25.jpg\" alt=\"\" width=\"640\" height=\"480\" class=\"aligncenter size-full wp-image-3329\" srcset=\"https:\/\/www.valenciabass.com\/wp-content\/uploads\/Foto25.jpg 640w, https:\/\/www.valenciabass.com\/wp-content\/uploads\/Foto25-300x225.jpg 300w, https:\/\/www.valenciabass.com\/wp-content\/uploads\/Foto25-250x187.jpg 250w\" sizes=\"auto, (max-width: 640px) 100vw, 640px\" \/><\/a><\/p>\n<p>Hay muy buenos apostaderos para el bass.<\/p>\n<p><a href=\"http:\/\/www.valenciabass.com\/wp-content\/uploads\/Foto26.jpg\"><img loading=\"lazy\" decoding=\"async\" src=\"http:\/\/www.valenciabass.com\/wp-content\/uploads\/Foto26.jpg\" alt=\"\" width=\"640\" height=\"359\" class=\"aligncenter size-full wp-image-3328\" srcset=\"https:\/\/www.valenciabass.com\/wp-content\/uploads\/Foto26.jpg 640w, https:\/\/www.valenciabass.com\/wp-content\/uploads\/Foto26-300x168.jpg 300w, https:\/\/www.valenciabass.com\/wp-content\/uploads\/Foto26-250x140.jpg 250w\" sizes=\"auto, (max-width: 640px) 100vw, 640px\" \/><\/a><\/p>\n<p>Tras navegar rumbo a buenos sitios, vimos alguna carpa en la superficie del agua, llegamos a un cortado y Kike lanz\u00f3 un jerbait duro. De repente, picad\u00f3n, la sorpresa fue que tra\u00eda una carpa royal. Despu\u00e9s del combate la subi\u00f3 a la barca, le hicimos una foto de rigor y le dimos libertad.<\/p>\n<p><a href=\"http:\/\/www.valenciabass.com\/wp-content\/uploads\/Foto42.jpg\"><img loading=\"lazy\" decoding=\"async\" src=\"http:\/\/www.valenciabass.com\/wp-content\/uploads\/Foto42.jpg\" alt=\"\" width=\"640\" height=\"480\" class=\"aligncenter size-full wp-image-3350\" srcset=\"https:\/\/www.valenciabass.com\/wp-content\/uploads\/Foto42.jpg 640w, https:\/\/www.valenciabass.com\/wp-content\/uploads\/Foto42-300x225.jpg 300w, https:\/\/www.valenciabass.com\/wp-content\/uploads\/Foto42-250x187.jpg 250w\" sizes=\"auto, (max-width: 640px) 100vw, 640px\" \/><\/a><\/p>\n<p>El agua estaba muy fr\u00eda entre los 10 y 12 grados. Llegamos a una recula del embalse, lanc\u00e9 un jerbait duro y empec\u00e9 a moverlo. De repente, parada en seco y empez\u00f3 a tirar. Para mi sorpresa result\u00f3 ser una carpa com\u00fan que la pobre estaba con un potera clavada en la boca y arrastrando un corcho. No le hice ninguna foto y la solt\u00e9.<\/p>\n<p>Los basses estaban ap\u00e1ticos y muy poco activos debido a la baja temperatura del agua. Sin embargo, el d\u00eda era perfecto, con temperaturas muy agradables. <\/p>\n<p>Seguimos buscando el sitio que no diera la primera picada de bass a medida que la ma\u00f1ana avanzaba.<\/p>\n<p><a href=\"http:\/\/www.valenciabass.com\/wp-content\/uploads\/Foto63.jpg\"><img loading=\"lazy\" decoding=\"async\" src=\"http:\/\/www.valenciabass.com\/wp-content\/uploads\/Foto63.jpg\" alt=\"\" width=\"640\" height=\"480\" class=\"aligncenter size-full wp-image-3348\" srcset=\"https:\/\/www.valenciabass.com\/wp-content\/uploads\/Foto63.jpg 640w, https:\/\/www.valenciabass.com\/wp-content\/uploads\/Foto63-300x225.jpg 300w, https:\/\/www.valenciabass.com\/wp-content\/uploads\/Foto63-250x187.jpg 250w\" sizes=\"auto, (max-width: 640px) 100vw, 640px\" \/><\/a><\/p>\n<p>Llegamos a una zona un poco m\u00e1s somera y lanc\u00e9 mi jerbait duro. Empec\u00e9 a darle vida y \u00a1zass!, picadon. El bass tir\u00f3 buscando aguas profundas, cuando le fren\u00e9 su carrera, se elev\u00f3 y dio un salto tremendo quit\u00e1ndose el jerbait de la boca. Era un gran ejemplar, seg\u00fan Kike rondar\u00eda los 2.5 kg aproximadamente.<\/p>\n<p>\u00a1Buff, qu\u00e9 rabia cuando se suelta un bass grande en el salto! Avanzamos un poco y Kike lanz\u00f3 tambi\u00e9n un jerbait duro que tras moverlo correctamente, \u00a1zass!, retenci\u00f3n y un bass se elevaba en un salto. Era un gran ejemplar. Tras una buena lucha Kike log\u00f3o hacerse con el y subirlo al barco. Su alegr\u00eda era inmensa, se lo pes\u00e9 y la bascula se par\u00f3 en 2\u20193kg dando 53cm de longitud.<\/p>\n<p><a href=\"http:\/\/www.valenciabass.com\/wp-content\/uploads\/Foto71.jpg\"><img loading=\"lazy\" decoding=\"async\" src=\"http:\/\/www.valenciabass.com\/wp-content\/uploads\/Foto71.jpg\" alt=\"\" width=\"640\" height=\"480\" class=\"aligncenter size-full wp-image-3347\" srcset=\"https:\/\/www.valenciabass.com\/wp-content\/uploads\/Foto71.jpg 640w, https:\/\/www.valenciabass.com\/wp-content\/uploads\/Foto71-300x225.jpg 300w, https:\/\/www.valenciabass.com\/wp-content\/uploads\/Foto71-250x187.jpg 250w\" sizes=\"auto, (max-width: 640px) 100vw, 640px\" \/><\/a><\/p>\n<p>La cara de felicidad de Kike lo dice todo.<\/p>\n<p><a href=\"http:\/\/www.valenciabass.com\/wp-content\/uploads\/Foto81.jpg\"><img loading=\"lazy\" decoding=\"async\" src=\"http:\/\/www.valenciabass.com\/wp-content\/uploads\/Foto81.jpg\" alt=\"\" width=\"640\" height=\"480\" class=\"aligncenter size-full wp-image-3346\" srcset=\"https:\/\/www.valenciabass.com\/wp-content\/uploads\/Foto81.jpg 640w, https:\/\/www.valenciabass.com\/wp-content\/uploads\/Foto81-300x225.jpg 300w, https:\/\/www.valenciabass.com\/wp-content\/uploads\/Foto81-250x187.jpg 250w\" sizes=\"auto, (max-width: 640px) 100vw, 640px\" \/><\/a><\/p>\n<p>Foto antes de soltarlo. !Qu\u00e9 pez tan bonito, vaya librea!.<\/p>\n<p><a href=\"http:\/\/www.valenciabass.com\/wp-content\/uploads\/Foto9.jpg\"><img loading=\"lazy\" decoding=\"async\" src=\"http:\/\/www.valenciabass.com\/wp-content\/uploads\/Foto9.jpg\" alt=\"\" width=\"640\" height=\"359\" class=\"aligncenter size-full wp-image-3345\" srcset=\"https:\/\/www.valenciabass.com\/wp-content\/uploads\/Foto9.jpg 640w, https:\/\/www.valenciabass.com\/wp-content\/uploads\/Foto9-300x168.jpg 300w, https:\/\/www.valenciabass.com\/wp-content\/uploads\/Foto9-250x140.jpg 250w\" sizes=\"auto, (max-width: 640px) 100vw, 640px\" \/><\/a><\/p>\n<p>Kike solt\u00f3 a este buen bass y nos regal\u00f3 este salto tan bonito.<\/p>\n<p><a href=\"http:\/\/www.valenciabass.com\/wp-content\/uploads\/SaltoBass.gif\"><img loading=\"lazy\" decoding=\"async\" src=\"http:\/\/www.valenciabass.com\/wp-content\/uploads\/SaltoBass.gif\" alt=\"\" width=\"640\" height=\"360\" class=\"aligncenter size-full wp-image-3359\" srcset=\"https:\/\/www.valenciabass.com\/wp-content\/uploads\/SaltoBass.gif 640w, https:\/\/www.valenciabass.com\/wp-content\/uploads\/SaltoBass-300x168.gif 300w, https:\/\/www.valenciabass.com\/wp-content\/uploads\/SaltoBass-250x140.gif 250w\" sizes=\"auto, (max-width: 640px) 100vw, 640px\" \/><\/a><\/p>\n<p>Seguimos pescando, yo no hab\u00eda tenido suerte todav\u00eda. Nos desplazamos unos metros y yo lanc\u00e9 en paralelo a la orilla. Tras darle vida al se\u00f1uelo, en una de las paradas, \u00a1ah\u00ed estaba! Picada bestial, empez\u00f3 a tirar a profundidad, la lucha fue muy bonita. El bass se elev\u00f3 y di\u00f3 un salto tremendo. Yo me dec\u00eda a mi mismo, si se me escapa me da algo. Finalmente logr\u00e9 sacar este bass de Benag\u00e9ber, le di la mano a Kike de alegr\u00eda y lo pesamos dando 2.245kg.<\/p>\n<p><a href=\"http:\/\/www.valenciabass.com\/wp-content\/uploads\/Foto151.jpg\"><img loading=\"lazy\" decoding=\"async\" src=\"http:\/\/www.valenciabass.com\/wp-content\/uploads\/Foto151.jpg\" alt=\"\" width=\"640\" height=\"479\" class=\"aligncenter size-full wp-image-3339\" srcset=\"https:\/\/www.valenciabass.com\/wp-content\/uploads\/Foto151.jpg 640w, https:\/\/www.valenciabass.com\/wp-content\/uploads\/Foto151-300x224.jpg 300w, https:\/\/www.valenciabass.com\/wp-content\/uploads\/Foto151-250x187.jpg 250w\" sizes=\"auto, (max-width: 640px) 100vw, 640px\" \/><\/a><\/p>\n<p>Precioso bass de Benag\u00e9ber. Tras la foto y un buen v\u00eddeo, fue devuelto al agua.<\/p>\n<p><a href=\"http:\/\/www.valenciabass.com\/wp-content\/uploads\/Foto151.jpg\"><img loading=\"lazy\" decoding=\"async\" src=\"http:\/\/www.valenciabass.com\/wp-content\/uploads\/Foto161.jpg\" alt=\"\" width=\"640\" height=\"479\" class=\"aligncenter size-full wp-image-3339\" \/><\/a><\/p>\n<p>\u00a1Qu\u00e9 satisfacci\u00f3n da cuando lo sueltas\u00bb<\/p>\n<p><a href=\"http:\/\/www.valenciabass.com\/wp-content\/uploads\/Foto151.jpg\"><img loading=\"lazy\" decoding=\"async\" src=\"http:\/\/www.valenciabass.com\/wp-content\/uploads\/Foto171.jpg\" alt=\"\" width=\"640\" height=\"479\" class=\"aligncenter size-full wp-image-3339\" \/><\/a><\/p>\n<p>El objetivo ya estaba cumplido sacar un bass de m\u00e1s de 2 kilos. Los dos est\u00e1bamos muy contentos, un buen bass cada uno. Seguimos pescando y en uno de los cortados saque este lucio que peso 2.5kg que entr\u00f3 a un jerbait duro.<\/p>\n<p><a href=\"http:\/\/www.valenciabass.com\/wp-content\/uploads\/Foto181.jpg\"><img loading=\"lazy\" decoding=\"async\" src=\"http:\/\/www.valenciabass.com\/wp-content\/uploads\/Foto181.jpg\" alt=\"\" width=\"640\" height=\"480\" class=\"aligncenter size-full wp-image-3336\" srcset=\"https:\/\/www.valenciabass.com\/wp-content\/uploads\/Foto181.jpg 640w, https:\/\/www.valenciabass.com\/wp-content\/uploads\/Foto181-300x225.jpg 300w, https:\/\/www.valenciabass.com\/wp-content\/uploads\/Foto181-250x187.jpg 250w\" sizes=\"auto, (max-width: 640px) 100vw, 640px\" \/><\/a><\/p>\n<p>Sacar\u00edamos varios basses y Kike demostr\u00f3 ser un gran pescador.<br \/>\n<a href=\"http:\/\/www.valenciabass.com\/wp-content\/uploads\/Foto191.jpg\"><img loading=\"lazy\" decoding=\"async\" src=\"http:\/\/www.valenciabass.com\/wp-content\/uploads\/Foto191.jpg\" alt=\"\" width=\"640\" height=\"359\" class=\"aligncenter size-full wp-image-3335\" srcset=\"https:\/\/www.valenciabass.com\/wp-content\/uploads\/Foto191.jpg 640w, https:\/\/www.valenciabass.com\/wp-content\/uploads\/Foto191-300x168.jpg 300w, https:\/\/www.valenciabass.com\/wp-content\/uploads\/Foto191-250x140.jpg 250w\" sizes=\"auto, (max-width: 640px) 100vw, 640px\" \/><\/a><\/p>\n<p>Kike se marc\u00f3 un recital de 6 \u00f3 7 basses kileros lo cual tiene mucho m\u00e9rito teniendo en cuenta que los bases estaban pr\u00e1cticamente inactivos por estar tan fr\u00eda el agua. Os dedico esta foto 10 de este bass donde se aprecia el jerkbait duro en la boca.<\/p>\n<p><a href=\"http:\/\/www.valenciabass.com\/wp-content\/uploads\/Foto212.jpg\"><img loading=\"lazy\" decoding=\"async\" src=\"http:\/\/www.valenciabass.com\/wp-content\/uploads\/Foto212.jpg\" alt=\"\" width=\"640\" height=\"358\" class=\"aligncenter size-full wp-image-3360\" srcset=\"https:\/\/www.valenciabass.com\/wp-content\/uploads\/Foto212.jpg 640w, https:\/\/www.valenciabass.com\/wp-content\/uploads\/Foto212-300x167.jpg 300w, https:\/\/www.valenciabass.com\/wp-content\/uploads\/Foto212-250x139.jpg 250w\" sizes=\"auto, (max-width: 640px) 100vw, 640px\" \/><\/a><\/p>\n<p>Sacar\u00eda alg\u00fan bass m\u00e1s, pero no es digno de menci\u00f3n. Lo pasamos genial, en un d\u00eda muy soleado, rodeado de naturaleza y tranquilidad.  Pasamos un d\u00eda inolvidable en tierras valencianas, el d\u00eda se nos termin\u00f3 y pusimos rumbo ya hacia el coche.<\/p>\n<p>Los valencianos sois un ejemplo a seguir. Aqu\u00ed cuid\u00e1is bien las riquezas de vuestras aguas, no como en otros lugares de Espa\u00f1a que es lamentable como se est\u00e1 permitiendo que arrasen con todo.<\/p>\n<p>Esta cr\u00f3nica la quiero dedicar especialmente a Kike, pero tambi\u00e9n a todos los que aman y respetan a este pez tan m\u00e1gico. <\/p>\n<p>Un abrazo.<\/p>\n","protected":false},"excerpt":{"rendered":"<p>La semana pasada realic\u00e9 una visita de cuatro d\u00edas a tierras valencianas. Me desplac\u00e9 al pueblo de Alberic (Valencia) donde hab\u00eda quedado con Kike, buen amigo y gran persona, y pas\u00e9 la noche en un hostal de esa localidad que <span class=\"excerpt-dots\">&hellip;<\/span> <a class=\"more-link\" href=\"https:\/\/www.valenciabass.com\/?p=3326\"><span class=\"more-msg\">Sigue leyendo &rarr;<\/span><\/a><\/p>\n","protected":false},"author":8,"featured_media":3364,"comment_status":"closed","ping_status":"closed","sticky":false,"template":"","format":"standard","meta":{"_monsterinsights_skip_tracking":false,"_monsterinsights_sitenote_active":false,"_monsterinsights_sitenote_note":"","_monsterinsights_sitenote_category":0,"ngg_post_thumbnail":0,"footnotes":""},"categories":[38,26,35,6],"tags":[],"class_list":["post-3326","post","type-post","status-publish","format-standard","has-post-thumbnail","hentry","category-benageber","category-cronicas","category-escenario","category-salidas"],"_links":{"self":[{"href":"https:\/\/www.valenciabass.com\/index.php?rest_route=\/wp\/v2\/posts\/3326","targetHints":{"allow":["GET"]}}],"collection":[{"href":"https:\/\/www.valenciabass.com\/index.php?rest_route=\/wp\/v2\/posts"}],"about":[{"href":"https:\/\/www.valenciabass.com\/index.php?rest_route=\/wp\/v2\/types\/post"}],"author":[{"embeddable":true,"href":"https:\/\/www.valenciabass.com\/index.php?rest_route=\/wp\/v2\/users\/8"}],"replies":[{"embeddable":true,"href":"https:\/\/www.valenciabass.com\/index.php?rest_route=%2Fwp%2Fv2%2Fcomments&post=3326"}],"version-history":[{"count":14,"href":"https:\/\/www.valenciabass.com\/index.php?rest_route=\/wp\/v2\/posts\/3326\/revisions"}],"predecessor-version":[{"id":5829,"href":"https:\/\/www.valenciabass.com\/index.php?rest_route=\/wp\/v2\/posts\/3326\/revisions\/5829"}],"wp:featuredmedia":[{"embeddable":true,"href":"https:\/\/www.valenciabass.com\/index.php?rest_route=\/wp\/v2\/media\/3364"}],"wp:attachment":[{"href":"https:\/\/www.valenciabass.com\/index.php?rest_route=%2Fwp%2Fv2%2Fmedia&parent=3326"}],"wp:term":[{"taxonomy":"category","embeddable":true,"href":"https:\/\/www.valenciabass.com\/index.php?rest_route=%2Fwp%2Fv2%2Fcategories&post=3326"},{"taxonomy":"post_tag","embeddable":true,"href":"https:\/\/www.valenciabass.com\/index.php?rest_route=%2Fwp%2Fv2%2Ftags&post=3326"}],"curies":[{"name":"wp","href":"https:\/\/api.w.org\/{rel}","templated":true}]}}