{"id":3193,"date":"2013-03-29T23:16:28","date_gmt":"2013-03-29T22:16:28","guid":{"rendered":"http:\/\/www.valenciabass.com\/?p=3193"},"modified":"2013-03-29T23:35:22","modified_gmt":"2013-03-29T22:35:22","slug":"bajada-de-nivel-del-embalse-de-cortes","status":"publish","type":"post","link":"https:\/\/www.valenciabass.com\/?p=3193","title":{"rendered":"Bajada de nivel de Cortes"},"content":{"rendered":"<p>Os informamos de que el nivel del embalse de Cortes de Pall\u00e1s ha bajado significativamente. Hay serias<br \/>\ndificultades para botar embarcaciones grandes, o embarcaciones peque\u00f1as (menos de 300 kilos) remolcadas por turismo.<\/p>\n<p>La rampa del Ral es la que mejor condiciones presenta, aunque hay un escal\u00f3n pronunciado a los pocos metros. Las rampas del acueducto y de Cofrentes estaban inaccesibles al menos esta ma\u00f1ana. Te adjunto las fotos de la rampa del pueblo de Cortes de esta ma\u00f1ana, para que juzgues por t\u00ed mismo.<\/p>\n<p><a href=\"http:\/\/www.valenciabass.com\/wp-content\/uploads\/Photo1015.640x480.jpg\"><img loading=\"lazy\" decoding=\"async\" src=\"http:\/\/www.valenciabass.com\/wp-content\/uploads\/Photo1015.640x480.jpg\" alt=\"\" title=\"SAMSUNG\" width=\"640\" height=\"480\" class=\"aligncenter size-full wp-image-3194\" srcset=\"https:\/\/www.valenciabass.com\/wp-content\/uploads\/Photo1015.640x480.jpg 640w, https:\/\/www.valenciabass.com\/wp-content\/uploads\/Photo1015.640x480-300x225.jpg 300w, https:\/\/www.valenciabass.com\/wp-content\/uploads\/Photo1015.640x480-250x187.jpg 250w\" sizes=\"auto, (max-width: 640px) 100vw, 640px\" \/><\/a><\/p>\n<p><a href=\"http:\/\/www.valenciabass.com\/wp-content\/uploads\/Nombredefotosuperlargoparaversifacebooklomuestraatravesdetwitter.jpg\"><img loading=\"lazy\" decoding=\"async\" src=\"http:\/\/www.valenciabass.com\/wp-content\/uploads\/Nombredefotosuperlargoparaversifacebooklomuestraatravesdetwitter.jpg\" alt=\"\" title=\"SAMSUNG\" width=\"640\" height=\"480\" class=\"aligncenter size-full wp-image-3195\" srcset=\"https:\/\/www.valenciabass.com\/wp-content\/uploads\/Nombredefotosuperlargoparaversifacebooklomuestraatravesdetwitter.jpg 640w, https:\/\/www.valenciabass.com\/wp-content\/uploads\/Nombredefotosuperlargoparaversifacebooklomuestraatravesdetwitter-300x225.jpg 300w, https:\/\/www.valenciabass.com\/wp-content\/uploads\/Nombredefotosuperlargoparaversifacebooklomuestraatravesdetwitter-250x187.jpg 250w\" sizes=\"auto, (max-width: 640px) 100vw, 640px\" \/><\/a><\/p>\n<p>El nivel ha subido durante la ma\u00f1ana, pero ha vuelto a bajar un poco durante la tarde.<\/p>\n<p>Tenlo en cuenta si planeas pescar estos d\u00edas en Cortes.<\/p>\n","protected":false},"excerpt":{"rendered":"<p>Os informamos de que el nivel del embalse de Cortes de Pall\u00e1s ha bajado significativamente. Hay serias dificultades para botar embarcaciones grandes, o embarcaciones peque\u00f1as (menos de 300 kilos) remolcadas por turismo. La rampa del Ral es la que mejor <span class=\"excerpt-dots\">&hellip;<\/span> <a class=\"more-link\" href=\"https:\/\/www.valenciabass.com\/?p=3193\"><span class=\"more-msg\">Sigue leyendo &rarr;<\/span><\/a><\/p>\n","protected":false},"author":2,"featured_media":3195,"comment_status":"closed","ping_status":"closed","sticky":false,"template":"","format":"standard","meta":{"_monsterinsights_skip_tracking":false,"_monsterinsights_sitenote_active":false,"_monsterinsights_sitenote_note":"","_monsterinsights_sitenote_category":0,"ngg_post_thumbnail":0,"footnotes":""},"categories":[1,18],"tags":[],"class_list":["post-3193","post","type-post","status-publish","format-standard","has-post-thumbnail","hentry","category-noticias","category-noticias-general"],"_links":{"self":[{"href":"https:\/\/www.valenciabass.com\/index.php?rest_route=\/wp\/v2\/posts\/3193","targetHints":{"allow":["GET"]}}],"collection":[{"href":"https:\/\/www.valenciabass.com\/index.php?rest_route=\/wp\/v2\/posts"}],"about":[{"href":"https:\/\/www.valenciabass.com\/index.php?rest_route=\/wp\/v2\/types\/post"}],"author":[{"embeddable":true,"href":"https:\/\/www.valenciabass.com\/index.php?rest_route=\/wp\/v2\/users\/2"}],"replies":[{"embeddable":true,"href":"https:\/\/www.valenciabass.com\/index.php?rest_route=%2Fwp%2Fv2%2Fcomments&post=3193"}],"version-history":[{"count":3,"href":"https:\/\/www.valenciabass.com\/index.php?rest_route=\/wp\/v2\/posts\/3193\/revisions"}],"predecessor-version":[{"id":3198,"href":"https:\/\/www.valenciabass.com\/index.php?rest_route=\/wp\/v2\/posts\/3193\/revisions\/3198"}],"wp:featuredmedia":[{"embeddable":true,"href":"https:\/\/www.valenciabass.com\/index.php?rest_route=\/wp\/v2\/media\/3195"}],"wp:attachment":[{"href":"https:\/\/www.valenciabass.com\/index.php?rest_route=%2Fwp%2Fv2%2Fmedia&parent=3193"}],"wp:term":[{"taxonomy":"category","embeddable":true,"href":"https:\/\/www.valenciabass.com\/index.php?rest_route=%2Fwp%2Fv2%2Fcategories&post=3193"},{"taxonomy":"post_tag","embeddable":true,"href":"https:\/\/www.valenciabass.com\/index.php?rest_route=%2Fwp%2Fv2%2Ftags&post=3193"}],"curies":[{"name":"wp","href":"https:\/\/api.w.org\/{rel}","templated":true}]}}