{"id":3191,"date":"2013-04-01T23:45:58","date_gmt":"2013-04-01T21:45:58","guid":{"rendered":"http:\/\/www.valenciabass.com\/?p=3191"},"modified":"2014-06-08T22:25:26","modified_gmt":"2014-06-08T20:25:26","slug":"primer-social-embarcacion-2013","status":"publish","type":"post","link":"https:\/\/www.valenciabass.com\/?p=3191","title":{"rendered":"Primer Social Embarcaci\u00f3n 2013"},"content":{"rendered":"<p>Tras muchos meses en el dique seco, la competici\u00f3n de embarcaci\u00f3n del Valencia Bass Club volv\u00eda un a\u00f1o m\u00e1s con una plantilla renovada en su mayor parte debido a notables bajas e interesantes altas.<\/p>\n<p>Por una parte, tenemos altas el\u00e9ctrizantes como son los orilleros David, Francisco, Sergio y Omar que se lanzaban a la competici\u00f3n de embarcaci\u00f3n de la mano de sus nuevas embarcaciones tuneadas por <a title=\"Lasazzi\" href=\"http:\/\/www.facebook.com\/pages\/Lasazzi\/152487654893516\" target=\"_blank\">Lasazzi<\/a>. Tambi\u00e9n tenemos socios que se hab\u00edan atrevido a dar el salto y unirse al mundillo de la competici\u00f3n como son Alonso y Javi, y Emilio y Jos\u00e9 Manuel.<\/p>\n<p>Luego tenemos una serie de cambios de pareja al albor del fuego pasional de la competici\u00f3n. Paco Arroyo se un\u00eda al dos veces campe\u00f3n de Espa\u00f1a y miembro del equipo <a title=\"Longas Baits\" href=\"http:\/\/www.longasbaits.com\" target=\"_blank\">Longas Baits<\/a>, Vicente Gargallo. El mism\u00edsimo Edu de <a title=\"Lasazzi\" href=\"http:\/\/www.facebook.com\/pages\/Lasazzi\/152487654893516\" target=\"_blank\">Lasazzi<\/a> realizaba un fichaje estrella y compet\u00eda mano a mano con Virginia.<\/p>\n<p>Tambi\u00e9n tomaba parte de la competici\u00f3n el equipo <a title=\"Lunker Apparel\" href=\"http:\/\/www.lunkerapparel.com\" target=\"_blank\">Lunker<\/a> formado por Rober y Pablo, que igual te pescan un at\u00fan de 10 kilos, que te sacan una lucioperca touera, que sacan un bass metido en tamarits de Millares. Doy fe de que Rober fue al primer parcial de ese domingo con la lecci\u00f3n bien aprendida, incluso asisti\u00f3 a tutor\u00edas a distancia.<\/p>\n<p>Tambi\u00e9n reaparec\u00eda en la competici\u00f3n el t\u00edo Berni, subcampe\u00f3n auton\u00f3mico de 2009, de la forma m\u00e1s dulce que se podr\u00eda hacer, es decir, con el \u00abMestre Forner de Silla\u00bb, Fede Romeu. Otra pareja estelar que volv\u00eda a la competici\u00f3n, Nacho Revert by \u00abCustom Rods\u00bb y Sabalete, mejor conocido como \u00abel chico Freixenet\u00bb. Seguidamente, proveninentes de las tierras altas (High Lands), los hermanos Iranzo Zahonero. Otro que volv\u00eda a la competici\u00f3n era Miguel \u00abEl del Velero\u00bb que lo hac\u00eda de la mano de Ferra.<\/p>\n<p>Luego est\u00e1n los que volv\u00edan a competir juntos por segundo a\u00f1o consecutivo, como son Cisco y Cristian, Juanito el de la gr\u00faa y Pepe Peral, y Miguel \u00abEl Presi\u00bb y Paco Revert. Finalmente, quedan los cl\u00e1sicos, como son los Serafines, padre e hijo, Jorge y Miguel Franco, los Zetas equipo <a title=\"Molix\" href=\"http:\/\/www.molix.com\" target=\"_blank\">Molix<\/a>, Pardo \u00abFish or Die\u00bb y JJ, y Rafa \u00abTaxi Driver\u00bb y Chiquit\u00edn.<\/p>\n<p>Hechas las presentaciones pertinentes, este primer concurso comenzaba a una hora inusual que gust\u00f3 a la mayor\u00eda por no tener que madrugar. Fuimos llegando a la rampa del acueducto reencontr\u00e1ndonos con los compa\u00f1eros, alguno de ellos no los ve\u00edamos desde el \u00faltimo concurso social de 2012.<\/p>\n<p><a href=\"http:\/\/www.valenciabass.com\/wp-content\/uploads\/IMG_0746.640x480.jpg\"><img loading=\"lazy\" decoding=\"async\" class=\"aligncenter size-full wp-image-3206\" title=\"IMG_0746.640x480\" src=\"http:\/\/www.valenciabass.com\/wp-content\/uploads\/IMG_0746.640x480.jpg\" alt=\"\" width=\"640\" height=\"480\" srcset=\"https:\/\/www.valenciabass.com\/wp-content\/uploads\/IMG_0746.640x480.jpg 640w, https:\/\/www.valenciabass.com\/wp-content\/uploads\/IMG_0746.640x480-300x225.jpg 300w, https:\/\/www.valenciabass.com\/wp-content\/uploads\/IMG_0746.640x480-250x187.jpg 250w\" sizes=\"auto, (max-width: 640px) 100vw, 640px\" \/><\/a><\/p>\n<p>Momentos antes de la salida, Pardo y JJ intercambiaban impresiones con Edu y Virginia.<\/p>\n<p><a href=\"http:\/\/www.valenciabass.com\/wp-content\/uploads\/IMG_0748.640x480.jpg\"><img loading=\"lazy\" decoding=\"async\" class=\"aligncenter size-full wp-image-3207\" title=\"IMG_0748.640x480\" src=\"http:\/\/www.valenciabass.com\/wp-content\/uploads\/IMG_0748.640x480.jpg\" alt=\"\" width=\"640\" height=\"480\" srcset=\"https:\/\/www.valenciabass.com\/wp-content\/uploads\/IMG_0748.640x480.jpg 640w, https:\/\/www.valenciabass.com\/wp-content\/uploads\/IMG_0748.640x480-300x225.jpg 300w, https:\/\/www.valenciabass.com\/wp-content\/uploads\/IMG_0748.640x480-250x187.jpg 250w\" sizes=\"auto, (max-width: 640px) 100vw, 640px\" \/><\/a><\/p>\n<p>El equipo <a title=\"Lunker Apparel\" href=\"http:\/\/www.lunkerapparel.com\" target=\"_blank\">Lunker Apparel<\/a> ultramotivado, listo para la acci\u00f3n. Al fondo, los ZZ plenamente enchufados esperaban el sonar de la bocina.<\/p>\n<p><a href=\"http:\/\/www.valenciabass.com\/wp-content\/uploads\/IMG_0751.640x480.jpg\"><img loading=\"lazy\" decoding=\"async\" class=\"aligncenter size-full wp-image-3208\" title=\"IMG_0751.640x480\" src=\"http:\/\/www.valenciabass.com\/wp-content\/uploads\/IMG_0751.640x480.jpg\" alt=\"\" width=\"640\" height=\"480\" srcset=\"https:\/\/www.valenciabass.com\/wp-content\/uploads\/IMG_0751.640x480.jpg 640w, https:\/\/www.valenciabass.com\/wp-content\/uploads\/IMG_0751.640x480-300x225.jpg 300w, https:\/\/www.valenciabass.com\/wp-content\/uploads\/IMG_0751.640x480-250x187.jpg 250w\" sizes=\"auto, (max-width: 640px) 100vw, 640px\" \/><\/a><\/p>\n<p>El presi, abandonado a su suerte por Paco Revert, se enfundaba en su faceta de pro para pescar en un siempre duro Cortes a principio de temporada.<\/p>\n<p><a href=\"http:\/\/www.valenciabass.com\/wp-content\/uploads\/IMG_0752.640x480.jpg\"><img loading=\"lazy\" decoding=\"async\" class=\"aligncenter size-full wp-image-3209\" title=\"IMG_0752.640x480\" src=\"http:\/\/www.valenciabass.com\/wp-content\/uploads\/IMG_0752.640x480.jpg\" alt=\"\" width=\"640\" height=\"480\" srcset=\"https:\/\/www.valenciabass.com\/wp-content\/uploads\/IMG_0752.640x480.jpg 640w, https:\/\/www.valenciabass.com\/wp-content\/uploads\/IMG_0752.640x480-300x225.jpg 300w, https:\/\/www.valenciabass.com\/wp-content\/uploads\/IMG_0752.640x480-250x187.jpg 250w\" sizes=\"auto, (max-width: 640px) 100vw, 640px\" \/><\/a><\/p>\n<p>Salimos en dos mangas, algunos hacia el r\u00edo y otros hacia el Ral y Prebet\u00f3n. El agua segu\u00eda estando fr\u00eda en 11-12 grados, as\u00ed que los peces estar\u00edan todav\u00eda lentos. El fuerte viento que se hac\u00eda notar principalmente en el r\u00edo no era lo mejor para este principio de temporada. Algunos nos refugiamos en las reculas del Ral y del Prebet\u00f3n buscando aquellos peces que se preparaban para la freza. Otros se aferraban a las aguas altas del r\u00edo donde la temperatura era un grado superior al resto del embalse.<\/p>\n<p>No hubo mucho movimiento de barcos a lo largo del concurso. Cuando nos dimos cuenta hab\u00edan pasado las 6 horas del concurso y nos dirigimos al pesaje. Sin embargo, el pesaje se retrasaba por falta de algunos barcos y pronto nos dimos cuenta que algo grave hab\u00eda pasado.<\/p>\n<p>El presi remolcaba el barco de Rafa Atienza hasta la rampa de botadura y pronto se supo que Rafa y \u00abChiquit\u00edn\u00bb hab\u00edan volcado du embarcaci\u00f3n hacia las 13h.<\/p>\n<p><a href=\"http:\/\/www.valenciabass.com\/wp-content\/uploads\/IMG_0754.640x480.jpg\"><img loading=\"lazy\" decoding=\"async\" class=\"aligncenter size-full wp-image-3213\" title=\"IMG_0754.640x480\" src=\"http:\/\/www.valenciabass.com\/wp-content\/uploads\/IMG_0754.640x480.jpg\" alt=\"\" width=\"640\" height=\"480\" srcset=\"https:\/\/www.valenciabass.com\/wp-content\/uploads\/IMG_0754.640x480.jpg 640w, https:\/\/www.valenciabass.com\/wp-content\/uploads\/IMG_0754.640x480-300x225.jpg 300w, https:\/\/www.valenciabass.com\/wp-content\/uploads\/IMG_0754.640x480-250x187.jpg 250w\" sizes=\"auto, (max-width: 640px) 100vw, 640px\" \/><\/a><\/p>\n<p>El presi fue el primero en acudir en auxilio de nuestros compa\u00f1eros que tuvieron que nadar hasta la orilla en un agua que estaba a 11 grados. El presi busc\u00f3 ayuda que encontr\u00f3 en los Migueles que dejaron de competir para asistir a los n\u00e1ufragos.<\/p>\n<p><a href=\"http:\/\/www.valenciabass.com\/wp-content\/uploads\/IMG_0756.640x480.jpg\"><img loading=\"lazy\" decoding=\"async\" class=\"aligncenter size-full wp-image-3214\" title=\"IMG_0756.640x480\" src=\"http:\/\/www.valenciabass.com\/wp-content\/uploads\/IMG_0756.640x480.jpg\" alt=\"\" width=\"640\" height=\"480\" srcset=\"https:\/\/www.valenciabass.com\/wp-content\/uploads\/IMG_0756.640x480.jpg 640w, https:\/\/www.valenciabass.com\/wp-content\/uploads\/IMG_0756.640x480-300x225.jpg 300w, https:\/\/www.valenciabass.com\/wp-content\/uploads\/IMG_0756.640x480-250x187.jpg 250w\" sizes=\"auto, (max-width: 640px) 100vw, 640px\" \/><\/a><\/p>\n<p>Miguel \u00abEl del velero\u00bb no dud\u00f3 en zambullirse en el agua fr\u00eda para atar un cabo del asa de popa y poder reflotar la embarcaci\u00f3n que se encontraba hundida como se aprecia en la fotograf\u00eda.<\/p>\n<p><a href=\"http:\/\/www.valenciabass.com\/wp-content\/uploads\/IMG-20130324-WA0001.640x480.jpg\"><img loading=\"lazy\" decoding=\"async\" class=\"aligncenter size-full wp-image-3215\" title=\"IMG-20130324-WA0001.640x480\" src=\"http:\/\/www.valenciabass.com\/wp-content\/uploads\/IMG-20130324-WA0001.640x480.jpg\" alt=\"\" width=\"640\" height=\"480\" srcset=\"https:\/\/www.valenciabass.com\/wp-content\/uploads\/IMG-20130324-WA0001.640x480.jpg 640w, https:\/\/www.valenciabass.com\/wp-content\/uploads\/IMG-20130324-WA0001.640x480-300x225.jpg 300w, https:\/\/www.valenciabass.com\/wp-content\/uploads\/IMG-20130324-WA0001.640x480-250x187.jpg 250w\" sizes=\"auto, (max-width: 640px) 100vw, 640px\" \/><\/a><\/p>\n<p>Volviendo al momento del pesaje, las capturas fueron muy escasas, s\u00f3lo Nacho y Sabalete sacaron 3 peces, luego dos barcos con dos peces, y unos pocos con un \u00fanico pez.<\/p>\n<p>El pesaje transcurri\u00f3 mientras los barcos golpeaban contra la orilla por el fuerte oleaje tras un cambio de zona de pesaje decidida por el juez. Los primeros puestos quedan como sigue.<\/p>\n<p>En el quinto puesto tenemos al equipo <a title=\"Molix\" href=\"http:\/\/www.molix.com\" target=\"_blank\">Molix<\/a> representado por los ZZ. Javi mostraba orgulloso su \u00fanica captura que fue sacado en un \u00e1rbol a texas con el <a title=\"SV Craw de Molix\" href=\"http:\/\/www.youtube.com\/watch?v=LZZClCNL2w4\" target=\"_blank\">sv craw<\/a>.<\/p>\n<p><a href=\"http:\/\/www.valenciabass.com\/wp-content\/uploads\/20130324_161504.640x480.jpg\"><img loading=\"lazy\" decoding=\"async\" class=\"aligncenter size-full wp-image-3216\" title=\"20130324_161504.640x480\" src=\"http:\/\/www.valenciabass.com\/wp-content\/uploads\/20130324_161504.640x480-e1364682478292.jpg\" alt=\"\" width=\"480\" height=\"640\" srcset=\"https:\/\/www.valenciabass.com\/wp-content\/uploads\/20130324_161504.640x480-e1364682478292.jpg 480w, https:\/\/www.valenciabass.com\/wp-content\/uploads\/20130324_161504.640x480-e1364682478292-225x300.jpg 225w\" sizes=\"auto, (max-width: 480px) 100vw, 480px\" \/><\/a><\/p>\n<p>En el cuarto puesto tenemos a Edu de <a title=\"Lasazzi\" href=\"http:\/\/www.facebook.com\/pages\/Lasazzi\/152487654893516\" target=\"_blank\">Lasazzi<\/a> y Virginia que consiguieron dos muy meritorias capturas en un duro d\u00eda de pesca en Cortes. La primera captura la obtuvieron repasando uno de los puntales con el <a href=\"http:\/\/www.youtube.com\/watch?v=jl4mmIiT3-k\" title=\"Lover de Molix\" target=\"_blank\">nuevo Lover<\/a> y el segundo sucumbi\u00f3 a la <a href=\"http:\/\/www.youtube.com\/watch?v=zfTKZDRwoss\" title=\"Sator Worm de Molix\" target=\"_blank\">sator Worm<\/a>, ambos de <a href=\"http:\/\/www.molix.com\" title=\"Molix\" target=\"_blank\">Molix<\/a>.<\/p>\n<p><a href=\"http:\/\/www.valenciabass.com\/wp-content\/uploads\/VirginiaNavarro.jpg\"><img loading=\"lazy\" decoding=\"async\" class=\"aligncenter size-full wp-image-3232\" title=\"VirginiaNavarro\" src=\"http:\/\/www.valenciabass.com\/wp-content\/uploads\/VirginiaNavarro.jpg\" alt=\"\" width=\"450\" height=\"800\" srcset=\"https:\/\/www.valenciabass.com\/wp-content\/uploads\/VirginiaNavarro.jpg 450w, https:\/\/www.valenciabass.com\/wp-content\/uploads\/VirginiaNavarro-168x300.jpg 168w, https:\/\/www.valenciabass.com\/wp-content\/uploads\/VirginiaNavarro-250x444.jpg 250w\" sizes=\"auto, (max-width: 450px) 100vw, 450px\" \/><\/a><\/p>\n<p><a href=\"http:\/\/www.valenciabass.com\/wp-content\/uploads\/DSC_0514.640x480.jpg\"><img loading=\"lazy\" decoding=\"async\" class=\"aligncenter size-full wp-image-3218\" title=\"DSC_0514.640x480\" src=\"http:\/\/www.valenciabass.com\/wp-content\/uploads\/DSC_0514.640x480.jpg\" alt=\"\" width=\"640\" height=\"360\" srcset=\"https:\/\/www.valenciabass.com\/wp-content\/uploads\/DSC_0514.640x480.jpg 640w, https:\/\/www.valenciabass.com\/wp-content\/uploads\/DSC_0514.640x480-300x168.jpg 300w, https:\/\/www.valenciabass.com\/wp-content\/uploads\/DSC_0514.640x480-250x140.jpg 250w\" sizes=\"auto, (max-width: 640px) 100vw, 640px\" \/><\/a><\/p>\n<p>El tercer puesto fue a parar a manos de Paco Arroyo y Vicente Gargallo con un \u00fanico pez, pero \u00a1qu\u00e9 pez!, fue la pieza mayor del concurso con 2.630kg y que fue capturado con un <a href=\"http:\/\/www.longasbaits.com\/jigs.html\" title=\"Jigs de Longas Baits\" target=\"_blank\">jig de Longas Baits<\/a> en color VG.<\/p>\n<p><a href=\"http:\/\/www.valenciabass.com\/wp-content\/uploads\/IMG_0757.640x480.jpg\"><img loading=\"lazy\" decoding=\"async\" class=\"aligncenter size-full wp-image-3219\" title=\"IMG_0757.640x480\" src=\"http:\/\/www.valenciabass.com\/wp-content\/uploads\/IMG_0757.640x480.jpg\" alt=\"\" width=\"640\" height=\"480\" srcset=\"https:\/\/www.valenciabass.com\/wp-content\/uploads\/IMG_0757.640x480.jpg 640w, https:\/\/www.valenciabass.com\/wp-content\/uploads\/IMG_0757.640x480-300x225.jpg 300w, https:\/\/www.valenciabass.com\/wp-content\/uploads\/IMG_0757.640x480-250x187.jpg 250w\" sizes=\"auto, (max-width: 640px) 100vw, 640px\" \/><\/a><\/p>\n<p>El segundo puesto fue logrado por \u00abThe Doctor\u00bb y Miguel Franco que se ahijaron un enano hu\u00e9rfano y consiguieron una de sus dos capturas con vinilo a pez visto, y la otra con un crankbait.<\/p>\n<p><a href=\"http:\/\/www.valenciabass.com\/wp-content\/uploads\/IMG_0761.640x480.jpg\"><img loading=\"lazy\" decoding=\"async\" class=\"aligncenter size-full wp-image-3220\" title=\"IMG_0761.640x480\" src=\"http:\/\/www.valenciabass.com\/wp-content\/uploads\/IMG_0761.640x480.jpg\" alt=\"\" width=\"640\" height=\"480\" srcset=\"https:\/\/www.valenciabass.com\/wp-content\/uploads\/IMG_0761.640x480.jpg 640w, https:\/\/www.valenciabass.com\/wp-content\/uploads\/IMG_0761.640x480-300x225.jpg 300w, https:\/\/www.valenciabass.com\/wp-content\/uploads\/IMG_0761.640x480-250x187.jpg 250w\" sizes=\"auto, (max-width: 640px) 100vw, 640px\" \/><\/a><\/p>\n<p>El primer puesto fue alzado por la pareja revelaci\u00f3n de la temporada con un Nacho Revert by \u00abCustom Rods\u00bb y un Sabalete \u00abChico Freixenet\u00bb que sacaban tres peces en este primer concurso. S\u00f3lo podemos decir que Sabalete hizo valer su maestr\u00eda con el senko que le da nombre. \u00a1Enhorabuena a los campeones de este primer social!<\/p>\n<p><a href=\"http:\/\/www.valenciabass.com\/wp-content\/uploads\/IMG_0765.640x480.jpg\"><img loading=\"lazy\" decoding=\"async\" class=\"aligncenter size-full wp-image-3221\" title=\"IMG_0765.640x480\" src=\"http:\/\/www.valenciabass.com\/wp-content\/uploads\/IMG_0765.640x480.jpg\" alt=\"\" width=\"640\" height=\"480\" srcset=\"https:\/\/www.valenciabass.com\/wp-content\/uploads\/IMG_0765.640x480.jpg 640w, https:\/\/www.valenciabass.com\/wp-content\/uploads\/IMG_0765.640x480-300x225.jpg 300w, https:\/\/www.valenciabass.com\/wp-content\/uploads\/IMG_0765.640x480-250x187.jpg 250w\" sizes=\"auto, (max-width: 640px) 100vw, 640px\" \/><\/a><\/p>\n<p>Finalmente, la clasificaci\u00f3n del primer social de embarcaci\u00f3n queda como sigue.<\/p>\n<p><a href=\"http:\/\/www.valenciabass.com\/wp-content\/uploads\/ClasificacionPrimerSocialEmbarcacion2013.png\"><img loading=\"lazy\" decoding=\"async\" class=\"aligncenter size-large wp-image-3224\" title=\"ClasificacionPrimerSocialEmbarcacion2013\" src=\"http:\/\/www.valenciabass.com\/wp-content\/uploads\/ClasificacionPrimerSocialEmbarcacion2013-1024x644.png\" alt=\"\" width=\"640\" height=\"402\" srcset=\"https:\/\/www.valenciabass.com\/wp-content\/uploads\/ClasificacionPrimerSocialEmbarcacion2013-1024x644.png 1024w, https:\/\/www.valenciabass.com\/wp-content\/uploads\/ClasificacionPrimerSocialEmbarcacion2013-300x188.png 300w, https:\/\/www.valenciabass.com\/wp-content\/uploads\/ClasificacionPrimerSocialEmbarcacion2013-250x157.png 250w, https:\/\/www.valenciabass.com\/wp-content\/uploads\/ClasificacionPrimerSocialEmbarcacion2013-940x591.png 940w, https:\/\/www.valenciabass.com\/wp-content\/uploads\/ClasificacionPrimerSocialEmbarcacion2013.png 1220w\" sizes=\"auto, (max-width: 640px) 100vw, 640px\" \/><\/a><\/p>\n<p>Despu\u00e9s de recoger los barcos y ya a las 17:30, comimos unos cuantos juntos en el alto de \u00abEl Oro\u00bb.<\/p>\n<p><a href=\"http:\/\/www.valenciabass.com\/wp-content\/uploads\/Fotodecomidadelprimerconcursosocialembarcacionencortesde2013.jpg\"><img loading=\"lazy\" decoding=\"async\" class=\"aligncenter size-full wp-image-3225\" title=\"SAMSUNG\" src=\"http:\/\/www.valenciabass.com\/wp-content\/uploads\/Fotodecomidadelprimerconcursosocialembarcacionencortesde2013.jpg\" alt=\"\" width=\"640\" height=\"480\" srcset=\"https:\/\/www.valenciabass.com\/wp-content\/uploads\/Fotodecomidadelprimerconcursosocialembarcacionencortesde2013.jpg 640w, https:\/\/www.valenciabass.com\/wp-content\/uploads\/Fotodecomidadelprimerconcursosocialembarcacionencortesde2013-300x225.jpg 300w, https:\/\/www.valenciabass.com\/wp-content\/uploads\/Fotodecomidadelprimerconcursosocialembarcacionencortesde2013-250x187.jpg 250w\" sizes=\"auto, (max-width: 640px) 100vw, 640px\" \/><\/a><\/p>\n<p>Como os pod\u00e9is imaginar hab\u00eda muchas cosas que contar despu\u00e9s de lo ocurrido a Rafa y \u00abEl Chiquit\u00edn\u00bb- Menos mal que al final todo qued\u00f3 en un gran susto y los compa\u00f1eros estuvieron all\u00ed para ayudarlos.<\/p>\n<p>Por \u00faltimo, terminamos esta cr\u00f3nica con unas palabras de agradecimiento que me han hecho llega Rafa y Chiquit\u00edn:<\/p>\n<blockquote><p>Quer\u00edamos dar las gracias a todos los que nos ayudaron a sacar la barca en el percance que tuvimos. Sobre todo a Miguel Garc\u00eda (el presi) que fue el primero en socorrernos y buscar ayuda, a Ferragut y Miguel \u00abel del velero\u00bb que se tir\u00f3 al agua a atar un cabo de la popa de la barca de Rafa para poder tirar. Ellos fueron los que m\u00e1s tiempo perdieron durante la competici\u00f3n. En general, agradecer a todos los que se pusieron en contacto con nosotros d\u00e1ndonos \u00e1nimos y ofreci\u00e9ndose para lo que necesitemos.<\/p>\n<p>Tambi\u00e9n informaros que afortunadamente dos d\u00edas despu\u00e9s, un amigo de Berni que es buzo profesional pudo recuperar todas las ca\u00f1as y pr\u00e1cticamente todo lo que se hundi\u00f3. As\u00ed que solo nos falta saber los da\u00f1os causados en el motor de explosi\u00f3n, aunque esperamos que no sean muchos.<\/p><\/blockquote>\n","protected":false},"excerpt":{"rendered":"<p>Tras muchos meses en el dique seco, la competici\u00f3n de embarcaci\u00f3n del Valencia Bass Club volv\u00eda un a\u00f1o m\u00e1s con una plantilla renovada en su mayor parte debido a notables bajas e interesantes altas. Por una parte, tenemos altas el\u00e9ctrizantes <span class=\"excerpt-dots\">&hellip;<\/span> <a class=\"more-link\" href=\"https:\/\/www.valenciabass.com\/?p=3191\"><span class=\"more-msg\">Sigue leyendo &rarr;<\/span><\/a><\/p>\n","protected":false},"author":2,"featured_media":3225,"comment_status":"closed","ping_status":"closed","sticky":false,"template":"","format":"standard","meta":{"_monsterinsights_skip_tracking":false,"_monsterinsights_sitenote_active":false,"_monsterinsights_sitenote_note":"","_monsterinsights_sitenote_category":0,"ngg_post_thumbnail":0,"footnotes":""},"categories":[38,5,26,35,10,12],"tags":[],"class_list":["post-3191","post","type-post","status-publish","format-standard","has-post-thumbnail","hentry","category-benageber","category-competiciones","category-cronicas","category-escenario","category-sociales","category-sociales-embarcacion"],"_links":{"self":[{"href":"https:\/\/www.valenciabass.com\/index.php?rest_route=\/wp\/v2\/posts\/3191","targetHints":{"allow":["GET"]}}],"collection":[{"href":"https:\/\/www.valenciabass.com\/index.php?rest_route=\/wp\/v2\/posts"}],"about":[{"href":"https:\/\/www.valenciabass.com\/index.php?rest_route=\/wp\/v2\/types\/post"}],"author":[{"embeddable":true,"href":"https:\/\/www.valenciabass.com\/index.php?rest_route=\/wp\/v2\/users\/2"}],"replies":[{"embeddable":true,"href":"https:\/\/www.valenciabass.com\/index.php?rest_route=%2Fwp%2Fv2%2Fcomments&post=3191"}],"version-history":[{"count":22,"href":"https:\/\/www.valenciabass.com\/index.php?rest_route=\/wp\/v2\/posts\/3191\/revisions"}],"predecessor-version":[{"id":5830,"href":"https:\/\/www.valenciabass.com\/index.php?rest_route=\/wp\/v2\/posts\/3191\/revisions\/5830"}],"wp:featuredmedia":[{"embeddable":true,"href":"https:\/\/www.valenciabass.com\/index.php?rest_route=\/wp\/v2\/media\/3225"}],"wp:attachment":[{"href":"https:\/\/www.valenciabass.com\/index.php?rest_route=%2Fwp%2Fv2%2Fmedia&parent=3191"}],"wp:term":[{"taxonomy":"category","embeddable":true,"href":"https:\/\/www.valenciabass.com\/index.php?rest_route=%2Fwp%2Fv2%2Fcategories&post=3191"},{"taxonomy":"post_tag","embeddable":true,"href":"https:\/\/www.valenciabass.com\/index.php?rest_route=%2Fwp%2Fv2%2Ftags&post=3191"}],"curies":[{"name":"wp","href":"https:\/\/api.w.org\/{rel}","templated":true}]}}