{"id":3177,"date":"2013-03-30T23:45:48","date_gmt":"2013-03-30T22:45:48","guid":{"rendered":"http:\/\/www.valenciabass.com\/?p=3177"},"modified":"2014-06-08T22:26:08","modified_gmt":"2014-06-08T20:26:08","slug":"segundo-social-orilla-2013","status":"publish","type":"post","link":"https:\/\/www.valenciabass.com\/?p=3177","title":{"rendered":"Segundo Social Orilla 2013"},"content":{"rendered":"<p>En este segundo concurso social de orilla celebrado en Beniarr\u00e9s, muy a mi pesar, no pude estar con los chavales, as\u00ed que ellos se hicieron cargo de la competici\u00f3n, llev\u00e1ndose David, el peso y las plicas.<\/p>\n<p>Los deje solos ante el peligro y vaya la que montaron, hundiendo coches y gr\u00faas en el barro y hubo quien hasta tuvo que pasar por la prueba de la alcoholemia en presencia de la benem\u00e9rita que paso con 0.0 grados. As\u00ed que se lo pasaron ca\u00f1\u00f3n y volvieron a casa con un mont\u00f3n de an\u00e9cdotas.<\/p>\n<p>Como no pude estar en persona, os cuento lo que vivieron gracias a los mensajes que me han enviado, as\u00ed como conversaciones con ellos.<\/p>\n<p>En los d\u00edas anteriores de la competici\u00f3n las lluvias fueron torrenciales en la zona. Esto propicio que el embalse de Beniarr\u00e9s, 3 dias antes de la competici\u00f3n, estuviera desembalsando agua. Hecho que no se produc\u00eda desde hac\u00eda varios a\u00f1os.<\/p>\n<p>Al llenarse el embalse por completo, desaparecen pr\u00e1cticamente todos los caminos y accesos a las orillas, lo que hace complicado para los participantes localizar un sitio donde apostarse para poder pescar. Al igual que para los peces, estas zonas ahora inundadas son totalmente nuevas para ellos y les cuesta situarse en ellas.<\/p>\n<p>El dia fue fresquito soplaba un poco el viento, pero como era de esperar, conforme avanzaba la ma\u00f1ana iba aumentando la fuerza del viento haci\u00e9ndose mas tedioso hacer lances. Las picadas eran muy espaciadas en el tiempo y leves por lo que terminar\u00eda siendo un d\u00eda pobre en capturas. <\/p>\n<p>Israel decidi\u00f3 aventurarse en la misma zona del a\u00f1o anterior donde le di\u00f3 buenos resultados. Busc\u00f3 los basses a fondo despacito y en vista de que no ten\u00eda \u00e9xito prob\u00f3 con la spinner. Al rato, \u00a1Zas!, ya tenia clavado un buen bass kilero. Isra pens\u00f3 que hab\u00eda dado con la clave, pero no fue as\u00ed. Durante el resto de la ma\u00f1ana solo una picada m\u00e1s, sin suerte. Por su parte el resto de participantes iban intentando por donde pod\u00edan pescar. <\/p>\n<p>Antonio (el Boludo), que es nuevo en este gran grupo, fue intent\u00e1ndolo por todas parte sin m\u00e1s suerte que leves picadas. El viento y el agua muy turbia imped\u00eda poder decidir con qu\u00e9 y c\u00f3mo poder pescar.<\/p>\n<p>Daniel casi al final de la jornada se qued\u00f3 su coche atascado en el barrizal de un camino y tuvo que pedir ayuda para que alguien presentara su \u00fanico pez al pesaje. Llamaron a una gr\u00faa para rescatarle el coche&#8230;<\/p>\n<p><a href=\"http:\/\/www.valenciabass.com\/wp-content\/uploads\/IMG-20130311-WA0028.jpg\"><img loading=\"lazy\" decoding=\"async\" src=\"http:\/\/www.valenciabass.com\/wp-content\/uploads\/IMG-20130311-WA0028.jpg\" alt=\"\" width=\"533\" height=\"800\" class=\"aligncenter size-full wp-image-3179\" srcset=\"https:\/\/www.valenciabass.com\/wp-content\/uploads\/IMG-20130311-WA0028.jpg 533w, https:\/\/www.valenciabass.com\/wp-content\/uploads\/IMG-20130311-WA0028-199x300.jpg 199w, https:\/\/www.valenciabass.com\/wp-content\/uploads\/IMG-20130311-WA0028-250x375.jpg 250w\" sizes=\"auto, (max-width: 533px) 100vw, 533px\" \/><\/a><\/p>\n<p>&#8230;que a la postre quedar\u00eda tambi\u00e9n hundida en el barro. <\/p>\n<p><a href=\"http:\/\/www.valenciabass.com\/wp-content\/uploads\/IMG-20130311-WA0029.jpg\"><img loading=\"lazy\" decoding=\"async\" src=\"http:\/\/www.valenciabass.com\/wp-content\/uploads\/IMG-20130311-WA0029.jpg\" alt=\"\" width=\"533\" height=\"800\" class=\"aligncenter size-full wp-image-3180\" srcset=\"https:\/\/www.valenciabass.com\/wp-content\/uploads\/IMG-20130311-WA0029.jpg 533w, https:\/\/www.valenciabass.com\/wp-content\/uploads\/IMG-20130311-WA0029-199x300.jpg 199w, https:\/\/www.valenciabass.com\/wp-content\/uploads\/IMG-20130311-WA0029-250x375.jpg 250w\" sizes=\"auto, (max-width: 533px) 100vw, 533px\" \/><\/a><\/p>\n<p>Parece ser que el d\u00eda en cuestiones de pesca fue muy complicado, pero por suerte la gente lo pas\u00f3 fenomenal con an\u00e9cdotas que pudieron compartir en la hora de la comida.<\/p>\n<p>Otra an\u00e9cdota le pas\u00f3 a Israel que vi\u00e9ndose con el triunfo final, decidi\u00f3 dejar las ca\u00f1as en el coche.<\/p>\n<p><a href=\"http:\/\/www.valenciabass.com\/wp-content\/uploads\/IMG-20130311-WA0011.jpg\"><img loading=\"lazy\" decoding=\"async\" src=\"http:\/\/www.valenciabass.com\/wp-content\/uploads\/IMG-20130311-WA0011.jpg\" alt=\"\" width=\"612\" height=\"816\" class=\"aligncenter size-full wp-image-3181\" srcset=\"https:\/\/www.valenciabass.com\/wp-content\/uploads\/IMG-20130311-WA0011.jpg 612w, https:\/\/www.valenciabass.com\/wp-content\/uploads\/IMG-20130311-WA0011-225x300.jpg 225w, https:\/\/www.valenciabass.com\/wp-content\/uploads\/IMG-20130311-WA0011-250x333.jpg 250w\" sizes=\"auto, (max-width: 612px) 100vw, 612px\" \/><\/a><\/p>\n<p>En eso que se acerc\u00f3 a \u00abEl Gallego\u00bb que portaba un pez peque\u00f1o y le pregunt\u00f3 si hab\u00eda ganado un concurso en el \u00faltimo minuto. En ese momento, \u00abEl Gallego\u00bb clavaba un gran pez a tan s\u00f3lo 2 minutos del final, ante la at\u00f3nita mirada de Israel. <\/p>\n<p><a href=\"http:\/\/www.valenciabass.com\/wp-content\/uploads\/IMG-20130311-WA0026.jpg\"><img loading=\"lazy\" decoding=\"async\" src=\"http:\/\/www.valenciabass.com\/wp-content\/uploads\/IMG-20130311-WA0026.jpg\" alt=\"\" width=\"612\" height=\"816\" class=\"aligncenter size-full wp-image-3182\" srcset=\"https:\/\/www.valenciabass.com\/wp-content\/uploads\/IMG-20130311-WA0026.jpg 612w, https:\/\/www.valenciabass.com\/wp-content\/uploads\/IMG-20130311-WA0026-225x300.jpg 225w, https:\/\/www.valenciabass.com\/wp-content\/uploads\/IMG-20130311-WA0026-250x333.jpg 250w\" sizes=\"auto, (max-width: 612px) 100vw, 612px\" \/><\/a><\/p>\n<p>Moraleja: \u00ab<em>Nunca des nada por perdido o ganado hasta el \u00faltimo segundo<\/em>\u00ab.<\/p>\n<p>As\u00ed qued\u00f3 la clasificaci\u00f3n de este segundo social desde orilla en Beniarr\u00e9s:<\/p>\n<table>\n<tr>\n<td>Puesto<\/td>\n<td>Nombre<\/td>\n<td>Capturas<\/td>\n<td>\n<td>Puntos<\/td>\n<\/tr>\n<tr>\n<td>1\u00ba<\/td>\n<td>Jos\u00e9 A. Balboa \u00abEl Gallego\u00bb<\/td>\n<td>2<\/td>\n<td>2100 gramos<\/td>\n<td>32.10<\/td>\n<\/tr>\n<tr>\n<td>2\u00ba<\/td>\n<td>Israel Soto<\/td>\n<td>1<\/td>\n<td>1090 gramos<\/td>\n<td>27.09<\/td>\n<\/tr>\n<tr>\n<td>3\u00ba<\/td>\n<td>Daniel Sevilla<\/td>\n<td>1<\/td>\n<td>970 gramos<\/td>\n<td>24.97<\/td>\n<\/tr>\n<tr>\n<td>4\u00ba<\/td>\n<td>Francisco Valera <\/td>\n<td>1<\/td>\n<td>450 gramos<\/td>\n<td>22.45<\/td>\n<\/tr>\n<tr>\n<td>5\u00ba<\/td>\n<td>Sergio Lopez<\/td>\n<td>1<\/td>\n<td>360 gramos<\/td>\n<td>20.36<\/td>\n<\/tr>\n<\/table>\n<p>Pieza mayor del d\u00eda: Jos\u00e9 A. Mazaira (1180 gramos)<\/p>\n<p>El resto de participantes cero puntos, aunque por las fotos nadie dir\u00eda que fue as\u00ed.<\/p>\n<p><a href=\"http:\/\/www.valenciabass.com\/wp-content\/uploads\/Tres.jpg\"><img loading=\"lazy\" decoding=\"async\" src=\"http:\/\/www.valenciabass.com\/wp-content\/uploads\/Tres.jpg\" alt=\"\" width=\"630\" height=\"280\" class=\"aligncenter size-full wp-image-3186\" srcset=\"https:\/\/www.valenciabass.com\/wp-content\/uploads\/Tres.jpg 630w, https:\/\/www.valenciabass.com\/wp-content\/uploads\/Tres-300x133.jpg 300w, https:\/\/www.valenciabass.com\/wp-content\/uploads\/Tres-250x111.jpg 250w\" sizes=\"auto, (max-width: 630px) 100vw, 630px\" \/><\/a><\/p>\n<p>Una foto de familia de los intr\u00e9pidos participantes del segundo social de orilla.<\/p>\n<p><a href=\"http:\/\/www.valenciabass.com\/wp-content\/uploads\/EstoEsUnaPruebaDeUnNombreMuyLargoAUnFicheroQuePareceSerLaClaveDeAparezcaBienEnElFaceBook.jpg\"><img loading=\"lazy\" decoding=\"async\" src=\"http:\/\/www.valenciabass.com\/wp-content\/uploads\/EstoEsUnaPruebaDeUnNombreMuyLargoAUnFicheroQuePareceSerLaClaveDeAparezcaBienEnElFaceBook.jpg\" alt=\"\" width=\"640\" height=\"480\" class=\"aligncenter size-full wp-image-3184\" srcset=\"https:\/\/www.valenciabass.com\/wp-content\/uploads\/EstoEsUnaPruebaDeUnNombreMuyLargoAUnFicheroQuePareceSerLaClaveDeAparezcaBienEnElFaceBook.jpg 640w, https:\/\/www.valenciabass.com\/wp-content\/uploads\/EstoEsUnaPruebaDeUnNombreMuyLargoAUnFicheroQuePareceSerLaClaveDeAparezcaBienEnElFaceBook-300x225.jpg 300w, https:\/\/www.valenciabass.com\/wp-content\/uploads\/EstoEsUnaPruebaDeUnNombreMuyLargoAUnFicheroQuePareceSerLaClaveDeAparezcaBienEnElFaceBook-250x187.jpg 250w\" sizes=\"auto, (max-width: 640px) 100vw, 640px\" \/><\/a><\/p>\n","protected":false},"excerpt":{"rendered":"<p>En este segundo concurso social de orilla celebrado en Beniarr\u00e9s, muy a mi pesar, no pude estar con los chavales, as\u00ed que ellos se hicieron cargo de la competici\u00f3n, llev\u00e1ndose David, el peso y las plicas. Los deje solos ante <span class=\"excerpt-dots\">&hellip;<\/span> <a class=\"more-link\" href=\"https:\/\/www.valenciabass.com\/?p=3177\"><span class=\"more-msg\">Sigue leyendo &rarr;<\/span><\/a><\/p>\n","protected":false},"author":6,"featured_media":3184,"comment_status":"closed","ping_status":"closed","sticky":false,"template":"","format":"standard","meta":{"_monsterinsights_skip_tracking":false,"_monsterinsights_sitenote_active":false,"_monsterinsights_sitenote_note":"","_monsterinsights_sitenote_category":0,"ngg_post_thumbnail":0,"footnotes":""},"categories":[5,35,43,10,11],"tags":[],"class_list":["post-3177","post","type-post","status-publish","format-standard","has-post-thumbnail","hentry","category-competiciones","category-escenario","category-otros","category-sociales","category-sociales-orilla"],"_links":{"self":[{"href":"https:\/\/www.valenciabass.com\/index.php?rest_route=\/wp\/v2\/posts\/3177","targetHints":{"allow":["GET"]}}],"collection":[{"href":"https:\/\/www.valenciabass.com\/index.php?rest_route=\/wp\/v2\/posts"}],"about":[{"href":"https:\/\/www.valenciabass.com\/index.php?rest_route=\/wp\/v2\/types\/post"}],"author":[{"embeddable":true,"href":"https:\/\/www.valenciabass.com\/index.php?rest_route=\/wp\/v2\/users\/6"}],"replies":[{"embeddable":true,"href":"https:\/\/www.valenciabass.com\/index.php?rest_route=%2Fwp%2Fv2%2Fcomments&post=3177"}],"version-history":[{"count":6,"href":"https:\/\/www.valenciabass.com\/index.php?rest_route=\/wp\/v2\/posts\/3177\/revisions"}],"predecessor-version":[{"id":3228,"href":"https:\/\/www.valenciabass.com\/index.php?rest_route=\/wp\/v2\/posts\/3177\/revisions\/3228"}],"wp:featuredmedia":[{"embeddable":true,"href":"https:\/\/www.valenciabass.com\/index.php?rest_route=\/wp\/v2\/media\/3184"}],"wp:attachment":[{"href":"https:\/\/www.valenciabass.com\/index.php?rest_route=%2Fwp%2Fv2%2Fmedia&parent=3177"}],"wp:term":[{"taxonomy":"category","embeddable":true,"href":"https:\/\/www.valenciabass.com\/index.php?rest_route=%2Fwp%2Fv2%2Fcategories&post=3177"},{"taxonomy":"post_tag","embeddable":true,"href":"https:\/\/www.valenciabass.com\/index.php?rest_route=%2Fwp%2Fv2%2Ftags&post=3177"}],"curies":[{"name":"wp","href":"https:\/\/api.w.org\/{rel}","templated":true}]}}