{"id":2994,"date":"2013-03-05T00:38:36","date_gmt":"2013-03-04T23:38:36","guid":{"rendered":"http:\/\/www.valenciabass.com\/?p=2994"},"modified":"2013-03-05T00:41:07","modified_gmt":"2013-03-04T23:41:07","slug":"descuento-50-en-armeria-blay-chiva","status":"publish","type":"post","link":"https:\/\/www.valenciabass.com\/?p=2994","title":{"rendered":"Descuento 50% en Blay Chiva"},"content":{"rendered":"<p>Nuestro socio Jos\u00e9 Navarro Donderis nos informa que la Armer\u00eda Blay Chiva est\u00e1 aplicando descuentos del 50% en sus art\u00edculos de pesca: ca\u00f1as, carretes, se\u00f1uelos, etc.<\/p>\n<p><a href=\"http:\/\/www.valenciabass.com\/wp-content\/uploads\/419002_347779895266872_1822781695_n.jpg\"><img loading=\"lazy\" decoding=\"async\" src=\"http:\/\/www.valenciabass.com\/wp-content\/uploads\/419002_347779895266872_1822781695_n.jpg\" alt=\"\" title=\"419002_347779895266872_1822781695_n\" width=\"640\" height=\"480\" class=\"aligncenter size-full wp-image-2995\" srcset=\"https:\/\/www.valenciabass.com\/wp-content\/uploads\/419002_347779895266872_1822781695_n.jpg 640w, https:\/\/www.valenciabass.com\/wp-content\/uploads\/419002_347779895266872_1822781695_n-300x225.jpg 300w, https:\/\/www.valenciabass.com\/wp-content\/uploads\/419002_347779895266872_1822781695_n-250x187.jpg 250w\" sizes=\"auto, (max-width: 640px) 100vw, 640px\" \/><\/a><\/p>\n<p><em>Informaci\u00f3n de contacto<\/p>\n<p>Persona de contacto: Jos\u00e9 Navarro Donderis<br \/>\nDirecci\u00f3n: C\/ Urrea Parcela C &#8211; Pol. Ind, La Pahilla, 46370 Chiva<br \/>\nTel\u00e9fono: 962 52 46 04<br \/>\nWeb: <a href=\"http:\/\/www.facebook.com\/pages\/Armeria-Blay-Chiva\/341794779198717\" target=\"_blank\">http:\/\/www.facebook.com\/pages\/Armeria-Blay-Chiva\/341794779198717<\/a><\/em><\/p>\n","protected":false},"excerpt":{"rendered":"<p>Nuestro socio Jos\u00e9 Navarro Donderis nos informa que la Armer\u00eda Blay Chiva est\u00e1 aplicando descuentos del 50% en sus art\u00edculos de pesca: ca\u00f1as, carretes, se\u00f1uelos, etc. Informaci\u00f3n de contacto Persona de contacto: Jos\u00e9 Navarro Donderis Direcci\u00f3n: C\/ Urrea Parcela C <span class=\"excerpt-dots\">&hellip;<\/span> <a class=\"more-link\" href=\"https:\/\/www.valenciabass.com\/?p=2994\"><span class=\"more-msg\">Sigue leyendo &rarr;<\/span><\/a><\/p>\n","protected":false},"author":2,"featured_media":2995,"comment_status":"closed","ping_status":"closed","sticky":false,"template":"","format":"standard","meta":{"_monsterinsights_skip_tracking":false,"_monsterinsights_sitenote_active":false,"_monsterinsights_sitenote_note":"","_monsterinsights_sitenote_category":0,"ngg_post_thumbnail":0,"footnotes":""},"categories":[1,18],"tags":[],"class_list":["post-2994","post","type-post","status-publish","format-standard","has-post-thumbnail","hentry","category-noticias","category-noticias-general"],"_links":{"self":[{"href":"https:\/\/www.valenciabass.com\/index.php?rest_route=\/wp\/v2\/posts\/2994","targetHints":{"allow":["GET"]}}],"collection":[{"href":"https:\/\/www.valenciabass.com\/index.php?rest_route=\/wp\/v2\/posts"}],"about":[{"href":"https:\/\/www.valenciabass.com\/index.php?rest_route=\/wp\/v2\/types\/post"}],"author":[{"embeddable":true,"href":"https:\/\/www.valenciabass.com\/index.php?rest_route=\/wp\/v2\/users\/2"}],"replies":[{"embeddable":true,"href":"https:\/\/www.valenciabass.com\/index.php?rest_route=%2Fwp%2Fv2%2Fcomments&post=2994"}],"version-history":[{"count":3,"href":"https:\/\/www.valenciabass.com\/index.php?rest_route=\/wp\/v2\/posts\/2994\/revisions"}],"predecessor-version":[{"id":2998,"href":"https:\/\/www.valenciabass.com\/index.php?rest_route=\/wp\/v2\/posts\/2994\/revisions\/2998"}],"wp:featuredmedia":[{"embeddable":true,"href":"https:\/\/www.valenciabass.com\/index.php?rest_route=\/wp\/v2\/media\/2995"}],"wp:attachment":[{"href":"https:\/\/www.valenciabass.com\/index.php?rest_route=%2Fwp%2Fv2%2Fmedia&parent=2994"}],"wp:term":[{"taxonomy":"category","embeddable":true,"href":"https:\/\/www.valenciabass.com\/index.php?rest_route=%2Fwp%2Fv2%2Fcategories&post=2994"},{"taxonomy":"post_tag","embeddable":true,"href":"https:\/\/www.valenciabass.com\/index.php?rest_route=%2Fwp%2Fv2%2Ftags&post=2994"}],"curies":[{"name":"wp","href":"https:\/\/api.w.org\/{rel}","templated":true}]}}