{"id":2972,"date":"2013-03-04T00:05:40","date_gmt":"2013-03-03T23:05:40","guid":{"rendered":"http:\/\/www.valenciabass.com\/?p=2972"},"modified":"2014-06-08T22:37:51","modified_gmt":"2014-06-08T20:37:51","slug":"fish-another-day","status":"publish","type":"post","link":"https:\/\/www.valenciabass.com\/?p=2972","title":{"rendered":"Fish another day"},"content":{"rendered":"<p>Como suele ser habitual la salida de pesca hab\u00eda sido planificada por \u00abThe Guardian\u00bb con antelaci\u00f3n para que no nos faltara de nada. En este ocasi\u00f3n ir\u00edamos al santuario donde se rumoreaba que <a href=\"http:\/\/www.youtube.com\/watch?v=UdEmF6F8XPc\" target=\"_blank\">los lucios saltaban al barco con mostrarles un pikie<\/a>.<\/p>\n<p>En esta ocasi\u00f3n la pesca era lo de menos, Emilio hab\u00eda preparado un arsenal muy t\u00edpico de Casas-Iba\u00f1ez que nos iba a quitar \u00abel sentio\u00bb. As\u00ed que tuve que apretar e intentar coger el rebufo de Emilio como buenamente pudiera. Para caldear el ambiente, le envi\u00e9 a Emilio el d\u00eda de antes un par de fotos que hablan por s\u00ed solas.<\/p>\n<p><a href=\"http:\/\/www.valenciabass.com\/wp-content\/uploads\/CocaAlmendras.jpg\"><img loading=\"lazy\" decoding=\"async\" class=\"aligncenter size-full wp-image-2973\" title=\"SAMSUNG\" src=\"http:\/\/www.valenciabass.com\/wp-content\/uploads\/CocaAlmendras.jpg\" alt=\"\" width=\"640\" height=\"360\" srcset=\"https:\/\/www.valenciabass.com\/wp-content\/uploads\/CocaAlmendras.jpg 640w, https:\/\/www.valenciabass.com\/wp-content\/uploads\/CocaAlmendras-300x168.jpg 300w, https:\/\/www.valenciabass.com\/wp-content\/uploads\/CocaAlmendras-250x140.jpg 250w\" sizes=\"auto, (max-width: 640px) 100vw, 640px\" \/><\/a><\/p>\n<p>No hace falta presentaci\u00f3n, pero para aquellos nuevos por estas lares, era un bote de almendras fritas y una coca de nueces, pasas y manzana que era lo m\u00e1s parecido a un tomahawk.<\/p>\n<p>Sin m\u00e1s dilaciones, al d\u00eda siguiente nos dirigimos a tierras manchegas, aunque con algo de retraso porque a nuestro presi se le pegaron un poco las s\u00e1banas. Prevenidos de lo que ten\u00edamos por delante a nivel gastron\u00f3mico, Miguel aprovech\u00f3 el viaje para colocarse una pastillita azul debajo de la lengua, nos cogimos las manos y rezamos un padrenuestro.<\/p>\n<p>Una vez llegados al punto P hora H, Emilio se hallaba calentando motores chupito en mano junto con Gabriel, nuevo socio del club. Miguel y un servidor tomamos algo r\u00e1pido y salimos hacia la rampa de botadura.<\/p>\n<p>Ya en la rampa tuvimos un peque\u00f1o sobresalto cuando haciendo maniobra para la botadura sacamos el veh\u00edculo tractor fuera de la pista forestal, en lugar del remolque. Menos mal que no pas\u00f3 de un susto.<\/p>\n<p><a href=\"http:\/\/www.valenciabass.com\/wp-content\/uploads\/Photo0914.640x480.jpg\"><img loading=\"lazy\" decoding=\"async\" class=\"aligncenter size-full wp-image-2974\" title=\"SAMSUNG\" src=\"http:\/\/www.valenciabass.com\/wp-content\/uploads\/Photo0914.640x480.jpg\" alt=\"\" width=\"640\" height=\"480\" srcset=\"https:\/\/www.valenciabass.com\/wp-content\/uploads\/Photo0914.640x480.jpg 640w, https:\/\/www.valenciabass.com\/wp-content\/uploads\/Photo0914.640x480-300x225.jpg 300w, https:\/\/www.valenciabass.com\/wp-content\/uploads\/Photo0914.640x480-250x187.jpg 250w\" sizes=\"auto, (max-width: 640px) 100vw, 640px\" \/><\/a><\/p>\n<p>Pocos minutos despu\u00e9s, Emilio ya dispon\u00eda de su embarcaci\u00f3n sobre el agua y yo lo seguir\u00eda. Iniciamos un agradable paseo aguas arriba en un d\u00eda soleado y con ganas de sacar un buen lucio.<\/p>\n<p><a href=\"http:\/\/www.valenciabass.com\/wp-content\/uploads\/Photo0917.640x480.jpg\"><img loading=\"lazy\" decoding=\"async\" class=\"aligncenter size-full wp-image-2975\" title=\"SAMSUNG\" src=\"http:\/\/www.valenciabass.com\/wp-content\/uploads\/Photo0917.640x480.jpg\" alt=\"\" width=\"640\" height=\"480\" srcset=\"https:\/\/www.valenciabass.com\/wp-content\/uploads\/Photo0917.640x480.jpg 640w, https:\/\/www.valenciabass.com\/wp-content\/uploads\/Photo0917.640x480-300x225.jpg 300w, https:\/\/www.valenciabass.com\/wp-content\/uploads\/Photo0917.640x480-250x187.jpg 250w\" sizes=\"auto, (max-width: 640px) 100vw, 640px\" \/><\/a><\/p>\n<p>Empezamos pescando unas puntas y una isla con jerkbaits y pikies, pero por nuestra parte no hubo mucha suerte. Emilio para entonces ya llevaba un lucio peque\u00f1ote que no fue digno de foto. Se nota que jugaba en casa.<\/p>\n<p>Violando uno de los 10 mandamientos emilianos, retrasamos la hora del almuerzo a las 11h para pescar un rato m\u00e1s. Poco despu\u00e9s nos silbaba desde la orilla opuesta para que fueramos a almorzar.<\/p>\n<p>Emilio aprovech\u00f3 ese momento para <em>espigolar<\/em> su pedido de jigs y spinners de <a href=\"http:\/\/www.longasbaits.com\/\" target=\"_blank\">Longasbaits<\/a> que ten\u00eda muy buena pinta.<\/p>\n<p><a href=\"http:\/\/www.valenciabass.com\/wp-content\/uploads\/Photo0919.640x480.jpg\"><img loading=\"lazy\" decoding=\"async\" class=\"aligncenter size-full wp-image-2976\" title=\"SAMSUNG\" src=\"http:\/\/www.valenciabass.com\/wp-content\/uploads\/Photo0919.640x480.jpg\" alt=\"\" width=\"640\" height=\"480\" srcset=\"https:\/\/www.valenciabass.com\/wp-content\/uploads\/Photo0919.640x480.jpg 640w, https:\/\/www.valenciabass.com\/wp-content\/uploads\/Photo0919.640x480-300x225.jpg 300w, https:\/\/www.valenciabass.com\/wp-content\/uploads\/Photo0919.640x480-250x187.jpg 250w\" sizes=\"auto, (max-width: 640px) 100vw, 640px\" \/><\/a><\/p>\n<p>Como se puede observar las cartas ya estaban sobre la mesa para lo que tuviera que caer, pero antes hab\u00eda que almorzar la torta de magras que hab\u00eda recogido esa misma ma\u00f1ana Emilio del horno. Algunos que no conoc\u00edan la verdadera t\u00e9cnica finesse de Emilio con las viandas estaban ojipl\u00e1ticos al observar su destreza con la navaja al trocear la torta.<\/p>\n<p>Tampoco faltaron los 5 litros de vino blanco de la cooperativa Virgen de la Cabeza de Casas-Iba\u00f1ez. Aquello era un aut\u00e9ntico festival \u00abMade in The Guardian\u00bb.<\/p>\n<p>Despu\u00e9s de las tortas de magras que cubr\u00edan nuestras necesidades de l\u00edpidos para la pr\u00f3xima semana, pasamos al postre. Partimos y repartimos trozos de coca, por comer, com\u00edo hasta Lucky que no sab\u00eda donde acudir.<\/p>\n<p>Como suele ser habitual, el almuerzo depar\u00f3 una agradable conversaci\u00f3n donde los veteranos ense\u00f1aban sus armas secretas a los que no lo eran tanto.<\/p>\n<p><a href=\"http:\/\/www.valenciabass.com\/wp-content\/uploads\/Photo0920.640x480.jpg\"><img loading=\"lazy\" decoding=\"async\" class=\"aligncenter size-full wp-image-2978\" title=\"SAMSUNG\" src=\"http:\/\/www.valenciabass.com\/wp-content\/uploads\/Photo0920.640x480.jpg\" alt=\"\" width=\"640\" height=\"480\" srcset=\"https:\/\/www.valenciabass.com\/wp-content\/uploads\/Photo0920.640x480.jpg 640w, https:\/\/www.valenciabass.com\/wp-content\/uploads\/Photo0920.640x480-300x225.jpg 300w, https:\/\/www.valenciabass.com\/wp-content\/uploads\/Photo0920.640x480-250x187.jpg 250w\" sizes=\"auto, (max-width: 640px) 100vw, 640px\" \/><\/a><\/p>\n<p>Tambi\u00e9n comentamos los problemas de ansiedad de algunos con la competici\u00f3n y como se pod\u00eda curar con un remedio sencillo y barato: \u00abuna buena azaa y un mojuelo con hileras de vid de cerro a cerro\u00bb.<\/p>\n<p>Retomamos la pesca no sin antes que Emilio hiciera de barman con una ronda de cubatas para todos. Nuestras necesidades de az\u00facares tambi\u00e9n estaban ya cubiertas.<\/p>\n<p>Buscamos reculas protegidas del viento, nuestros amigos por una orilla y Miguel y yo por otra orilla. En un momento dato, Miguel que se hab\u00eda pasado la \u00faltima semana estudiando los <a href=\"http:\/\/www.valenciabass.com\/?cat=28\">v\u00eddeos de pesca con jerkbait<\/a>, tuvo la que ser\u00eda la picada del d\u00eda y que nos alegr\u00f3 de sobremanera. Un precioso bass de kilo y medio.<\/p>\n<p><a href=\"http:\/\/www.valenciabass.com\/wp-content\/uploads\/Photo0925.640x480.jpg\"><img loading=\"lazy\" decoding=\"async\" class=\"aligncenter size-full wp-image-2979\" title=\"SAMSUNG\" src=\"http:\/\/www.valenciabass.com\/wp-content\/uploads\/Photo0925.640x480.jpg\" alt=\"\" width=\"640\" height=\"480\" srcset=\"https:\/\/www.valenciabass.com\/wp-content\/uploads\/Photo0925.640x480.jpg 640w, https:\/\/www.valenciabass.com\/wp-content\/uploads\/Photo0925.640x480-300x225.jpg 300w, https:\/\/www.valenciabass.com\/wp-content\/uploads\/Photo0925.640x480-250x187.jpg 250w\" sizes=\"auto, (max-width: 640px) 100vw, 640px\" \/><\/a><\/p>\n<p>Emilio y Gabriel no se quedaban atr\u00e1s y por su orilla consegu\u00edan sacar un bonito lucio con un crankbait.<\/p>\n<p><a href=\"http:\/\/www.valenciabass.com\/wp-content\/uploads\/IMG_20130302_131244.640x480.jpg\"><img loading=\"lazy\" decoding=\"async\" class=\"aligncenter size-full wp-image-2980\" title=\"IMG_20130302_131244.640x480\" src=\"http:\/\/www.valenciabass.com\/wp-content\/uploads\/IMG_20130302_131244.640x480.jpg\" alt=\"\" width=\"640\" height=\"480\" srcset=\"https:\/\/www.valenciabass.com\/wp-content\/uploads\/IMG_20130302_131244.640x480.jpg 640w, https:\/\/www.valenciabass.com\/wp-content\/uploads\/IMG_20130302_131244.640x480-300x225.jpg 300w, https:\/\/www.valenciabass.com\/wp-content\/uploads\/IMG_20130302_131244.640x480-250x187.jpg 250w\" sizes=\"auto, (max-width: 640px) 100vw, 640px\" \/><\/a><\/p>\n<p>Por all\u00ed vimos que ven\u00eda otro barco y nos dimos la vuelta buscando otra recula por donde entraba un r\u00edo. El agua estaba muy fr\u00eda, s\u00f3lo 8\u00baC y no cambi\u00f3 apenas a lo largo del d\u00eda.<\/p>\n<p>Luego supimos que Gabriel sacar\u00eda otro lucio con una spinner. Este Gabriel apunta maneras, menudo fiera.<\/p>\n<p><a href=\"http:\/\/www.valenciabass.com\/wp-content\/uploads\/IMG_20130302_153351.640x480.jpg\"><img loading=\"lazy\" decoding=\"async\" class=\"aligncenter size-full wp-image-2981\" title=\"IMG_20130302_153351.640x480\" src=\"http:\/\/www.valenciabass.com\/wp-content\/uploads\/IMG_20130302_153351.640x480-e1362350375613.jpg\" alt=\"\" width=\"480\" height=\"640\" srcset=\"https:\/\/www.valenciabass.com\/wp-content\/uploads\/IMG_20130302_153351.640x480-e1362350375613.jpg 480w, https:\/\/www.valenciabass.com\/wp-content\/uploads\/IMG_20130302_153351.640x480-e1362350375613-225x300.jpg 225w\" sizes=\"auto, (max-width: 480px) 100vw, 480px\" \/><\/a><\/p>\n<p>Seguimos pescando ya sin resultados e hicimos un tanteo del hambre que ten\u00edamos pues ya pasaban las 15h.<\/p>\n<p><a href=\"http:\/\/www.valenciabass.com\/wp-content\/uploads\/Photo0930.640x480.jpg\"><img loading=\"lazy\" decoding=\"async\" class=\"aligncenter size-full wp-image-2982\" title=\"SAMSUNG\" src=\"http:\/\/www.valenciabass.com\/wp-content\/uploads\/Photo0930.640x480.jpg\" alt=\"\" width=\"640\" height=\"480\" srcset=\"https:\/\/www.valenciabass.com\/wp-content\/uploads\/Photo0930.640x480.jpg 640w, https:\/\/www.valenciabass.com\/wp-content\/uploads\/Photo0930.640x480-300x225.jpg 300w, https:\/\/www.valenciabass.com\/wp-content\/uploads\/Photo0930.640x480-250x187.jpg 250w\" sizes=\"auto, (max-width: 640px) 100vw, 640px\" \/><\/a><\/p>\n<p>As\u00ed que decidimos volver por el camino recorrido durante la ma\u00f1ana para buscar una recula soleada y sin viento. El barco de Emilio surcaba las aguas con su flamante motor de 80 libras que daba gusto verlo.<\/p>\n<p><a href=\"http:\/\/www.valenciabass.com\/wp-content\/uploads\/Photo0938.640x480.jpg\"><img loading=\"lazy\" decoding=\"async\" class=\"aligncenter size-full wp-image-2983\" title=\"SAMSUNG\" src=\"http:\/\/www.valenciabass.com\/wp-content\/uploads\/Photo0938.640x480.jpg\" alt=\"\" width=\"640\" height=\"480\" srcset=\"https:\/\/www.valenciabass.com\/wp-content\/uploads\/Photo0938.640x480.jpg 640w, https:\/\/www.valenciabass.com\/wp-content\/uploads\/Photo0938.640x480-300x225.jpg 300w, https:\/\/www.valenciabass.com\/wp-content\/uploads\/Photo0938.640x480-250x187.jpg 250w\" sizes=\"auto, (max-width: 640px) 100vw, 640px\" \/><\/a><\/p>\n<p>Paramos para comernos la segunda torta de magras con unas vistas preciosas y un d\u00eda de sol espl\u00e9ndido. Hab\u00eda sido un d\u00eda que Emilio calificar\u00eda \u00abAbsolutely no stress\u00bb. As\u00ed que la ocasi\u00f3n volv\u00eda a merecer un bridis con el vino blanco tra\u00eddo por Emilio.<\/p>\n<p><a href=\"http:\/\/www.valenciabass.com\/wp-content\/uploads\/Photo0942.640x480.jpg\"><img loading=\"lazy\" decoding=\"async\" class=\"aligncenter size-full wp-image-2984\" title=\"SAMSUNG\" src=\"http:\/\/www.valenciabass.com\/wp-content\/uploads\/Photo0942.640x480.jpg\" alt=\"\" width=\"640\" height=\"480\" srcset=\"https:\/\/www.valenciabass.com\/wp-content\/uploads\/Photo0942.640x480.jpg 640w, https:\/\/www.valenciabass.com\/wp-content\/uploads\/Photo0942.640x480-300x225.jpg 300w, https:\/\/www.valenciabass.com\/wp-content\/uploads\/Photo0942.640x480-250x187.jpg 250w\" sizes=\"auto, (max-width: 640px) 100vw, 640px\" \/><\/a><\/p>\n<p><a href=\"http:\/\/www.valenciabass.com\/wp-content\/uploads\/Photo0943.640x480.jpg\"><img loading=\"lazy\" decoding=\"async\" class=\"aligncenter size-full wp-image-2985\" title=\"SAMSUNG\" src=\"http:\/\/www.valenciabass.com\/wp-content\/uploads\/Photo0943.640x480.jpg\" alt=\"\" width=\"640\" height=\"480\" srcset=\"https:\/\/www.valenciabass.com\/wp-content\/uploads\/Photo0943.640x480.jpg 640w, https:\/\/www.valenciabass.com\/wp-content\/uploads\/Photo0943.640x480-300x225.jpg 300w, https:\/\/www.valenciabass.com\/wp-content\/uploads\/Photo0943.640x480-250x187.jpg 250w\" sizes=\"auto, (max-width: 640px) 100vw, 640px\" \/><\/a><\/p>\n<p>Repetimos el mismo protocolo que el almuerzo y llamamos a la ambulancia para que nos esperara en la rampa de botadura con dosis individuales de insulina.<\/p>\n<p><a href=\"http:\/\/www.valenciabass.com\/wp-content\/uploads\/IMG_20130302_164142.640x480.jpg\"><img loading=\"lazy\" decoding=\"async\" class=\"aligncenter size-full wp-image-2986\" title=\"IMG_20130302_164142.640x480\" src=\"http:\/\/www.valenciabass.com\/wp-content\/uploads\/IMG_20130302_164142.640x480.jpg\" alt=\"\" width=\"640\" height=\"480\" srcset=\"https:\/\/www.valenciabass.com\/wp-content\/uploads\/IMG_20130302_164142.640x480.jpg 640w, https:\/\/www.valenciabass.com\/wp-content\/uploads\/IMG_20130302_164142.640x480-300x225.jpg 300w, https:\/\/www.valenciabass.com\/wp-content\/uploads\/IMG_20130302_164142.640x480-250x187.jpg 250w\" sizes=\"auto, (max-width: 640px) 100vw, 640px\" \/><\/a><\/p>\n<p>Fue un d\u00eda magn\u00edfico en cuanto a la compan\u00eda y a la meteorolog\u00eda, y aunque la pesca estuvo algo floja, lo pasamos como solemos decir los \u00abvalencians\u00bb, de categor\u00eda.<\/p>\n<p>S\u00f3lo me quedan palabras de agradecimiento para Emilio por su excelente acogida como s\u00f3lo \u00e9l sabe hacerlo y un placer haber conocido a Gabriel, nuevo socio de nuestro club.<\/p>\n","protected":false},"excerpt":{"rendered":"<p>Como suele ser habitual la salida de pesca hab\u00eda sido planificada por \u00abThe Guardian\u00bb con antelaci\u00f3n para que no nos faltara de nada. En este ocasi\u00f3n ir\u00edamos al santuario donde se rumoreaba que los lucios saltaban al barco con mostrarles <span class=\"excerpt-dots\">&hellip;<\/span> <a class=\"more-link\" href=\"https:\/\/www.valenciabass.com\/?p=2972\"><span class=\"more-msg\">Sigue leyendo &rarr;<\/span><\/a><\/p>\n","protected":false},"author":2,"featured_media":2981,"comment_status":"closed","ping_status":"closed","sticky":false,"template":"","format":"standard","meta":{"_monsterinsights_skip_tracking":false,"_monsterinsights_sitenote_active":false,"_monsterinsights_sitenote_note":"","_monsterinsights_sitenote_category":0,"ngg_post_thumbnail":0,"footnotes":""},"categories":[36,26,35,6],"tags":[],"class_list":["post-2972","post","type-post","status-publish","format-standard","has-post-thumbnail","hentry","category-cortes","category-cronicas","category-escenario","category-salidas"],"_links":{"self":[{"href":"https:\/\/www.valenciabass.com\/index.php?rest_route=\/wp\/v2\/posts\/2972","targetHints":{"allow":["GET"]}}],"collection":[{"href":"https:\/\/www.valenciabass.com\/index.php?rest_route=\/wp\/v2\/posts"}],"about":[{"href":"https:\/\/www.valenciabass.com\/index.php?rest_route=\/wp\/v2\/types\/post"}],"author":[{"embeddable":true,"href":"https:\/\/www.valenciabass.com\/index.php?rest_route=\/wp\/v2\/users\/2"}],"replies":[{"embeddable":true,"href":"https:\/\/www.valenciabass.com\/index.php?rest_route=%2Fwp%2Fv2%2Fcomments&post=2972"}],"version-history":[{"count":7,"href":"https:\/\/www.valenciabass.com\/index.php?rest_route=\/wp\/v2\/posts\/2972\/revisions"}],"predecessor-version":[{"id":5841,"href":"https:\/\/www.valenciabass.com\/index.php?rest_route=\/wp\/v2\/posts\/2972\/revisions\/5841"}],"wp:featuredmedia":[{"embeddable":true,"href":"https:\/\/www.valenciabass.com\/index.php?rest_route=\/wp\/v2\/media\/2981"}],"wp:attachment":[{"href":"https:\/\/www.valenciabass.com\/index.php?rest_route=%2Fwp%2Fv2%2Fmedia&parent=2972"}],"wp:term":[{"taxonomy":"category","embeddable":true,"href":"https:\/\/www.valenciabass.com\/index.php?rest_route=%2Fwp%2Fv2%2Fcategories&post=2972"},{"taxonomy":"post_tag","embeddable":true,"href":"https:\/\/www.valenciabass.com\/index.php?rest_route=%2Fwp%2Fv2%2Ftags&post=2972"}],"curies":[{"name":"wp","href":"https:\/\/api.w.org\/{rel}","templated":true}]}}