{"id":2941,"date":"2013-03-01T19:53:10","date_gmt":"2013-03-01T18:53:10","guid":{"rendered":"http:\/\/www.valenciabass.com\/?p=2941"},"modified":"2014-06-08T22:38:33","modified_gmt":"2014-06-08T20:38:33","slug":"primer-social-orilla-2013","status":"publish","type":"post","link":"https:\/\/www.valenciabass.com\/?p=2941","title":{"rendered":"Primer Social Orilla 2013"},"content":{"rendered":"<p>Bueno ya estamos de nuevo aqu\u00ed. El primer concurso social desde\u00a0orilla daba comienzo en las marjales de Xeraco y Gand\u00eda. La \u00e9poca del\u00a0a\u00f1o no era la m\u00e1s apropiada, pero con un calendario de competiciones\u00a0cubierto pr\u00e1cticamente por completo. No quedaba m\u00e1s remedio que irnos a\u00a0una de las zonas donde las temperaturas fuesen algo m\u00e1s llevaderas\u00a0para nosotros como para los propios peces. Pero claro, estos casi\u00a0dos meses que llev\u00e1bamos soportando de viento y la bajada repentina\u00a0d\u00edas antes de las temperaturas hacia presagiar que la pesca ser\u00eda dura\u00a0y tediosa.<\/p>\n<p>Aqu\u00ed os dejamos una instant\u00e1nea de los competidores de orilla 2013 con nuevas caras y algunos cl\u00e1sicos.<\/p>\n<p><a href=\"http:\/\/www.valenciabass.com\/wp-content\/uploads\/P1060467.jpg\"><img loading=\"lazy\" decoding=\"async\" class=\"aligncenter size-large wp-image-2957\" title=\"P1060467\" src=\"http:\/\/www.valenciabass.com\/wp-content\/uploads\/P1060467-1024x768.jpg\" alt=\"\" width=\"640\" height=\"480\" srcset=\"https:\/\/www.valenciabass.com\/wp-content\/uploads\/P1060467-1024x768.jpg 1024w, https:\/\/www.valenciabass.com\/wp-content\/uploads\/P1060467-300x225.jpg 300w, https:\/\/www.valenciabass.com\/wp-content\/uploads\/P1060467-250x187.jpg 250w, https:\/\/www.valenciabass.com\/wp-content\/uploads\/P1060467-940x705.jpg 940w\" sizes=\"auto, (max-width: 640px) 100vw, 640px\" \/><\/a><\/p>\n<p>Eran las 7:30 de la ma\u00f1ana con temperatura de 11 grados y comenzaba a\u00a0soplar fuerte el maldito viento. Los participantes nos\u00a0reencontr\u00e1bamos de nuevo y entre bromas y risas pas\u00e1bamos a dar\u00a0comienzo de la primera de las pruebas que nos esperaba este a\u00f1o.<\/p>\n<p>Los chavales nerviosos sub\u00edan a sus coches en b\u00fasqueda de los mejores\u00a0sitios donde probar suerte. Yo por mi parte viendo que el d\u00eda seria\u00a0duro decid\u00ed ir a buscar un sitio donde el viento no molestara a los\u00a0participantes y que tal vez diera mejores resultados.<\/p>\n<p>Finalmente, me acerqu\u00e9 a la parte del r\u00edo de la zona de Xeraco hacia la playa. All\u00ed una arboleda podr\u00eda protegernos del viento reinante. Nada m\u00e1s\u00a0lejos de mi pensamiento, pues ni tan siquiera pod\u00eda tenerme en pie\u00a0del vendaval que soplaba.\u00a0Decid\u00ed buscar suerte en otro lugar, hacia el Grao de\u00a0Gand\u00eda, en una acequia protegida de grandes ca\u00f1ares. \u00a1Qu\u00e9 bien! En\u00a0este lugar no soplaba tanto el viento. Fui ametrallando la zona en\u00a0busca de alg\u00fan Bass que estuviera apostado con ganas de comer, pero\u00a0nada, la zona parec\u00eda desierta.<\/p>\n<p>Ya en mi \u00faltimo lance antes de dejar la zona, se me enganch\u00f3 el se\u00f1uelo en\u00a0unas ramas junto a la orilla. Pens\u00e9: \u00ab<em>Si alargo el brazo lo\u00a0desenganchar\u00e9<\/em>\u00ab. Veo que me falta apenas un palmo para conseguirlo. Me\u00a0agarro a una gran ca\u00f1a para no perder el equilibrio y me estiro para\u00a0soltar el se\u00f1uelo. Cuando de repente oigo un \u201ccrack\u201d a mis espaldas, la ca\u00f1a se ha soltado del suelo y yo termino precipit\u00e1ndome dentro de agua.<\/p>\n<p>Solo\u00a0se salvo de mojarse la cabeza y un brazo, la manga del cual me servir\u00eda para secar mi m\u00f3vil y los mandos del coche para\u00a0intentar que no se estropearan del agua. Tuve suerte que pude secarlo\u00a0y que todo siguiera funcionando.\u00a0Llamo por tel\u00e9fono a Francisco le comento que me ha pasado y que ya que\u00a0vivo cerca del lugar me voy a casa a ducharme y a cambiarme de ropa.<\/p>\n<p>Tras mi vuelta a la marjal intento localizar a los participantes y en\u00a0vista que no los encuentro por la zona del pesaje decido quedarme por all\u00ed haciendo algunos lances m\u00e1s antes del pesaje.<\/p>\n<p>Antonio, es junto a David y \u201clos Pacos\u201d de los primeros en aparecer. El\u00a0Gallego tuvo la mejor suerte pues portaba dos peces que a la postre\u00a0terminar\u00edan d\u00e1ndole el primer puesto.<\/p>\n<p><a href=\"http:\/\/www.valenciabass.com\/wp-content\/uploads\/P1060462.640x480.jpg\"><img loading=\"lazy\" decoding=\"async\" class=\"aligncenter size-full wp-image-2966\" title=\"P1060462.640x480\" src=\"http:\/\/www.valenciabass.com\/wp-content\/uploads\/P1060462.640x480-e1362165349717.jpg\" alt=\"\" width=\"480\" height=\"640\" srcset=\"https:\/\/www.valenciabass.com\/wp-content\/uploads\/P1060462.640x480-e1362165349717.jpg 480w, https:\/\/www.valenciabass.com\/wp-content\/uploads\/P1060462.640x480-e1362165349717-225x300.jpg 225w\" sizes=\"auto, (max-width: 480px) 100vw, 480px\" \/><\/a><\/p>\n<p>Omar hace aparici\u00f3n y porta un\u00a0pez, todos los peces son de tama\u00f1o normalito.<\/p>\n<p><a href=\"http:\/\/www.valenciabass.com\/wp-content\/uploads\/P1060464.jpg\"><img loading=\"lazy\" decoding=\"async\" title=\"P1060464\" src=\"http:\/\/www.valenciabass.com\/wp-content\/uploads\/P1060464-1024x768.jpg\" alt=\"\" width=\"640\" height=\"480\" \/><\/a><\/p>\n<p>El comentario de todos\u00a0los participantes es pr\u00e1cticamente el mismo. No han obtenido ni tan\u00a0siquiera una picada. As\u00ed que el pesaje fue breve, pues en total s\u00f3lo\u00a0el Gallego y Omar consiguieron su objetivo. Fue un d\u00eda demasiado\u00a0duro para todos.<\/p>\n<p>El Gallego se alzaba como campe\u00f3n del primer social de orilla 2013 con dos peces y pieza mayor con un peso de\u00a0776 gramos y un total de 1194 gramos. Por su parte Omar con su pez de\u00a0410 gramos consigui\u00f3 el segundo puesto. Todo un triunfo habiendo vivido una ma\u00f1ana tan dif\u00edcil y dura de pesca.<\/p>\n<p><a href=\"http:\/\/www.valenciabass.com\/wp-content\/uploads\/ClasificacionPrimerSocialOrilla2013.jpg\"><img loading=\"lazy\" decoding=\"async\" src=\"http:\/\/www.valenciabass.com\/wp-content\/uploads\/ClasificacionPrimerSocialOrilla2013.jpg\" alt=\"\" title=\"ClasificacionPrimerSocialOrilla2013\" width=\"640\" height=\"452\" class=\"aligncenter size-full wp-image-2969\" srcset=\"https:\/\/www.valenciabass.com\/wp-content\/uploads\/ClasificacionPrimerSocialOrilla2013.jpg 640w, https:\/\/www.valenciabass.com\/wp-content\/uploads\/ClasificacionPrimerSocialOrilla2013-300x211.jpg 300w, https:\/\/www.valenciabass.com\/wp-content\/uploads\/ClasificacionPrimerSocialOrilla2013-250x176.jpg 250w\" sizes=\"auto, (max-width: 640px) 100vw, 640px\" \/><\/a><\/p>\n<p>Tras el pesaje y algunos comentarios de lo acontecido durante la\u00a0ma\u00f1ana tomamos las pocas fotos que hab\u00eda ocasi\u00f3n de hacer y decidimos\u00a0dirigirnos a nuestra particular parcelita entre naranjos donde\u00a0reponernos de las fuerzas y el fr\u00edo con una comida de amigos. All\u00ed\u00a0fuimos comentando d\u00f3nde y con que hab\u00edamos pescado o m\u00e1s bien\u00a0intentado pescar, llegando a la conclusi\u00f3n que la pesca con jigs y\u00a0con se\u00f1uelos a fondo movidos muy lentamente fue lo \u00fanico que hizo\u00a0mover a alg\u00fan que otro Bass.<\/p>\n<p>Con nosotros estaban como nuevos este\u00a0a\u00f1o Miguel, Dani y \u201clos Pacos\u201d disfrutando de la comiday relatando entre risas las\u00a0an\u00e9cdotas que nos \u00edbamos acordando. Estos participantes de orilla siguen siendo un\u00a0a\u00f1o un buen grupo de amiguetes con muchas ganas de\u00a0aprender y sobre todo, de pasarlo fenomenal.<\/p>\n<p>Hemos de tener en cuenta que todo esto forma parte de algo que para m\u00ed es muy importante y no es otra cosa que: \u00ab<em>Hacer afici\u00f3n, hacer club<\/em>\u201d, y estos chavales son la mejor representaci\u00f3n de ello.<\/p>\n<p>Gracias a todos y seguir as\u00ed!<\/p>\n<p><em><span style=\"text-align: center;\">El t\u00edo Berni<\/span><\/em><\/p>\n","protected":false},"excerpt":{"rendered":"<p>Bueno ya estamos de nuevo aqu\u00ed. El primer concurso social desde\u00a0orilla daba comienzo en las marjales de Xeraco y Gand\u00eda. La \u00e9poca del\u00a0a\u00f1o no era la m\u00e1s apropiada, pero con un calendario de competiciones\u00a0cubierto pr\u00e1cticamente por completo. No quedaba m\u00e1s <span class=\"excerpt-dots\">&hellip;<\/span> <a class=\"more-link\" href=\"https:\/\/www.valenciabass.com\/?p=2941\"><span class=\"more-msg\">Sigue leyendo &rarr;<\/span><\/a><\/p>\n","protected":false},"author":3,"featured_media":2966,"comment_status":"closed","ping_status":"closed","sticky":false,"template":"","format":"standard","meta":{"_monsterinsights_skip_tracking":false,"_monsterinsights_sitenote_active":false,"_monsterinsights_sitenote_note":"","_monsterinsights_sitenote_category":0,"ngg_post_thumbnail":0,"footnotes":""},"categories":[5,26,35,43,10,11],"tags":[],"class_list":["post-2941","post","type-post","status-publish","format-standard","has-post-thumbnail","hentry","category-competiciones","category-cronicas","category-escenario","category-otros","category-sociales","category-sociales-orilla"],"_links":{"self":[{"href":"https:\/\/www.valenciabass.com\/index.php?rest_route=\/wp\/v2\/posts\/2941","targetHints":{"allow":["GET"]}}],"collection":[{"href":"https:\/\/www.valenciabass.com\/index.php?rest_route=\/wp\/v2\/posts"}],"about":[{"href":"https:\/\/www.valenciabass.com\/index.php?rest_route=\/wp\/v2\/types\/post"}],"author":[{"embeddable":true,"href":"https:\/\/www.valenciabass.com\/index.php?rest_route=\/wp\/v2\/users\/3"}],"replies":[{"embeddable":true,"href":"https:\/\/www.valenciabass.com\/index.php?rest_route=%2Fwp%2Fv2%2Fcomments&post=2941"}],"version-history":[{"count":12,"href":"https:\/\/www.valenciabass.com\/index.php?rest_route=\/wp\/v2\/posts\/2941\/revisions"}],"predecessor-version":[{"id":5842,"href":"https:\/\/www.valenciabass.com\/index.php?rest_route=\/wp\/v2\/posts\/2941\/revisions\/5842"}],"wp:featuredmedia":[{"embeddable":true,"href":"https:\/\/www.valenciabass.com\/index.php?rest_route=\/wp\/v2\/media\/2966"}],"wp:attachment":[{"href":"https:\/\/www.valenciabass.com\/index.php?rest_route=%2Fwp%2Fv2%2Fmedia&parent=2941"}],"wp:term":[{"taxonomy":"category","embeddable":true,"href":"https:\/\/www.valenciabass.com\/index.php?rest_route=%2Fwp%2Fv2%2Fcategories&post=2941"},{"taxonomy":"post_tag","embeddable":true,"href":"https:\/\/www.valenciabass.com\/index.php?rest_route=%2Fwp%2Fv2%2Ftags&post=2941"}],"curies":[{"name":"wp","href":"https:\/\/api.w.org\/{rel}","templated":true}]}}