{"id":2937,"date":"2013-03-01T19:06:06","date_gmt":"2013-03-01T18:06:06","guid":{"rendered":"http:\/\/www.valenciabass.com\/?p=2937"},"modified":"2013-03-01T19:12:03","modified_gmt":"2013-03-01T18:12:03","slug":"compra-de-pase-diario-de-z-p-c-cortes-ii-por-internet","status":"publish","type":"post","link":"https:\/\/www.valenciabass.com\/?p=2937","title":{"rendered":"Compra Pase Cortes por Internet"},"content":{"rendered":"<p>Os informamos que acabamos de activar un <a href=\"http:\/\/www.valenciabass.com\/?page_id=951\">servicio de compra de pase diario para la Z.P.C. Cortes II<\/a> a trav\u00e9s de Internet. Este servicio est\u00e1 disponible desde <a href=\"http:\/\/www.valenciabass.com\">nuestra p\u00e1gina web<\/a> y te permitir\u00e1 pagar el pase diario c\u00f3modamente con tu cuenta PayPal, o tarjeta de cr\u00e9dito o d\u00e9bito. <\/p>\n<p><a href=\"http:\/\/www.valenciabass.com\/wp-content\/uploads\/PaseDiarioCortes.jpg\"><img loading=\"lazy\" decoding=\"async\" src=\"http:\/\/www.valenciabass.com\/wp-content\/uploads\/PaseDiarioCortes.jpg\" alt=\"\" title=\"PaseDiarioCortes\" width=\"640\" height=\"480\" class=\"aligncenter size-full wp-image-2938\" srcset=\"https:\/\/www.valenciabass.com\/wp-content\/uploads\/PaseDiarioCortes.jpg 640w, https:\/\/www.valenciabass.com\/wp-content\/uploads\/PaseDiarioCortes-300x225.jpg 300w, https:\/\/www.valenciabass.com\/wp-content\/uploads\/PaseDiarioCortes-250x187.jpg 250w\" sizes=\"auto, (max-width: 640px) 100vw, 640px\" \/><\/a><\/p>\n<p>Este servicio est\u00e1 orientado a aquellos pescadores que deseen disfrutar de la pesca en el embalse de Cortes de forma puntual a lo largo del a\u00f1o. En todo caso, tened en cuenta la <a href=\"http:\/\/www.valenciabass.com\/?page_id=511\">normativa espec\u00edfica de la Z.P.C Cortes II<\/a>.<\/p>\n<p>Una vez pagado el pase, lo recibir\u00e1s en tu correo el\u00e9ctronico en aproximadamente 15 minutos. <\/p>\n<p>\u00a1Buena Pesca!<\/p>\n","protected":false},"excerpt":{"rendered":"<p>Os informamos que acabamos de activar un servicio de compra de pase diario para la Z.P.C. Cortes II a trav\u00e9s de Internet. Este servicio est\u00e1 disponible desde nuestra p\u00e1gina web y te permitir\u00e1 pagar el pase diario c\u00f3modamente con tu <span class=\"excerpt-dots\">&hellip;<\/span> <a class=\"more-link\" href=\"https:\/\/www.valenciabass.com\/?p=2937\"><span class=\"more-msg\">Sigue leyendo &rarr;<\/span><\/a><\/p>\n","protected":false},"author":2,"featured_media":2938,"comment_status":"closed","ping_status":"closed","sticky":false,"template":"","format":"standard","meta":{"_monsterinsights_skip_tracking":false,"_monsterinsights_sitenote_active":false,"_monsterinsights_sitenote_note":"","_monsterinsights_sitenote_category":0,"ngg_post_thumbnail":0,"footnotes":""},"categories":[1,18],"tags":[],"class_list":["post-2937","post","type-post","status-publish","format-standard","has-post-thumbnail","hentry","category-noticias","category-noticias-general"],"_links":{"self":[{"href":"https:\/\/www.valenciabass.com\/index.php?rest_route=\/wp\/v2\/posts\/2937","targetHints":{"allow":["GET"]}}],"collection":[{"href":"https:\/\/www.valenciabass.com\/index.php?rest_route=\/wp\/v2\/posts"}],"about":[{"href":"https:\/\/www.valenciabass.com\/index.php?rest_route=\/wp\/v2\/types\/post"}],"author":[{"embeddable":true,"href":"https:\/\/www.valenciabass.com\/index.php?rest_route=\/wp\/v2\/users\/2"}],"replies":[{"embeddable":true,"href":"https:\/\/www.valenciabass.com\/index.php?rest_route=%2Fwp%2Fv2%2Fcomments&post=2937"}],"version-history":[{"count":14,"href":"https:\/\/www.valenciabass.com\/index.php?rest_route=\/wp\/v2\/posts\/2937\/revisions"}],"predecessor-version":[{"id":2954,"href":"https:\/\/www.valenciabass.com\/index.php?rest_route=\/wp\/v2\/posts\/2937\/revisions\/2954"}],"wp:featuredmedia":[{"embeddable":true,"href":"https:\/\/www.valenciabass.com\/index.php?rest_route=\/wp\/v2\/media\/2938"}],"wp:attachment":[{"href":"https:\/\/www.valenciabass.com\/index.php?rest_route=%2Fwp%2Fv2%2Fmedia&parent=2937"}],"wp:term":[{"taxonomy":"category","embeddable":true,"href":"https:\/\/www.valenciabass.com\/index.php?rest_route=%2Fwp%2Fv2%2Fcategories&post=2937"},{"taxonomy":"post_tag","embeddable":true,"href":"https:\/\/www.valenciabass.com\/index.php?rest_route=%2Fwp%2Fv2%2Ftags&post=2937"}],"curies":[{"name":"wp","href":"https:\/\/api.w.org\/{rel}","templated":true}]}}