{"id":2914,"date":"2013-02-27T00:40:34","date_gmt":"2013-02-26T23:40:34","guid":{"rendered":"http:\/\/www.valenciabass.com\/?p=2914"},"modified":"2014-06-08T22:38:55","modified_gmt":"2014-06-08T20:38:55","slug":"asamblea-aebass-2013","status":"publish","type":"post","link":"https:\/\/www.valenciabass.com\/?p=2914","title":{"rendered":"Asamblea AEBass 2013"},"content":{"rendered":"<p>El pasado s\u00e1bado se celebr\u00f3 en el albergue de Benag\u00e9ber la asamblea de la Asociaci\u00f3n Espa\u00f1ola de Black-Bass. El plan inicial de pasar un fin de semana en el albergue se trunc\u00f3 con la entrada de un frente fr\u00edo que dej\u00f3 unas temperaturas g\u00e9lidas y que fue acompa\u00f1ado de un fuerte viento que hizo que dejaramos los barcos en casa.<\/p>\n<p>As\u00ed que <em>volviendo a los or\u00edgenes<\/em> como dir\u00eda aquel, nos montamos Paco, Miguel y un servidor en un coche y sin lastre ninguno nos dirigimos de buena ma\u00f1ana a Benag\u00e9ber. Aparcamos el coche antes de llegar a la presa y nos lanzamos a pecho descubierto por las pendientes de un bosque tristemente quemado a la orilla este de Benag\u00e9ber.<\/p>\n<p>Llevabamos 2 ca\u00f1as de bass y 2 ca\u00f1as de lucio. Atrevido por mi parte, llevaba dos ca\u00f1as como los pros de orilla. Menos mal que encontr\u00e9 un montaje con el cual pod\u00eda llevar una ca\u00f1a a la espalda y otra en acci\u00f3n de pesca. N\u00f3tese mi aspecto de ninja radio macuto pescando a texas la entrada de una r\u00e9cula.<\/p>\n<p><a href=\"http:\/\/www.valenciabass.com\/wp-content\/uploads\/IMG_0704.640x480.jpg\"><img loading=\"lazy\" decoding=\"async\" class=\"aligncenter size-full wp-image-2916\" title=\"IMG_0704.640x480\" src=\"http:\/\/www.valenciabass.com\/wp-content\/uploads\/IMG_0704.640x480.jpg\" alt=\"\" width=\"640\" height=\"480\" srcset=\"https:\/\/www.valenciabass.com\/wp-content\/uploads\/IMG_0704.640x480.jpg 640w, https:\/\/www.valenciabass.com\/wp-content\/uploads\/IMG_0704.640x480-300x225.jpg 300w, https:\/\/www.valenciabass.com\/wp-content\/uploads\/IMG_0704.640x480-250x187.jpg 250w\" sizes=\"auto, (max-width: 640px) 100vw, 640px\" \/><\/a><\/p>\n<p>Como los peces picar, lo que es picar, picaban poco, y dado que el \u00fanico lucio que vi\u00f3 Paco pas\u00f3 de su swimbait, nos decidimos por almorzar al sol sobre unas piedras como las lagartijas.<\/p>\n<p><a href=\"http:\/\/www.valenciabass.com\/wp-content\/uploads\/IMG_0706.640x480.jpg\"><img loading=\"lazy\" decoding=\"async\" class=\"aligncenter size-full wp-image-2917\" title=\"IMG_0706.640x480\" src=\"http:\/\/www.valenciabass.com\/wp-content\/uploads\/IMG_0706.640x480.jpg\" alt=\"\" width=\"640\" height=\"853\" srcset=\"https:\/\/www.valenciabass.com\/wp-content\/uploads\/IMG_0706.640x480.jpg 640w, https:\/\/www.valenciabass.com\/wp-content\/uploads\/IMG_0706.640x480-225x300.jpg 225w, https:\/\/www.valenciabass.com\/wp-content\/uploads\/IMG_0706.640x480-250x333.jpg 250w\" sizes=\"auto, (max-width: 640px) 100vw, 640px\" \/><\/a><\/p>\n<p>Despu\u00e9s de almorzar la intensidad del viento aument\u00f3 significativamente y lleg\u00f3 un momento que imposibilit\u00f3 la pesca. As\u00ed que volvimos hacia el coche, recogiendo en nuestro camino a Javivi, un llanero solitario que hab\u00eda sido abandonado de buena ma\u00f1ana a su suerte en la zona de la presa. Eso s\u00ed, Javivi s\u00ed que tuvo una picada de lucio que dej\u00f3 sin cola a su swimbait de vinilo.<\/p>\n<p>Despu\u00e9s de subir la pendiente hasta el coche nos hicimos una foto para el recuerdo de una jornada pescando de orilla en Benag\u00e9ber.<\/p>\n<p><a href=\"http:\/\/www.valenciabass.com\/wp-content\/uploads\/IMG_0713.640x480.jpg\"><img loading=\"lazy\" decoding=\"async\" class=\"aligncenter size-full wp-image-2915\" title=\"IMG_0713.640x480\" src=\"http:\/\/www.valenciabass.com\/wp-content\/uploads\/IMG_0713.640x480.jpg\" alt=\"\" width=\"640\" height=\"480\" srcset=\"https:\/\/www.valenciabass.com\/wp-content\/uploads\/IMG_0713.640x480.jpg 640w, https:\/\/www.valenciabass.com\/wp-content\/uploads\/IMG_0713.640x480-300x225.jpg 300w, https:\/\/www.valenciabass.com\/wp-content\/uploads\/IMG_0713.640x480-250x187.jpg 250w\" sizes=\"auto, (max-width: 640px) 100vw, 640px\" \/><\/a><\/p>\n<p>De ah\u00ed subimos al albergue para reunirnos con los que all\u00ed ya andaban. Eramos pescadores de bass de todos los rincones de la pen\u00ednsula. La representaci\u00f3n del club fue numerosa, aunque echamos en falta una mayor asistencia por nuestra parte, a\u00fan as\u00ed all\u00ed estuvimos: Miguel \u00abEl presi\u00bb, Berni \u00abEl vicepresi\u00bb, Javi \u00abEl secre\u00bb, The Doctor, Miguel Franco, Javivi, Nacho Revert, el \u00abMolt Honorable\u00bb, Paco Arroyo, El Gallego, David Baides, Omar, Sergio, Rober, Pablo, Kike, Fede, Fajardo, Lassazi y algunos m\u00e1s que seguramente habr\u00e9 olvidado. Muchas gracias por vuestra asistencia.<\/p>\n<p>Despu\u00e9s de comer todos juntos y antes de la asamblea, nos calentabamos al sol mientras charlabamos de forma animada y como suele ser habitual alrededor de un bass boat de \u00abEl bubi\u00bb de Utiel.<\/p>\n<p><a href=\"http:\/\/www.valenciabass.com\/wp-content\/uploads\/Photo0888.jpg\"><img loading=\"lazy\" decoding=\"async\" class=\"aligncenter size-large wp-image-2920\" title=\"SAMSUNG\" src=\"http:\/\/www.valenciabass.com\/wp-content\/uploads\/Photo0888-1024x768.jpg\" alt=\"\" width=\"640\" height=\"480\" srcset=\"https:\/\/www.valenciabass.com\/wp-content\/uploads\/Photo0888-1024x768.jpg 1024w, https:\/\/www.valenciabass.com\/wp-content\/uploads\/Photo0888-300x225.jpg 300w, https:\/\/www.valenciabass.com\/wp-content\/uploads\/Photo0888-250x187.jpg 250w, https:\/\/www.valenciabass.com\/wp-content\/uploads\/Photo0888-940x705.jpg 940w\" sizes=\"auto, (max-width: 640px) 100vw, 640px\" \/><\/a><\/p>\n<p>Tambi\u00e9n abrigados hasta las orejas estaban Miguel Franco y Paco Arroyo esperando el comienzo de la asamblea.<\/p>\n<p><a href=\"http:\/\/www.valenciabass.com\/wp-content\/uploads\/Photo0889.640x480.jpg\"><img loading=\"lazy\" decoding=\"async\" class=\"aligncenter size-full wp-image-2921\" title=\"SAMSUNG\" src=\"http:\/\/www.valenciabass.com\/wp-content\/uploads\/Photo0889.640x480.jpg\" alt=\"\" width=\"640\" height=\"480\" srcset=\"https:\/\/www.valenciabass.com\/wp-content\/uploads\/Photo0889.640x480.jpg 640w, https:\/\/www.valenciabass.com\/wp-content\/uploads\/Photo0889.640x480-300x225.jpg 300w, https:\/\/www.valenciabass.com\/wp-content\/uploads\/Photo0889.640x480-250x187.jpg 250w\" sizes=\"auto, (max-width: 640px) 100vw, 640px\" \/><\/a><\/p>\n<p>Poco despu\u00e9s comenzaba la asamblea con Jes\u00fas Exp\u00f3sito a los mandos de la nave que nos comentaba la gran labor desarrollada por la AEBass en 2013.<\/p>\n<p><a href=\"http:\/\/www.valenciabass.com\/wp-content\/uploads\/Photo0894.640x480.jpg\"><img loading=\"lazy\" decoding=\"async\" class=\"aligncenter size-full wp-image-2922\" title=\"SAMSUNG\" src=\"http:\/\/www.valenciabass.com\/wp-content\/uploads\/Photo0894.640x480.jpg\" alt=\"\" width=\"640\" height=\"480\" srcset=\"https:\/\/www.valenciabass.com\/wp-content\/uploads\/Photo0894.640x480.jpg 640w, https:\/\/www.valenciabass.com\/wp-content\/uploads\/Photo0894.640x480-300x225.jpg 300w, https:\/\/www.valenciabass.com\/wp-content\/uploads\/Photo0894.640x480-250x187.jpg 250w\" sizes=\"auto, (max-width: 640px) 100vw, 640px\" \/><\/a><\/p>\n<p>El siguiente en intervenir fue Eduardo Zulueta, responsable del \u00e1rea jur\u00eddica de la AEBass, que enumer\u00f3 las numerosas actuaciones legales llevadas a cabo por la AEBass y que han permitido que los clubes de Bass no hayan sido declarados ilegales y que podamos disfrutar de nuestra afici\u00f3n como la conocemos. Estoy convencido de que la no asistencia de algunas personas a esta asamblea denota que no son plenamente conscientes de este hecho y de sus consecuencias.<\/p>\n<p><a href=\"http:\/\/www.valenciabass.com\/wp-content\/uploads\/Photo0895.640x480.jpg\"><img loading=\"lazy\" decoding=\"async\" class=\"aligncenter size-full wp-image-2923\" title=\"SAMSUNG\" src=\"http:\/\/www.valenciabass.com\/wp-content\/uploads\/Photo0895.640x480.jpg\" alt=\"\" width=\"640\" height=\"480\" srcset=\"https:\/\/www.valenciabass.com\/wp-content\/uploads\/Photo0895.640x480.jpg 640w, https:\/\/www.valenciabass.com\/wp-content\/uploads\/Photo0895.640x480-300x225.jpg 300w, https:\/\/www.valenciabass.com\/wp-content\/uploads\/Photo0895.640x480-250x187.jpg 250w\" sizes=\"auto, (max-width: 640px) 100vw, 640px\" \/><\/a><\/p>\n<p>Seguidamente Carlos Bueno, responsable de Comunicaci\u00f3n, nos cont\u00f3 el amplio trabajo desarrollado para hacernos o\u00edr y que los diversos organismos p\u00fablicos conocieran nuestras inquietudes.<\/p>\n<p><a href=\"http:\/\/www.valenciabass.com\/wp-content\/uploads\/Photo0896.640x480.jpg\"><img loading=\"lazy\" decoding=\"async\" class=\"aligncenter size-full wp-image-2924\" title=\"SAMSUNG\" src=\"http:\/\/www.valenciabass.com\/wp-content\/uploads\/Photo0896.640x480.jpg\" alt=\"\" width=\"640\" height=\"480\" srcset=\"https:\/\/www.valenciabass.com\/wp-content\/uploads\/Photo0896.640x480.jpg 640w, https:\/\/www.valenciabass.com\/wp-content\/uploads\/Photo0896.640x480-300x225.jpg 300w, https:\/\/www.valenciabass.com\/wp-content\/uploads\/Photo0896.640x480-250x187.jpg 250w\" sizes=\"auto, (max-width: 640px) 100vw, 640px\" \/><\/a><\/p>\n<p>Por \u00faltimo, antes del descanso tuvimos el relato de las actuaciones de los delegados por comunidades aut\u00f3nomas. Personalmente, me llam\u00f3 especialmente el gran avance en Catalu\u00f1a donde se han podido volver a realizar competiciones de bass tras 10 a\u00f1os de absoluta prohibici\u00f3n. Tambi\u00e9n destacar el trabajo que est\u00e1 desarrollando Roberto Murillo para actualizar la <a href=\"http:\/\/www.aebass.es\">p\u00e1gina web de la AEBass<\/a> a\u00f1adiendo nuevos servicios a trav\u00e9s de la web como el pago de cuota, alta de socios, tienda on-line, etc. Enhorabuena a todos los delegados por su gran trabajo.<\/p>\n<p>Aqu\u00ed os dejo otra instant\u00e1nea de los asistentes, en la que los de Cenizate aparecen camuflados entre el p\u00fablico.<\/p>\n<p><a href=\"http:\/\/www.valenciabass.com\/wp-content\/uploads\/Photo0902.640x480.jpg\"><img loading=\"lazy\" decoding=\"async\" class=\"aligncenter size-full wp-image-2925\" title=\"SAMSUNG\" src=\"http:\/\/www.valenciabass.com\/wp-content\/uploads\/Photo0902.640x480.jpg\" alt=\"\" width=\"640\" height=\"480\" srcset=\"https:\/\/www.valenciabass.com\/wp-content\/uploads\/Photo0902.640x480.jpg 640w, https:\/\/www.valenciabass.com\/wp-content\/uploads\/Photo0902.640x480-300x225.jpg 300w, https:\/\/www.valenciabass.com\/wp-content\/uploads\/Photo0902.640x480-250x187.jpg 250w\" sizes=\"auto, (max-width: 640px) 100vw, 640px\" \/><\/a><\/p>\n<p>Tambi\u00e9n tuvimos a nuestros representantes de empresas relacionadas con el mundo del bass: Nacho Revert (delegado de festejos) y Rober de <a href=\"http:\/\/www.lunkerapparel.com\">LunkerApparel<\/a> con la sudadera de dicha empresa.<\/p>\n<p><a href=\"http:\/\/www.valenciabass.com\/wp-content\/uploads\/Photo0905.640x480.jpg\"><img loading=\"lazy\" decoding=\"async\" class=\"aligncenter size-full wp-image-2926\" title=\"SAMSUNG\" src=\"http:\/\/www.valenciabass.com\/wp-content\/uploads\/Photo0905.640x480.jpg\" alt=\"\" width=\"640\" height=\"480\" srcset=\"https:\/\/www.valenciabass.com\/wp-content\/uploads\/Photo0905.640x480.jpg 640w, https:\/\/www.valenciabass.com\/wp-content\/uploads\/Photo0905.640x480-300x225.jpg 300w, https:\/\/www.valenciabass.com\/wp-content\/uploads\/Photo0905.640x480-250x187.jpg 250w\" sizes=\"auto, (max-width: 640px) 100vw, 640px\" \/><\/a><\/p>\n<p>Tras el descanso Jos\u00e9 Mena present\u00f3 el apartado econ\u00f3mico y Jes\u00fas Exp\u00f3sito finiquit\u00f3 la asamblea con los retos de futuro de la AEBass en 2013.<\/p>\n<p>La impresi\u00f3n final que me queda despu\u00e9s de mi asistencia a la asamblea y conocer de primera mano la gran cantidad de actuaciones desarrolladas a diferentes niveles por la AEBass para defender nuestra afici\u00f3n, es a la vez de satisfacci\u00f3n y sorpresa de ver como se pueden hacer tantas cosas por s\u00f3lo 15 euros al a\u00f1o.<\/p>\n<p>Sin embargo, me sigue pareciendo inaudito e incomprensible que haya pescadores de Bass que todav\u00eda se cuestionen su adhesi\u00f3n por esta cantidad simb\u00f3lica a la \u00fanica asociaci\u00f3n que ha protegido, protege y proteger\u00e1 nuestra afici\u00f3n. Desde estas l\u00edneas, muchas gracias por vuestro trabajo y todo el apoyo para vuestras actuaciones en 2013.<\/p>\n","protected":false},"excerpt":{"rendered":"<p>El pasado s\u00e1bado se celebr\u00f3 en el albergue de Benag\u00e9ber la asamblea de la Asociaci\u00f3n Espa\u00f1ola de Black-Bass. El plan inicial de pasar un fin de semana en el albergue se trunc\u00f3 con la entrada de un frente fr\u00edo que <span class=\"excerpt-dots\">&hellip;<\/span> <a class=\"more-link\" href=\"https:\/\/www.valenciabass.com\/?p=2914\"><span class=\"more-msg\">Sigue leyendo &rarr;<\/span><\/a><\/p>\n","protected":false},"author":2,"featured_media":2915,"comment_status":"closed","ping_status":"closed","sticky":false,"template":"","format":"standard","meta":{"_monsterinsights_skip_tracking":false,"_monsterinsights_sitenote_active":false,"_monsterinsights_sitenote_note":"","_monsterinsights_sitenote_category":0,"ngg_post_thumbnail":0,"footnotes":""},"categories":[38,26,35,6],"tags":[],"class_list":["post-2914","post","type-post","status-publish","format-standard","has-post-thumbnail","hentry","category-benageber","category-cronicas","category-escenario","category-salidas"],"_links":{"self":[{"href":"https:\/\/www.valenciabass.com\/index.php?rest_route=\/wp\/v2\/posts\/2914","targetHints":{"allow":["GET"]}}],"collection":[{"href":"https:\/\/www.valenciabass.com\/index.php?rest_route=\/wp\/v2\/posts"}],"about":[{"href":"https:\/\/www.valenciabass.com\/index.php?rest_route=\/wp\/v2\/types\/post"}],"author":[{"embeddable":true,"href":"https:\/\/www.valenciabass.com\/index.php?rest_route=\/wp\/v2\/users\/2"}],"replies":[{"embeddable":true,"href":"https:\/\/www.valenciabass.com\/index.php?rest_route=%2Fwp%2Fv2%2Fcomments&post=2914"}],"version-history":[{"count":8,"href":"https:\/\/www.valenciabass.com\/index.php?rest_route=\/wp\/v2\/posts\/2914\/revisions"}],"predecessor-version":[{"id":2932,"href":"https:\/\/www.valenciabass.com\/index.php?rest_route=\/wp\/v2\/posts\/2914\/revisions\/2932"}],"wp:featuredmedia":[{"embeddable":true,"href":"https:\/\/www.valenciabass.com\/index.php?rest_route=\/wp\/v2\/media\/2915"}],"wp:attachment":[{"href":"https:\/\/www.valenciabass.com\/index.php?rest_route=%2Fwp%2Fv2%2Fmedia&parent=2914"}],"wp:term":[{"taxonomy":"category","embeddable":true,"href":"https:\/\/www.valenciabass.com\/index.php?rest_route=%2Fwp%2Fv2%2Fcategories&post=2914"},{"taxonomy":"post_tag","embeddable":true,"href":"https:\/\/www.valenciabass.com\/index.php?rest_route=%2Fwp%2Fv2%2Ftags&post=2914"}],"curies":[{"name":"wp","href":"https:\/\/api.w.org\/{rel}","templated":true}]}}