{"id":13530,"date":"2023-09-24T13:25:50","date_gmt":"2023-09-24T11:25:50","guid":{"rendered":"https:\/\/www.valenciabass.com\/?p=13530"},"modified":"2023-09-24T13:29:54","modified_gmt":"2023-09-24T11:29:54","slug":"doble-bass-embarcacion-vbc-2023","status":"publish","type":"post","link":"https:\/\/www.valenciabass.com\/?p=13530","title":{"rendered":"DOBLE BASS EMBARCACI\u00d3N &#8211; VBC 2023"},"content":{"rendered":"\n<p>Por primera vez desde que tengo recuerdos, el VBC no celebrar\u00eda un social durante el mes de julio, medida tomada por la Directiva con buen criterio con el fin de evitar jornadas de pesca con l\u00edmites de calor muy elevados.<\/p>\n\n\n\n<p>Por lo tanto, se opt\u00f3 por trasladar el doble de julio a septiembre, con una manga el s\u00e1bado por la tarde y otra el domingo por la ma\u00f1ana. El tan temido doble de julio no es tan fiero en septiembre ya que todos recordaremos lo dif\u00edciles que eran las mangas de los domingos por la ma\u00f1ana. Tambi\u00e9n decir que ha pasado el tiempo y nos hemos hecho mayores. Afloran muchos recuerdos de cuando m\u00e1s de uno se pon\u00eda tibio tibio durante la noche y apenas dorm\u00edan una o dos horas antes de empezar la segunda manga, convirti\u00e9ndose en espectros encima del barco con una resaca tremenda. Eran otros tiempos de juventud.<\/p>\n\n\n\n<div class=\"wp-block-image\"><figure class=\"aligncenter size-full is-resized\"><a href=\"https:\/\/www.valenciabass.com\/wp-content\/uploads\/cristianmelona.jpg\"><img loading=\"lazy\" decoding=\"async\" src=\"https:\/\/www.valenciabass.com\/wp-content\/uploads\/cristianmelona.jpg\" alt=\"\" class=\"wp-image-13531\" width=\"266\" height=\"354\" srcset=\"https:\/\/www.valenciabass.com\/wp-content\/uploads\/cristianmelona.jpg 480w, https:\/\/www.valenciabass.com\/wp-content\/uploads\/cristianmelona-225x300.jpg 225w, https:\/\/www.valenciabass.com\/wp-content\/uploads\/cristianmelona-250x333.jpg 250w\" sizes=\"auto, (max-width: 266px) 100vw, 266px\" \/><\/a><\/figure><\/div>\n\n\n\n<p>Quisiera compartir con vosotros un descubrimiento que he hecho recientemente en el embalse de Cortes. Es posible que algunos de vosotros ya lo sep\u00e1is, pero ha sido todo un descubrimiento para m\u00ed\u2026 Se trata de una especie de canal de cemento que bordea todo el embalse y que est\u00e1 sumergido a unos 15 metros de profundidad y separado de la orilla unos 30 metros. Para ser m\u00e1s exactos, os dibujo exactamente d\u00f3nde est\u00e1 ubicado ese canal que tiene unos 5 metros de alto y unos 10 metros de ancho.<\/p>\n\n\n\n<div class=\"wp-block-image\"><figure class=\"aligncenter size-large\"><a href=\"https:\/\/www.valenciabass.com\/wp-content\/uploads\/image-13.png\"><img loading=\"lazy\" decoding=\"async\" width=\"1024\" height=\"449\" src=\"https:\/\/www.valenciabass.com\/wp-content\/uploads\/image-13-1024x449.png\" alt=\"\" class=\"wp-image-13532\" srcset=\"https:\/\/www.valenciabass.com\/wp-content\/uploads\/image-13-1024x449.png 1024w, https:\/\/www.valenciabass.com\/wp-content\/uploads\/image-13-300x132.png 300w, https:\/\/www.valenciabass.com\/wp-content\/uploads\/image-13-768x337.png 768w, https:\/\/www.valenciabass.com\/wp-content\/uploads\/image-13-250x110.png 250w, https:\/\/www.valenciabass.com\/wp-content\/uploads\/image-13-940x412.png 940w, https:\/\/www.valenciabass.com\/wp-content\/uploads\/image-13.png 1268w\" sizes=\"auto, (max-width: 1024px) 100vw, 1024px\" \/><\/a><\/figure><\/div>\n\n\n\n<p>Desconozco d\u00f3nde empieza o d\u00f3nde acaba, pero lo he visto en muchas zonas del embalse, bajando desde Cofrentes por la orilla derecha y cruzando de orilla a la altura de la Yesera, donde hay un puente sumergido, siguiendo por la orilla izquierda de los ca\u00f1ones de la presa, en direcci\u00f3n pantal\u00e1n de Cortes.<\/p>\n\n\n\n<p>Ese descubrimiento (pasamos a la parte de ficci\u00f3n) me ha llevado a investigar el origen de ese canal, pero nunca imaginar\u00e9is lo que he podido averiguar\u2026 Todos sabemos que cuando estamos en el embalse de Cortes estamos en un paraje id\u00edlico. Ha sido as\u00ed durante siglos, pero no siempre fue as\u00ed y detr\u00e1s del canal que bordea el embalse hay una historia oscura por descubrir\u2026<\/p>\n\n\n\n<p>El embalse de Cortes, a d\u00eda de hoy, est\u00e1 situado en la comarca del Valle de Cofrentes-Ayora y, si echamos un vistazo aguas abajo en direcci\u00f3n al embalse de Tous, esas tierras pertenecen a la comarca de la Hoya de Bu\u00f1ol, Canal de Navarr\u00e9s y a la Ribera Alta.<\/p>\n\n\n\n<p>El descubrimiento que he hecho ha sido que, decenas de siglos atr\u00e1s, todas las poblaciones de estas comarcas estaban englobadas en unas tierras que se llamaban la <strong>\u00abTierra Media\u00bb<\/strong> y los nombres que conocemos hoy como Cofrentes, Cortes de Pall\u00e1s o Tous, ten\u00edan otros nombres que seguro nos sonar\u00e1n, alguno de ellos un tanto siniestro\u2026 Tras el paso de los siglos, todas esas regiones de la Tierra Media fueron cambiando su aspecto, incluso parte de ellas fueron inundadas, convirti\u00e9ndose en los actuales embalses de Tous y Cortes de Pall\u00e1s.<\/p>\n\n\n\n<p>Este es el mapa antiguo de la zona:<\/p>\n\n\n\n<figure class=\"wp-block-gallery columns-1 is-cropped wp-block-gallery-1 is-layout-flex wp-block-gallery-is-layout-flex\"><ul class=\"blocks-gallery-grid\"><li class=\"blocks-gallery-item\"><figure><a href=\"https:\/\/www.valenciabass.com\/wp-content\/uploads\/image-14.png\"><img loading=\"lazy\" decoding=\"async\" width=\"1024\" height=\"518\" src=\"https:\/\/www.valenciabass.com\/wp-content\/uploads\/image-14-1024x518.png\" alt=\"\" data-id=\"13533\" data-full-url=\"https:\/\/www.valenciabass.com\/wp-content\/uploads\/image-14.png\" data-link=\"https:\/\/www.valenciabass.com\/?attachment_id=13533\" class=\"wp-image-13533\" srcset=\"https:\/\/www.valenciabass.com\/wp-content\/uploads\/image-14-1024x518.png 1024w, https:\/\/www.valenciabass.com\/wp-content\/uploads\/image-14-300x152.png 300w, https:\/\/www.valenciabass.com\/wp-content\/uploads\/image-14-768x389.png 768w, https:\/\/www.valenciabass.com\/wp-content\/uploads\/image-14-250x127.png 250w, https:\/\/www.valenciabass.com\/wp-content\/uploads\/image-14-940x476.png 940w, https:\/\/www.valenciabass.com\/wp-content\/uploads\/image-14.png 1122w\" sizes=\"auto, (max-width: 1024px) 100vw, 1024px\" \/><\/a><figcaption class=\"blocks-gallery-item__caption\">Fuente: www.cartemcoins.com<\/figcaption><\/figure><\/li><\/ul><\/figure>\n\n\n\n<p>Por poneros algunos ejemplos, Cofrentes era conocido como <strong>\u00abHobbiton\u00bb<\/strong>, situado en la Comarca. Aqu\u00ed pod\u00e9is comprobar la evoluci\u00f3n de esta poblaci\u00f3n con el paso del tiempo:<\/p>\n\n\n\n<figure class=\"wp-block-gallery columns-2 is-cropped wp-block-gallery-2 is-layout-flex wp-block-gallery-is-layout-flex\"><ul class=\"blocks-gallery-grid\"><li class=\"blocks-gallery-item\"><figure><a href=\"https:\/\/www.valenciabass.com\/wp-content\/uploads\/hobbiton.png\"><img loading=\"lazy\" decoding=\"async\" width=\"804\" height=\"569\" src=\"https:\/\/www.valenciabass.com\/wp-content\/uploads\/hobbiton.png\" alt=\"\" data-id=\"13553\" data-full-url=\"https:\/\/www.valenciabass.com\/wp-content\/uploads\/hobbiton.png\" data-link=\"https:\/\/www.valenciabass.com\/?attachment_id=13553\" class=\"wp-image-13553\" srcset=\"https:\/\/www.valenciabass.com\/wp-content\/uploads\/hobbiton.png 804w, https:\/\/www.valenciabass.com\/wp-content\/uploads\/hobbiton-300x212.png 300w, https:\/\/www.valenciabass.com\/wp-content\/uploads\/hobbiton-768x544.png 768w, https:\/\/www.valenciabass.com\/wp-content\/uploads\/hobbiton-250x177.png 250w\" sizes=\"auto, (max-width: 804px) 100vw, 804px\" \/><\/a><figcaption class=\"blocks-gallery-item__caption\">Fuente: www.facebook.com\/501058103257513<\/figcaption><\/figure><\/li><li class=\"blocks-gallery-item\"><figure><a href=\"https:\/\/www.valenciabass.com\/wp-content\/uploads\/image-16.png\"><img loading=\"lazy\" decoding=\"async\" width=\"578\" height=\"286\" src=\"https:\/\/www.valenciabass.com\/wp-content\/uploads\/image-16.png\" alt=\"\" data-id=\"13535\" data-full-url=\"https:\/\/www.valenciabass.com\/wp-content\/uploads\/image-16.png\" data-link=\"https:\/\/www.valenciabass.com\/?attachment_id=13535\" class=\"wp-image-13535\" srcset=\"https:\/\/www.valenciabass.com\/wp-content\/uploads\/image-16.png 578w, https:\/\/www.valenciabass.com\/wp-content\/uploads\/image-16-300x148.png 300w, https:\/\/www.valenciabass.com\/wp-content\/uploads\/image-16-250x124.png 250w\" sizes=\"auto, (max-width: 578px) 100vw, 578px\" \/><\/a><figcaption class=\"blocks-gallery-item__caption\">Fuente: www.comunitatvalenciana.com<\/figcaption><\/figure><\/li><\/ul><\/figure>\n\n\n\n\n\n<p>La aldea de Otonel, situada en las monta\u00f1as, era conocida anta\u00f1o como <strong>\u00abRivendel\u00bb<\/strong>, el refugio de los Altos Elfos:<\/p>\n\n\n\n<figure class=\"wp-block-gallery columns-2 is-cropped wp-block-gallery-3 is-layout-flex wp-block-gallery-is-layout-flex\"><ul class=\"blocks-gallery-grid\"><li class=\"blocks-gallery-item\"><figure><a href=\"https:\/\/www.valenciabass.com\/wp-content\/uploads\/image-17.png\"><img loading=\"lazy\" decoding=\"async\" width=\"520\" height=\"350\" src=\"https:\/\/www.valenciabass.com\/wp-content\/uploads\/image-17.png\" alt=\"\" data-id=\"13536\" data-full-url=\"https:\/\/www.valenciabass.com\/wp-content\/uploads\/image-17.png\" data-link=\"https:\/\/www.valenciabass.com\/?attachment_id=13536\" class=\"wp-image-13536\" srcset=\"https:\/\/www.valenciabass.com\/wp-content\/uploads\/image-17.png 520w, https:\/\/www.valenciabass.com\/wp-content\/uploads\/image-17-300x202.png 300w, https:\/\/www.valenciabass.com\/wp-content\/uploads\/image-17-250x168.png 250w\" sizes=\"auto, (max-width: 520px) 100vw, 520px\" \/><\/a><figcaption class=\"blocks-gallery-item__caption\">Fuente: www.lotr.fandom.com<\/figcaption><\/figure><\/li><li class=\"blocks-gallery-item\"><figure><a href=\"https:\/\/www.valenciabass.com\/wp-content\/uploads\/image-18.png\"><img loading=\"lazy\" decoding=\"async\" width=\"514\" height=\"334\" src=\"https:\/\/www.valenciabass.com\/wp-content\/uploads\/image-18.png\" alt=\"\" data-id=\"13537\" data-full-url=\"https:\/\/www.valenciabass.com\/wp-content\/uploads\/image-18.png\" data-link=\"https:\/\/www.valenciabass.com\/?attachment_id=13537\" class=\"wp-image-13537\" srcset=\"https:\/\/www.valenciabass.com\/wp-content\/uploads\/image-18.png 514w, https:\/\/www.valenciabass.com\/wp-content\/uploads\/image-18-300x195.png 300w, https:\/\/www.valenciabass.com\/wp-content\/uploads\/image-18-250x162.png 250w\" sizes=\"auto, (max-width: 514px) 100vw, 514px\" \/><\/a><figcaption class=\"blocks-gallery-item__caption\">Fuente: www.verpueblos.com<\/figcaption><\/figure><\/li><\/ul><\/figure>\n\n\n\n<p>La construcci\u00f3n de la central de la Muela de Cortes antiguamente fueron las<strong> \u00abMinas de Moria\u00bb<\/strong>, que cavaron los Enanos:<\/p>\n\n\n\n<figure class=\"wp-block-gallery columns-3 is-cropped wp-block-gallery-4 is-layout-flex wp-block-gallery-is-layout-flex\"><ul class=\"blocks-gallery-grid\"><li class=\"blocks-gallery-item\"><figure><a href=\"https:\/\/www.valenciabass.com\/wp-content\/uploads\/image-21.png\"><img loading=\"lazy\" decoding=\"async\" width=\"524\" height=\"320\" src=\"https:\/\/www.valenciabass.com\/wp-content\/uploads\/image-21.png\" alt=\"\" data-id=\"13540\" data-full-url=\"https:\/\/www.valenciabass.com\/wp-content\/uploads\/image-21.png\" data-link=\"https:\/\/www.valenciabass.com\/?attachment_id=13540\" class=\"wp-image-13540\" srcset=\"https:\/\/www.valenciabass.com\/wp-content\/uploads\/image-21.png 524w, https:\/\/www.valenciabass.com\/wp-content\/uploads\/image-21-300x183.png 300w, https:\/\/www.valenciabass.com\/wp-content\/uploads\/image-21-250x153.png 250w\" sizes=\"auto, (max-width: 524px) 100vw, 524px\" \/><\/a><figcaption class=\"blocks-gallery-item__caption\">Fuente: www.store.epicgames.com<\/figcaption><\/figure><\/li><li class=\"blocks-gallery-item\"><figure><a href=\"https:\/\/www.valenciabass.com\/wp-content\/uploads\/image-19.png\"><img loading=\"lazy\" decoding=\"async\" width=\"428\" height=\"390\" src=\"https:\/\/www.valenciabass.com\/wp-content\/uploads\/image-19.png\" alt=\"\" data-id=\"13538\" data-full-url=\"https:\/\/www.valenciabass.com\/wp-content\/uploads\/image-19.png\" data-link=\"https:\/\/www.valenciabass.com\/?attachment_id=13538\" class=\"wp-image-13538\" srcset=\"https:\/\/www.valenciabass.com\/wp-content\/uploads\/image-19.png 428w, https:\/\/www.valenciabass.com\/wp-content\/uploads\/image-19-300x273.png 300w, https:\/\/www.valenciabass.com\/wp-content\/uploads\/image-19-250x228.png 250w\" sizes=\"auto, (max-width: 428px) 100vw, 428px\" \/><\/a><figcaption class=\"blocks-gallery-item__caption\">Fuente: www.infovalenciatravel.com<\/figcaption><\/figure><\/li><li class=\"blocks-gallery-item\"><figure><a href=\"https:\/\/www.valenciabass.com\/wp-content\/uploads\/image-20.png\"><img loading=\"lazy\" decoding=\"async\" width=\"538\" height=\"438\" src=\"https:\/\/www.valenciabass.com\/wp-content\/uploads\/image-20.png\" alt=\"\" data-id=\"13539\" data-full-url=\"https:\/\/www.valenciabass.com\/wp-content\/uploads\/image-20.png\" data-link=\"https:\/\/www.valenciabass.com\/?attachment_id=13539\" class=\"wp-image-13539\" srcset=\"https:\/\/www.valenciabass.com\/wp-content\/uploads\/image-20.png 538w, https:\/\/www.valenciabass.com\/wp-content\/uploads\/image-20-300x244.png 300w, https:\/\/www.valenciabass.com\/wp-content\/uploads\/image-20-250x204.png 250w\" sizes=\"auto, (max-width: 538px) 100vw, 538px\" \/><\/a><figcaption class=\"blocks-gallery-item__caption\">Fuente: www.ciudadfcc.com<\/figcaption><\/figure><\/li><\/ul><\/figure>\n\n\n\n<p>La central hidroel\u00e9ctrica de Millares, situada en la cola del embalse de Tous, era <strong>\u00abMinas Tirith\u00bb<\/strong>, la \u00faltima ciudad de defensa de los Hombres ante el reino oscuro de <strong>\u00abMordor\u00bb<\/strong>:<\/p>\n\n\n\n<figure class=\"wp-block-gallery columns-2 is-cropped wp-block-gallery-5 is-layout-flex wp-block-gallery-is-layout-flex\"><ul class=\"blocks-gallery-grid\"><li class=\"blocks-gallery-item\"><figure><a href=\"https:\/\/www.valenciabass.com\/wp-content\/uploads\/image-23.png\"><img loading=\"lazy\" decoding=\"async\" width=\"608\" height=\"452\" src=\"https:\/\/www.valenciabass.com\/wp-content\/uploads\/image-23.png\" alt=\"\" data-id=\"13542\" data-full-url=\"https:\/\/www.valenciabass.com\/wp-content\/uploads\/image-23.png\" data-link=\"https:\/\/www.valenciabass.com\/?attachment_id=13542\" class=\"wp-image-13542\" srcset=\"https:\/\/www.valenciabass.com\/wp-content\/uploads\/image-23.png 608w, https:\/\/www.valenciabass.com\/wp-content\/uploads\/image-23-300x223.png 300w, https:\/\/www.valenciabass.com\/wp-content\/uploads\/image-23-250x186.png 250w\" sizes=\"auto, (max-width: 608px) 100vw, 608px\" \/><\/a><figcaption class=\"blocks-gallery-item__caption\">Fuente: www.esdla.fandom.com<\/figcaption><\/figure><\/li><li class=\"blocks-gallery-item\"><figure><a href=\"https:\/\/www.valenciabass.com\/wp-content\/uploads\/image-22.png\"><img loading=\"lazy\" decoding=\"async\" width=\"632\" height=\"622\" src=\"https:\/\/www.valenciabass.com\/wp-content\/uploads\/image-22.png\" alt=\"\" data-id=\"13541\" data-full-url=\"https:\/\/www.valenciabass.com\/wp-content\/uploads\/image-22.png\" data-link=\"https:\/\/www.valenciabass.com\/?attachment_id=13541\" class=\"wp-image-13541\" srcset=\"https:\/\/www.valenciabass.com\/wp-content\/uploads\/image-22.png 632w, https:\/\/www.valenciabass.com\/wp-content\/uploads\/image-22-300x295.png 300w, https:\/\/www.valenciabass.com\/wp-content\/uploads\/image-22-250x246.png 250w\" sizes=\"auto, (max-width: 632px) 100vw, 632px\" \/><\/a><figcaption class=\"blocks-gallery-item__caption\">Fuente: www.lh5.googleusercontent.com<\/figcaption><\/figure><\/li><\/ul><\/figure>\n\n\n\n<p>Y, por \u00faltimo, <strong>\u00abMordor\u00bb<\/strong>, el actual Tous, donde estaba situada la torre con el ojo de Sauron, cuyos restos todav\u00eda se pueden apreciar en la torre de vigilancia:<\/p>\n\n\n\n<figure class=\"wp-block-gallery columns-2 is-cropped wp-block-gallery-6 is-layout-flex wp-block-gallery-is-layout-flex\"><ul class=\"blocks-gallery-grid\"><li class=\"blocks-gallery-item\"><figure><a href=\"https:\/\/www.valenciabass.com\/wp-content\/uploads\/image-25.png\"><img loading=\"lazy\" decoding=\"async\" width=\"678\" height=\"496\" src=\"https:\/\/www.valenciabass.com\/wp-content\/uploads\/image-25.png\" alt=\"\" data-id=\"13544\" data-full-url=\"https:\/\/www.valenciabass.com\/wp-content\/uploads\/image-25.png\" data-link=\"https:\/\/www.valenciabass.com\/?attachment_id=13544\" class=\"wp-image-13544\" srcset=\"https:\/\/www.valenciabass.com\/wp-content\/uploads\/image-25.png 678w, https:\/\/www.valenciabass.com\/wp-content\/uploads\/image-25-300x219.png 300w, https:\/\/www.valenciabass.com\/wp-content\/uploads\/image-25-250x183.png 250w\" sizes=\"auto, (max-width: 678px) 100vw, 678px\" \/><\/a><figcaption class=\"blocks-gallery-item__caption\">Fuente: www.puzzlefactory.com<\/figcaption><\/figure><\/li><li class=\"blocks-gallery-item\"><figure><a href=\"https:\/\/www.valenciabass.com\/wp-content\/uploads\/image-24.png\"><img loading=\"lazy\" decoding=\"async\" width=\"528\" height=\"398\" src=\"https:\/\/www.valenciabass.com\/wp-content\/uploads\/image-24.png\" alt=\"\" data-id=\"13543\" data-full-url=\"https:\/\/www.valenciabass.com\/wp-content\/uploads\/image-24.png\" data-link=\"https:\/\/www.valenciabass.com\/?attachment_id=13543\" class=\"wp-image-13543\" srcset=\"https:\/\/www.valenciabass.com\/wp-content\/uploads\/image-24.png 528w, https:\/\/www.valenciabass.com\/wp-content\/uploads\/image-24-300x226.png 300w, https:\/\/www.valenciabass.com\/wp-content\/uploads\/image-24-250x188.png 250w\" sizes=\"auto, (max-width: 528px) 100vw, 528px\" \/><\/a><figcaption class=\"blocks-gallery-item__caption\">Fuente: www.castillosricsol.es<\/figcaption><\/figure><\/li><\/ul><\/figure>\n\n\n\n<p>Pues bien, con mucha investigaci\u00f3n he descubierto que el canal que bordea el embalse de Cortes, que os estaba comentando antes, resulta ser la antigua ruta que construyeron los Ordos de Mordor para desplazarse por la Tierra Media y seguir las \u00f3rdenes del Se\u00f1or Oscuro, Sauron, para terminar con los Hombres y Elfos.<\/p>\n\n\n\n<p>En este mapa se puede ver la distribuci\u00f3n geogr\u00e1fica de las poblaciones antiguas y las nuevas:<\/p>\n\n\n\n<figure class=\"wp-block-gallery aligncenter columns-1 is-cropped wp-block-gallery-7 is-layout-flex wp-block-gallery-is-layout-flex\"><ul class=\"blocks-gallery-grid\"><li class=\"blocks-gallery-item\"><figure><a href=\"https:\/\/www.valenciabass.com\/wp-content\/uploads\/tierramediaACTUAL.jpg\"><img loading=\"lazy\" decoding=\"async\" width=\"932\" height=\"617\" src=\"https:\/\/www.valenciabass.com\/wp-content\/uploads\/tierramediaACTUAL.jpg\" alt=\"\" data-id=\"13545\" data-full-url=\"https:\/\/www.valenciabass.com\/wp-content\/uploads\/tierramediaACTUAL.jpg\" data-link=\"https:\/\/www.valenciabass.com\/?attachment_id=13545\" class=\"wp-image-13545\" srcset=\"https:\/\/www.valenciabass.com\/wp-content\/uploads\/tierramediaACTUAL.jpg 932w, https:\/\/www.valenciabass.com\/wp-content\/uploads\/tierramediaACTUAL-300x199.jpg 300w, https:\/\/www.valenciabass.com\/wp-content\/uploads\/tierramediaACTUAL-768x508.jpg 768w, https:\/\/www.valenciabass.com\/wp-content\/uploads\/tierramediaACTUAL-250x166.jpg 250w\" sizes=\"auto, (max-width: 932px) 100vw, 932px\" \/><\/a><\/figure><\/li><\/ul><\/figure>\n\n\n\n<p>Tras esta breve introducci\u00f3n hist\u00f3rica, nos centramos ya en lo que fue el doble en s\u00ed. La semana de la competici\u00f3n fue lluviosa, algo t\u00edpico de finales de verano, lo que hizo bajar la temperatura del agua e iniciar la transici\u00f3n de los basses desde aguas m\u00e1s abiertas hacia zonas m\u00e1s pr\u00f3ximas a las orillas.<\/p>\n\n\n\n<p>La manga del s\u00e1bado se present\u00f3 con nubes y claros, con una temperatura muy agradable y el nivel del embalse pr\u00e1cticamente a tope.<\/p>\n\n\n\n<div class=\"wp-block-image\"><figure class=\"aligncenter size-full\"><a href=\"https:\/\/www.valenciabass.com\/wp-content\/uploads\/image-39.png\"><img loading=\"lazy\" decoding=\"async\" width=\"621\" height=\"454\" src=\"https:\/\/www.valenciabass.com\/wp-content\/uploads\/image-39.png\" alt=\"\" class=\"wp-image-13572\" srcset=\"https:\/\/www.valenciabass.com\/wp-content\/uploads\/image-39.png 621w, https:\/\/www.valenciabass.com\/wp-content\/uploads\/image-39-300x219.png 300w, https:\/\/www.valenciabass.com\/wp-content\/uploads\/image-39-250x183.png 250w\" sizes=\"auto, (max-width: 621px) 100vw, 621px\" \/><\/a><\/figure><\/div>\n\n\n\n<figure class=\"wp-block-gallery columns-0 is-cropped wp-block-gallery-8 is-layout-flex wp-block-gallery-is-layout-flex\"><ul class=\"blocks-gallery-grid\"><\/ul><\/figure>\n\n\n\n<div class=\"wp-block-image\"><figure class=\"aligncenter size-large is-resized\"><a href=\"https:\/\/www.valenciabass.com\/wp-content\/uploads\/WhatsApp-Image-2023-09-24-at-13.03.13.jpeg\"><img loading=\"lazy\" decoding=\"async\" src=\"https:\/\/www.valenciabass.com\/wp-content\/uploads\/WhatsApp-Image-2023-09-24-at-13.03.13-1024x768.jpeg\" alt=\"\" class=\"wp-image-13557\" width=\"551\" height=\"413\" srcset=\"https:\/\/www.valenciabass.com\/wp-content\/uploads\/WhatsApp-Image-2023-09-24-at-13.03.13-1024x768.jpeg 1024w, https:\/\/www.valenciabass.com\/wp-content\/uploads\/WhatsApp-Image-2023-09-24-at-13.03.13-300x225.jpeg 300w, https:\/\/www.valenciabass.com\/wp-content\/uploads\/WhatsApp-Image-2023-09-24-at-13.03.13-768x576.jpeg 768w, https:\/\/www.valenciabass.com\/wp-content\/uploads\/WhatsApp-Image-2023-09-24-at-13.03.13-1536x1152.jpeg 1536w, https:\/\/www.valenciabass.com\/wp-content\/uploads\/WhatsApp-Image-2023-09-24-at-13.03.13-250x188.jpeg 250w, https:\/\/www.valenciabass.com\/wp-content\/uploads\/WhatsApp-Image-2023-09-24-at-13.03.13-940x705.jpeg 940w, https:\/\/www.valenciabass.com\/wp-content\/uploads\/WhatsApp-Image-2023-09-24-at-13.03.13.jpeg 2048w\" sizes=\"auto, (max-width: 551px) 100vw, 551px\" \/><\/a><\/figure><\/div>\n\n\n\n<p>Los peces dieron la cara y todos los participantes se divirtieron de lo lindo haciendo el cupo y cambiando peces, aunque en la mayor\u00eda de casos, apenas unos gramos ya que los basses m\u00e1s grandes estuvieron un poco reacios, salvo para aquellos barcos que consiguieron subir al podio.<\/p>\n\n\n\n<p>La clasificaci\u00f3n de esta primera manga fue la siguiente:<\/p>\n\n\n\n<div class=\"wp-block-image\"><figure class=\"aligncenter size-full\"><a href=\"https:\/\/www.valenciabass.com\/wp-content\/uploads\/image-26.png\"><img loading=\"lazy\" decoding=\"async\" width=\"630\" height=\"443\" src=\"https:\/\/www.valenciabass.com\/wp-content\/uploads\/image-26.png\" alt=\"\" class=\"wp-image-13546\" srcset=\"https:\/\/www.valenciabass.com\/wp-content\/uploads\/image-26.png 630w, https:\/\/www.valenciabass.com\/wp-content\/uploads\/image-26-300x211.png 300w, https:\/\/www.valenciabass.com\/wp-content\/uploads\/image-26-250x176.png 250w\" sizes=\"auto, (max-width: 630px) 100vw, 630px\" \/><\/a><\/figure><\/div>\n\n\n\n<p>Fede Romeu, nuestro presidente, hizo entrega de los cheques de premios donados por Jorge Garc\u00eda, representante de Geko, entre otras marcas, al cual conocemos de sobra por su amabilidad para con el Club y por regentar una tienda de pesca en Valencia capital, \u201cEl Rinc\u00f3n del Pescador\u201d. Aqu\u00ed ten\u00e9is el enlace a su web:&nbsp;<a href=\"http:\/\/www.elrincondelpescador.com\/\">El Rinc\u00f3n del pescador (elrincondelpescador.com)<\/a>.<\/p>\n\n\n\n<div class=\"wp-block-image\"><figure class=\"aligncenter size-full\"><a href=\"https:\/\/www.valenciabass.com\/wp-content\/uploads\/image-27.png\"><img loading=\"lazy\" decoding=\"async\" width=\"602\" height=\"469\" src=\"https:\/\/www.valenciabass.com\/wp-content\/uploads\/image-27.png\" alt=\"\" class=\"wp-image-13547\" srcset=\"https:\/\/www.valenciabass.com\/wp-content\/uploads\/image-27.png 602w, https:\/\/www.valenciabass.com\/wp-content\/uploads\/image-27-300x234.png 300w, https:\/\/www.valenciabass.com\/wp-content\/uploads\/image-27-250x195.png 250w\" sizes=\"auto, (max-width: 602px) 100vw, 602px\" \/><\/a><\/figure><\/div>\n\n\n\n<p><\/p>\n\n\n\n<div class=\"wp-block-image\"><figure class=\"aligncenter size-full\"><a href=\"https:\/\/www.valenciabass.com\/wp-content\/uploads\/image-28.png\"><img loading=\"lazy\" decoding=\"async\" width=\"599\" height=\"463\" src=\"https:\/\/www.valenciabass.com\/wp-content\/uploads\/image-28.png\" alt=\"\" class=\"wp-image-13548\" srcset=\"https:\/\/www.valenciabass.com\/wp-content\/uploads\/image-28.png 599w, https:\/\/www.valenciabass.com\/wp-content\/uploads\/image-28-300x232.png 300w, https:\/\/www.valenciabass.com\/wp-content\/uploads\/image-28-250x193.png 250w\" sizes=\"auto, (max-width: 599px) 100vw, 599px\" \/><\/a><\/figure><\/div>\n\n\n\n<div class=\"wp-block-image\"><figure class=\"aligncenter size-full\"><a href=\"https:\/\/www.valenciabass.com\/wp-content\/uploads\/image-29.png\"><img loading=\"lazy\" decoding=\"async\" width=\"617\" height=\"464\" src=\"https:\/\/www.valenciabass.com\/wp-content\/uploads\/image-29.png\" alt=\"\" class=\"wp-image-13549\" srcset=\"https:\/\/www.valenciabass.com\/wp-content\/uploads\/image-29.png 617w, https:\/\/www.valenciabass.com\/wp-content\/uploads\/image-29-300x226.png 300w, https:\/\/www.valenciabass.com\/wp-content\/uploads\/image-29-250x188.png 250w\" sizes=\"auto, (max-width: 617px) 100vw, 617px\" \/><\/a><\/figure><\/div>\n\n\n\n<p>Tras la manga, la mayor\u00eda de equipos sac\u00f3 la barca por Cofrentes y se fueron a descansar al hotel Torralba, mientras que otros se quedaron a dormir en la rampa del acueducto.<\/p>\n\n\n\n<div class=\"wp-block-image\"><figure class=\"aligncenter size-large is-resized\"><a href=\"https:\/\/www.valenciabass.com\/wp-content\/uploads\/WhatsApp-Image-2023-09-24-at-12.45.29.jpeg\"><img loading=\"lazy\" decoding=\"async\" src=\"https:\/\/www.valenciabass.com\/wp-content\/uploads\/WhatsApp-Image-2023-09-24-at-12.45.29-1024x768.jpeg\" alt=\"\" class=\"wp-image-13555\" width=\"611\" height=\"458\" srcset=\"https:\/\/www.valenciabass.com\/wp-content\/uploads\/WhatsApp-Image-2023-09-24-at-12.45.29-1024x768.jpeg 1024w, https:\/\/www.valenciabass.com\/wp-content\/uploads\/WhatsApp-Image-2023-09-24-at-12.45.29-300x225.jpeg 300w, https:\/\/www.valenciabass.com\/wp-content\/uploads\/WhatsApp-Image-2023-09-24-at-12.45.29-768x576.jpeg 768w, https:\/\/www.valenciabass.com\/wp-content\/uploads\/WhatsApp-Image-2023-09-24-at-12.45.29-1536x1152.jpeg 1536w, https:\/\/www.valenciabass.com\/wp-content\/uploads\/WhatsApp-Image-2023-09-24-at-12.45.29-250x188.jpeg 250w, https:\/\/www.valenciabass.com\/wp-content\/uploads\/WhatsApp-Image-2023-09-24-at-12.45.29-940x705.jpeg 940w, https:\/\/www.valenciabass.com\/wp-content\/uploads\/WhatsApp-Image-2023-09-24-at-12.45.29.jpeg 2048w\" sizes=\"auto, (max-width: 611px) 100vw, 611px\" \/><\/a><\/figure><\/div>\n\n\n\n<p>Son\u00f3 la alarma del m\u00f3vil y pronto empez\u00f3 a llover ligeramente. La manga empezaba a las 7:30h, con poca luz al estar nublado y con un poco de lluvia, lluvia que tuvo momentos m\u00e1s intensos, teniendo que recurrir a los chubasqueros y trajes de agua.<\/p>\n\n\n\n<div class=\"wp-block-image\"><figure class=\"aligncenter size-large is-resized\"><a href=\"https:\/\/www.valenciabass.com\/wp-content\/uploads\/WhatsApp-Image-2023-09-24-at-13.05.12.jpeg\"><img loading=\"lazy\" decoding=\"async\" src=\"https:\/\/www.valenciabass.com\/wp-content\/uploads\/WhatsApp-Image-2023-09-24-at-13.05.12-585x1024.jpeg\" alt=\"\" class=\"wp-image-13556\" width=\"298\" height=\"521\" srcset=\"https:\/\/www.valenciabass.com\/wp-content\/uploads\/WhatsApp-Image-2023-09-24-at-13.05.12-585x1024.jpeg 585w, https:\/\/www.valenciabass.com\/wp-content\/uploads\/WhatsApp-Image-2023-09-24-at-13.05.12-171x300.jpeg 171w, https:\/\/www.valenciabass.com\/wp-content\/uploads\/WhatsApp-Image-2023-09-24-at-13.05.12-768x1345.jpeg 768w, https:\/\/www.valenciabass.com\/wp-content\/uploads\/WhatsApp-Image-2023-09-24-at-13.05.12-877x1536.jpeg 877w, https:\/\/www.valenciabass.com\/wp-content\/uploads\/WhatsApp-Image-2023-09-24-at-13.05.12-250x438.jpeg 250w, https:\/\/www.valenciabass.com\/wp-content\/uploads\/WhatsApp-Image-2023-09-24-at-13.05.12-940x1647.jpeg 940w, https:\/\/www.valenciabass.com\/wp-content\/uploads\/WhatsApp-Image-2023-09-24-at-13.05.12.jpeg 1080w\" sizes=\"auto, (max-width: 298px) 100vw, 298px\" \/><\/a><\/figure><\/div>\n\n\n\n<p>La lluvia, a diferencia de otras ocasiones, no pareci\u00f3 sentar muy bien a los basses. Fuera por la lluvia, por la presi\u00f3n de pesca del d\u00eda anterior u otros factores, lo cierto es que los basses bajaron mucho m\u00e1s la actividad con respecto al d\u00eda anterior. Ya no solo fue complicado sacar basses grandes sino que se hizo dif\u00edcil incluso completar el cupo para algunos equipos.<\/p>\n\n\n\n<figure class=\"wp-block-gallery columns-3 is-cropped wp-block-gallery-9 is-layout-flex wp-block-gallery-is-layout-flex\"><ul class=\"blocks-gallery-grid\"><li class=\"blocks-gallery-item\"><figure><a href=\"https:\/\/www.valenciabass.com\/wp-content\/uploads\/tomas.jpg\"><img loading=\"lazy\" decoding=\"async\" width=\"226\" height=\"379\" src=\"https:\/\/www.valenciabass.com\/wp-content\/uploads\/tomas.jpg\" alt=\"\" data-id=\"13567\" data-full-url=\"https:\/\/www.valenciabass.com\/wp-content\/uploads\/tomas.jpg\" data-link=\"https:\/\/www.valenciabass.com\/?attachment_id=13567\" class=\"wp-image-13567\" srcset=\"https:\/\/www.valenciabass.com\/wp-content\/uploads\/tomas.jpg 226w, https:\/\/www.valenciabass.com\/wp-content\/uploads\/tomas-179x300.jpg 179w\" sizes=\"auto, (max-width: 226px) 100vw, 226px\" \/><\/a><\/figure><\/li><li class=\"blocks-gallery-item\"><figure><a href=\"https:\/\/www.valenciabass.com\/wp-content\/uploads\/arcos-1.jpg\"><img loading=\"lazy\" decoding=\"async\" width=\"391\" height=\"621\" src=\"https:\/\/www.valenciabass.com\/wp-content\/uploads\/arcos-1.jpg\" alt=\"\" data-id=\"13568\" data-full-url=\"https:\/\/www.valenciabass.com\/wp-content\/uploads\/arcos-1.jpg\" data-link=\"https:\/\/www.valenciabass.com\/?attachment_id=13568\" class=\"wp-image-13568\" srcset=\"https:\/\/www.valenciabass.com\/wp-content\/uploads\/arcos-1.jpg 391w, https:\/\/www.valenciabass.com\/wp-content\/uploads\/arcos-1-189x300.jpg 189w, https:\/\/www.valenciabass.com\/wp-content\/uploads\/arcos-1-250x397.jpg 250w\" sizes=\"auto, (max-width: 391px) 100vw, 391px\" \/><\/a><\/figure><\/li><li class=\"blocks-gallery-item\"><figure><a href=\"https:\/\/www.valenciabass.com\/wp-content\/uploads\/maestre.jpg\"><img loading=\"lazy\" decoding=\"async\" width=\"226\" height=\"448\" src=\"https:\/\/www.valenciabass.com\/wp-content\/uploads\/maestre.jpg\" alt=\"\" data-id=\"13569\" data-full-url=\"https:\/\/www.valenciabass.com\/wp-content\/uploads\/maestre.jpg\" data-link=\"https:\/\/www.valenciabass.com\/?attachment_id=13569\" class=\"wp-image-13569\" srcset=\"https:\/\/www.valenciabass.com\/wp-content\/uploads\/maestre.jpg 226w, https:\/\/www.valenciabass.com\/wp-content\/uploads\/maestre-151x300.jpg 151w\" sizes=\"auto, (max-width: 226px) 100vw, 226px\" \/><\/a><\/figure><\/li><\/ul><\/figure>\n\n\n\n<div class=\"wp-block-image\"><figure class=\"aligncenter size-full\"><a href=\"https:\/\/www.valenciabass.com\/wp-content\/uploads\/otro.jpg\"><img loading=\"lazy\" decoding=\"async\" width=\"417\" height=\"316\" src=\"https:\/\/www.valenciabass.com\/wp-content\/uploads\/otro.jpg\" alt=\"\" class=\"wp-image-13566\" srcset=\"https:\/\/www.valenciabass.com\/wp-content\/uploads\/otro.jpg 417w, https:\/\/www.valenciabass.com\/wp-content\/uploads\/otro-300x227.jpg 300w, https:\/\/www.valenciabass.com\/wp-content\/uploads\/otro-250x189.jpg 250w\" sizes=\"auto, (max-width: 417px) 100vw, 417px\" \/><\/a><\/figure><\/div>\n\n\n\n<div class=\"wp-block-image\"><figure class=\"aligncenter size-full\"><a href=\"https:\/\/www.valenciabass.com\/wp-content\/uploads\/nacho-1.jpg\"><img loading=\"lazy\" decoding=\"async\" width=\"215\" height=\"387\" src=\"https:\/\/www.valenciabass.com\/wp-content\/uploads\/nacho-1.jpg\" alt=\"\" class=\"wp-image-13570\" srcset=\"https:\/\/www.valenciabass.com\/wp-content\/uploads\/nacho-1.jpg 215w, https:\/\/www.valenciabass.com\/wp-content\/uploads\/nacho-1-167x300.jpg 167w\" sizes=\"auto, (max-width: 215px) 100vw, 215px\" \/><\/a><\/figure><\/div>\n\n\n\n<p>Lleg\u00f3 la hora de pesaje y, de nuevo, Seraf\u00edn y David consiguieron ganar la manga, repitiendo podio tambi\u00e9n Jorge Civera y Miguel Franco.<\/p>\n\n\n\n<figure class=\"wp-block-image size-full\"><a href=\"https:\/\/www.valenciabass.com\/wp-content\/uploads\/image-33.png\"><img loading=\"lazy\" decoding=\"async\" width=\"782\" height=\"483\" src=\"https:\/\/www.valenciabass.com\/wp-content\/uploads\/image-33.png\" alt=\"\" class=\"wp-image-13558\" srcset=\"https:\/\/www.valenciabass.com\/wp-content\/uploads\/image-33.png 782w, https:\/\/www.valenciabass.com\/wp-content\/uploads\/image-33-300x185.png 300w, https:\/\/www.valenciabass.com\/wp-content\/uploads\/image-33-768x474.png 768w, https:\/\/www.valenciabass.com\/wp-content\/uploads\/image-33-250x154.png 250w\" sizes=\"auto, (max-width: 782px) 100vw, 782px\" \/><\/a><\/figure>\n\n\n\n<p>En esta ocasi\u00f3n, los premios para los ganadores fueron donados por Westin, cuyo representante tambi\u00e9n es Jorge Garc\u00eda.<\/p>\n\n\n\n<div class=\"wp-block-image\"><figure class=\"aligncenter size-full\"><a href=\"https:\/\/www.valenciabass.com\/wp-content\/uploads\/image-35.png\"><img loading=\"lazy\" decoding=\"async\" width=\"619\" height=\"468\" src=\"https:\/\/www.valenciabass.com\/wp-content\/uploads\/image-35.png\" alt=\"\" class=\"wp-image-13560\" srcset=\"https:\/\/www.valenciabass.com\/wp-content\/uploads\/image-35.png 619w, https:\/\/www.valenciabass.com\/wp-content\/uploads\/image-35-300x227.png 300w, https:\/\/www.valenciabass.com\/wp-content\/uploads\/image-35-250x189.png 250w\" sizes=\"auto, (max-width: 619px) 100vw, 619px\" \/><\/a><\/figure><\/div>\n\n\n\n<p>Esta imagen de Jorge Civera con Seraf\u00edn y David, me hace pensar\u2026 Me trae cierto recuerdo a Gandalf, el Gris, con Sam y Frodo. Es m\u00e1s, empiezo a sospechar que en los pr\u00f3ximos sociales Seraf\u00edn y David tienen la misi\u00f3n de llegar al Monte del Destino (situado en Mordor &#8211; Tous) para destruir el anillo de poder y alzarse con la victoria de esta liga 2023.<\/p>\n\n\n\n<div class=\"wp-block-image\"><figure class=\"aligncenter size-full\"><a href=\"https:\/\/www.valenciabass.com\/wp-content\/uploads\/image-40.png\"><img loading=\"lazy\" decoding=\"async\" width=\"280\" height=\"412\" src=\"https:\/\/www.valenciabass.com\/wp-content\/uploads\/image-40.png\" alt=\"\" class=\"wp-image-13575\" srcset=\"https:\/\/www.valenciabass.com\/wp-content\/uploads\/image-40.png 280w, https:\/\/www.valenciabass.com\/wp-content\/uploads\/image-40-204x300.png 204w, https:\/\/www.valenciabass.com\/wp-content\/uploads\/image-40-250x368.png 250w\" sizes=\"auto, (max-width: 280px) 100vw, 280px\" \/><\/a><figcaption>www.inverse.com<\/figcaption><\/figure><\/div>\n\n\n\n<figure class=\"wp-block-gallery columns-0 is-cropped wp-block-gallery-10 is-layout-flex wp-block-gallery-is-layout-flex\"><ul class=\"blocks-gallery-grid\"><\/ul><\/figure>\n\n\n\n<div class=\"wp-block-image\"><figure class=\"aligncenter size-full\"><a href=\"https:\/\/www.valenciabass.com\/wp-content\/uploads\/image-37.png\"><img loading=\"lazy\" decoding=\"async\" width=\"622\" height=\"465\" src=\"https:\/\/www.valenciabass.com\/wp-content\/uploads\/image-37.png\" alt=\"\" class=\"wp-image-13562\" srcset=\"https:\/\/www.valenciabass.com\/wp-content\/uploads\/image-37.png 622w, https:\/\/www.valenciabass.com\/wp-content\/uploads\/image-37-300x224.png 300w, https:\/\/www.valenciabass.com\/wp-content\/uploads\/image-37-250x187.png 250w\" sizes=\"auto, (max-width: 622px) 100vw, 622px\" \/><\/a><\/figure><\/div>\n\n\n\n<div class=\"wp-block-image\"><figure class=\"aligncenter size-full\"><a href=\"https:\/\/www.valenciabass.com\/wp-content\/uploads\/image-38.png\"><img loading=\"lazy\" decoding=\"async\" width=\"521\" height=\"462\" src=\"https:\/\/www.valenciabass.com\/wp-content\/uploads\/image-38.png\" alt=\"\" class=\"wp-image-13563\" srcset=\"https:\/\/www.valenciabass.com\/wp-content\/uploads\/image-38.png 521w, https:\/\/www.valenciabass.com\/wp-content\/uploads\/image-38-300x266.png 300w, https:\/\/www.valenciabass.com\/wp-content\/uploads\/image-38-250x222.png 250w\" sizes=\"auto, (max-width: 521px) 100vw, 521px\" \/><\/a><\/figure><\/div>\n\n\n\n<p>Bromas aparte, felicitar a los grandes triunfadores de este doble, Seraf\u00edn y David, que han dado un golpe en la mesa y tiene pinta que la liga se va hacia Carlet. Sin embargo, la clasificaci\u00f3n tambi\u00e9n ha sufrido muchos cambios y la lucha por el resto de podio y las plazas que dan acceso al Auton\u00f3mico 2024 siguen abiertas.<\/p>\n\n\n\n<p>Aqu\u00ed os dejo la clasificaci\u00f3n general:<\/p>\n\n\n\n<figure class=\"wp-block-image size-full\"><a href=\"https:\/\/www.valenciabass.com\/wp-content\/uploads\/image-34.png\"><img loading=\"lazy\" decoding=\"async\" width=\"912\" height=\"476\" src=\"https:\/\/www.valenciabass.com\/wp-content\/uploads\/image-34.png\" alt=\"\" class=\"wp-image-13559\" srcset=\"https:\/\/www.valenciabass.com\/wp-content\/uploads\/image-34.png 912w, https:\/\/www.valenciabass.com\/wp-content\/uploads\/image-34-300x157.png 300w, https:\/\/www.valenciabass.com\/wp-content\/uploads\/image-34-768x401.png 768w, https:\/\/www.valenciabass.com\/wp-content\/uploads\/image-34-250x130.png 250w\" sizes=\"auto, (max-width: 912px) 100vw, 912px\" \/><\/a><\/figure>\n\n\n\n<p>Igualmente, felicitar a Jos\u00e9 Mart\u00ednez \/ Tom\u00e1s Maestre y Enrique Garc\u00eda \/ \u00c1lvaro P\u00e9rez por completar el podio de las dos mangas junto con Seraf\u00edn\/David y Jorge\/Miguel, as\u00ed como al resto de participantes.<\/p>\n\n\n\n<p>Ahora ya la liga va tocando a su fin y quedan \u00fanicamente dos mangas en el embalse de Tous, a celebrarse a mitad de octubre y mitad de noviembre.<\/p>\n\n\n\n<p>No quisiera despedir esta cr\u00f3nica sin comentar el desafortunado accidente de coche que tuvieron nuestros compa\u00f1eros Vicent Puig (Puxero) y Rub\u00e9n G\u00f3mez, al ser embestidos por detr\u00e1s cuando regresaban a casa despu\u00e9s de la competici\u00f3n. Por fortuna, parece que est\u00e1n bien f\u00edsicamente aunque los da\u00f1os materiales en el remolque y barca hacen que tengan que dar por finalizada la temporada. \u00a1\u00a1MUCHO \u00c1NIMO PUXERO Y RUB\u00c9N, PRONTO VOLVER\u00c9IS A TOPE!!<\/p>\n\n\n\n<p>Valencia Bass Club\u2026 M\u00e9s que un club!!<\/p>\n","protected":false},"excerpt":{"rendered":"<p>Por primera vez desde que tengo recuerdos, el VBC no celebrar\u00eda un social durante el mes de julio, medida tomada por la Directiva con buen criterio con el fin de evitar jornadas de pesca con l\u00edmites de calor muy elevados. <span class=\"excerpt-dots\">&hellip;<\/span> <a class=\"more-link\" href=\"https:\/\/www.valenciabass.com\/?p=13530\"><span class=\"more-msg\">Sigue leyendo &rarr;<\/span><\/a><\/p>\n","protected":false},"author":38,"featured_media":13560,"comment_status":"closed","ping_status":"closed","sticky":false,"template":"","format":"standard","meta":{"_monsterinsights_skip_tracking":false,"_monsterinsights_sitenote_active":false,"_monsterinsights_sitenote_note":"","_monsterinsights_sitenote_category":0,"ngg_post_thumbnail":0,"footnotes":""},"categories":[5,26,10,12],"tags":[],"class_list":["post-13530","post","type-post","status-publish","format-standard","has-post-thumbnail","hentry","category-competiciones","category-cronicas","category-sociales","category-sociales-embarcacion"],"_links":{"self":[{"href":"https:\/\/www.valenciabass.com\/index.php?rest_route=\/wp\/v2\/posts\/13530","targetHints":{"allow":["GET"]}}],"collection":[{"href":"https:\/\/www.valenciabass.com\/index.php?rest_route=\/wp\/v2\/posts"}],"about":[{"href":"https:\/\/www.valenciabass.com\/index.php?rest_route=\/wp\/v2\/types\/post"}],"author":[{"embeddable":true,"href":"https:\/\/www.valenciabass.com\/index.php?rest_route=\/wp\/v2\/users\/38"}],"replies":[{"embeddable":true,"href":"https:\/\/www.valenciabass.com\/index.php?rest_route=%2Fwp%2Fv2%2Fcomments&post=13530"}],"version-history":[{"count":3,"href":"https:\/\/www.valenciabass.com\/index.php?rest_route=\/wp\/v2\/posts\/13530\/revisions"}],"predecessor-version":[{"id":13576,"href":"https:\/\/www.valenciabass.com\/index.php?rest_route=\/wp\/v2\/posts\/13530\/revisions\/13576"}],"wp:featuredmedia":[{"embeddable":true,"href":"https:\/\/www.valenciabass.com\/index.php?rest_route=\/wp\/v2\/media\/13560"}],"wp:attachment":[{"href":"https:\/\/www.valenciabass.com\/index.php?rest_route=%2Fwp%2Fv2%2Fmedia&parent=13530"}],"wp:term":[{"taxonomy":"category","embeddable":true,"href":"https:\/\/www.valenciabass.com\/index.php?rest_route=%2Fwp%2Fv2%2Fcategories&post=13530"},{"taxonomy":"post_tag","embeddable":true,"href":"https:\/\/www.valenciabass.com\/index.php?rest_route=%2Fwp%2Fv2%2Ftags&post=13530"}],"curies":[{"name":"wp","href":"https:\/\/api.w.org\/{rel}","templated":true}]}}