{"id":12910,"date":"2021-08-03T08:09:34","date_gmt":"2021-08-03T06:09:34","guid":{"rendered":"https:\/\/www.valenciabass.com\/?p=12910"},"modified":"2021-08-03T08:09:35","modified_gmt":"2021-08-03T06:09:35","slug":"1er-social-liga-embarcacion-2021","status":"publish","type":"post","link":"https:\/\/www.valenciabass.com\/?p=12910","title":{"rendered":"1er Social Liga  Embarcaci\u00f3n 2021"},"content":{"rendered":"\n<p>Pues lleg\u00f3 el primer social de esta esperada liga que, por motivos Covid, empez\u00f3 un poco mas tarde de lo normal, salt\u00e1ndonos el primer social de marzo.<\/p>\n\n\n\n<p>Tocaba sacar el equipo de pesca tras un tiempo guardado y preparar barcas para la competici\u00f3n.<\/p>\n\n\n\n<p>Como todos los a\u00f1os empezaba la liga en Cortes, las ganas y la ilusi\u00f3n en el primer social era latente en los deportistas y semanas atr\u00e1s algunos hab\u00edan estado entrenando para prepararse este primer e importante social.<\/p>\n\n\n\n<div class=\"wp-block-image\"><figure class=\"aligncenter size-large is-resized\"><a href=\"https:\/\/www.valenciabass.com\/wp-content\/uploads\/Imagen01.jpg\"><img loading=\"lazy\" decoding=\"async\" src=\"https:\/\/www.valenciabass.com\/wp-content\/uploads\/Imagen01-820x1024.jpg\" alt=\"\" class=\"wp-image-12911\" width=\"317\" height=\"396\" srcset=\"https:\/\/www.valenciabass.com\/wp-content\/uploads\/Imagen01-820x1024.jpg 820w, https:\/\/www.valenciabass.com\/wp-content\/uploads\/Imagen01-240x300.jpg 240w, https:\/\/www.valenciabass.com\/wp-content\/uploads\/Imagen01-768x959.jpg 768w, https:\/\/www.valenciabass.com\/wp-content\/uploads\/Imagen01-250x312.jpg 250w, https:\/\/www.valenciabass.com\/wp-content\/uploads\/Imagen01-940x1174.jpg 940w, https:\/\/www.valenciabass.com\/wp-content\/uploads\/Imagen01.jpg 1125w\" sizes=\"auto, (max-width: 317px) 100vw, 317px\" \/><\/a><\/figure><\/div>\n\n\n\n<p>Si bien es cierto que este a\u00f1o, por motivos varios, la liga contaba con menos barcos participantes que otros a\u00f1os, no hizo que la ilusi\u00f3n mermara en los deportistas. Lo cierto es que muchos socios extra\u00f1\u00e1bamos a algunas barcas veteranas que decidieron descansar esta temporada.<\/p>\n\n\n\n<p>Pero tambi\u00e9n accedieron a la liga una pareja nueva y otra pareja que hacia una temporada que descansaba de competiciones.<\/p>\n\n\n\n<p>Ejemplo de deportividad y compa\u00f1erismo el que se vio momentos previos al social donde algunos socios colaboraron con otros en botar barcos. Los saludos y la alegr\u00eda de volver a ver a los compa\u00f1eros tras un tiempo se notaba en el ambiente en forma de saludos, humor y alguna peque\u00f1a conversaci\u00f3n previa a la salida del club.<\/p>\n\n\n\n<p>Cisco y Cristian, como miembros de la Junta Directiva, recordaron a los participantes minutos antes de empezar el social el nuevo sistema de video-pesaje que el club re-estrenaba esta temporada, mientras algunas parejas ya encaraban sus barcos hacia la direcci\u00f3n deseada para encontrar los peces.<\/p>\n\n\n\n<p>Son\u00f3 la bocina y las primeras barcas salieron hacia sus respectivos spots a todo gas y tres minutos despu\u00e9s, como siempre, el resto de barcas participantes.<\/p>\n\n\n\n<p>El d\u00eda amenazaba con mucho calor y no fall\u00f3, el mercurio lleg\u00f3 a alcanzar los 35 grados cent\u00edgrados y el Dios Eolo guard\u00f3 fiesta.<\/p>\n\n\n\n<p>Conforme pasaban las horas muchos deportistas hac\u00edan muchos desplazamientos entre spots con sus barcos\u2026<\/p>\n\n\n\n<p>Lleg\u00f3 la hora del famoso y nuevo \u201cpesaje\u201d\u2026<\/p>\n\n\n\n<p>Barcos al Prebet\u00f3n y a sacar c\u00e1lculos\u2026<\/p>\n\n\n\n<p>La sorpresa lleg\u00f3 en el momento de comprobar las plicas y los pesajes, muchas barcos que suelen estar rondando por la parte media-baja de la tabla lograron alcanzar los primeros puestos, mientras barcas que de normal estaban en la parte alta, descendieron a puestos inferiores.<\/p>\n\n\n\n<p>Un inicio de liga motivador para muchas parejas y un tanto extra\u00f1o a lo que Cortes nos tiene acostumbrado.<\/p>\n\n\n\n<p>Una lastima que Fajardo y Andrea no pudieron puntuar pero perdieron alg\u00fan pez y muchos no les dieron la talla por escasos gramos.<\/p>\n\n\n\n<p>Por tanto, la clasificaci\u00f3n del primer social y la general queda de esta manera:<\/p>\n\n\n\n<figure class=\"wp-block-image size-large\"><a href=\"https:\/\/www.valenciabass.com\/wp-content\/uploads\/PrimerSocialVBC2021.jpg\"><img loading=\"lazy\" decoding=\"async\" width=\"1024\" height=\"543\" src=\"https:\/\/www.valenciabass.com\/wp-content\/uploads\/PrimerSocialVBC2021-1024x543.jpg\" alt=\"\" class=\"wp-image-12912\" srcset=\"https:\/\/www.valenciabass.com\/wp-content\/uploads\/PrimerSocialVBC2021-1024x543.jpg 1024w, https:\/\/www.valenciabass.com\/wp-content\/uploads\/PrimerSocialVBC2021-300x159.jpg 300w, https:\/\/www.valenciabass.com\/wp-content\/uploads\/PrimerSocialVBC2021-768x407.jpg 768w, https:\/\/www.valenciabass.com\/wp-content\/uploads\/PrimerSocialVBC2021-250x132.jpg 250w, https:\/\/www.valenciabass.com\/wp-content\/uploads\/PrimerSocialVBC2021-940x498.jpg 940w, https:\/\/www.valenciabass.com\/wp-content\/uploads\/PrimerSocialVBC2021.jpg 1153w\" sizes=\"auto, (max-width: 1024px) 100vw, 1024px\" \/><\/a><\/figure>\n\n\n\n<p>En este social cont\u00e1bamos con dos patrocinadores, uno veterano y otro que se estrenaba este a\u00f1o.<\/p>\n\n\n\n<p>-Covicash Fishing, veterano ya en nuestro club.<\/p>\n\n\n\n<p>-Monti Pesca, nuevo este a\u00f1o aunque el gerente es socio desde hace muchos a\u00f1os de nuestro club.<\/p>\n\n\n\n<p>Ambos patrocinadores aportaron los premios de este primer social ( p\u00f3dium y pieza mayor ) y nuestros socios quedaron m\u00e1s que satisfechos con los premios.<\/p>\n\n\n\n<p>Os dejamos fotos de los afortunados en subir al p\u00f3dium.<\/p>\n\n\n\n<figure class=\"wp-block-image size-large\"><a href=\"https:\/\/www.valenciabass.com\/wp-content\/uploads\/PrimerPuesto.jpg\"><img loading=\"lazy\" decoding=\"async\" width=\"1024\" height=\"737\" src=\"https:\/\/www.valenciabass.com\/wp-content\/uploads\/PrimerPuesto-1024x737.jpg\" alt=\"\" class=\"wp-image-12913\" srcset=\"https:\/\/www.valenciabass.com\/wp-content\/uploads\/PrimerPuesto-1024x737.jpg 1024w, https:\/\/www.valenciabass.com\/wp-content\/uploads\/PrimerPuesto-300x216.jpg 300w, https:\/\/www.valenciabass.com\/wp-content\/uploads\/PrimerPuesto-768x553.jpg 768w, https:\/\/www.valenciabass.com\/wp-content\/uploads\/PrimerPuesto-250x180.jpg 250w, https:\/\/www.valenciabass.com\/wp-content\/uploads\/PrimerPuesto-940x677.jpg 940w, https:\/\/www.valenciabass.com\/wp-content\/uploads\/PrimerPuesto.jpg 1125w\" sizes=\"auto, (max-width: 1024px) 100vw, 1024px\" \/><\/a><\/figure>\n\n\n\n<p>M\u00e1s que merecido primer premio y el aplauso del club para Jose y David.<\/p>\n\n\n\n<figure class=\"wp-block-image size-large\"><a href=\"https:\/\/www.valenciabass.com\/wp-content\/uploads\/SegundoPuesto.jpg\"><img loading=\"lazy\" decoding=\"async\" width=\"1024\" height=\"744\" src=\"https:\/\/www.valenciabass.com\/wp-content\/uploads\/SegundoPuesto-1024x744.jpg\" alt=\"\" class=\"wp-image-12914\" srcset=\"https:\/\/www.valenciabass.com\/wp-content\/uploads\/SegundoPuesto-1024x744.jpg 1024w, https:\/\/www.valenciabass.com\/wp-content\/uploads\/SegundoPuesto-300x218.jpg 300w, https:\/\/www.valenciabass.com\/wp-content\/uploads\/SegundoPuesto-768x558.jpg 768w, https:\/\/www.valenciabass.com\/wp-content\/uploads\/SegundoPuesto-250x182.jpg 250w, https:\/\/www.valenciabass.com\/wp-content\/uploads\/SegundoPuesto-940x683.jpg 940w, https:\/\/www.valenciabass.com\/wp-content\/uploads\/SegundoPuesto.jpg 1125w\" sizes=\"auto, (max-width: 1024px) 100vw, 1024px\" \/><\/a><\/figure>\n\n\n\n<p>Segundo puesto para nuestro querido tesorero alias \u201cDoc\u201d y M. Franco. A pocos gramos de hacer el primer puesto.<\/p>\n\n\n\n<figure class=\"wp-block-image size-large\"><a href=\"https:\/\/www.valenciabass.com\/wp-content\/uploads\/TercerPuesto.jpg\"><img loading=\"lazy\" decoding=\"async\" width=\"1024\" height=\"577\" src=\"https:\/\/www.valenciabass.com\/wp-content\/uploads\/TercerPuesto-1024x577.jpg\" alt=\"\" class=\"wp-image-12915\" srcset=\"https:\/\/www.valenciabass.com\/wp-content\/uploads\/TercerPuesto-1024x577.jpg 1024w, https:\/\/www.valenciabass.com\/wp-content\/uploads\/TercerPuesto-300x169.jpg 300w, https:\/\/www.valenciabass.com\/wp-content\/uploads\/TercerPuesto-768x433.jpg 768w, https:\/\/www.valenciabass.com\/wp-content\/uploads\/TercerPuesto-250x141.jpg 250w, https:\/\/www.valenciabass.com\/wp-content\/uploads\/TercerPuesto-940x530.jpg 940w, https:\/\/www.valenciabass.com\/wp-content\/uploads\/TercerPuesto.jpg 1125w\" sizes=\"auto, (max-width: 1024px) 100vw, 1024px\" \/><\/a><\/figure>\n\n\n\n<p>Tercer puesto para David Baid\u00e9s y el hombre mas dulce del club. Otra vez m\u00e1s, a pocos gramos de alcanzar el segundo puesto.<\/p>\n\n\n\n<figure class=\"wp-block-image size-large\"><a href=\"https:\/\/www.valenciabass.com\/wp-content\/uploads\/PiezaMayor.jpg\"><img loading=\"lazy\" decoding=\"async\" width=\"1024\" height=\"751\" src=\"https:\/\/www.valenciabass.com\/wp-content\/uploads\/PiezaMayor-1024x751.jpg\" alt=\"\" class=\"wp-image-12916\" srcset=\"https:\/\/www.valenciabass.com\/wp-content\/uploads\/PiezaMayor-1024x751.jpg 1024w, https:\/\/www.valenciabass.com\/wp-content\/uploads\/PiezaMayor-300x220.jpg 300w, https:\/\/www.valenciabass.com\/wp-content\/uploads\/PiezaMayor-768x563.jpg 768w, https:\/\/www.valenciabass.com\/wp-content\/uploads\/PiezaMayor-250x183.jpg 250w, https:\/\/www.valenciabass.com\/wp-content\/uploads\/PiezaMayor-940x689.jpg 940w, https:\/\/www.valenciabass.com\/wp-content\/uploads\/PiezaMayor.jpg 1125w\" sizes=\"auto, (max-width: 1024px) 100vw, 1024px\" \/><\/a><\/figure>\n\n\n\n<p>Pieza Mayor para Seraf\u00edn y David P\u00e9rez.<\/p>\n\n\n\n<p>Un inicio de liga m\u00e1s que diferente y con la particularidad de que en lo alto de la tabla est\u00e1 una pareja pr\u00e1cticamente nueva. Veremos si pueden seguir defendiendo ese primer puesto, ya que los restantes est\u00e1n a muy pocos gramos unos de los otros.<\/p>\n\n\n\n<p>La liga empieza bien para muchas parejas, veremos como acaba porqu\u00e9 esto no a hecho nada mas que empezar\u2026<\/p>\n\n\n\n<p>Nos vemos en breves en nuestro querido y esperado DOBLE.<\/p>\n","protected":false},"excerpt":{"rendered":"<p>Pues lleg\u00f3 el primer social de esta esperada liga que, por motivos Covid, empez\u00f3 un poco mas tarde de lo normal, salt\u00e1ndonos el primer social de marzo. Tocaba sacar el equipo de pesca tras un tiempo guardado y preparar barcas <span class=\"excerpt-dots\">&hellip;<\/span> <a class=\"more-link\" href=\"https:\/\/www.valenciabass.com\/?p=12910\"><span class=\"more-msg\">Sigue leyendo &rarr;<\/span><\/a><\/p>\n","protected":false},"author":41,"featured_media":12913,"comment_status":"closed","ping_status":"closed","sticky":false,"template":"","format":"standard","meta":{"_monsterinsights_skip_tracking":false,"_monsterinsights_sitenote_active":false,"_monsterinsights_sitenote_note":"","_monsterinsights_sitenote_category":0,"ngg_post_thumbnail":0,"footnotes":""},"categories":[5,36,26,35,10,12],"tags":[63,62],"class_list":["post-12910","post","type-post","status-publish","format-standard","has-post-thumbnail","hentry","category-competiciones","category-cortes","category-cronicas","category-escenario","category-sociales","category-sociales-embarcacion","tag-concurso","tag-valencia-bass-club"],"_links":{"self":[{"href":"https:\/\/www.valenciabass.com\/index.php?rest_route=\/wp\/v2\/posts\/12910","targetHints":{"allow":["GET"]}}],"collection":[{"href":"https:\/\/www.valenciabass.com\/index.php?rest_route=\/wp\/v2\/posts"}],"about":[{"href":"https:\/\/www.valenciabass.com\/index.php?rest_route=\/wp\/v2\/types\/post"}],"author":[{"embeddable":true,"href":"https:\/\/www.valenciabass.com\/index.php?rest_route=\/wp\/v2\/users\/41"}],"replies":[{"embeddable":true,"href":"https:\/\/www.valenciabass.com\/index.php?rest_route=%2Fwp%2Fv2%2Fcomments&post=12910"}],"version-history":[{"count":1,"href":"https:\/\/www.valenciabass.com\/index.php?rest_route=\/wp\/v2\/posts\/12910\/revisions"}],"predecessor-version":[{"id":12917,"href":"https:\/\/www.valenciabass.com\/index.php?rest_route=\/wp\/v2\/posts\/12910\/revisions\/12917"}],"wp:featuredmedia":[{"embeddable":true,"href":"https:\/\/www.valenciabass.com\/index.php?rest_route=\/wp\/v2\/media\/12913"}],"wp:attachment":[{"href":"https:\/\/www.valenciabass.com\/index.php?rest_route=%2Fwp%2Fv2%2Fmedia&parent=12910"}],"wp:term":[{"taxonomy":"category","embeddable":true,"href":"https:\/\/www.valenciabass.com\/index.php?rest_route=%2Fwp%2Fv2%2Fcategories&post=12910"},{"taxonomy":"post_tag","embeddable":true,"href":"https:\/\/www.valenciabass.com\/index.php?rest_route=%2Fwp%2Fv2%2Ftags&post=12910"}],"curies":[{"name":"wp","href":"https:\/\/api.w.org\/{rel}","templated":true}]}}