{"id":12212,"date":"2020-10-10T09:58:50","date_gmt":"2020-10-10T07:58:50","guid":{"rendered":"https:\/\/www.valenciabass.com\/?p=12212"},"modified":"2020-10-10T11:02:40","modified_gmt":"2020-10-10T09:02:40","slug":"4o-social-liga-vbc-2020","status":"publish","type":"post","link":"https:\/\/www.valenciabass.com\/?p=12212","title":{"rendered":"4\u00ba Social liga VBC 2020"},"content":{"rendered":"\n<p>Tras m\u00e1s de un mes sin competiciones, septiembre se estrenaba con el cuarto social de esta \u201cLiga COVID\u201d. En esta ocasi\u00f3n, el escenario cambiaba y la competici\u00f3n era en el embalse de Tous, tan querido y odiado a partes iguales.<\/p>\n\n\n\n<p>Como ya sabemos, Tous es un embalse que sufre fuertes bajadas de nivel desde el mes de mayo hasta noviembre, aproximadamente, mientras que sufre fuertes subidas de nivel desde noviembre a mayo, por t\u00e9rminos generales. No es descabellado ver como el embalse sufre un baj\u00f3n semanal de 1\u00b45m todas las semanas durante los meses de est\u00edo, con la dificultad que conlleva tanto para peces como pescadores el adaptarse a esta situaci\u00f3n.<\/p>\n\n\n\n<figure class=\"wp-block-image size-large\"><img loading=\"lazy\" decoding=\"async\" width=\"1024\" height=\"768\" src=\"https:\/\/www.valenciabass.com\/wp-content\/uploads\/rampa-Tous-1024x768.jpeg\" alt=\"\" class=\"wp-image-12213\" srcset=\"https:\/\/www.valenciabass.com\/wp-content\/uploads\/rampa-Tous-1024x768.jpeg 1024w, https:\/\/www.valenciabass.com\/wp-content\/uploads\/rampa-Tous-300x225.jpeg 300w, https:\/\/www.valenciabass.com\/wp-content\/uploads\/rampa-Tous-768x576.jpeg 768w, https:\/\/www.valenciabass.com\/wp-content\/uploads\/rampa-Tous-1536x1152.jpeg 1536w, https:\/\/www.valenciabass.com\/wp-content\/uploads\/rampa-Tous-250x188.jpeg 250w, https:\/\/www.valenciabass.com\/wp-content\/uploads\/rampa-Tous-940x705.jpeg 940w, https:\/\/www.valenciabass.com\/wp-content\/uploads\/rampa-Tous.jpeg 2000w\" sizes=\"auto, (max-width: 1024px) 100vw, 1024px\" \/><\/figure>\n\n\n\n<p>Una de las complicaciones que supone estas bajadas de nivel es el estado de la rampa de botadura ya que, seg\u00fan est\u00e9 de bajo est\u00e1 en mejores o peores condiciones. Esta vez, no dio demasiada guerra, pero a\u00fan as\u00ed varios compa\u00f1eros que no tienen veh\u00edculos 4&#215;4 no quisieron jug\u00e1rsela y optaron por esperar a que les engancharan su barca en los todoterrenos de otros compa\u00f1eros.<\/p>\n\n\n\n<figure class=\"wp-block-image size-large\"><img loading=\"lazy\" decoding=\"async\" width=\"1024\" height=\"1021\" src=\"https:\/\/www.valenciabass.com\/wp-content\/uploads\/RAMPA-INICIO-1024x1021.jpeg\" alt=\"\" class=\"wp-image-12214\" srcset=\"https:\/\/www.valenciabass.com\/wp-content\/uploads\/RAMPA-INICIO-1024x1021.jpeg 1024w, https:\/\/www.valenciabass.com\/wp-content\/uploads\/RAMPA-INICIO-300x300.jpeg 300w, https:\/\/www.valenciabass.com\/wp-content\/uploads\/RAMPA-INICIO-150x150.jpeg 150w, https:\/\/www.valenciabass.com\/wp-content\/uploads\/RAMPA-INICIO-768x766.jpeg 768w, https:\/\/www.valenciabass.com\/wp-content\/uploads\/RAMPA-INICIO-250x249.jpeg 250w, https:\/\/www.valenciabass.com\/wp-content\/uploads\/RAMPA-INICIO-940x937.jpeg 940w, https:\/\/www.valenciabass.com\/wp-content\/uploads\/RAMPA-INICIO.jpeg 1080w\" sizes=\"auto, (max-width: 1024px) 100vw, 1024px\" \/><\/figure>\n\n\n\n<p>Antes del comienzo de la manga, una pareja tuvo problemas para arrancar el motor de explosi\u00f3n debido a que la bater\u00eda de arranque parec\u00eda muerta. Por fortuna, otros competidores ofrec\u00edan soluciones en forma de pinzas o arrancadores (jump starter). Estos \u00faltimos son una buena opci\u00f3n ya que no se depende de nadie para poner unas pinzas y te pueden sacar de un aprieto en cualquier momento, por lo que es recomendable que consideremos llevar uno de estos en el coche\/barca.<\/p>\n\n\n\n<figure class=\"wp-block-image size-large\"><img loading=\"lazy\" decoding=\"async\" width=\"620\" height=\"608\" src=\"https:\/\/www.valenciabass.com\/wp-content\/uploads\/start-jumper.jpg\" alt=\"\" class=\"wp-image-12215\" srcset=\"https:\/\/www.valenciabass.com\/wp-content\/uploads\/start-jumper.jpg 620w, https:\/\/www.valenciabass.com\/wp-content\/uploads\/start-jumper-300x294.jpg 300w, https:\/\/www.valenciabass.com\/wp-content\/uploads\/start-jumper-250x245.jpg 250w\" sizes=\"auto, (max-width: 620px) 100vw, 620px\" \/><\/figure>\n\n\n\n<p>Centr\u00e1ndonos puramente en la pesca, seg\u00fan los entrenamientos, los basses ten\u00edan ganas de picar, pero el tama\u00f1o de los mismos era tirando a peque\u00f1o, por lo que era de esperar que la clasificaci\u00f3n estuviera muy ajustada ya que no hab\u00eda rastro de basses grandes.<\/p>\n\n\n\n<p>La jornada se desarroll\u00f3 sin incidentes. El tiempo fue soleado y algo ventoso a mitad ma\u00f1ana, pero ello tampoco sirvi\u00f3 para que los basses grandes se activaran.<\/p>\n\n\n\n<p>Lleg\u00f3 la hora del pesaje y, como ya pas\u00f3 en el doble de Cortes, solamente se permit\u00eda bajar de la embarcaci\u00f3n a uno de los dos participantes con la bolsa de peces y llevando la mascarilla puesta, bajando seg\u00fan el orden que indicaban los jueces.<\/p>\n\n\n\n<p>Durante el pesaje se comprob\u00f3 que la mayor\u00eda de embarcaciones llevaban el cupo, pero que no eran de mucho peso, aunque s\u00ed que hubo varias parejas que llevaban alg\u00fan bass de buen tama\u00f1o en comparaci\u00f3n al resto de piezas.<\/p>\n\n\n\n<p>1) Los ganadores de este 4\u00ba social fueron Vicent Castellano y Jos\u00e9 Vte. Garc\u00eda \u201cMorete\u201d con un cupo de 5240gr.<\/p>\n\n\n\n<figure class=\"wp-block-image size-large\"><img loading=\"lazy\" decoding=\"async\" width=\"1024\" height=\"1024\" src=\"https:\/\/www.valenciabass.com\/wp-content\/uploads\/VICENT-1-1024x1024.jpeg\" alt=\"\" class=\"wp-image-12216\" srcset=\"https:\/\/www.valenciabass.com\/wp-content\/uploads\/VICENT-1-1024x1024.jpeg 1024w, https:\/\/www.valenciabass.com\/wp-content\/uploads\/VICENT-1-300x300.jpeg 300w, https:\/\/www.valenciabass.com\/wp-content\/uploads\/VICENT-1-150x150.jpeg 150w, https:\/\/www.valenciabass.com\/wp-content\/uploads\/VICENT-1-768x768.jpeg 768w, https:\/\/www.valenciabass.com\/wp-content\/uploads\/VICENT-1-250x250.jpeg 250w, https:\/\/www.valenciabass.com\/wp-content\/uploads\/VICENT-1-940x940.jpeg 940w, https:\/\/www.valenciabass.com\/wp-content\/uploads\/VICENT-1.jpeg 1334w\" sizes=\"auto, (max-width: 1024px) 100vw, 1024px\" \/><\/figure>\n\n\n\n<p>2) Aunque sin documento gr\u00e1fico, en segundo lugar quedaron Cristian Casanoves y Cisco Segarra con un cupo de 5070gr. Ellos son los jueces de la competici\u00f3n y suelen estar liados con el pesaje, sin mucho tiempo para dedicar a hacerse fotos, pero no debemos olvidarnos de ellos y aprovechamos desde aqu\u00ed para agradecerles su labor.<\/p>\n\n\n\n<p>3) El podio lo completaron, como terceros clasificados, Seraf\u00ed y David P\u00e9rez, con un cupo de 3960gr y que, adem\u00e1s, sacaron la pieza mayor de este social con un peso de 1550gr.<\/p>\n\n\n\n<figure class=\"wp-block-image size-large\"><img loading=\"lazy\" decoding=\"async\" width=\"1024\" height=\"1021\" src=\"https:\/\/www.valenciabass.com\/wp-content\/uploads\/SERAFI-3-1024x1021.jpeg\" alt=\"\" class=\"wp-image-12217\" srcset=\"https:\/\/www.valenciabass.com\/wp-content\/uploads\/SERAFI-3-1024x1021.jpeg 1024w, https:\/\/www.valenciabass.com\/wp-content\/uploads\/SERAFI-3-300x300.jpeg 300w, https:\/\/www.valenciabass.com\/wp-content\/uploads\/SERAFI-3-150x150.jpeg 150w, https:\/\/www.valenciabass.com\/wp-content\/uploads\/SERAFI-3-768x766.jpeg 768w, https:\/\/www.valenciabass.com\/wp-content\/uploads\/SERAFI-3-250x249.jpeg 250w, https:\/\/www.valenciabass.com\/wp-content\/uploads\/SERAFI-3-940x937.jpeg 940w, https:\/\/www.valenciabass.com\/wp-content\/uploads\/SERAFI-3.jpeg 1440w\" sizes=\"auto, (max-width: 1024px) 100vw, 1024px\" \/><\/figure>\n\n\n\n<p>Los cuartos clasificados, a tan solo 20 gramos del podio, Sebas y V\u00edctor Hern\u00e1ndez, con cupo de 3940gr.<\/p>\n\n\n\n<figure class=\"wp-block-image size-large\"><img loading=\"lazy\" decoding=\"async\" width=\"1024\" height=\"1021\" src=\"https:\/\/www.valenciabass.com\/wp-content\/uploads\/SEBAS-4-1024x1021.jpeg\" alt=\"\" class=\"wp-image-12218\" srcset=\"https:\/\/www.valenciabass.com\/wp-content\/uploads\/SEBAS-4-1024x1021.jpeg 1024w, https:\/\/www.valenciabass.com\/wp-content\/uploads\/SEBAS-4-300x300.jpeg 300w, https:\/\/www.valenciabass.com\/wp-content\/uploads\/SEBAS-4-150x150.jpeg 150w, https:\/\/www.valenciabass.com\/wp-content\/uploads\/SEBAS-4-768x766.jpeg 768w, https:\/\/www.valenciabass.com\/wp-content\/uploads\/SEBAS-4-250x249.jpeg 250w, https:\/\/www.valenciabass.com\/wp-content\/uploads\/SEBAS-4-940x937.jpeg 940w, https:\/\/www.valenciabass.com\/wp-content\/uploads\/SEBAS-4.jpeg 1440w\" sizes=\"auto, (max-width: 1024px) 100vw, 1024px\" \/><\/figure>\n\n\n\n<p>Despu\u00e9s del pesaje, se hizo entrega de los premios a los tres primeros clasificados y pieza mayor donados por VGBASS (Vicente Gargallo), al cual desde aqu\u00ed le agradecemos mucho su esponsorizaci\u00f3n:<\/p>\n\n\n\n<figure class=\"wp-block-image size-large\"><img loading=\"lazy\" decoding=\"async\" width=\"1024\" height=\"1021\" src=\"https:\/\/www.valenciabass.com\/wp-content\/uploads\/VICENT-PREMIO-1024x1021.jpeg\" alt=\"\" class=\"wp-image-12219\" srcset=\"https:\/\/www.valenciabass.com\/wp-content\/uploads\/VICENT-PREMIO-1024x1021.jpeg 1024w, https:\/\/www.valenciabass.com\/wp-content\/uploads\/VICENT-PREMIO-300x300.jpeg 300w, https:\/\/www.valenciabass.com\/wp-content\/uploads\/VICENT-PREMIO-150x150.jpeg 150w, https:\/\/www.valenciabass.com\/wp-content\/uploads\/VICENT-PREMIO-768x766.jpeg 768w, https:\/\/www.valenciabass.com\/wp-content\/uploads\/VICENT-PREMIO-250x249.jpeg 250w, https:\/\/www.valenciabass.com\/wp-content\/uploads\/VICENT-PREMIO-940x937.jpeg 940w, https:\/\/www.valenciabass.com\/wp-content\/uploads\/VICENT-PREMIO.jpeg 1440w\" sizes=\"auto, (max-width: 1024px) 100vw, 1024px\" \/><\/figure>\n\n\n\n<figure class=\"wp-block-image size-large\"><img loading=\"lazy\" decoding=\"async\" width=\"1024\" height=\"1021\" src=\"https:\/\/www.valenciabass.com\/wp-content\/uploads\/CISCO-PREMIO-1024x1021.jpeg\" alt=\"\" class=\"wp-image-12220\" srcset=\"https:\/\/www.valenciabass.com\/wp-content\/uploads\/CISCO-PREMIO-1024x1021.jpeg 1024w, https:\/\/www.valenciabass.com\/wp-content\/uploads\/CISCO-PREMIO-300x300.jpeg 300w, https:\/\/www.valenciabass.com\/wp-content\/uploads\/CISCO-PREMIO-150x150.jpeg 150w, https:\/\/www.valenciabass.com\/wp-content\/uploads\/CISCO-PREMIO-768x766.jpeg 768w, https:\/\/www.valenciabass.com\/wp-content\/uploads\/CISCO-PREMIO-250x249.jpeg 250w, https:\/\/www.valenciabass.com\/wp-content\/uploads\/CISCO-PREMIO-940x937.jpeg 940w, https:\/\/www.valenciabass.com\/wp-content\/uploads\/CISCO-PREMIO.jpeg 1440w\" sizes=\"auto, (max-width: 1024px) 100vw, 1024px\" \/><\/figure>\n\n\n\n<figure class=\"wp-block-image size-large\"><img loading=\"lazy\" decoding=\"async\" width=\"1024\" height=\"1021\" src=\"https:\/\/www.valenciabass.com\/wp-content\/uploads\/SERAFI-PREMIO-1024x1021.jpeg\" alt=\"\" class=\"wp-image-12221\" srcset=\"https:\/\/www.valenciabass.com\/wp-content\/uploads\/SERAFI-PREMIO-1024x1021.jpeg 1024w, https:\/\/www.valenciabass.com\/wp-content\/uploads\/SERAFI-PREMIO-300x300.jpeg 300w, https:\/\/www.valenciabass.com\/wp-content\/uploads\/SERAFI-PREMIO-150x150.jpeg 150w, https:\/\/www.valenciabass.com\/wp-content\/uploads\/SERAFI-PREMIO-768x766.jpeg 768w, https:\/\/www.valenciabass.com\/wp-content\/uploads\/SERAFI-PREMIO-250x249.jpeg 250w, https:\/\/www.valenciabass.com\/wp-content\/uploads\/SERAFI-PREMIO-940x937.jpeg 940w, https:\/\/www.valenciabass.com\/wp-content\/uploads\/SERAFI-PREMIO.jpeg 1440w\" sizes=\"auto, (max-width: 1024px) 100vw, 1024px\" \/><\/figure>\n\n\n\n<p>La clasificaci\u00f3n de este cuarto social fue el siguiente:<\/p>\n\n\n\n<figure class=\"wp-block-image size-large\"><img loading=\"lazy\" decoding=\"async\" width=\"768\" height=\"357\" src=\"https:\/\/www.valenciabass.com\/wp-content\/uploads\/CLASI-SOCIAL.jpeg\" alt=\"\" class=\"wp-image-12222\" srcset=\"https:\/\/www.valenciabass.com\/wp-content\/uploads\/CLASI-SOCIAL.jpeg 768w, https:\/\/www.valenciabass.com\/wp-content\/uploads\/CLASI-SOCIAL-300x139.jpeg 300w, https:\/\/www.valenciabass.com\/wp-content\/uploads\/CLASI-SOCIAL-250x116.jpeg 250w\" sizes=\"auto, (max-width: 768px) 100vw, 768px\" \/><\/figure>\n\n\n\n<p>Con estos resultados, la clasificaci\u00f3n general se aprieta en la cabeza, con 3 barcos en menos de 4 puntos, mientras que en los puestos que dan acceso al Auton\u00f3mico hay tambi\u00e9n 3 barcos en 6 puntos para lograr dos plazas. A\u00fan queda mucha liga y todo puede cambiar.<\/p>\n\n\n\n<figure class=\"wp-block-image size-large\"><img loading=\"lazy\" decoding=\"async\" width=\"1024\" height=\"355\" src=\"https:\/\/www.valenciabass.com\/wp-content\/uploads\/CLASI-GENERAL-1-1024x355.jpeg\" alt=\"\" class=\"wp-image-12223\" srcset=\"https:\/\/www.valenciabass.com\/wp-content\/uploads\/CLASI-GENERAL-1-1024x355.jpeg 1024w, https:\/\/www.valenciabass.com\/wp-content\/uploads\/CLASI-GENERAL-1-300x104.jpeg 300w, https:\/\/www.valenciabass.com\/wp-content\/uploads\/CLASI-GENERAL-1-768x266.jpeg 768w, https:\/\/www.valenciabass.com\/wp-content\/uploads\/CLASI-GENERAL-1-250x87.jpeg 250w, https:\/\/www.valenciabass.com\/wp-content\/uploads\/CLASI-GENERAL-1-940x326.jpeg 940w, https:\/\/www.valenciabass.com\/wp-content\/uploads\/CLASI-GENERAL-1.jpeg 1124w\" sizes=\"auto, (max-width: 1024px) 100vw, 1024px\" \/><\/figure>\n\n\n\n<p>Pr\u00f3ximamente, se celebrar\u00e1 un segundo doble en el embalse de Cortes que, a falta de un \u00faltimo social, promete ser decisivo para el devenir de la liga del Valencia Bass Club.<\/p>\n\n\n\n<p>Hasta pronto!!<\/p>\n","protected":false},"excerpt":{"rendered":"<p>Tras m\u00e1s de un mes sin competiciones, septiembre se estrenaba con el cuarto social de esta \u201cLiga COVID\u201d. En esta ocasi\u00f3n, el escenario cambiaba y la competici\u00f3n era en el embalse de Tous, tan querido y odiado a partes iguales. <span class=\"excerpt-dots\">&hellip;<\/span> <a class=\"more-link\" href=\"https:\/\/www.valenciabass.com\/?p=12212\"><span class=\"more-msg\">Sigue leyendo &rarr;<\/span><\/a><\/p>\n","protected":false},"author":38,"featured_media":12216,"comment_status":"closed","ping_status":"closed","sticky":false,"template":"","format":"standard","meta":{"_monsterinsights_skip_tracking":false,"_monsterinsights_sitenote_active":false,"_monsterinsights_sitenote_note":"","_monsterinsights_sitenote_category":0,"ngg_post_thumbnail":0,"footnotes":""},"categories":[5,26,10,12],"tags":[],"class_list":["post-12212","post","type-post","status-publish","format-standard","has-post-thumbnail","hentry","category-competiciones","category-cronicas","category-sociales","category-sociales-embarcacion"],"_links":{"self":[{"href":"https:\/\/www.valenciabass.com\/index.php?rest_route=\/wp\/v2\/posts\/12212","targetHints":{"allow":["GET"]}}],"collection":[{"href":"https:\/\/www.valenciabass.com\/index.php?rest_route=\/wp\/v2\/posts"}],"about":[{"href":"https:\/\/www.valenciabass.com\/index.php?rest_route=\/wp\/v2\/types\/post"}],"author":[{"embeddable":true,"href":"https:\/\/www.valenciabass.com\/index.php?rest_route=\/wp\/v2\/users\/38"}],"replies":[{"embeddable":true,"href":"https:\/\/www.valenciabass.com\/index.php?rest_route=%2Fwp%2Fv2%2Fcomments&post=12212"}],"version-history":[{"count":5,"href":"https:\/\/www.valenciabass.com\/index.php?rest_route=\/wp\/v2\/posts\/12212\/revisions"}],"predecessor-version":[{"id":12228,"href":"https:\/\/www.valenciabass.com\/index.php?rest_route=\/wp\/v2\/posts\/12212\/revisions\/12228"}],"wp:featuredmedia":[{"embeddable":true,"href":"https:\/\/www.valenciabass.com\/index.php?rest_route=\/wp\/v2\/media\/12216"}],"wp:attachment":[{"href":"https:\/\/www.valenciabass.com\/index.php?rest_route=%2Fwp%2Fv2%2Fmedia&parent=12212"}],"wp:term":[{"taxonomy":"category","embeddable":true,"href":"https:\/\/www.valenciabass.com\/index.php?rest_route=%2Fwp%2Fv2%2Fcategories&post=12212"},{"taxonomy":"post_tag","embeddable":true,"href":"https:\/\/www.valenciabass.com\/index.php?rest_route=%2Fwp%2Fv2%2Ftags&post=12212"}],"curies":[{"name":"wp","href":"https:\/\/api.w.org\/{rel}","templated":true}]}}