{"id":11746,"date":"2019-11-04T12:51:38","date_gmt":"2019-11-04T11:51:38","guid":{"rendered":"http:\/\/www.valenciabass.com\/?p=11746"},"modified":"2019-11-04T12:51:38","modified_gmt":"2019-11-04T11:51:38","slug":"7o-social-embarcacion-vbc-embalse-de-cortes","status":"publish","type":"post","link":"https:\/\/www.valenciabass.com\/?p=11746","title":{"rendered":"7\u00ba Social Embarcaci\u00f3n VBC (Embalse de Cortes)"},"content":{"rendered":"<p>Hab\u00eda llegado el \u00faltimo social de esta temporada, en el que se bajaba el tel\u00f3n de las competiciones oficiales de este a\u00f1o tan especial, al cumplir el club un cuarto de siglo nada m\u00e1s y nada menos.<\/p>\n<p>Como ya comentamos en la cr\u00f3nica del \u00faltimo social en Tous, la clasificaci\u00f3n general estaba muy apretada en los puestos de cabeza, mientras que las plazas de acceso al Auton\u00f3mico estaban m\u00e1s claras.<\/p>\n<p>En resumen, hab\u00eda parejas que no se jugaba nada en este social y simplemente iba a tratar de disfrutar de un d\u00eda de pesca con los compa\u00f1eros, aunque hab\u00eda otras parejas que se jugaban ganar la Liga o distribuirse los diferentes puestos del podio.<\/p>\n<p>Durante la semana del social, el tiempo hab\u00eda cambiado. Hab\u00eda entrado una DANA (gota fr\u00eda) a principio de semana y pod\u00eda haber cambiado la ubicaci\u00f3n y comportamiento de los peces con respecto a lo que se hab\u00eda visto entrenando. Desde mitad semana, el tiempo mejor\u00f3 y permaneci\u00f3 estable. Realmente era una inc\u00f3gnita c\u00f3mo estar\u00edan los basses. Sobre el papel, la actividad deb\u00eda ir aumentando en funci\u00f3n del paso de las semanas, al bajar la temperatura del agua.<\/p>\n<p>El d\u00eda en s\u00ed fue un d\u00eda que amaneci\u00f3 con neblina y se mantuvo as\u00ed hasta las 10:30h. Luego sali\u00f3 el sol e hizo una temperatura agradable, sin apenas viento. La actividad de los basses no parec\u00eda muy buena. Parece que hubo momentos de actividad puntuales y hab\u00eda que aprovecharlos.<\/p>\n<p>Finalmente, terminaron las horas de concurso y los participantes llegaron al pesaje. Acto seguido, se escucharon los t\u00edpicos comentarios de \u201c\u00bfC\u00f3mo ha ido?\u201d, preguntas sobre las que hab\u00eda m\u00e1s inter\u00e9s en saber la respuesta por parte de aquellas parejas que se estaban jugando ganar la Liga o alcanzar el podio.<\/p>\n<p>En el caso de Vicent\/Morete, David\/V\u00edctor y Cristian\/Cisco, todos ellos depend\u00edan de s\u00ed mismos para ganar la Liga, ya que ganando este social, se aseguraban el primer puesto. Tras el pesaje, este fue el resultado del social:<\/p>\n<ul>\n<li>En primer lugar, Vicent Castellano y Jos\u00e9 Vte. Garc\u00eda \u201cMorete\u201d, que consiguieron un cupo estratosf\u00e9rico de 9940gr y, adem\u00e1s, la pieza mayor del d\u00eda, con un bass de 2540gr.<\/li>\n<\/ul>\n<p><a href=\"http:\/\/www.valenciabass.com\/wp-content\/uploads\/IMG-20191104-WA0020.jpg\"><img loading=\"lazy\" decoding=\"async\" class=\"size-medium wp-image-11752 aligncenter\" src=\"http:\/\/www.valenciabass.com\/wp-content\/uploads\/IMG-20191104-WA0020-300x236.jpg\" alt=\"\" width=\"300\" height=\"236\" srcset=\"https:\/\/www.valenciabass.com\/wp-content\/uploads\/IMG-20191104-WA0020-300x236.jpg 300w, https:\/\/www.valenciabass.com\/wp-content\/uploads\/IMG-20191104-WA0020-768x605.jpg 768w, https:\/\/www.valenciabass.com\/wp-content\/uploads\/IMG-20191104-WA0020-1024x807.jpg 1024w, https:\/\/www.valenciabass.com\/wp-content\/uploads\/IMG-20191104-WA0020-250x197.jpg 250w, https:\/\/www.valenciabass.com\/wp-content\/uploads\/IMG-20191104-WA0020-940x740.jpg 940w, https:\/\/www.valenciabass.com\/wp-content\/uploads\/IMG-20191104-WA0020.jpg 1041w\" sizes=\"auto, (max-width: 300px) 100vw, 300px\" \/><\/a><\/p>\n<ul>\n<li>En segundo lugar, David Garc\u00eda y V\u00edctor Cuevas, que no completaron el cupo pero los 4 basses que presentaron, pesaron 5990gr.<\/li>\n<\/ul>\n<p><a href=\"http:\/\/www.valenciabass.com\/wp-content\/uploads\/IMG-20191104-WA0018.jpg\"><img loading=\"lazy\" decoding=\"async\" class=\"size-medium wp-image-11750 aligncenter\" src=\"http:\/\/www.valenciabass.com\/wp-content\/uploads\/IMG-20191104-WA0018-300x300.jpg\" alt=\"\" width=\"300\" height=\"300\" srcset=\"https:\/\/www.valenciabass.com\/wp-content\/uploads\/IMG-20191104-WA0018-300x300.jpg 300w, https:\/\/www.valenciabass.com\/wp-content\/uploads\/IMG-20191104-WA0018-150x150.jpg 150w, https:\/\/www.valenciabass.com\/wp-content\/uploads\/IMG-20191104-WA0018-768x768.jpg 768w, https:\/\/www.valenciabass.com\/wp-content\/uploads\/IMG-20191104-WA0018-1024x1024.jpg 1024w, https:\/\/www.valenciabass.com\/wp-content\/uploads\/IMG-20191104-WA0018-250x250.jpg 250w, https:\/\/www.valenciabass.com\/wp-content\/uploads\/IMG-20191104-WA0018-940x940.jpg 940w, https:\/\/www.valenciabass.com\/wp-content\/uploads\/IMG-20191104-WA0018.jpg 1080w\" sizes=\"auto, (max-width: 300px) 100vw, 300px\" \/><\/a><\/p>\n<ul>\n<li>En tercer lugar, Cristian Casanoves y Cisco Segarra, con un cupo de 5420gr.<\/li>\n<\/ul>\n<p><a href=\"http:\/\/www.valenciabass.com\/wp-content\/uploads\/IMG-20191104-WA0021.jpg\"><img loading=\"lazy\" decoding=\"async\" class=\"size-medium wp-image-11753 aligncenter\" src=\"http:\/\/www.valenciabass.com\/wp-content\/uploads\/IMG-20191104-WA0021-300x300.jpg\" alt=\"\" width=\"300\" height=\"300\" srcset=\"https:\/\/www.valenciabass.com\/wp-content\/uploads\/IMG-20191104-WA0021-300x300.jpg 300w, https:\/\/www.valenciabass.com\/wp-content\/uploads\/IMG-20191104-WA0021-150x150.jpg 150w, https:\/\/www.valenciabass.com\/wp-content\/uploads\/IMG-20191104-WA0021-768x768.jpg 768w, https:\/\/www.valenciabass.com\/wp-content\/uploads\/IMG-20191104-WA0021-1024x1024.jpg 1024w, https:\/\/www.valenciabass.com\/wp-content\/uploads\/IMG-20191104-WA0021-250x250.jpg 250w, https:\/\/www.valenciabass.com\/wp-content\/uploads\/IMG-20191104-WA0021-940x940.jpg 940w, https:\/\/www.valenciabass.com\/wp-content\/uploads\/IMG-20191104-WA0021.jpg 1080w\" sizes=\"auto, (max-width: 300px) 100vw, 300px\" \/><\/a><\/p>\n<ul>\n<li>En cuarto lugar, Fede Romeu y David Baides, con un cupo de 5250gr.<\/li>\n<\/ul>\n<p><a href=\"http:\/\/www.valenciabass.com\/wp-content\/uploads\/IMG-20191104-WA0022.jpg\"><img loading=\"lazy\" decoding=\"async\" class=\"size-medium wp-image-11754 aligncenter\" src=\"http:\/\/www.valenciabass.com\/wp-content\/uploads\/IMG-20191104-WA0022-300x300.jpg\" alt=\"\" width=\"300\" height=\"300\" srcset=\"https:\/\/www.valenciabass.com\/wp-content\/uploads\/IMG-20191104-WA0022-300x300.jpg 300w, https:\/\/www.valenciabass.com\/wp-content\/uploads\/IMG-20191104-WA0022-150x150.jpg 150w, https:\/\/www.valenciabass.com\/wp-content\/uploads\/IMG-20191104-WA0022-768x768.jpg 768w, https:\/\/www.valenciabass.com\/wp-content\/uploads\/IMG-20191104-WA0022-1024x1024.jpg 1024w, https:\/\/www.valenciabass.com\/wp-content\/uploads\/IMG-20191104-WA0022-250x250.jpg 250w, https:\/\/www.valenciabass.com\/wp-content\/uploads\/IMG-20191104-WA0022-940x940.jpg 940w, https:\/\/www.valenciabass.com\/wp-content\/uploads\/IMG-20191104-WA0022.jpg 1080w\" sizes=\"auto, (max-width: 300px) 100vw, 300px\" \/><\/a><\/p>\n<ul>\n<li>En quinto lugar, Seraf\u00edn Mendoza Jr. y David P\u00e9rez, con 4 peces y un peso de 4950gr.<\/li>\n<\/ul>\n<p><a href=\"http:\/\/www.valenciabass.com\/wp-content\/uploads\/IMG-20191104-WA0016.jpg\"><img loading=\"lazy\" decoding=\"async\" class=\"size-medium wp-image-11748 aligncenter\" src=\"http:\/\/www.valenciabass.com\/wp-content\/uploads\/IMG-20191104-WA0016-300x300.jpg\" alt=\"\" width=\"300\" height=\"300\" srcset=\"https:\/\/www.valenciabass.com\/wp-content\/uploads\/IMG-20191104-WA0016-300x300.jpg 300w, https:\/\/www.valenciabass.com\/wp-content\/uploads\/IMG-20191104-WA0016-150x150.jpg 150w, https:\/\/www.valenciabass.com\/wp-content\/uploads\/IMG-20191104-WA0016-768x768.jpg 768w, https:\/\/www.valenciabass.com\/wp-content\/uploads\/IMG-20191104-WA0016-1024x1024.jpg 1024w, https:\/\/www.valenciabass.com\/wp-content\/uploads\/IMG-20191104-WA0016-250x250.jpg 250w, https:\/\/www.valenciabass.com\/wp-content\/uploads\/IMG-20191104-WA0016-940x940.jpg 940w, https:\/\/www.valenciabass.com\/wp-content\/uploads\/IMG-20191104-WA0016.jpg 1080w\" sizes=\"auto, (max-width: 300px) 100vw, 300px\" \/><\/a><\/p>\n<ul>\n<li>En sexto lugar, Juanito Alonso y Pepe Peral, con 3 basses y un peso de 4390gr.<\/li>\n<\/ul>\n<p><a href=\"http:\/\/www.valenciabass.com\/wp-content\/uploads\/IMG-20191104-WA0023.jpg\"><img loading=\"lazy\" decoding=\"async\" class=\"size-medium wp-image-11755 aligncenter\" src=\"http:\/\/www.valenciabass.com\/wp-content\/uploads\/IMG-20191104-WA0023-300x300.jpg\" alt=\"\" width=\"300\" height=\"300\" srcset=\"https:\/\/www.valenciabass.com\/wp-content\/uploads\/IMG-20191104-WA0023-300x300.jpg 300w, https:\/\/www.valenciabass.com\/wp-content\/uploads\/IMG-20191104-WA0023-150x150.jpg 150w, https:\/\/www.valenciabass.com\/wp-content\/uploads\/IMG-20191104-WA0023.jpg 768w, https:\/\/www.valenciabass.com\/wp-content\/uploads\/IMG-20191104-WA0023-250x250.jpg 250w\" sizes=\"auto, (max-width: 300px) 100vw, 300px\" \/><\/a><\/p>\n<ul>\n<li>En s\u00e9ptimo lugar, Jorge Civera y Miguel Franco, con un cupo de 4390gr pero detr\u00e1s de Juanito\/Pepe por la pieza mayor, al tener el mismo peso.<\/li>\n<\/ul>\n<p><a href=\"http:\/\/www.valenciabass.com\/wp-content\/uploads\/IMG-20191104-WA0019.jpg\"><img loading=\"lazy\" decoding=\"async\" class=\"size-medium wp-image-11751 aligncenter\" src=\"http:\/\/www.valenciabass.com\/wp-content\/uploads\/IMG-20191104-WA0019-300x300.jpg\" alt=\"\" width=\"300\" height=\"300\" srcset=\"https:\/\/www.valenciabass.com\/wp-content\/uploads\/IMG-20191104-WA0019-300x300.jpg 300w, https:\/\/www.valenciabass.com\/wp-content\/uploads\/IMG-20191104-WA0019-150x150.jpg 150w, https:\/\/www.valenciabass.com\/wp-content\/uploads\/IMG-20191104-WA0019-768x768.jpg 768w, https:\/\/www.valenciabass.com\/wp-content\/uploads\/IMG-20191104-WA0019-1024x1024.jpg 1024w, https:\/\/www.valenciabass.com\/wp-content\/uploads\/IMG-20191104-WA0019-250x250.jpg 250w, https:\/\/www.valenciabass.com\/wp-content\/uploads\/IMG-20191104-WA0019-940x940.jpg 940w, https:\/\/www.valenciabass.com\/wp-content\/uploads\/IMG-20191104-WA0019.jpg 1071w\" sizes=\"auto, (max-width: 300px) 100vw, 300px\" \/><\/a><\/p>\n<ul>\n<li>En octavo lugar, Iv\u00e1n Almerich, que en solitario consigui\u00f3 presentar 3 basses que pesaron 3930gr.<\/li>\n<\/ul>\n<p><a href=\"http:\/\/www.valenciabass.com\/wp-content\/uploads\/IMG-20191104-WA0017.jpg\"><img loading=\"lazy\" decoding=\"async\" class=\"size-medium wp-image-11749 aligncenter\" src=\"http:\/\/www.valenciabass.com\/wp-content\/uploads\/IMG-20191104-WA0017-300x300.jpg\" alt=\"\" width=\"300\" height=\"300\" srcset=\"https:\/\/www.valenciabass.com\/wp-content\/uploads\/IMG-20191104-WA0017-300x300.jpg 300w, https:\/\/www.valenciabass.com\/wp-content\/uploads\/IMG-20191104-WA0017-150x150.jpg 150w, https:\/\/www.valenciabass.com\/wp-content\/uploads\/IMG-20191104-WA0017-768x768.jpg 768w, https:\/\/www.valenciabass.com\/wp-content\/uploads\/IMG-20191104-WA0017-1024x1024.jpg 1024w, https:\/\/www.valenciabass.com\/wp-content\/uploads\/IMG-20191104-WA0017-250x250.jpg 250w, https:\/\/www.valenciabass.com\/wp-content\/uploads\/IMG-20191104-WA0017-940x940.jpg 940w, https:\/\/www.valenciabass.com\/wp-content\/uploads\/IMG-20191104-WA0017.jpg 1080w\" sizes=\"auto, (max-width: 300px) 100vw, 300px\" \/><\/a><\/p>\n<p>La clasificaci\u00f3n de este social:<\/p>\n<p><a href=\"http:\/\/www.valenciabass.com\/wp-content\/uploads\/IMG-20191104-WA0015.jpg\"><img loading=\"lazy\" decoding=\"async\" class=\"size-medium wp-image-11747 aligncenter\" src=\"http:\/\/www.valenciabass.com\/wp-content\/uploads\/IMG-20191104-WA0015-300x221.jpg\" alt=\"\" width=\"300\" height=\"221\" srcset=\"https:\/\/www.valenciabass.com\/wp-content\/uploads\/IMG-20191104-WA0015-300x221.jpg 300w, https:\/\/www.valenciabass.com\/wp-content\/uploads\/IMG-20191104-WA0015-768x567.jpg 768w, https:\/\/www.valenciabass.com\/wp-content\/uploads\/IMG-20191104-WA0015-1024x755.jpg 1024w, https:\/\/www.valenciabass.com\/wp-content\/uploads\/IMG-20191104-WA0015-250x184.jpg 250w, https:\/\/www.valenciabass.com\/wp-content\/uploads\/IMG-20191104-WA0015-940x693.jpg 940w, https:\/\/www.valenciabass.com\/wp-content\/uploads\/IMG-20191104-WA0015.jpg 1464w\" sizes=\"auto, (max-width: 300px) 100vw, 300px\" \/><\/a><\/p>\n<p>Tras el pesaje, se celebr\u00f3 a pie de pantal\u00e1n la comida de despedida.<\/p>\n<p><a href=\"http:\/\/www.valenciabass.com\/wp-content\/uploads\/IMG-20191104-WA0024.jpg\"><img loading=\"lazy\" decoding=\"async\" class=\"size-medium wp-image-11756 aligncenter\" src=\"http:\/\/www.valenciabass.com\/wp-content\/uploads\/IMG-20191104-WA0024-300x225.jpg\" alt=\"\" width=\"300\" height=\"225\" srcset=\"https:\/\/www.valenciabass.com\/wp-content\/uploads\/IMG-20191104-WA0024-300x225.jpg 300w, https:\/\/www.valenciabass.com\/wp-content\/uploads\/IMG-20191104-WA0024-768x576.jpg 768w, https:\/\/www.valenciabass.com\/wp-content\/uploads\/IMG-20191104-WA0024-1024x768.jpg 1024w, https:\/\/www.valenciabass.com\/wp-content\/uploads\/IMG-20191104-WA0024-250x188.jpg 250w, https:\/\/www.valenciabass.com\/wp-content\/uploads\/IMG-20191104-WA0024-940x705.jpg 940w, https:\/\/www.valenciabass.com\/wp-content\/uploads\/IMG-20191104-WA0024.jpg 1984w\" sizes=\"auto, (max-width: 300px) 100vw, 300px\" \/><\/a><\/p>\n<p><a href=\"http:\/\/www.valenciabass.com\/wp-content\/uploads\/IMG-20191104-WA0026.jpg\"><img loading=\"lazy\" decoding=\"async\" class=\"size-medium wp-image-11757 aligncenter\" src=\"http:\/\/www.valenciabass.com\/wp-content\/uploads\/IMG-20191104-WA0026-300x225.jpg\" alt=\"\" width=\"300\" height=\"225\" srcset=\"https:\/\/www.valenciabass.com\/wp-content\/uploads\/IMG-20191104-WA0026-300x225.jpg 300w, https:\/\/www.valenciabass.com\/wp-content\/uploads\/IMG-20191104-WA0026-768x576.jpg 768w, https:\/\/www.valenciabass.com\/wp-content\/uploads\/IMG-20191104-WA0026-1024x768.jpg 1024w, https:\/\/www.valenciabass.com\/wp-content\/uploads\/IMG-20191104-WA0026-250x188.jpg 250w, https:\/\/www.valenciabass.com\/wp-content\/uploads\/IMG-20191104-WA0026-940x705.jpg 940w, https:\/\/www.valenciabass.com\/wp-content\/uploads\/IMG-20191104-WA0026.jpg 1984w\" sizes=\"auto, (max-width: 300px) 100vw, 300px\" \/><\/a><\/p>\n<p>Posteriormente, se hizo entrega de los premios donados por la tienda VGBASS a los tres primeros clasificados y la pieza mayor. Muchas gracias!<\/p>\n<p><a href=\"http:\/\/www.valenciabass.com\/wp-content\/uploads\/IMG_20191104_123022.jpg\"><img loading=\"lazy\" decoding=\"async\" class=\"size-medium wp-image-11760 aligncenter\" src=\"http:\/\/www.valenciabass.com\/wp-content\/uploads\/IMG_20191104_123022-300x296.jpg\" alt=\"\" width=\"300\" height=\"296\" srcset=\"https:\/\/www.valenciabass.com\/wp-content\/uploads\/IMG_20191104_123022-300x296.jpg 300w, https:\/\/www.valenciabass.com\/wp-content\/uploads\/IMG_20191104_123022-768x759.jpg 768w, https:\/\/www.valenciabass.com\/wp-content\/uploads\/IMG_20191104_123022-1024x1012.jpg 1024w, https:\/\/www.valenciabass.com\/wp-content\/uploads\/IMG_20191104_123022-250x247.jpg 250w, https:\/\/www.valenciabass.com\/wp-content\/uploads\/IMG_20191104_123022-940x929.jpg 940w, https:\/\/www.valenciabass.com\/wp-content\/uploads\/IMG_20191104_123022.jpg 1080w\" sizes=\"auto, (max-width: 300px) 100vw, 300px\" \/><\/a><\/p>\n<p><a href=\"http:\/\/www.valenciabass.com\/wp-content\/uploads\/IMG_20191104_123005.jpg\"><img loading=\"lazy\" decoding=\"async\" class=\"size-medium wp-image-11761 aligncenter\" src=\"http:\/\/www.valenciabass.com\/wp-content\/uploads\/IMG_20191104_123005-300x288.jpg\" alt=\"\" width=\"300\" height=\"288\" srcset=\"https:\/\/www.valenciabass.com\/wp-content\/uploads\/IMG_20191104_123005-300x288.jpg 300w, https:\/\/www.valenciabass.com\/wp-content\/uploads\/IMG_20191104_123005-768x737.jpg 768w, https:\/\/www.valenciabass.com\/wp-content\/uploads\/IMG_20191104_123005-1024x983.jpg 1024w, https:\/\/www.valenciabass.com\/wp-content\/uploads\/IMG_20191104_123005-250x240.jpg 250w, https:\/\/www.valenciabass.com\/wp-content\/uploads\/IMG_20191104_123005-940x903.jpg 940w, https:\/\/www.valenciabass.com\/wp-content\/uploads\/IMG_20191104_123005.jpg 1080w\" sizes=\"auto, (max-width: 300px) 100vw, 300px\" \/><\/a><\/p>\n<p><a href=\"http:\/\/www.valenciabass.com\/wp-content\/uploads\/IMG_20191104_122933.jpg\"><img loading=\"lazy\" decoding=\"async\" class=\"size-medium wp-image-11762 aligncenter\" src=\"http:\/\/www.valenciabass.com\/wp-content\/uploads\/IMG_20191104_122933-300x286.jpg\" alt=\"\" width=\"300\" height=\"286\" srcset=\"https:\/\/www.valenciabass.com\/wp-content\/uploads\/IMG_20191104_122933-300x286.jpg 300w, https:\/\/www.valenciabass.com\/wp-content\/uploads\/IMG_20191104_122933-768x731.jpg 768w, https:\/\/www.valenciabass.com\/wp-content\/uploads\/IMG_20191104_122933-1024x975.jpg 1024w, https:\/\/www.valenciabass.com\/wp-content\/uploads\/IMG_20191104_122933-250x238.jpg 250w, https:\/\/www.valenciabass.com\/wp-content\/uploads\/IMG_20191104_122933-940x895.jpg 940w, https:\/\/www.valenciabass.com\/wp-content\/uploads\/IMG_20191104_122933.jpg 1080w\" sizes=\"auto, (max-width: 300px) 100vw, 300px\" \/><\/a><\/p>\n<p><a href=\"http:\/\/www.valenciabass.com\/wp-content\/uploads\/IMG_20191104_122921.jpg\"><img loading=\"lazy\" decoding=\"async\" class=\"size-medium wp-image-11763 aligncenter\" src=\"http:\/\/www.valenciabass.com\/wp-content\/uploads\/IMG_20191104_122921-300x288.jpg\" alt=\"\" width=\"300\" height=\"288\" srcset=\"https:\/\/www.valenciabass.com\/wp-content\/uploads\/IMG_20191104_122921-300x288.jpg 300w, https:\/\/www.valenciabass.com\/wp-content\/uploads\/IMG_20191104_122921-768x736.jpg 768w, https:\/\/www.valenciabass.com\/wp-content\/uploads\/IMG_20191104_122921-1024x981.jpg 1024w, https:\/\/www.valenciabass.com\/wp-content\/uploads\/IMG_20191104_122921-250x240.jpg 250w, https:\/\/www.valenciabass.com\/wp-content\/uploads\/IMG_20191104_122921-940x901.jpg 940w, https:\/\/www.valenciabass.com\/wp-content\/uploads\/IMG_20191104_122921.jpg 1080w\" sizes=\"auto, (max-width: 300px) 100vw, 300px\" \/><\/a><\/p>\n<p>As\u00ed pues, la clasificaci\u00f3n general qued\u00f3 de la siguiente forma:<\/p>\n<p><a href=\"http:\/\/www.valenciabass.com\/wp-content\/uploads\/IMG-20191104-WA0027.jpg\"><img loading=\"lazy\" decoding=\"async\" class=\"size-medium wp-image-11758 aligncenter\" src=\"http:\/\/www.valenciabass.com\/wp-content\/uploads\/IMG-20191104-WA0027-300x125.jpg\" alt=\"\" width=\"300\" height=\"125\" srcset=\"https:\/\/www.valenciabass.com\/wp-content\/uploads\/IMG-20191104-WA0027-300x125.jpg 300w, https:\/\/www.valenciabass.com\/wp-content\/uploads\/IMG-20191104-WA0027-768x321.jpg 768w, https:\/\/www.valenciabass.com\/wp-content\/uploads\/IMG-20191104-WA0027-1024x428.jpg 1024w, https:\/\/www.valenciabass.com\/wp-content\/uploads\/IMG-20191104-WA0027-250x104.jpg 250w, https:\/\/www.valenciabass.com\/wp-content\/uploads\/IMG-20191104-WA0027-940x393.jpg 940w, https:\/\/www.valenciabass.com\/wp-content\/uploads\/IMG-20191104-WA0027.jpg 1080w\" sizes=\"auto, (max-width: 300px) 100vw, 300px\" \/><\/a><\/p>\n<p>Por lo tanto, felicitar a los Campeones de Liga, Vicent y Morete, que en su primer a\u00f1o como pareja han conseguido alzarse a lo m\u00e1s alto del caj\u00f3n y llevarse la liga del 25 Aniversario del Valencia Bass.<\/p>\n<p>Igualmente felicitar a David\/V\u00edctor y Cristian\/Cisco por el podio y por haber luchado hasta el \u00faltimo minuto por conseguir ganar. Tambi\u00e9n al resto de parejas que completan la clasificaci\u00f3n para el pr\u00f3ximo Auton\u00f3mico, Seraf\u00edn\/David y Jorge\/Miguel.<\/p>\n<p>Por supuesto, felicitar tambi\u00e9n al resto de participantes y animarlos para que el a\u00f1o que viene se siga luchando por mejorar y lograr subir puestos a final del a\u00f1o.<\/p>\n<p>Agradecer a la Junta Directiva el esfuerzo que realizan para que los dem\u00e1s podamos pescar y por tener un club de la categor\u00eda del Valencia Bass. Debemos estar todos muy orgullosos de lo que tenemos.<\/p>\n<p>Y color\u00edn colorado, esto se ha acabado. El a\u00f1o que viene m\u00e1s!! Gracias a todos por formar parte de este gran club.<\/p>\n<p>&nbsp;<\/p>\n","protected":false},"excerpt":{"rendered":"<p>Hab\u00eda llegado el \u00faltimo social de esta temporada, en el que se bajaba el tel\u00f3n de las competiciones oficiales de este a\u00f1o tan especial, al cumplir el club un cuarto de siglo nada m\u00e1s y nada menos. Como ya comentamos <span class=\"excerpt-dots\">&hellip;<\/span> <a class=\"more-link\" href=\"https:\/\/www.valenciabass.com\/?p=11746\"><span class=\"more-msg\">Sigue leyendo &rarr;<\/span><\/a><\/p>\n","protected":false},"author":38,"featured_media":11752,"comment_status":"closed","ping_status":"closed","sticky":false,"template":"","format":"standard","meta":{"_monsterinsights_skip_tracking":false,"_monsterinsights_sitenote_active":false,"_monsterinsights_sitenote_note":"","_monsterinsights_sitenote_category":0,"ngg_post_thumbnail":0,"footnotes":""},"categories":[5,26,10,12],"tags":[],"class_list":["post-11746","post","type-post","status-publish","format-standard","has-post-thumbnail","hentry","category-competiciones","category-cronicas","category-sociales","category-sociales-embarcacion"],"_links":{"self":[{"href":"https:\/\/www.valenciabass.com\/index.php?rest_route=\/wp\/v2\/posts\/11746","targetHints":{"allow":["GET"]}}],"collection":[{"href":"https:\/\/www.valenciabass.com\/index.php?rest_route=\/wp\/v2\/posts"}],"about":[{"href":"https:\/\/www.valenciabass.com\/index.php?rest_route=\/wp\/v2\/types\/post"}],"author":[{"embeddable":true,"href":"https:\/\/www.valenciabass.com\/index.php?rest_route=\/wp\/v2\/users\/38"}],"replies":[{"embeddable":true,"href":"https:\/\/www.valenciabass.com\/index.php?rest_route=%2Fwp%2Fv2%2Fcomments&post=11746"}],"version-history":[{"count":1,"href":"https:\/\/www.valenciabass.com\/index.php?rest_route=\/wp\/v2\/posts\/11746\/revisions"}],"predecessor-version":[{"id":11764,"href":"https:\/\/www.valenciabass.com\/index.php?rest_route=\/wp\/v2\/posts\/11746\/revisions\/11764"}],"wp:featuredmedia":[{"embeddable":true,"href":"https:\/\/www.valenciabass.com\/index.php?rest_route=\/wp\/v2\/media\/11752"}],"wp:attachment":[{"href":"https:\/\/www.valenciabass.com\/index.php?rest_route=%2Fwp%2Fv2%2Fmedia&parent=11746"}],"wp:term":[{"taxonomy":"category","embeddable":true,"href":"https:\/\/www.valenciabass.com\/index.php?rest_route=%2Fwp%2Fv2%2Fcategories&post=11746"},{"taxonomy":"post_tag","embeddable":true,"href":"https:\/\/www.valenciabass.com\/index.php?rest_route=%2Fwp%2Fv2%2Ftags&post=11746"}],"curies":[{"name":"wp","href":"https:\/\/api.w.org\/{rel}","templated":true}]}}