{"id":11580,"date":"2019-08-19T18:35:51","date_gmt":"2019-08-19T16:35:51","guid":{"rendered":"http:\/\/www.valenciabass.com\/?p=11580"},"modified":"2020-01-09T23:28:12","modified_gmt":"2020-01-09T22:28:12","slug":"4o-social-vbc-doble-manga-de-tarde","status":"publish","type":"post","link":"https:\/\/www.valenciabass.com\/?p=11580","title":{"rendered":"4\u00ba Social VBC (Doble &#8211; manga de tarde)"},"content":{"rendered":"<p>Un a\u00f1o m\u00e1s, llegaba el doble patrocinado por la empresa Lowrance-ONNautic que obsequiar\u00eda a la pareja ganadora del doble con una sonda, competici\u00f3n esperada durante todo el a\u00f1o porque se pasa m\u00e1s tiempo con los compa\u00f1eros del club y se disfruta de algo m\u00e1s que pescar pero, a la vez, temido por lo dura que suele ser la segunda manga, la del domingo por la ma\u00f1ana, en la que los basses ya vienen escarmentados del d\u00eda anterior y a lo que se suele unir unas condiciones meteorol\u00f3gicas de sol y poco viento.<\/p>\n<p>Los entrenamientos se dieron m\u00e1s o menos bien a aquellos que pudieron ir a practicar, lo cual cargaba de moral a esos equipos. Otros equipos no hab\u00edan entrenado pero esperaban poder dar con los basses.<\/p>\n<p>La primera manga se desarroll\u00f3 con un fuerte viento de poniente, con una media de 25-30km\/h lo que pod\u00eda hacer que los basses estuvieran diferentes a los entrenamientos, como parece que as\u00ed fue. Este fuerte viento caus\u00f3 especialmente problemas para uno de los equipos participantes que, a los pocos minutos de iniciarse la manga y, tras llegar a la zona de pesca y coger el salabre de la proa para dejarlo en la popa, \u00e9ste se desplaz\u00f3 lateralmente por la plataforma de la barca hasta golpear una de las ca\u00f1as y cay\u00f3 al agua. En un intento desesperado de recuperar la ca\u00f1a, el patr\u00f3n de la barca solt\u00f3 el salabre, que termin\u00f3 cayendo tambi\u00e9n al agua. La mala fortuna no termin\u00f3 ah\u00ed ya que, al estar todav\u00eda sentado en el asiento y hacer un movimiento r\u00e1pido y brusco par tratar de alcanzar la ca\u00f1a y\/o el salabre, el volante de la barca hizo de palanca con la pierna derecha y supuso una sub-luxaci\u00f3n de la rodilla que provoc\u00f3 un dolor f\u00edsico y mental para el resto del doble.<\/p>\n<p>Las horas fueron pasando y los peces iban saliendo, aunque no eran tan grandes como quisi\u00e9ramos. El viento, unido a que este a\u00f1o se rebaj\u00f3 la talla m\u00ednima a 30cm hizo que gran n\u00famero de embarcaciones llegaran a pesaje con cupo, lo cual siempre anima a la gente ya que a todos se nos llena la boca cuando llegamos a pesaje y dices \u00abcupo\u00bb.<\/p>\n<p>El destino quiso que la pareja ganadora de la primera manga del doble fuera la misma que horas antes hab\u00eda sufrido el infortunio de la ca\u00f1a\/salabre\/rodilla. Tal vez fue una especie de contraprestaci\u00f3n desde el cielo, \u00a1Qui\u00e9n sabe!. Vicent y Morete lograron capturar un cupo de 7350gr.<\/p>\n<p><a href=\"http:\/\/www.valenciabass.com\/wp-content\/uploads\/FB_IMG_1565705296205.jpg\"><img loading=\"lazy\" decoding=\"async\" class=\"alignnone size-medium wp-image-11593\" src=\"http:\/\/www.valenciabass.com\/wp-content\/uploads\/FB_IMG_1565705296205-300x300.jpg\" alt=\"\" width=\"300\" height=\"300\" srcset=\"https:\/\/www.valenciabass.com\/wp-content\/uploads\/FB_IMG_1565705296205-300x300.jpg 300w, https:\/\/www.valenciabass.com\/wp-content\/uploads\/FB_IMG_1565705296205-150x150.jpg 150w, https:\/\/www.valenciabass.com\/wp-content\/uploads\/FB_IMG_1565705296205-768x768.jpg 768w, https:\/\/www.valenciabass.com\/wp-content\/uploads\/FB_IMG_1565705296205-250x250.jpg 250w, https:\/\/www.valenciabass.com\/wp-content\/uploads\/FB_IMG_1565705296205.jpg 917w\" sizes=\"auto, (max-width: 300px) 100vw, 300px\" \/><\/a><\/p>\n<p>En segundo lugar, quedaron Jorge y MIguel Franco con un cupo de 5960gr.<\/p>\n<p><a href=\"http:\/\/www.valenciabass.com\/wp-content\/uploads\/FB_IMG_1565704864953.jpg\"><img loading=\"lazy\" decoding=\"async\" class=\"alignnone size-medium wp-image-11597\" src=\"http:\/\/www.valenciabass.com\/wp-content\/uploads\/FB_IMG_1565704864953-300x300.jpg\" alt=\"\" width=\"300\" height=\"300\" srcset=\"https:\/\/www.valenciabass.com\/wp-content\/uploads\/FB_IMG_1565704864953-300x300.jpg 300w, https:\/\/www.valenciabass.com\/wp-content\/uploads\/FB_IMG_1565704864953-150x150.jpg 150w, https:\/\/www.valenciabass.com\/wp-content\/uploads\/FB_IMG_1565704864953-768x768.jpg 768w, https:\/\/www.valenciabass.com\/wp-content\/uploads\/FB_IMG_1565704864953-1024x1024.jpg 1024w, https:\/\/www.valenciabass.com\/wp-content\/uploads\/FB_IMG_1565704864953-250x250.jpg 250w, https:\/\/www.valenciabass.com\/wp-content\/uploads\/FB_IMG_1565704864953-940x940.jpg 940w, https:\/\/www.valenciabass.com\/wp-content\/uploads\/FB_IMG_1565704864953.jpg 1080w\" sizes=\"auto, (max-width: 300px) 100vw, 300px\" \/><\/a><\/p>\n<p>En tercer lugar, completando el podium, un equipo entra\u00f1able, Pepe y Juanito, que consiguieron capturar el cupo en poco m\u00e1s de una hora y luego se dedicaron a cambiar peces. En total, pesaron 5570gr.<\/p>\n<p><a href=\"http:\/\/www.valenciabass.com\/wp-content\/uploads\/FB_IMG_1565704872837.jpg\"><img loading=\"lazy\" decoding=\"async\" class=\"alignnone size-medium wp-image-11581\" src=\"http:\/\/www.valenciabass.com\/wp-content\/uploads\/FB_IMG_1565704872837-300x300.jpg\" alt=\"\" width=\"300\" height=\"300\" srcset=\"https:\/\/www.valenciabass.com\/wp-content\/uploads\/FB_IMG_1565704872837-300x300.jpg 300w, https:\/\/www.valenciabass.com\/wp-content\/uploads\/FB_IMG_1565704872837-150x150.jpg 150w, https:\/\/www.valenciabass.com\/wp-content\/uploads\/FB_IMG_1565704872837-250x250.jpg 250w, https:\/\/www.valenciabass.com\/wp-content\/uploads\/FB_IMG_1565704872837.jpg 705w\" sizes=\"auto, (max-width: 300px) 100vw, 300px\" \/><\/a><\/p>\n<p>En cuarto lugar, el \u00abxic m\u00e9s dol\u00e7 del club\u00bb, Fede y David Baides, con un cupo que pes\u00f3 5270gr. V\u00e9ase la cara de felicidad de Baides. La pieza mayor de este social la sac\u00f3 Fede, con un bass de 2160gr.<\/p>\n<p><a href=\"http:\/\/www.valenciabass.com\/wp-content\/uploads\/FB_IMG_1565704886920.jpg\"><img loading=\"lazy\" decoding=\"async\" class=\"alignnone size-medium wp-image-11582\" src=\"http:\/\/www.valenciabass.com\/wp-content\/uploads\/FB_IMG_1565704886920-300x300.jpg\" alt=\"\" width=\"300\" height=\"300\" srcset=\"https:\/\/www.valenciabass.com\/wp-content\/uploads\/FB_IMG_1565704886920-300x300.jpg 300w, https:\/\/www.valenciabass.com\/wp-content\/uploads\/FB_IMG_1565704886920-150x150.jpg 150w, https:\/\/www.valenciabass.com\/wp-content\/uploads\/FB_IMG_1565704886920-768x768.jpg 768w, https:\/\/www.valenciabass.com\/wp-content\/uploads\/FB_IMG_1565704886920-1024x1024.jpg 1024w, https:\/\/www.valenciabass.com\/wp-content\/uploads\/FB_IMG_1565704886920-250x250.jpg 250w, https:\/\/www.valenciabass.com\/wp-content\/uploads\/FB_IMG_1565704886920-940x940.jpg 940w, https:\/\/www.valenciabass.com\/wp-content\/uploads\/FB_IMG_1565704886920.jpg 1080w\" sizes=\"auto, (max-width: 300px) 100vw, 300px\" \/><\/a><\/p>\n<p>En sexto lugar, David Garc\u00eda y V\u00edctor Cuevas, con cupo de 3400gr.<\/p>\n<p><a href=\"http:\/\/www.valenciabass.com\/wp-content\/uploads\/FB_IMG_1565704913886.jpg\"><img loading=\"lazy\" decoding=\"async\" class=\"alignnone size-medium wp-image-11585\" src=\"http:\/\/www.valenciabass.com\/wp-content\/uploads\/FB_IMG_1565704913886-300x300.jpg\" alt=\"\" width=\"300\" height=\"300\" srcset=\"https:\/\/www.valenciabass.com\/wp-content\/uploads\/FB_IMG_1565704913886-300x300.jpg 300w, https:\/\/www.valenciabass.com\/wp-content\/uploads\/FB_IMG_1565704913886-150x150.jpg 150w, https:\/\/www.valenciabass.com\/wp-content\/uploads\/FB_IMG_1565704913886-768x768.jpg 768w, https:\/\/www.valenciabass.com\/wp-content\/uploads\/FB_IMG_1565704913886-250x250.jpg 250w, https:\/\/www.valenciabass.com\/wp-content\/uploads\/FB_IMG_1565704913886-940x940.jpg 940w, https:\/\/www.valenciabass.com\/wp-content\/uploads\/FB_IMG_1565704913886.jpg 978w\" sizes=\"auto, (max-width: 300px) 100vw, 300px\" \/><\/a><\/p>\n<p>En s\u00e9ptimo lugar, Cristian Piqueras y la siempre agradable Susana, con\u00a0 4 basses que pesaron 2610gr.<\/p>\n<p><a href=\"http:\/\/www.valenciabass.com\/wp-content\/uploads\/FB_IMG_1565704906298.jpg\"><img loading=\"lazy\" decoding=\"async\" class=\"alignnone size-medium wp-image-11584\" src=\"http:\/\/www.valenciabass.com\/wp-content\/uploads\/FB_IMG_1565704906298-300x300.jpg\" alt=\"\" width=\"300\" height=\"300\" srcset=\"https:\/\/www.valenciabass.com\/wp-content\/uploads\/FB_IMG_1565704906298-300x300.jpg 300w, https:\/\/www.valenciabass.com\/wp-content\/uploads\/FB_IMG_1565704906298-150x150.jpg 150w, https:\/\/www.valenciabass.com\/wp-content\/uploads\/FB_IMG_1565704906298-768x768.jpg 768w, https:\/\/www.valenciabass.com\/wp-content\/uploads\/FB_IMG_1565704906298-250x250.jpg 250w, https:\/\/www.valenciabass.com\/wp-content\/uploads\/FB_IMG_1565704906298.jpg 904w\" sizes=\"auto, (max-width: 300px) 100vw, 300px\" \/><\/a><\/p>\n<p>En octavo lugar, V\u00edctor Hern\u00e1ndez que, en ausencia de Sebas por trabajo, consigui\u00f3 sacar un bass de 2kg y pesar un total de 2600gr.<\/p>\n<p><a href=\"http:\/\/www.valenciabass.com\/wp-content\/uploads\/FB_IMG_1565704891598.jpg\"><img loading=\"lazy\" decoding=\"async\" class=\"alignnone size-medium wp-image-11583\" src=\"http:\/\/www.valenciabass.com\/wp-content\/uploads\/FB_IMG_1565704891598-300x300.jpg\" alt=\"\" width=\"300\" height=\"300\" srcset=\"https:\/\/www.valenciabass.com\/wp-content\/uploads\/FB_IMG_1565704891598-300x300.jpg 300w, https:\/\/www.valenciabass.com\/wp-content\/uploads\/FB_IMG_1565704891598-150x150.jpg 150w, https:\/\/www.valenciabass.com\/wp-content\/uploads\/FB_IMG_1565704891598-768x768.jpg 768w, https:\/\/www.valenciabass.com\/wp-content\/uploads\/FB_IMG_1565704891598-1024x1024.jpg 1024w, https:\/\/www.valenciabass.com\/wp-content\/uploads\/FB_IMG_1565704891598-250x250.jpg 250w, https:\/\/www.valenciabass.com\/wp-content\/uploads\/FB_IMG_1565704891598-940x940.jpg 940w, https:\/\/www.valenciabass.com\/wp-content\/uploads\/FB_IMG_1565704891598.jpg 1080w\" sizes=\"auto, (max-width: 300px) 100vw, 300px\" \/><\/a><\/p>\n<p>Aqu\u00ed la clasificaci\u00f3n completa de la manga. Nuevamente, la clasificaci\u00f3n general sufr\u00eda un vuelco con un nuevo l\u00edder pero con todav\u00eda mucho por delante por decidir.<\/p>\n<p><a href=\"http:\/\/www.valenciabass.com\/wp-content\/uploads\/IMG-20190730-WA0003.jpg\"><img loading=\"lazy\" decoding=\"async\" class=\"alignnone size-medium wp-image-11595\" src=\"http:\/\/www.valenciabass.com\/wp-content\/uploads\/IMG-20190730-WA0003-300x223.jpg\" alt=\"\" width=\"300\" height=\"223\" srcset=\"https:\/\/www.valenciabass.com\/wp-content\/uploads\/IMG-20190730-WA0003-300x223.jpg 300w, https:\/\/www.valenciabass.com\/wp-content\/uploads\/IMG-20190730-WA0003-250x185.jpg 250w, https:\/\/www.valenciabass.com\/wp-content\/uploads\/IMG-20190730-WA0003.jpg 767w\" sizes=\"auto, (max-width: 300px) 100vw, 300px\" \/><\/a><\/p>\n<p>Tras el pesaje, lleg\u00f3 la hora de la cena. Desde estas l\u00edneas, agradecer al club y a la Junta Directiva todo lo que se preocupan por la organizaci\u00f3n de esta cena.<\/p>\n<p><a href=\"http:\/\/www.valenciabass.com\/wp-content\/uploads\/FB_IMG_1565704934116.jpg\"><img loading=\"lazy\" decoding=\"async\" class=\"alignnone size-medium wp-image-11586\" src=\"http:\/\/www.valenciabass.com\/wp-content\/uploads\/FB_IMG_1565704934116-300x300.jpg\" alt=\"\" width=\"300\" height=\"300\" srcset=\"https:\/\/www.valenciabass.com\/wp-content\/uploads\/FB_IMG_1565704934116-300x300.jpg 300w, https:\/\/www.valenciabass.com\/wp-content\/uploads\/FB_IMG_1565704934116-150x150.jpg 150w, https:\/\/www.valenciabass.com\/wp-content\/uploads\/FB_IMG_1565704934116-768x768.jpg 768w, https:\/\/www.valenciabass.com\/wp-content\/uploads\/FB_IMG_1565704934116-1024x1024.jpg 1024w, https:\/\/www.valenciabass.com\/wp-content\/uploads\/FB_IMG_1565704934116-250x250.jpg 250w, https:\/\/www.valenciabass.com\/wp-content\/uploads\/FB_IMG_1565704934116-940x940.jpg 940w, https:\/\/www.valenciabass.com\/wp-content\/uploads\/FB_IMG_1565704934116.jpg 1080w\" sizes=\"auto, (max-width: 300px) 100vw, 300px\" \/><\/a><\/p>\n<p><a href=\"http:\/\/www.valenciabass.com\/wp-content\/uploads\/FB_IMG_1565704942337.jpg\"><img loading=\"lazy\" decoding=\"async\" class=\"alignnone size-medium wp-image-11587\" src=\"http:\/\/www.valenciabass.com\/wp-content\/uploads\/FB_IMG_1565704942337-300x300.jpg\" alt=\"\" width=\"300\" height=\"300\" srcset=\"https:\/\/www.valenciabass.com\/wp-content\/uploads\/FB_IMG_1565704942337-300x300.jpg 300w, https:\/\/www.valenciabass.com\/wp-content\/uploads\/FB_IMG_1565704942337-150x150.jpg 150w, https:\/\/www.valenciabass.com\/wp-content\/uploads\/FB_IMG_1565704942337.jpg 768w, https:\/\/www.valenciabass.com\/wp-content\/uploads\/FB_IMG_1565704942337-250x250.jpg 250w\" sizes=\"auto, (max-width: 300px) 100vw, 300px\" \/><\/a><\/p>\n<p>Como suele ser habitual, la noche fue larga para muchos. Berni, que inform\u00f3 de su pr\u00f3ximo casamiento, invit\u00f3 a cava. Felicidades Berni!<\/p>\n<p>Continuar\u00e1&#8230;<\/p>\n","protected":false},"excerpt":{"rendered":"<p>Un a\u00f1o m\u00e1s, llegaba el doble patrocinado por la empresa Lowrance-ONNautic que obsequiar\u00eda a la pareja ganadora del doble con una sonda, competici\u00f3n esperada durante todo el a\u00f1o porque se pasa m\u00e1s tiempo con los compa\u00f1eros del club y se <span class=\"excerpt-dots\">&hellip;<\/span> <a class=\"more-link\" href=\"https:\/\/www.valenciabass.com\/?p=11580\"><span class=\"more-msg\">Sigue leyendo &rarr;<\/span><\/a><\/p>\n","protected":false},"author":38,"featured_media":11593,"comment_status":"closed","ping_status":"closed","sticky":false,"template":"","format":"standard","meta":{"_monsterinsights_skip_tracking":false,"_monsterinsights_sitenote_active":false,"_monsterinsights_sitenote_note":"","_monsterinsights_sitenote_category":0,"ngg_post_thumbnail":0,"footnotes":""},"categories":[5,26,1,10,12],"tags":[],"class_list":["post-11580","post","type-post","status-publish","format-standard","has-post-thumbnail","hentry","category-competiciones","category-cronicas","category-noticias","category-sociales","category-sociales-embarcacion"],"_links":{"self":[{"href":"https:\/\/www.valenciabass.com\/index.php?rest_route=\/wp\/v2\/posts\/11580","targetHints":{"allow":["GET"]}}],"collection":[{"href":"https:\/\/www.valenciabass.com\/index.php?rest_route=\/wp\/v2\/posts"}],"about":[{"href":"https:\/\/www.valenciabass.com\/index.php?rest_route=\/wp\/v2\/types\/post"}],"author":[{"embeddable":true,"href":"https:\/\/www.valenciabass.com\/index.php?rest_route=\/wp\/v2\/users\/38"}],"replies":[{"embeddable":true,"href":"https:\/\/www.valenciabass.com\/index.php?rest_route=%2Fwp%2Fv2%2Fcomments&post=11580"}],"version-history":[{"count":4,"href":"https:\/\/www.valenciabass.com\/index.php?rest_route=\/wp\/v2\/posts\/11580\/revisions"}],"predecessor-version":[{"id":11871,"href":"https:\/\/www.valenciabass.com\/index.php?rest_route=\/wp\/v2\/posts\/11580\/revisions\/11871"}],"wp:featuredmedia":[{"embeddable":true,"href":"https:\/\/www.valenciabass.com\/index.php?rest_route=\/wp\/v2\/media\/11593"}],"wp:attachment":[{"href":"https:\/\/www.valenciabass.com\/index.php?rest_route=%2Fwp%2Fv2%2Fmedia&parent=11580"}],"wp:term":[{"taxonomy":"category","embeddable":true,"href":"https:\/\/www.valenciabass.com\/index.php?rest_route=%2Fwp%2Fv2%2Fcategories&post=11580"},{"taxonomy":"post_tag","embeddable":true,"href":"https:\/\/www.valenciabass.com\/index.php?rest_route=%2Fwp%2Fv2%2Ftags&post=11580"}],"curies":[{"name":"wp","href":"https:\/\/api.w.org\/{rel}","templated":true}]}}