{"id":11351,"date":"2019-04-19T19:14:13","date_gmt":"2019-04-19T17:14:13","guid":{"rendered":"http:\/\/www.valenciabass.com\/?p=11351"},"modified":"2019-04-19T19:14:13","modified_gmt":"2019-04-19T17:14:13","slug":"sibass-2019","status":"publish","type":"post","link":"https:\/\/www.valenciabass.com\/?p=11351","title":{"rendered":"SiBass 2019"},"content":{"rendered":"<h2>7 de marzo<\/h2>\n<p>Sobre las 15h salimos de Valencia direcci\u00f3n a Extremadura.<\/p>\n<p><img loading=\"lazy\" decoding=\"async\" src=\"http:\/\/www.valenciabass.com\/wp-content\/uploads\/Image7-4.640.png\" alt=\"\" width=\"640\" height=\"480\" class=\"aligncenter size-full wp-image-11359\" srcset=\"https:\/\/www.valenciabass.com\/wp-content\/uploads\/Image7-4.640.png 640w, https:\/\/www.valenciabass.com\/wp-content\/uploads\/Image7-4.640-300x225.png 300w, https:\/\/www.valenciabass.com\/wp-content\/uploads\/Image7-4.640-250x188.png 250w\" sizes=\"auto, (max-width: 640px) 100vw, 640px\" \/><\/p>\n<p>Nuestros compa\u00f1eros de viaje fueron David Garc\u00eda y Vicent Castellano. <\/p>\n<p><img loading=\"lazy\" decoding=\"async\" src=\"http:\/\/www.valenciabass.com\/wp-content\/uploads\/Image7-3.640.png\" alt=\"\" width=\"640\" height=\"481\" class=\"aligncenter size-full wp-image-11357\" srcset=\"https:\/\/www.valenciabass.com\/wp-content\/uploads\/Image7-3.640.png 640w, https:\/\/www.valenciabass.com\/wp-content\/uploads\/Image7-3.640-300x225.png 300w, https:\/\/www.valenciabass.com\/wp-content\/uploads\/Image7-3.640-250x188.png 250w\" sizes=\"auto, (max-width: 640px) 100vw, 640px\" \/><\/p>\n<p><img loading=\"lazy\" decoding=\"async\" src=\"http:\/\/www.valenciabass.com\/wp-content\/uploads\/Image7-1.640.png\" alt=\"\" width=\"640\" height=\"481\" class=\"aligncenter size-large wp-image-11358\" srcset=\"https:\/\/www.valenciabass.com\/wp-content\/uploads\/Image7-1.640.png 640w, https:\/\/www.valenciabass.com\/wp-content\/uploads\/Image7-1.640-300x225.png 300w, https:\/\/www.valenciabass.com\/wp-content\/uploads\/Image7-1.640-250x188.png 250w\" sizes=\"auto, (max-width: 640px) 100vw, 640px\" \/><\/p>\n<p>Tras nosotros ir\u00edan Mune y Jorge que salieron m\u00e1s tarde. <\/p>\n<p>Sobre la hora de cenar llegamos a Castilblanco, nuestro destino, donde encontramos el alojamiento donde \u00edbamos a pasar los d\u00edas que durar\u00eda la competici\u00f3n. Jorge y Mune llegar\u00edan despu\u00e9s de la cena tras dejar su barco a buen recaudo.<\/p>\n<p>Seguidamente nos dirigimos a la casa donde pernoctar\u00edamos el resto de d\u00edas.<\/p>\n<\/h2>\n<p>8 de marzo<\/h2>\n<p>Comienza el d\u00eda de entrenamiento, primeramente desinfectamos los barcos y sobre las 9:00 salimos direcci\u00f3n al pantano, pero antes paramos a repostar para lo que ten\u00eda que venir.<\/p>\n<p><img loading=\"lazy\" decoding=\"async\" src=\"http:\/\/www.valenciabass.com\/wp-content\/uploads\/Image9-7.640.png\" alt=\"\" width=\"640\" height=\"479\" class=\"aligncenter size-full wp-image-11370\" srcset=\"https:\/\/www.valenciabass.com\/wp-content\/uploads\/Image9-7.640.png 640w, https:\/\/www.valenciabass.com\/wp-content\/uploads\/Image9-7.640-300x225.png 300w, https:\/\/www.valenciabass.com\/wp-content\/uploads\/Image9-7.640-250x187.png 250w\" sizes=\"auto, (max-width: 640px) 100vw, 640px\" \/><\/p>\n<p>El d\u00eda de pesca iba a ser complicado ya que el tiempo no acompa\u00f1aba; mucho sol y nada de aire. A primera hora, conseguimos enga\u00f1ar a un pez y subirlo a la barca<\/p>\n<p><img loading=\"lazy\" decoding=\"async\" src=\"http:\/\/www.valenciabass.com\/wp-content\/uploads\/Image8-1.480.jpg\" alt=\"\" width=\"480\" height=\"639\" class=\"aligncenter size-full wp-image-11360\" srcset=\"https:\/\/www.valenciabass.com\/wp-content\/uploads\/Image8-1.480.jpg 480w, https:\/\/www.valenciabass.com\/wp-content\/uploads\/Image8-1.480-225x300.jpg 225w, https:\/\/www.valenciabass.com\/wp-content\/uploads\/Image8-1.480-250x333.jpg 250w\" sizes=\"auto, (max-width: 480px) 100vw, 480px\" \/><\/p>\n<p>Seguimos pescando, pero era complicado que picaran. Hubieron varias picadas fallidas, pero la insistencia dio sus frutos, y a mitad ma\u00f1ana conseguimos el segundo pez del d\u00eda.<\/p>\n<p><img loading=\"lazy\" decoding=\"async\" src=\"http:\/\/www.valenciabass.com\/wp-content\/uploads\/Image8-2.640.jpg\" alt=\"\" width=\"640\" height=\"481\" class=\"aligncenter size-full wp-image-11361\" srcset=\"https:\/\/www.valenciabass.com\/wp-content\/uploads\/Image8-2.640.jpg 640w, https:\/\/www.valenciabass.com\/wp-content\/uploads\/Image8-2.640-300x225.jpg 300w, https:\/\/www.valenciabass.com\/wp-content\/uploads\/Image8-2.640-250x188.jpg 250w\" sizes=\"auto, (max-width: 640px) 100vw, 640px\" \/><\/p>\n<p>Otros compa\u00f1eros como Jorge y Mune no tuvieron la misma suerte.<\/p>\n<p>Salimos del agua sobre la hora de comer y nos dirigimos a nuestra casa rural a preparar una paella junto con todos los compa\u00f1eros.<\/p>\n<p><img loading=\"lazy\" decoding=\"async\" src=\"http:\/\/www.valenciabass.com\/wp-content\/uploads\/Image9-2.640.png\" alt=\"\" width=\"640\" height=\"480\" class=\"aligncenter size-full wp-image-11362\" srcset=\"https:\/\/www.valenciabass.com\/wp-content\/uploads\/Image9-2.640.png 640w, https:\/\/www.valenciabass.com\/wp-content\/uploads\/Image9-2.640-300x225.png 300w, https:\/\/www.valenciabass.com\/wp-content\/uploads\/Image9-2.640-250x188.png 250w\" sizes=\"auto, (max-width: 640px) 100vw, 640px\" \/><\/p>\n<p>A \u00faltima hora de la tarde fuimos a Valdecaballeros a la presentaci\u00f3n de la competici\u00f3n, donde uno de nuestros compa\u00f1eros (Don Jorge Civera) era el abanderado de su patrocinador. <\/p>\n<p><img loading=\"lazy\" decoding=\"async\" src=\"http:\/\/www.valenciabass.com\/wp-content\/uploads\/Image9-3.480.jpg\" alt=\"\" width=\"480\" height=\"638\" class=\"aligncenter size-full wp-image-11363\" srcset=\"https:\/\/www.valenciabass.com\/wp-content\/uploads\/Image9-3.480.jpg 480w, https:\/\/www.valenciabass.com\/wp-content\/uploads\/Image9-3.480-226x300.jpg 226w, https:\/\/www.valenciabass.com\/wp-content\/uploads\/Image9-3.480-250x332.jpg 250w\" sizes=\"auto, (max-width: 480px) 100vw, 480px\" \/><\/p>\n<p>All\u00ed se expusieron los premios y se recogieron los dorsales. <\/p>\n<p><img loading=\"lazy\" decoding=\"async\" src=\"http:\/\/www.valenciabass.com\/wp-content\/uploads\/Image9-9.640.png\" alt=\"\" width=\"640\" height=\"480\" class=\"aligncenter size-full wp-image-11364\" srcset=\"https:\/\/www.valenciabass.com\/wp-content\/uploads\/Image9-9.640.png 640w, https:\/\/www.valenciabass.com\/wp-content\/uploads\/Image9-9.640-300x225.png 300w, https:\/\/www.valenciabass.com\/wp-content\/uploads\/Image9-9.640-250x188.png 250w\" sizes=\"auto, (max-width: 640px) 100vw, 640px\" \/><\/p>\n<h2>9 de marzo<\/h2>\n<p>Comenzamos el d\u00eda madrugando para llegar pronto al pantano y que nos dieran la salida.<\/p>\n<p><img loading=\"lazy\" decoding=\"async\" src=\"http:\/\/www.valenciabass.com\/wp-content\/uploads\/Image9-8.640-1.png\" alt=\"\" width=\"640\" height=\"479\" class=\"aligncenter size-full wp-image-11366\" srcset=\"https:\/\/www.valenciabass.com\/wp-content\/uploads\/Image9-8.640-1.png 640w, https:\/\/www.valenciabass.com\/wp-content\/uploads\/Image9-8.640-1-300x225.png 300w, https:\/\/www.valenciabass.com\/wp-content\/uploads\/Image9-8.640-1-250x187.png 250w\" sizes=\"auto, (max-width: 640px) 100vw, 640px\" \/><\/p>\n<p><img loading=\"lazy\" decoding=\"async\" src=\"http:\/\/www.valenciabass.com\/wp-content\/uploads\/IMG_20190310_092506_285.640.jpg\" alt=\"\" width=\"640\" height=\"480\" class=\"aligncenter size-large wp-image-11367\" srcset=\"https:\/\/www.valenciabass.com\/wp-content\/uploads\/IMG_20190310_092506_285.640.jpg 640w, https:\/\/www.valenciabass.com\/wp-content\/uploads\/IMG_20190310_092506_285.640-300x225.jpg 300w, https:\/\/www.valenciabass.com\/wp-content\/uploads\/IMG_20190310_092506_285.640-250x188.jpg 250w\" sizes=\"auto, (max-width: 640px) 100vw, 640px\" \/><\/p>\n<p><img loading=\"lazy\" decoding=\"async\" src=\"http:\/\/www.valenciabass.com\/wp-content\/uploads\/IMG_20190310_092451_864.640.jpg\" alt=\"\" width=\"640\" height=\"480\" class=\"aligncenter size-large wp-image-11368\" srcset=\"https:\/\/www.valenciabass.com\/wp-content\/uploads\/IMG_20190310_092451_864.640.jpg 640w, https:\/\/www.valenciabass.com\/wp-content\/uploads\/IMG_20190310_092451_864.640-300x225.jpg 300w, https:\/\/www.valenciabass.com\/wp-content\/uploads\/IMG_20190310_092451_864.640-250x188.jpg 250w\" sizes=\"auto, (max-width: 640px) 100vw, 640px\" \/><\/p>\n<p>Intuimos que el d\u00eda no iba a ser f\u00e1cil, y as\u00ed fue. Los peces estaban inactivos y reacios a picar a cualquier se\u00f1uelo. Sin embargo, sobre el mediod\u00eda tuvimos la esperada picada de un bass de 2.315kg que supon\u00eda mi r\u00e9cord personal. <\/p>\n<p><img loading=\"lazy\" decoding=\"async\" src=\"http:\/\/www.valenciabass.com\/wp-content\/uploads\/Image9-10.640.png\" alt=\"\" width=\"640\" height=\"480\" class=\"aligncenter size-full wp-image-11369\" srcset=\"https:\/\/www.valenciabass.com\/wp-content\/uploads\/Image9-10.640.png 640w, https:\/\/www.valenciabass.com\/wp-content\/uploads\/Image9-10.640-300x225.png 300w, https:\/\/www.valenciabass.com\/wp-content\/uploads\/Image9-10.640-250x188.png 250w\" sizes=\"auto, (max-width: 640px) 100vw, 640px\" \/><\/p>\n<p>Le di un abrazo a mi compa\u00f1ero, \u00a1qu\u00e9 por poco le saco los ojos! Fue el primero y el \u00fanico pez del d\u00eda.<\/p>\n<p><img loading=\"lazy\" decoding=\"async\" src=\"http:\/\/www.valenciabass.com\/wp-content\/uploads\/Image9-11.640.png\" alt=\"\" width=\"640\" height=\"648\" class=\"aligncenter size-full wp-image-11372\" srcset=\"https:\/\/www.valenciabass.com\/wp-content\/uploads\/Image9-11.640.png 640w, https:\/\/www.valenciabass.com\/wp-content\/uploads\/Image9-11.640-296x300.png 296w, https:\/\/www.valenciabass.com\/wp-content\/uploads\/Image9-11.640-250x253.png 250w\" sizes=\"auto, (max-width: 640px) 100vw, 640px\" \/><\/p>\n<p>Despu\u00e9s del pesaje nos fuimos a casa a descansar un rato, para por la noche ir a cenar todos juntos y comentar como se nos di\u00f3 el d\u00eda de pesca en estas aguas extreme\u00f1as. <\/p>\n<p><img loading=\"lazy\" decoding=\"async\" src=\"http:\/\/www.valenciabass.com\/wp-content\/uploads\/Image10-4.640.jpg\" alt=\"\" width=\"640\" height=\"480\" class=\"aligncenter size-full wp-image-11373\" srcset=\"https:\/\/www.valenciabass.com\/wp-content\/uploads\/Image10-4.640.jpg 640w, https:\/\/www.valenciabass.com\/wp-content\/uploads\/Image10-4.640-300x225.jpg 300w, https:\/\/www.valenciabass.com\/wp-content\/uploads\/Image10-4.640-250x188.jpg 250w\" sizes=\"auto, (max-width: 640px) 100vw, 640px\" \/><\/p>\n<h2>10 de marzo<\/h2>\n<p>Llega el \u00faltimo d\u00eda de la competici\u00f3n, y nos presentamos en el pantano bien pronto, y nuestra sorpresa fue la intensa niebla que cubr\u00eda el pantano, con lo cual, la organizaci\u00f3n decidi\u00f3 retrasar la salida una hora y media. La foto lo dice todo. <\/p>\n<p><img loading=\"lazy\" decoding=\"async\" src=\"http:\/\/www.valenciabass.com\/wp-content\/uploads\/Image10-5.640.jpg\" alt=\"\" width=\"640\" height=\"481\" class=\"aligncenter size-full wp-image-11374\" srcset=\"https:\/\/www.valenciabass.com\/wp-content\/uploads\/Image10-5.640.jpg 640w, https:\/\/www.valenciabass.com\/wp-content\/uploads\/Image10-5.640-300x225.jpg 300w, https:\/\/www.valenciabass.com\/wp-content\/uploads\/Image10-5.640-250x188.jpg 250w\" sizes=\"auto, (max-width: 640px) 100vw, 640px\" \/><\/p>\n<p>La pesca fue dif\u00edcil y no encontramos un patr\u00f3n a seguir. Se vieron mucho peces, pero no conseguimos enga\u00f1ar a ninguno. Nuestros compa\u00f1eros, Jorge y Mune, consiguieron sacar su \u00fanico pez de la SiBass.<\/p>\n<p><img loading=\"lazy\" decoding=\"async\" src=\"http:\/\/www.valenciabass.com\/wp-content\/uploads\/IMG_20190310_121313_586.640.jpg\" alt=\"\" width=\"640\" height=\"480\" class=\"aligncenter size-full wp-image-11375\" srcset=\"https:\/\/www.valenciabass.com\/wp-content\/uploads\/IMG_20190310_121313_586.640.jpg 640w, https:\/\/www.valenciabass.com\/wp-content\/uploads\/IMG_20190310_121313_586.640-300x225.jpg 300w, https:\/\/www.valenciabass.com\/wp-content\/uploads\/IMG_20190310_121313_586.640-250x188.jpg 250w\" sizes=\"auto, (max-width: 640px) 100vw, 640px\" \/><\/p>\n<p>As\u00ed que decidimos salir del agua sobre las 14:30 y comer lo que hab\u00eda preparado la organizaci\u00f3n.<br \/>\nTras esto, nos despedimos de Garc\u00eda Sola y emprendimos un largo camino hasta Valencia llevando como paquete a Jorge, que dej\u00f3 barco y coche en Valdecaballeros.<\/p>\n","protected":false},"excerpt":{"rendered":"<p>7 de marzo Sobre las 15h salimos de Valencia direcci\u00f3n a Extremadura. Nuestros compa\u00f1eros de viaje fueron David Garc\u00eda y Vicent Castellano. Tras nosotros ir\u00edan Mune y Jorge que salieron m\u00e1s tarde. Sobre la hora de cenar llegamos a Castilblanco, <span class=\"excerpt-dots\">&hellip;<\/span> <a class=\"more-link\" href=\"https:\/\/www.valenciabass.com\/?p=11351\"><span class=\"more-msg\">Sigue leyendo &rarr;<\/span><\/a><\/p>\n","protected":false},"author":2,"featured_media":11372,"comment_status":"closed","ping_status":"closed","sticky":false,"template":"","format":"standard","meta":{"_monsterinsights_skip_tracking":false,"_monsterinsights_sitenote_active":false,"_monsterinsights_sitenote_note":"","_monsterinsights_sitenote_category":0,"ngg_post_thumbnail":0,"footnotes":""},"categories":[5,26,35,13,14,43],"tags":[],"class_list":["post-11351","post","type-post","status-publish","format-standard","has-post-thumbnail","hentry","category-competiciones","category-cronicas","category-escenario","category-externas","category-externas-embarcacion","category-otros"],"_links":{"self":[{"href":"https:\/\/www.valenciabass.com\/index.php?rest_route=\/wp\/v2\/posts\/11351","targetHints":{"allow":["GET"]}}],"collection":[{"href":"https:\/\/www.valenciabass.com\/index.php?rest_route=\/wp\/v2\/posts"}],"about":[{"href":"https:\/\/www.valenciabass.com\/index.php?rest_route=\/wp\/v2\/types\/post"}],"author":[{"embeddable":true,"href":"https:\/\/www.valenciabass.com\/index.php?rest_route=\/wp\/v2\/users\/2"}],"replies":[{"embeddable":true,"href":"https:\/\/www.valenciabass.com\/index.php?rest_route=%2Fwp%2Fv2%2Fcomments&post=11351"}],"version-history":[{"count":7,"href":"https:\/\/www.valenciabass.com\/index.php?rest_route=\/wp\/v2\/posts\/11351\/revisions"}],"predecessor-version":[{"id":11376,"href":"https:\/\/www.valenciabass.com\/index.php?rest_route=\/wp\/v2\/posts\/11351\/revisions\/11376"}],"wp:featuredmedia":[{"embeddable":true,"href":"https:\/\/www.valenciabass.com\/index.php?rest_route=\/wp\/v2\/media\/11372"}],"wp:attachment":[{"href":"https:\/\/www.valenciabass.com\/index.php?rest_route=%2Fwp%2Fv2%2Fmedia&parent=11351"}],"wp:term":[{"taxonomy":"category","embeddable":true,"href":"https:\/\/www.valenciabass.com\/index.php?rest_route=%2Fwp%2Fv2%2Fcategories&post=11351"},{"taxonomy":"post_tag","embeddable":true,"href":"https:\/\/www.valenciabass.com\/index.php?rest_route=%2Fwp%2Fv2%2Ftags&post=11351"}],"curies":[{"name":"wp","href":"https:\/\/api.w.org\/{rel}","templated":true}]}}