{"id":11327,"date":"2019-04-03T18:54:25","date_gmt":"2019-04-03T16:54:25","guid":{"rendered":"http:\/\/www.valenciabass.com\/?p=11327"},"modified":"2019-04-08T23:42:24","modified_gmt":"2019-04-08T21:42:24","slug":"1er-social-liga-valencia-bass-club-31-de-marzo","status":"publish","type":"post","link":"https:\/\/www.valenciabass.com\/?p=11327","title":{"rendered":"1er Social 25\u00ba Aniversario"},"content":{"rendered":"<p>Tras el paso del invierno, no hab\u00eda rastro de los \u201cCaminantes Blancos\u201d y hab\u00eda llegado el momento que empezara una nueva lucha por alcanzar el \u201cTrono de Hierro\u201d, la Liga de embarcaci\u00f3n del Valencia Bass abr\u00eda el tel\u00f3n!!<\/p>\n<p>Como si de un periodo de fichajes de f\u00fatbol se tratara, en las semanas previas al comienzo de la liga, el \u201cmercado\u201d estuvo movidito ya que se produjeron una serie de cambios en varias de las parejas de competici\u00f3n, form\u00e1ndose nuevas alianzas en busca de conseguir el objetivo que se hubiera marcado cada pareja. Por el contrario, tambi\u00e9n hubo parejas cl\u00e1sicas que han optado por no competir este a\u00f1o y a las que se echar\u00e1 de menos.<\/p>\n<p>Este a\u00f1o estamos todos de celebraci\u00f3n por ser un a\u00f1o especial para el club ya que se cumplen 25 a\u00f1os desde su fundaci\u00f3n!!<\/p>\n<p>El primero de los sociales estaba previsto para el domingo 31 de marzo. Para algunos, ser\u00eda la primera competici\u00f3n del a\u00f1o mientras que, para otros, ya habr\u00edan abierto fuego en el Auton\u00f3mico de finales de febrero, en la SIBASS y \/o en el Campeonato de Espa\u00f1a de Garc\u00eda Sola, celebrado hac\u00eda apenas una semana.<\/p>\n<p style=\"text-align: center\"><a href=\"http:\/\/www.valenciabass.com\/wp-content\/uploads\/2-1.jpg\"><img loading=\"lazy\" decoding=\"async\" class=\"alignnone size-medium wp-image-10824\" src=\"http:\/\/www.valenciabass.com\/wp-content\/uploads\/2-1-300x225.jpg\" alt=\"\" width=\"300\" height=\"225\" srcset=\"https:\/\/www.valenciabass.com\/wp-content\/uploads\/2-1-300x225.jpg 300w, https:\/\/www.valenciabass.com\/wp-content\/uploads\/2-1-768x576.jpg 768w, https:\/\/www.valenciabass.com\/wp-content\/uploads\/2-1-1024x768.jpg 1024w, https:\/\/www.valenciabass.com\/wp-content\/uploads\/2-1-250x188.jpg 250w, https:\/\/www.valenciabass.com\/wp-content\/uploads\/2-1-940x705.jpg 940w, https:\/\/www.valenciabass.com\/wp-content\/uploads\/2-1.jpg 1600w\" sizes=\"auto, (max-width: 300px) 100vw, 300px\" \/><\/a><\/p>\n<p>Este primer social del a\u00f1o suele ser un social en el que, generalmente, suelen sacarse pocos basses pero de un tama\u00f1o bastante grande. El a\u00f1o pasado ya se sac\u00f3 la pieza mayor del a\u00f1o en este social y ahora era una buena oportunidad para intentarlo.<\/p>\n<p>Por desgracia, este social pasar\u00e1 a la historia del club por una serie de desgracias que se produjeron y que m\u00e1s tarde comentaremos.<\/p>\n<p>El destino, caprichoso como \u00e9l solo, quiso que este primer social se celebrara bajo una lluvia ininterrumpida, lo que contrastaba con los meses que hac\u00eda que no llov\u00eda. La lluvia no quiso llegar sola y vino acompa\u00f1ada de temperaturas bajas que provocaron que la competici\u00f3n se celebrara bajo unas condiciones muy duras que tuvieron que sufrir todos los participantes.<\/p>\n<p>Tras darse la salida, parece que la inmensa mayor\u00eda de participantes, optamos por empezar en la zona del Ral \/ Prebet\u00f3n. Durante las primeras horas, se vio poco movimiento de barcos. Hubo algunos equipos que s\u00ed que consiguieron capturas en la primera hora de la ma\u00f1ana mientras que otros tuvieron que esperar a que el d\u00eda avanzara.<\/p>\n<p>Como suele ser habitual, la alegr\u00eda suele ir por barrios. Al pesaje llegaron tanto equipos con cupo como equipos con bolo. Finalmente, una de las nuevas parejas formadas recientemente, fue la que se llev\u00f3 el gato al agua: David Garc\u00eda y V\u00edctor Cuevas, que no solamente ganaron la manga sino que adem\u00e1s sacaron la pieza mayor del social y, qui\u00e9n sabe si de toda la temporada, con un bass de 2670gr y un peso total en 4 basses de 6780gr.<\/p>\n<p style=\"text-align: center\"><a href=\"http:\/\/www.valenciabass.com\/wp-content\/uploads\/davidvictor.jpg\"><img loading=\"lazy\" decoding=\"async\" class=\"alignnone size-medium wp-image-11323\" src=\"http:\/\/www.valenciabass.com\/wp-content\/uploads\/davidvictor-300x225.jpg\" alt=\"\" width=\"300\" height=\"225\" srcset=\"https:\/\/www.valenciabass.com\/wp-content\/uploads\/davidvictor-300x225.jpg 300w, https:\/\/www.valenciabass.com\/wp-content\/uploads\/davidvictor-768x576.jpg 768w, https:\/\/www.valenciabass.com\/wp-content\/uploads\/davidvictor-1024x768.jpg 1024w, https:\/\/www.valenciabass.com\/wp-content\/uploads\/davidvictor-250x188.jpg 250w, https:\/\/www.valenciabass.com\/wp-content\/uploads\/davidvictor-940x705.jpg 940w, https:\/\/www.valenciabass.com\/wp-content\/uploads\/davidvictor.jpg 1600w\" sizes=\"auto, (max-width: 300px) 100vw, 300px\" \/><\/a><\/p>\n<p>En segunda posici\u00f3n, con cupo, quedaron Seraf\u00edn Mendoza Jr. y David P\u00e9rez, con un peso de 6180gr.<\/p>\n<p style=\"text-align: center\"><a href=\"http:\/\/www.valenciabass.com\/wp-content\/uploads\/serafindavid.jpg\"><img loading=\"lazy\" decoding=\"async\" class=\"alignnone size-medium wp-image-11320\" src=\"http:\/\/www.valenciabass.com\/wp-content\/uploads\/serafindavid-300x225.jpg\" alt=\"\" width=\"300\" height=\"225\" srcset=\"https:\/\/www.valenciabass.com\/wp-content\/uploads\/serafindavid-300x225.jpg 300w, https:\/\/www.valenciabass.com\/wp-content\/uploads\/serafindavid-768x576.jpg 768w, https:\/\/www.valenciabass.com\/wp-content\/uploads\/serafindavid-1024x768.jpg 1024w, https:\/\/www.valenciabass.com\/wp-content\/uploads\/serafindavid-250x188.jpg 250w, https:\/\/www.valenciabass.com\/wp-content\/uploads\/serafindavid-940x705.jpg 940w, https:\/\/www.valenciabass.com\/wp-content\/uploads\/serafindavid.jpg 1600w\" sizes=\"auto, (max-width: 300px) 100vw, 300px\" \/><\/a><\/p>\n<p>En tercera posici\u00f3n, tambi\u00e9n con cupo, quedaron Cristian Casanoves y Cisco Segarra, con un peso de 5990gr.<\/p>\n<p style=\"text-align: center\"><a href=\"http:\/\/www.valenciabass.com\/wp-content\/uploads\/cisco.jpg\"><img loading=\"lazy\" decoding=\"async\" class=\"alignnone size-medium wp-image-11328\" src=\"http:\/\/www.valenciabass.com\/wp-content\/uploads\/cisco-225x300.jpg\" alt=\"\" width=\"225\" height=\"300\" srcset=\"https:\/\/www.valenciabass.com\/wp-content\/uploads\/cisco-225x300.jpg 225w, https:\/\/www.valenciabass.com\/wp-content\/uploads\/cisco-768x1024.jpg 768w, https:\/\/www.valenciabass.com\/wp-content\/uploads\/cisco-250x333.jpg 250w, https:\/\/www.valenciabass.com\/wp-content\/uploads\/cisco-940x1253.jpg 940w, https:\/\/www.valenciabass.com\/wp-content\/uploads\/cisco.jpg 1200w\" sizes=\"auto, (max-width: 225px) 100vw, 225px\" \/><\/a><\/p>\n<p>En cuarta posici\u00f3n, con 3 basses, qued\u00f3 otra de las nuevas parejas, Vicent Castellano y Jos\u00e9 Vicente Garc\u00eda \u201cMorete\u201d, que pesaron 5490gr.<\/p>\n<p style=\"text-align: center\"><a href=\"http:\/\/www.valenciabass.com\/wp-content\/uploads\/moretevicent.jpg\"><img loading=\"lazy\" decoding=\"async\" class=\"alignnone size-medium wp-image-11324\" src=\"http:\/\/www.valenciabass.com\/wp-content\/uploads\/moretevicent-225x300.jpg\" alt=\"\" width=\"225\" height=\"300\" srcset=\"https:\/\/www.valenciabass.com\/wp-content\/uploads\/moretevicent-225x300.jpg 225w, https:\/\/www.valenciabass.com\/wp-content\/uploads\/moretevicent-768x1024.jpg 768w, https:\/\/www.valenciabass.com\/wp-content\/uploads\/moretevicent-250x333.jpg 250w, https:\/\/www.valenciabass.com\/wp-content\/uploads\/moretevicent-940x1253.jpg 940w, https:\/\/www.valenciabass.com\/wp-content\/uploads\/moretevicent.jpg 1200w\" sizes=\"auto, (max-width: 225px) 100vw, 225px\" \/><\/a><\/p>\n<p>En quinta posici\u00f3n, con 1 bass de 2050gr., quedaron M. Gardo y J.V. Vadillo.<\/p>\n<p>En sexta posici\u00f3n, con un peso de 1830gr. y 2 basses, quedaron J. Solaz y E. Vilanova.<\/p>\n<p>En s\u00e9ptima posici\u00f3n, otra de las nuevas parejas, Fede Romeu \u201cel xic m\u00e9s dol\u00e7 del club\u201d y David Baides con dos basses y un peso de 1700gr.<\/p>\n<p style=\"text-align: center\"><a href=\"http:\/\/www.valenciabass.com\/wp-content\/uploads\/fedebaides.jpg\"><img loading=\"lazy\" decoding=\"async\" class=\"alignnone size-medium wp-image-11326\" src=\"http:\/\/www.valenciabass.com\/wp-content\/uploads\/fedebaides-300x225.jpg\" alt=\"\" width=\"300\" height=\"225\" srcset=\"https:\/\/www.valenciabass.com\/wp-content\/uploads\/fedebaides-300x225.jpg 300w, https:\/\/www.valenciabass.com\/wp-content\/uploads\/fedebaides-768x576.jpg 768w, https:\/\/www.valenciabass.com\/wp-content\/uploads\/fedebaides-1024x768.jpg 1024w, https:\/\/www.valenciabass.com\/wp-content\/uploads\/fedebaides-250x188.jpg 250w, https:\/\/www.valenciabass.com\/wp-content\/uploads\/fedebaides-940x705.jpg 940w, https:\/\/www.valenciabass.com\/wp-content\/uploads\/fedebaides.jpg 1600w\" sizes=\"auto, (max-width: 300px) 100vw, 300px\" \/><\/a><\/p>\n<p>Por \u00faltimo, la \u00faltima pareja que consigui\u00f3 puntuar con un bass de 1530gr. fue la formada por Iv\u00e1n Almerich y Juan Miguel Romeu.<\/p>\n<p>Por tanto, la clasificaci\u00f3n actual es la siguiente:<\/p>\n<p style=\"text-align: center\"><a href=\"http:\/\/www.valenciabass.com\/wp-content\/uploads\/clasificacion.jpg\"><img loading=\"lazy\" decoding=\"async\" class=\"alignnone size-medium wp-image-11322\" src=\"http:\/\/www.valenciabass.com\/wp-content\/uploads\/clasificacion-300x225.jpg\" alt=\"\" width=\"300\" height=\"225\" srcset=\"https:\/\/www.valenciabass.com\/wp-content\/uploads\/clasificacion-300x225.jpg 300w, https:\/\/www.valenciabass.com\/wp-content\/uploads\/clasificacion-768x576.jpg 768w, https:\/\/www.valenciabass.com\/wp-content\/uploads\/clasificacion-1024x768.jpg 1024w, https:\/\/www.valenciabass.com\/wp-content\/uploads\/clasificacion-250x188.jpg 250w, https:\/\/www.valenciabass.com\/wp-content\/uploads\/clasificacion-940x705.jpg 940w, https:\/\/www.valenciabass.com\/wp-content\/uploads\/clasificacion.jpg 1600w\" sizes=\"auto, (max-width: 300px) 100vw, 300px\" \/><\/a><\/p>\n<p>Tras el pesaje, se hizo entrega a los ganadores del social y de la pieza mayor de los premios otorgados por uno de los patrocinadores de la Liga, El Rinc\u00f3n del Pescador, en la figura de Jorge Garc\u00eda (Garper Fishing), distribuidor de las marcas Westin, Seaspin, Climax y FishAction, que obsequi\u00f3 con dos ca\u00f1as Westin W3 Bass y un vale de 50 euros a consumir en las anteriores marcas citadas. Gracias!!<\/p>\n<p style=\"text-align: center\"><a href=\"http:\/\/www.valenciabass.com\/wp-content\/uploads\/premios.jpg\"><img loading=\"lazy\" decoding=\"async\" class=\"alignnone size-medium wp-image-11325\" src=\"http:\/\/www.valenciabass.com\/wp-content\/uploads\/premios-300x225.jpg\" alt=\"\" width=\"300\" height=\"225\" srcset=\"https:\/\/www.valenciabass.com\/wp-content\/uploads\/premios-300x225.jpg 300w, https:\/\/www.valenciabass.com\/wp-content\/uploads\/premios-768x576.jpg 768w, https:\/\/www.valenciabass.com\/wp-content\/uploads\/premios-1024x768.jpg 1024w, https:\/\/www.valenciabass.com\/wp-content\/uploads\/premios-250x188.jpg 250w, https:\/\/www.valenciabass.com\/wp-content\/uploads\/premios-940x705.jpg 940w, https:\/\/www.valenciabass.com\/wp-content\/uploads\/premios.jpg 1600w\" sizes=\"auto, (max-width: 300px) 100vw, 300px\" \/><\/a><\/p>\n<p>Tal y como se comentaba anteriormente, este social fue un social lleno de desgracias. Hubo de todo. Desde equipos que abandonaron la competici\u00f3n calados hasta los huesos, pasando por equipos que rompieron o perdieron alguna ca\u00f1a.<\/p>\n<p>Lo m\u00e1s curioso (por decir algo) fue una cadena de desgracias. Hubo un equipo (Vicent y Morete) que perdi\u00f3 uno de los chalecos salvavidas durante el trayecto desde el pesaje al embarcadero y, otra pareja que lo vio (Solaz y Vilanova), par\u00f3 a recogerlo y, justo en ese momento, tuvo una aver\u00eda en el motor de explosi\u00f3n, teniendo que ser remolcado hasta el embarcadero. Esa pareja que remolc\u00f3 amablemente a la otra (Fede y Baides), se vio envuelto en otro incidente de vuelta a casa como consecuencia de lo mojada que estaba la carretera. Por suerte, no hubo que lamentar da\u00f1os personales aunque s\u00ed materiales.<\/p>\n<p style=\"text-align: center\"><a href=\"http:\/\/www.valenciabass.com\/wp-content\/uploads\/accidentefede.jpg\"><img loading=\"lazy\" decoding=\"async\" class=\"alignnone wp-image-11321\" src=\"http:\/\/www.valenciabass.com\/wp-content\/uploads\/accidentefede-169x300.jpg\" alt=\"\" width=\"205\" height=\"364\" srcset=\"https:\/\/www.valenciabass.com\/wp-content\/uploads\/accidentefede-169x300.jpg 169w, https:\/\/www.valenciabass.com\/wp-content\/uploads\/accidentefede-768x1365.jpg 768w, https:\/\/www.valenciabass.com\/wp-content\/uploads\/accidentefede-576x1024.jpg 576w, https:\/\/www.valenciabass.com\/wp-content\/uploads\/accidentefede-250x444.jpg 250w, https:\/\/www.valenciabass.com\/wp-content\/uploads\/accidentefede.jpg 900w\" sizes=\"auto, (max-width: 205px) 100vw, 205px\" \/><\/a><\/p>\n<p>La desgracia m\u00e1s grande que sucedi\u00f3 el d\u00eda del social fue la ca\u00edda al agua de un compa\u00f1ero mientras pescaba que hab\u00eda acudido en solitario a la competici\u00f3n. Este compa\u00f1ero tuvo la mala fortuna de caer al agua con una especie de vadeador puesto que se le llen\u00f3 de agua y le imped\u00eda poder subir al barco. Seg\u00fan \u00e9l mismo coment\u00f3, estuvo alrededor de unos 20 minutos en el agua hasta que unos compa\u00f1eros (Cristian y Cisco) lo vieron mientras navegaban en la barca y acudieron en su rescate, llev\u00e1ndolo al coche para que pudiera cambiarse de ropa y entrar en calor, dejando de lado la competici\u00f3n y centr\u00e1ndose en la parte humana. Bravo chicos!! Sois un gran ejemplo a seguir!! Tambi\u00e9n colaboraron en esta misi\u00f3n Sebas y V\u00edctor Hern\u00e1ndez que hab\u00edan acudido al embarcadero aportando m\u00e1s ropa de abrigo.<\/p>\n<p>Todas las desgracias anteriores, deber\u00edan servirnos como ejemplo. Por una parte, la responsabilidad y cuidado que debemos tener cada uno de nosotros, m\u00e1s a\u00fan haci\u00e9ndolo en solitario, poniendo en riesgo la vida innecesariamente ante situaciones de este tipo. Por otra parte, el ejemplo de solidaridad de todos y cada uno de los compa\u00f1eros que se vieron involucrados en las diferentes situaciones, demostrando unos valores que son los que se deben transmitir.<\/p>\n<p><strong><u>Moraleja:<\/u><\/strong> La pesca y la competici\u00f3n son un hobby, debiendo ser conscientes de lo que es realmente importante. Valores como el respeto, el compa\u00f1erismo y la solidaridad son valores que deber\u00edamos tener siempre presentes.<\/p>\n<p>Creo que ha quedado demostrado que en el Valencia Bass, somos m\u00e1s que un club de pesca. Gracias a todos por formar parte de \u00e9l!!<\/p>\n<p>&nbsp;<\/p>\n<p>&nbsp;<\/p>\n","protected":false},"excerpt":{"rendered":"<p>Tras el paso del invierno, no hab\u00eda rastro de los \u201cCaminantes Blancos\u201d y hab\u00eda llegado el momento que empezara una nueva lucha por alcanzar el \u201cTrono de Hierro\u201d, la Liga de embarcaci\u00f3n del Valencia Bass abr\u00eda el tel\u00f3n!! Como si <span class=\"excerpt-dots\">&hellip;<\/span> <a class=\"more-link\" href=\"https:\/\/www.valenciabass.com\/?p=11327\"><span class=\"more-msg\">Sigue leyendo &rarr;<\/span><\/a><\/p>\n","protected":false},"author":38,"featured_media":11323,"comment_status":"closed","ping_status":"closed","sticky":false,"template":"","format":"standard","meta":{"_monsterinsights_skip_tracking":false,"_monsterinsights_sitenote_active":false,"_monsterinsights_sitenote_note":"","_monsterinsights_sitenote_category":0,"ngg_post_thumbnail":0,"footnotes":""},"categories":[5,26,1,17,10,12],"tags":[],"class_list":["post-11327","post","type-post","status-publish","format-standard","has-post-thumbnail","hentry","category-competiciones","category-cronicas","category-noticias","category-noticias-club","category-sociales","category-sociales-embarcacion"],"_links":{"self":[{"href":"https:\/\/www.valenciabass.com\/index.php?rest_route=\/wp\/v2\/posts\/11327","targetHints":{"allow":["GET"]}}],"collection":[{"href":"https:\/\/www.valenciabass.com\/index.php?rest_route=\/wp\/v2\/posts"}],"about":[{"href":"https:\/\/www.valenciabass.com\/index.php?rest_route=\/wp\/v2\/types\/post"}],"author":[{"embeddable":true,"href":"https:\/\/www.valenciabass.com\/index.php?rest_route=\/wp\/v2\/users\/38"}],"replies":[{"embeddable":true,"href":"https:\/\/www.valenciabass.com\/index.php?rest_route=%2Fwp%2Fv2%2Fcomments&post=11327"}],"version-history":[{"count":5,"href":"https:\/\/www.valenciabass.com\/index.php?rest_route=\/wp\/v2\/posts\/11327\/revisions"}],"predecessor-version":[{"id":11334,"href":"https:\/\/www.valenciabass.com\/index.php?rest_route=\/wp\/v2\/posts\/11327\/revisions\/11334"}],"wp:featuredmedia":[{"embeddable":true,"href":"https:\/\/www.valenciabass.com\/index.php?rest_route=\/wp\/v2\/media\/11323"}],"wp:attachment":[{"href":"https:\/\/www.valenciabass.com\/index.php?rest_route=%2Fwp%2Fv2%2Fmedia&parent=11327"}],"wp:term":[{"taxonomy":"category","embeddable":true,"href":"https:\/\/www.valenciabass.com\/index.php?rest_route=%2Fwp%2Fv2%2Fcategories&post=11327"},{"taxonomy":"post_tag","embeddable":true,"href":"https:\/\/www.valenciabass.com\/index.php?rest_route=%2Fwp%2Fv2%2Ftags&post=11327"}],"curies":[{"name":"wp","href":"https:\/\/api.w.org\/{rel}","templated":true}]}}