{"id":10822,"date":"2018-06-28T21:42:24","date_gmt":"2018-06-28T19:42:24","guid":{"rendered":"http:\/\/www.valenciabass.com\/?p=10822"},"modified":"2018-07-03T13:42:18","modified_gmt":"2018-07-03T11:42:18","slug":"2o-social-liga-vbc-24-junio-2018","status":"publish","type":"post","link":"https:\/\/www.valenciabass.com\/?p=10822","title":{"rendered":"2\u00ba Concurso Social"},"content":{"rendered":"<p>Tras 3 largos meses de espera sin competiciones sociales, lleg\u00f3 el d\u00eda de sentir el gusanillo de la competici\u00f3n, de esos momentos de incertidumbre&#8230; \u00bfVamos hacia el Ral o hacia los ca\u00f1ones de la presa? \u00bfNos la jugamos a pescar r\u00e1pido o vamos a pescar a conciencia esta zona? Probablemente estas fueron preguntas que estaban presentes en muchas de las embarcaciones participantes.<\/p>\n<p>La \u00e9poca de la postfreza es una \u00e9poca de transici\u00f3n muy complicada en la que se pueden encontrar peces en diferentes patrones seg\u00fan est\u00e9n m\u00e1s o menos avanzados, lo que incrementa las dudas sobre cu\u00e1l es la mejor forma de intentar enga\u00f1arlos.<\/p>\n<p>Esta pasada primavera hab\u00eda sido menos c\u00e1lida que la media de los \u00faltimos a\u00f1os a lo que, unido a las constantes subidas y bajadas del embalse, ha supuesto que los basses hayan estado m\u00e1s retrasados que lo que suele ser habitual. Durante los entrenamientos de la semana anterior se pudo comprobar esto ya que hab\u00eda algunas nubes de alevines con el macho cerca as\u00ed como parejas de basses todav\u00eda preparando nidos. Los entrenamientos fueron mejor o peor en funci\u00f3n de las embarcaciones pero, en ning\u00fan caso, se consiguieron grandes cupos, m\u00e1s bien lo contrario.<\/p>\n<p style=\"text-align: center;\"><a href=\"http:\/\/www.valenciabass.com\/wp-content\/uploads\/IMG-20180625-WA0034.jpg\"><img loading=\"lazy\" decoding=\"async\" class=\"aligncenter wp-image-10823 size-large\" src=\"http:\/\/www.valenciabass.com\/wp-content\/uploads\/IMG-20180625-WA0034-1024x768.jpg\" alt=\"\" width=\"640\" height=\"480\" srcset=\"https:\/\/www.valenciabass.com\/wp-content\/uploads\/IMG-20180625-WA0034-1024x768.jpg 1024w, https:\/\/www.valenciabass.com\/wp-content\/uploads\/IMG-20180625-WA0034-300x225.jpg 300w, https:\/\/www.valenciabass.com\/wp-content\/uploads\/IMG-20180625-WA0034-768x576.jpg 768w, https:\/\/www.valenciabass.com\/wp-content\/uploads\/IMG-20180625-WA0034-250x188.jpg 250w, https:\/\/www.valenciabass.com\/wp-content\/uploads\/IMG-20180625-WA0034-940x705.jpg 940w, https:\/\/www.valenciabass.com\/wp-content\/uploads\/IMG-20180625-WA0034.jpg 1600w\" sizes=\"auto, (max-width: 640px) 100vw, 640px\" \/><\/a><\/p>\n<p>Los instantes previos a la salida son siempre emocionantes y sin\u00f3nimo de nervios y tensi\u00f3n, nervios que se ven acrecentados cuando se escucha la tan esperada frase de Juanito, nuestro Juez, de \u00abUn minutooooooooooooo\u00bb. En esos momentos empieza la cuenta atr\u00e1s y aprietas la mano en el acelerador del motor esperando el momento.<\/p>\n<p style=\"text-align: center;\"><a href=\"http:\/\/www.valenciabass.com\/wp-content\/uploads\/2-1.jpg\"><img loading=\"lazy\" decoding=\"async\" class=\"alignnone wp-image-10824 size-large\" src=\"http:\/\/www.valenciabass.com\/wp-content\/uploads\/2-1-1024x768.jpg\" alt=\"\" width=\"640\" height=\"480\" srcset=\"https:\/\/www.valenciabass.com\/wp-content\/uploads\/2-1-1024x768.jpg 1024w, https:\/\/www.valenciabass.com\/wp-content\/uploads\/2-1-300x225.jpg 300w, https:\/\/www.valenciabass.com\/wp-content\/uploads\/2-1-768x576.jpg 768w, https:\/\/www.valenciabass.com\/wp-content\/uploads\/2-1-250x188.jpg 250w, https:\/\/www.valenciabass.com\/wp-content\/uploads\/2-1-940x705.jpg 940w, https:\/\/www.valenciabass.com\/wp-content\/uploads\/2-1.jpg 1600w\" sizes=\"auto, (max-width: 640px) 100vw, 640px\" \/><\/a><\/p>\n<p>En esta ocasi\u00f3n, los equipos que ten\u00edan n\u00famero par salieron en primer lugar. Aproximadamente, un 40% se fue en direcci\u00f3n ca\u00f1ones de la presa, otros 40% en direcci\u00f3n R\u00edo y el resto en direcci\u00f3n Ral. Era el momento de salir de dudas. Para aquellos que no pudieron ir a entrenar, \u00bfEstar\u00edan los basses tan complicados como la gente dice? Para los que hab\u00edan estado la semana anterior \u00bfEstar\u00e1n igual que la semana pasada y en los mismos sitios?<\/p>\n<p>S\u00ed que se observaron cambios significativos en el embalse con respecto a la semana anterior. El nivel del agua estaba pr\u00e1cticamente a tope, a diferencia de la semana anterior. El color del agua tampoco fue el mismo ya que hab\u00eda zonas con el agua m\u00e1s tomada que d\u00edas atr\u00e1s, lo que pudo cambiar las ideas de algunos participantes. Por \u00faltimo, la temperatura del agua era un par de grados m\u00e1s elevada. Peque\u00f1os detalles pueden provocar grandes cambios. Probablemente, algunos equipos les hubiera gustado que no hubiera cambiado nada, o tal vez s\u00ed&#8230;<\/p>\n<p>Durante el transcurso de la competici\u00f3n una pareja participante se encontr\u00f3 con una situaci\u00f3n que a ninguno nos gustar\u00eda que le pasara. Tuvieron que atender a una Nitron One (embarcaci\u00f3n no participante) que estaba por la zona de la isla del R\u00edo que se hab\u00eda quedado sin bater\u00eda y no pod\u00eda arrancar. Sobre ella iba un matrimonio joven con dos ni\u00f1os peque\u00f1os algo asustados por la situaci\u00f3n. Tuvieron suerte de encontrarse con una pareja que llevaba a bordo una herramienta que sirvi\u00f3 para arrancarles la bater\u00eda y que se pudieran ir a casa sin problemas. Se trata de un arrancador de bater\u00edas, totalmente recomendable para cualquier embarcaci\u00f3n el llevar algo de este tipo&#8230; No solamente te puedes salvar a ti mismo durante una competici\u00f3n sino que tambi\u00e9n puedes ayudar a los dem\u00e1s.<\/p>\n<p style=\"text-align: center;\"><a href=\"http:\/\/www.valenciabass.com\/wp-content\/uploads\/zz.jpg\"><img loading=\"lazy\" decoding=\"async\" class=\"alignnone wp-image-10839 size-large\" src=\"http:\/\/www.valenciabass.com\/wp-content\/uploads\/zz-1024x768.jpg\" alt=\"\" width=\"640\" height=\"480\" srcset=\"https:\/\/www.valenciabass.com\/wp-content\/uploads\/zz-1024x768.jpg 1024w, https:\/\/www.valenciabass.com\/wp-content\/uploads\/zz-300x225.jpg 300w, https:\/\/www.valenciabass.com\/wp-content\/uploads\/zz-768x576.jpg 768w, https:\/\/www.valenciabass.com\/wp-content\/uploads\/zz-250x188.jpg 250w, https:\/\/www.valenciabass.com\/wp-content\/uploads\/zz-940x705.jpg 940w, https:\/\/www.valenciabass.com\/wp-content\/uploads\/zz.jpg 1600w\" sizes=\"auto, (max-width: 640px) 100vw, 640px\" \/><\/a><\/p>\n<p>Tras haber socorrido con \u00e9xito a la familia de la Nitron, se avis\u00f3 a Juanito de la situaci\u00f3n a lo que \u00e9l les agradeci\u00f3 el gesto. Ante estas situaciones, hay que olvidar que est\u00e1s en una competici\u00f3n y hacer todo lo posible por ayudar a los dem\u00e1s. En este caso, la historia termin\u00f3 bien para todos.<\/p>\n<p>Como suele ser habitual, las horas de pesca fueron pasando muy r\u00e1pidas. Hubo algunos equipos que lograron capturas a primera hora mientras que otras no lo consiguieron hasta la parte final del concurso. Sea como fuere, todos coincidieron en que la pesca estaba francamente dif\u00edcil lo que, desgraciadamente, viene siendo habitual en Cortes en los \u00faltimos a\u00f1os en, pr\u00e1cticamente, todos los sociales.<\/p>\n<p>Tras cumplirse las 7 horas de concurso, se pudo comprobar como algunos equipos hab\u00edan logrado enga\u00f1ar a un buen n\u00famero de basses. Hubo 3 equipos que se plantaron a pesaje con 4 peces, la mayor\u00eda delgados debido al desgaste de la freza, mientras que otros 3 equipos consiguieron presentar 2 peces. El resto uno o ninguno.<\/p>\n<p>Los ganadores de este 2\u00ba social fueron Seraf\u00edn Mendoza y D. P\u00e9rez con 4 peces de tama\u00f1o muy similar que pesaron 6.210 gramos. Sin duda, dieron con la clave en una jornada muy complicada. Enhorabuena!<\/p>\n<p style=\"text-align: center;\"><a href=\"http:\/\/www.valenciabass.com\/wp-content\/uploads\/11-3.jpg\"><img loading=\"lazy\" decoding=\"async\" class=\"aligncenter wp-image-10825 size-large\" src=\"http:\/\/www.valenciabass.com\/wp-content\/uploads\/11-3-1024x575.jpg\" alt=\"\" width=\"640\" height=\"359\" srcset=\"https:\/\/www.valenciabass.com\/wp-content\/uploads\/11-3-1024x575.jpg 1024w, https:\/\/www.valenciabass.com\/wp-content\/uploads\/11-3-300x168.jpg 300w, https:\/\/www.valenciabass.com\/wp-content\/uploads\/11-3-768x431.jpg 768w, https:\/\/www.valenciabass.com\/wp-content\/uploads\/11-3-250x140.jpg 250w, https:\/\/www.valenciabass.com\/wp-content\/uploads\/11-3-940x528.jpg 940w, https:\/\/www.valenciabass.com\/wp-content\/uploads\/11-3.jpg 1600w\" sizes=\"auto, (max-width: 640px) 100vw, 640px\" \/><\/a><\/p>\n<p>Los 2\u00ba clasificados fueron Jos\u00e9 Luis Munera \u00abMune\u00bb y Ricardo \u00abRichi\u00bb Montoya que, sin haber ido a entrenar la semana anterior, consiguieron hacerse con 4 basses que pesaron 4.080 gramos, volviendo a la senda de tan buenos resultados que protagonizaron la temporada anterior, donde se convirtieron en los \u00abRookies of the year\u00bb.<\/p>\n<p style=\"text-align: center;\"><a href=\"http:\/\/www.valenciabass.com\/wp-content\/uploads\/22-1.jpg\"><img loading=\"lazy\" decoding=\"async\" class=\"aligncenter wp-image-10826 size-large\" src=\"http:\/\/www.valenciabass.com\/wp-content\/uploads\/22-1-1024x768.jpg\" alt=\"\" width=\"640\" height=\"480\" srcset=\"https:\/\/www.valenciabass.com\/wp-content\/uploads\/22-1-1024x768.jpg 1024w, https:\/\/www.valenciabass.com\/wp-content\/uploads\/22-1-300x225.jpg 300w, https:\/\/www.valenciabass.com\/wp-content\/uploads\/22-1-768x576.jpg 768w, https:\/\/www.valenciabass.com\/wp-content\/uploads\/22-1-250x188.jpg 250w, https:\/\/www.valenciabass.com\/wp-content\/uploads\/22-1-940x705.jpg 940w, https:\/\/www.valenciabass.com\/wp-content\/uploads\/22-1.jpg 1288w\" sizes=\"auto, (max-width: 640px) 100vw, 640px\" \/><\/a><\/p>\n<p>El podio lo completaron Fede Romeu y V\u00edctor Cuevas, con otros 4 basses que pesaron 3.780 gramos. No resulta nada extra\u00f1o verlos en puestos de arriba dado que el a\u00f1o pasado rondaron esas posiciones durante muchos de los sociales.<\/p>\n<p style=\"text-align: center;\"><a href=\"http:\/\/www.valenciabass.com\/wp-content\/uploads\/33-1.jpg\"><img loading=\"lazy\" decoding=\"async\" class=\"aligncenter wp-image-10827 size-large\" src=\"http:\/\/www.valenciabass.com\/wp-content\/uploads\/33-1-1024x768.jpg\" alt=\"\" width=\"640\" height=\"480\" srcset=\"https:\/\/www.valenciabass.com\/wp-content\/uploads\/33-1-1024x768.jpg 1024w, https:\/\/www.valenciabass.com\/wp-content\/uploads\/33-1-300x225.jpg 300w, https:\/\/www.valenciabass.com\/wp-content\/uploads\/33-1-768x576.jpg 768w, https:\/\/www.valenciabass.com\/wp-content\/uploads\/33-1-250x188.jpg 250w, https:\/\/www.valenciabass.com\/wp-content\/uploads\/33-1-940x705.jpg 940w, https:\/\/www.valenciabass.com\/wp-content\/uploads\/33-1.jpg 1600w\" sizes=\"auto, (max-width: 640px) 100vw, 640px\" \/><\/a><\/p>\n<p>De tres parejas que presentaron 4 peces, pasamos a otras 3 que presentaron 2 peces. No hubo ninguna pareja que presentara 3 basses.<\/p>\n<p>Los 4\u00ba clasificados fueron Javi Villanueva y el nuevo juez auton\u00f3mico, Cristian Piqueras. Con dos bonitos basses, pesaron 3.520 gramos, con un bass de 2.100 gramos, que se convirti\u00f3 en la pieza mayor del social. Felicidades!<\/p>\n<p style=\"text-align: center;\"><a href=\"http:\/\/www.valenciabass.com\/wp-content\/uploads\/44-1.jpg\"><img loading=\"lazy\" decoding=\"async\" class=\"aligncenter wp-image-10828 size-large\" src=\"http:\/\/www.valenciabass.com\/wp-content\/uploads\/44-1-768x1024.jpg\" alt=\"\" width=\"640\" height=\"853\" srcset=\"https:\/\/www.valenciabass.com\/wp-content\/uploads\/44-1-768x1024.jpg 768w, https:\/\/www.valenciabass.com\/wp-content\/uploads\/44-1-225x300.jpg 225w, https:\/\/www.valenciabass.com\/wp-content\/uploads\/44-1-250x333.jpg 250w, https:\/\/www.valenciabass.com\/wp-content\/uploads\/44-1-940x1253.jpg 940w, https:\/\/www.valenciabass.com\/wp-content\/uploads\/44-1.jpg 1200w\" sizes=\"auto, (max-width: 640px) 100vw, 640px\" \/><\/a><\/p>\n<p>Los 5\u00ba clasificados fueron Cristian Casanoves y Francisco \u00abCisco\u00bb Segarra, que presentaron tambi\u00e9n 2 buenos peces con un peso de 3.220 gramos.<\/p>\n<p style=\"text-align: center;\"><a href=\"http:\/\/www.valenciabass.com\/wp-content\/uploads\/55.jpg\"><img loading=\"lazy\" decoding=\"async\" class=\"aligncenter wp-image-10829 size-large\" src=\"http:\/\/www.valenciabass.com\/wp-content\/uploads\/55-1024x768.jpg\" alt=\"\" width=\"640\" height=\"480\" srcset=\"https:\/\/www.valenciabass.com\/wp-content\/uploads\/55-1024x768.jpg 1024w, https:\/\/www.valenciabass.com\/wp-content\/uploads\/55-300x225.jpg 300w, https:\/\/www.valenciabass.com\/wp-content\/uploads\/55-768x576.jpg 768w, https:\/\/www.valenciabass.com\/wp-content\/uploads\/55-250x188.jpg 250w, https:\/\/www.valenciabass.com\/wp-content\/uploads\/55-940x705.jpg 940w, https:\/\/www.valenciabass.com\/wp-content\/uploads\/55.jpg 1288w\" sizes=\"auto, (max-width: 640px) 100vw, 640px\" \/><\/a><\/p>\n<p>Los 6\u00ba clasificados fueron Vicent Castellano y David Garc\u00eda, presentando 2 basses que pesaron 2.600 gramos.<\/p>\n<p style=\"text-align: center;\"><a href=\"http:\/\/www.valenciabass.com\/wp-content\/uploads\/66.jpg\"><img loading=\"lazy\" decoding=\"async\" class=\"aligncenter wp-image-10830 size-large\" src=\"http:\/\/www.valenciabass.com\/wp-content\/uploads\/66-1024x768.jpg\" alt=\"\" width=\"640\" height=\"480\" srcset=\"https:\/\/www.valenciabass.com\/wp-content\/uploads\/66-1024x768.jpg 1024w, https:\/\/www.valenciabass.com\/wp-content\/uploads\/66-300x225.jpg 300w, https:\/\/www.valenciabass.com\/wp-content\/uploads\/66-768x576.jpg 768w, https:\/\/www.valenciabass.com\/wp-content\/uploads\/66-250x188.jpg 250w, https:\/\/www.valenciabass.com\/wp-content\/uploads\/66-940x705.jpg 940w, https:\/\/www.valenciabass.com\/wp-content\/uploads\/66.jpg 1600w\" sizes=\"auto, (max-width: 640px) 100vw, 640px\" \/><\/a><\/p>\n<p>Algunos equipos m\u00e1s consiguieron llegar a pesaje con capturas. Aunque no disponemos de fotograf\u00edas de todos ellos, aqu\u00ed os ponemos algunas m\u00e1s.<\/p>\n<p>El \u00abPresi\u00bb Miguel Garc\u00eda y Berni Z\u00e1rate salvaron el siempre tan temido bolo con un buen bass. Qui\u00e9n sabe si el sombrero de paja fue el que le dio suerte!<\/p>\n<p style=\"text-align: center;\"><a href=\"http:\/\/www.valenciabass.com\/wp-content\/uploads\/ff.jpg\"><img loading=\"lazy\" decoding=\"async\" class=\"aligncenter wp-image-10831 size-large\" src=\"http:\/\/www.valenciabass.com\/wp-content\/uploads\/ff-1024x768.jpg\" alt=\"\" width=\"640\" height=\"480\" srcset=\"https:\/\/www.valenciabass.com\/wp-content\/uploads\/ff-1024x768.jpg 1024w, https:\/\/www.valenciabass.com\/wp-content\/uploads\/ff-300x225.jpg 300w, https:\/\/www.valenciabass.com\/wp-content\/uploads\/ff-768x576.jpg 768w, https:\/\/www.valenciabass.com\/wp-content\/uploads\/ff-250x188.jpg 250w, https:\/\/www.valenciabass.com\/wp-content\/uploads\/ff-940x705.jpg 940w, https:\/\/www.valenciabass.com\/wp-content\/uploads\/ff.jpg 1288w\" sizes=\"auto, (max-width: 640px) 100vw, 640px\" \/><\/a><\/p>\n<p>Jorge Civera y Javi S\u00e1nchez tambi\u00e9n consiguieron algunos puntos gracias a este bass. Javi, que vuelve a la competici\u00f3n despu\u00e9s de varios a\u00f1os, volv\u00eda con ilusi\u00f3n.<\/p>\n<p style=\"text-align: center;\"><a href=\"http:\/\/www.valenciabass.com\/wp-content\/uploads\/cc.jpg\"><img loading=\"lazy\" decoding=\"async\" class=\"alignnone wp-image-10832 size-large\" src=\"http:\/\/www.valenciabass.com\/wp-content\/uploads\/cc-768x1024.jpg\" alt=\"\" width=\"640\" height=\"853\" srcset=\"https:\/\/www.valenciabass.com\/wp-content\/uploads\/cc-768x1024.jpg 768w, https:\/\/www.valenciabass.com\/wp-content\/uploads\/cc-225x300.jpg 225w, https:\/\/www.valenciabass.com\/wp-content\/uploads\/cc-250x333.jpg 250w, https:\/\/www.valenciabass.com\/wp-content\/uploads\/cc-940x1253.jpg 940w, https:\/\/www.valenciabass.com\/wp-content\/uploads\/cc.jpg 966w\" sizes=\"auto, (max-width: 640px) 100vw, 640px\" \/><\/a><\/p>\n<p>Desde aqu\u00ed animar a todas aquellas parejas que no consiguieron presentar ning\u00fan bass. La mala suerte, por desgracia, tambi\u00e9n est\u00e1 presente en forma de p\u00e9rdida de peces, roturas, etc.<\/p>\n<p>Tras el pesaje, se hizo entrega a los ganadores&nbsp; de este social y al equipo que captur\u00f3 la pieza mayor, del premio de 50 euros en material de <a href=\"http:\/\/www.westin-fishing.com\/\" target=\"_blank\" rel=\"noopener\">Westin<\/a><span style=\"float: none; background-color: transparent; color: #292929; font-family: 'Arial',Arial,Helvetica,sans-serif; font-size: 14.4px; font-style: normal; font-variant: normal; font-weight: 400; letter-spacing: normal; text-align: left; text-decoration: none; text-indent: 0px;\">, <\/span><a href=\"http:\/\/www.seaspin.com\/\" target=\"_blank\" rel=\"noopener\">Seaspin<\/a><span style=\"float: none; background-color: transparent; color: #292929; font-family: 'Arial',Arial,Helvetica,sans-serif; font-size: 14.4px; font-style: normal; font-variant: normal; font-weight: 400; letter-spacing: normal; text-align: left; text-decoration: none; text-indent: 0px;\">, <\/span><a href=\"http:\/\/www.sportex.de\/en\/\" target=\"_blank\" rel=\"noopener\">Sportex Germany<\/a><span style=\"float: none; background-color: transparent; color: #292929; font-family: 'Arial',Arial,Helvetica,sans-serif; font-size: 14.4px; font-style: normal; font-variant: normal; font-weight: 400; letter-spacing: normal; text-align: left; text-decoration: none; text-indent: 0px;\"> y <\/span><a href=\"http:\/\/climax-fishingline.de\/en\/\" target=\"_blank\" rel=\"noopener\">Climax<\/a><span style=\"float: none; background-color: transparent; color: #292929; font-family: 'Arial',Arial,Helvetica,sans-serif; font-size: 14.4px; font-style: normal; font-variant: normal; font-weight: 400; letter-spacing: normal; text-align: left; text-decoration: none; text-indent: 0px;\">.<\/span> cuyo distribuidor es Jorge \u00abGarper\u00bb Garc\u00eda, de la tienda&nbsp;<a href=\"http:\/\/www.elrincondelpescador.com\/\" target=\"_blank\" rel=\"noopener\">El Rinc\u00f3n del Pescador<\/a>.<\/p>\n<p style=\"text-align: center;\"><a href=\"http:\/\/www.valenciabass.com\/wp-content\/uploads\/p1.jpg\"><img loading=\"lazy\" decoding=\"async\" class=\"alignnone wp-image-10833 size-large\" src=\"http:\/\/www.valenciabass.com\/wp-content\/uploads\/p1-1024x768.jpg\" alt=\"\" width=\"640\" height=\"480\" srcset=\"https:\/\/www.valenciabass.com\/wp-content\/uploads\/p1-1024x768.jpg 1024w, https:\/\/www.valenciabass.com\/wp-content\/uploads\/p1-300x225.jpg 300w, https:\/\/www.valenciabass.com\/wp-content\/uploads\/p1-768x576.jpg 768w, https:\/\/www.valenciabass.com\/wp-content\/uploads\/p1-250x188.jpg 250w, https:\/\/www.valenciabass.com\/wp-content\/uploads\/p1-940x705.jpg 940w, https:\/\/www.valenciabass.com\/wp-content\/uploads\/p1.jpg 1288w\" sizes=\"auto, (max-width: 640px) 100vw, 640px\" \/><\/a>&nbsp;<a href=\"http:\/\/www.valenciabass.com\/wp-content\/uploads\/p2.jpg\"><img loading=\"lazy\" decoding=\"async\" class=\"alignnone wp-image-10834 size-large\" src=\"http:\/\/www.valenciabass.com\/wp-content\/uploads\/p2-1024x768.jpg\" alt=\"\" width=\"640\" height=\"480\" srcset=\"https:\/\/www.valenciabass.com\/wp-content\/uploads\/p2-1024x768.jpg 1024w, https:\/\/www.valenciabass.com\/wp-content\/uploads\/p2-300x225.jpg 300w, https:\/\/www.valenciabass.com\/wp-content\/uploads\/p2-768x576.jpg 768w, https:\/\/www.valenciabass.com\/wp-content\/uploads\/p2-250x188.jpg 250w, https:\/\/www.valenciabass.com\/wp-content\/uploads\/p2-940x705.jpg 940w, https:\/\/www.valenciabass.com\/wp-content\/uploads\/p2.jpg 1288w\" sizes=\"auto, (max-width: 640px) 100vw, 640px\" \/><\/a><\/p>\n<p>Esta fue la clasificaci\u00f3n del 2\u00ba social:<\/p>\n<p style=\"text-align: center;\"><a href=\"http:\/\/www.valenciabass.com\/wp-content\/uploads\/clas2.jpg\"><img loading=\"lazy\" decoding=\"async\" class=\"alignnone wp-image-10841\" src=\"http:\/\/www.valenciabass.com\/wp-content\/uploads\/clas2-300x235.jpg\" alt=\"\" width=\"640\" height=\"501\" srcset=\"https:\/\/www.valenciabass.com\/wp-content\/uploads\/clas2-300x235.jpg 300w, https:\/\/www.valenciabass.com\/wp-content\/uploads\/clas2-768x601.jpg 768w, https:\/\/www.valenciabass.com\/wp-content\/uploads\/clas2-250x196.jpg 250w, https:\/\/www.valenciabass.com\/wp-content\/uploads\/clas2.jpg 829w\" sizes=\"auto, (max-width: 640px) 100vw, 640px\" \/><\/a><\/p>\n<p>Tras este social, la clasificaci\u00f3n general provisional es la siguiente:<\/p>\n<p style=\"text-align: center;\"><a href=\"http:\/\/www.valenciabass.com\/wp-content\/uploads\/clasgeneral.jpg\"><img loading=\"lazy\" decoding=\"async\" class=\"alignnone wp-image-10842\" src=\"http:\/\/www.valenciabass.com\/wp-content\/uploads\/clasgeneral-300x226.jpg\" alt=\"\" width=\"640\" height=\"483\" srcset=\"https:\/\/www.valenciabass.com\/wp-content\/uploads\/clasgeneral-300x226.jpg 300w, https:\/\/www.valenciabass.com\/wp-content\/uploads\/clasgeneral-768x579.jpg 768w, https:\/\/www.valenciabass.com\/wp-content\/uploads\/clasgeneral-250x189.jpg 250w, https:\/\/www.valenciabass.com\/wp-content\/uploads\/clasgeneral.jpg 859w\" sizes=\"auto, (max-width: 640px) 100vw, 640px\" \/><\/a><\/p>\n<p>Como se puede observar, los primeros puestos de cabeza est\u00e1n sumamente apretados, lo que anima a los participantes a seguir luchando por mantener o mejorar las posiciones. Queda todav\u00eda mucha liga pero, actualmente, est\u00e1 muy interesante. Muchos equipos en posiciones m\u00e1s atrasadas todav\u00eda no han dicho su \u00faltima palabra y el pr\u00f3ximo doble del mes de julio promete emociones fuertes.<\/p>\n<p>Saludos y buena pesca!!<\/p>\n<p>&nbsp;<\/p>\n<p>&nbsp;<\/p>\n","protected":false},"excerpt":{"rendered":"<p>Tras 3 largos meses de espera sin competiciones sociales, lleg\u00f3 el d\u00eda de sentir el gusanillo de la competici\u00f3n, de esos momentos de incertidumbre&#8230; \u00bfVamos hacia el Ral o hacia los ca\u00f1ones de la presa? \u00bfNos la jugamos a pescar <span class=\"excerpt-dots\">&hellip;<\/span> <a class=\"more-link\" href=\"https:\/\/www.valenciabass.com\/?p=10822\"><span class=\"more-msg\">Sigue leyendo &rarr;<\/span><\/a><\/p>\n","protected":false},"author":38,"featured_media":10825,"comment_status":"closed","ping_status":"closed","sticky":false,"template":"","format":"aside","meta":{"_monsterinsights_skip_tracking":false,"_monsterinsights_sitenote_active":false,"_monsterinsights_sitenote_note":"","_monsterinsights_sitenote_category":0,"ngg_post_thumbnail":0,"footnotes":""},"categories":[26,1,12],"tags":[],"class_list":["post-10822","post","type-post","status-publish","format-aside","has-post-thumbnail","hentry","category-cronicas","category-noticias","category-sociales-embarcacion","post_format-post-format-aside"],"_links":{"self":[{"href":"https:\/\/www.valenciabass.com\/index.php?rest_route=\/wp\/v2\/posts\/10822","targetHints":{"allow":["GET"]}}],"collection":[{"href":"https:\/\/www.valenciabass.com\/index.php?rest_route=\/wp\/v2\/posts"}],"about":[{"href":"https:\/\/www.valenciabass.com\/index.php?rest_route=\/wp\/v2\/types\/post"}],"author":[{"embeddable":true,"href":"https:\/\/www.valenciabass.com\/index.php?rest_route=\/wp\/v2\/users\/38"}],"replies":[{"embeddable":true,"href":"https:\/\/www.valenciabass.com\/index.php?rest_route=%2Fwp%2Fv2%2Fcomments&post=10822"}],"version-history":[{"count":7,"href":"https:\/\/www.valenciabass.com\/index.php?rest_route=\/wp\/v2\/posts\/10822\/revisions"}],"predecessor-version":[{"id":10846,"href":"https:\/\/www.valenciabass.com\/index.php?rest_route=\/wp\/v2\/posts\/10822\/revisions\/10846"}],"wp:featuredmedia":[{"embeddable":true,"href":"https:\/\/www.valenciabass.com\/index.php?rest_route=\/wp\/v2\/media\/10825"}],"wp:attachment":[{"href":"https:\/\/www.valenciabass.com\/index.php?rest_route=%2Fwp%2Fv2%2Fmedia&parent=10822"}],"wp:term":[{"taxonomy":"category","embeddable":true,"href":"https:\/\/www.valenciabass.com\/index.php?rest_route=%2Fwp%2Fv2%2Fcategories&post=10822"},{"taxonomy":"post_tag","embeddable":true,"href":"https:\/\/www.valenciabass.com\/index.php?rest_route=%2Fwp%2Fv2%2Ftags&post=10822"}],"curies":[{"name":"wp","href":"https:\/\/api.w.org\/{rel}","templated":true}]}}