{"id":10734,"date":"2018-05-27T23:55:07","date_gmt":"2018-05-27T21:55:07","guid":{"rendered":"http:\/\/www.valenciabass.com\/?p=10734"},"modified":"2018-05-28T00:00:09","modified_gmt":"2018-05-27T22:00:09","slug":"sibass-extreme","status":"publish","type":"post","link":"https:\/\/www.valenciabass.com\/?p=10734","title":{"rendered":"SiBass Extreme"},"content":{"rendered":"<p>Todo comenz\u00f3 con una llamada de David que les hab\u00edan invitado al SiBass formando equipo Westin con Antonio e Iv\u00e1n de Bass Madrid, pero que su compa\u00f1ero Vicent no pod\u00eda asistir. As\u00ed que me pregunt\u00f3 si me gustar\u00eda ir en su lugar. Sin pens\u00e1rmelo mucho y muy agradecido le dije que por supuesto, as\u00ed empezamos a ir organizando un fin de semana que jam\u00e1s olvidaremos.<\/p>\n<p>Por mi parte nunca hab\u00eda salido apenas de Valencia, simplemente el hecho de salir fuera de pesca ya era un puntazo y encima con un pescador como David. La diversi\u00f3n estaba asegurada.<\/p>\n<p>Las semanas anteriores fuimos preparando se\u00f1uelos que all\u00ed funcionan mirando mapas, pron\u00f3sticos meteorol\u00f3gicos etc. Todo los que nos pudiese ayudar para hacer las m\u00e1ximas capturas posibles en un embalse que nunca hab\u00edamos visitado.<\/p>\n<p>Pero nuestra mejor baza fue tener all\u00ed a Antonio e Iv\u00e1n S\u00e1nchez, padre e hijo, con los cuales formar\u00edamos equipo y estuvieron entrenando y localizando zonas calientes. Las llamadas y whatsapps entre David e Iv\u00e1n flu\u00edan diariamente y as\u00ed fuimos cuajando un patr\u00f3n y una estrategia a seguir.<\/p>\n<p><img loading=\"lazy\" decoding=\"async\" src=\"http:\/\/www.valenciabass.com\/wp-content\/uploads\/IMG-20180321-WA0015.480.jpg\" alt=\"\" width=\"480\" height=\"854\" class=\"aligncenter size-full wp-image-10736\" srcset=\"https:\/\/www.valenciabass.com\/wp-content\/uploads\/IMG-20180321-WA0015.480.jpg 480w, https:\/\/www.valenciabass.com\/wp-content\/uploads\/IMG-20180321-WA0015.480-169x300.jpg 169w, https:\/\/www.valenciabass.com\/wp-content\/uploads\/IMG-20180321-WA0015.480-250x445.jpg 250w\" sizes=\"auto, (max-width: 480px) 100vw, 480px\" \/><\/p>\n<p>As\u00ed que lleg\u00f3 el d\u00eda, la competici\u00f3n se desarrollar\u00eda los d\u00edas 10 y 11 de Marzo en el embalse de Garc\u00eda Sola, teniendo la posibilidad de desinfectar el barco y entrenar el viernes hasta mediod\u00eda.<\/p>\n<p>El jueves a las 14:00h nos ve\u00edamos en la nave donde ten\u00edamos el barco despu\u00e9s de preparar todas las ca\u00f1as, aparejos y ropa de agua, hicimos una puesta a punto al remolque engrasando rodamientos, hinchando neum\u00e1ticos, etc. Salimos y sobre las 21:00h est\u00e1bamos en Sevilleja de la Jara en Toledo, en el hostal Rom\u00e1n donde nos encontramos con nuestros compa\u00f1eros, Iv\u00e1n y Toni.<\/p>\n<p>Nos juntamos para cenar los cuatro despu\u00e9s de haber guardado los barco y decidimos, a pesar del mal tiempo que marcaba para el viernes, ir a dar una vuelta por el pantano.<\/p>\n<p>A las 7:00 saliamos del hostal en direcci\u00f3n Valdecaballeros para la desinfecci\u00f3n del barco haciendo una parada de rigor en el embalse de Cijara.<\/p>\n<p><img loading=\"lazy\" decoding=\"async\" src=\"http:\/\/www.valenciabass.com\/wp-content\/uploads\/IMG-20180321-WA0016.480.jpg\" alt=\"\" width=\"480\" height=\"640\" class=\"aligncenter size-full wp-image-10738\" srcset=\"https:\/\/www.valenciabass.com\/wp-content\/uploads\/IMG-20180321-WA0016.480.jpg 480w, https:\/\/www.valenciabass.com\/wp-content\/uploads\/IMG-20180321-WA0016.480-225x300.jpg 225w, https:\/\/www.valenciabass.com\/wp-content\/uploads\/IMG-20180321-WA0016.480-250x333.jpg 250w\" sizes=\"auto, (max-width: 480px) 100vw, 480px\" \/><\/p>\n<p><img loading=\"lazy\" decoding=\"async\" src=\"http:\/\/www.valenciabass.com\/wp-content\/uploads\/IMG-20180321-WA0017.640.jpg\" alt=\"\" width=\"640\" height=\"360\" class=\"aligncenter size-full wp-image-10739\" srcset=\"https:\/\/www.valenciabass.com\/wp-content\/uploads\/IMG-20180321-WA0017.640.jpg 640w, https:\/\/www.valenciabass.com\/wp-content\/uploads\/IMG-20180321-WA0017.640-300x169.jpg 300w, https:\/\/www.valenciabass.com\/wp-content\/uploads\/IMG-20180321-WA0017.640-250x141.jpg 250w\" sizes=\"auto, (max-width: 640px) 100vw, 640px\" \/><\/p>\n<p>Sobre las 8:00h llegamos a la instalaciones donde desinfectar\u00edamos el barco.<\/p>\n<p><img loading=\"lazy\" decoding=\"async\" src=\"http:\/\/www.valenciabass.com\/wp-content\/uploads\/IMG-20180321-WA0019.640.jpg\" alt=\"\" width=\"640\" height=\"480\" class=\"aligncenter size-full wp-image-10740\" srcset=\"https:\/\/www.valenciabass.com\/wp-content\/uploads\/IMG-20180321-WA0019.640.jpg 640w, https:\/\/www.valenciabass.com\/wp-content\/uploads\/IMG-20180321-WA0019.640-300x225.jpg 300w, https:\/\/www.valenciabass.com\/wp-content\/uploads\/IMG-20180321-WA0019.640-250x188.jpg 250w\" sizes=\"auto, (max-width: 640px) 100vw, 640px\" \/><\/p>\n<p><img loading=\"lazy\" decoding=\"async\" src=\"http:\/\/www.valenciabass.com\/wp-content\/uploads\/IMG-20180321-WA0020.480.jpg\" alt=\"\" width=\"480\" height=\"640\" class=\"aligncenter size-full wp-image-10741\" srcset=\"https:\/\/www.valenciabass.com\/wp-content\/uploads\/IMG-20180321-WA0020.480.jpg 480w, https:\/\/www.valenciabass.com\/wp-content\/uploads\/IMG-20180321-WA0020.480-225x300.jpg 225w, https:\/\/www.valenciabass.com\/wp-content\/uploads\/IMG-20180321-WA0020.480-250x333.jpg 250w\" sizes=\"auto, (max-width: 480px) 100vw, 480px\" \/><\/p>\n<p><img loading=\"lazy\" decoding=\"async\" src=\"http:\/\/www.valenciabass.com\/wp-content\/uploads\/IMG-20180321-WA0018.640.jpg\" alt=\"\" width=\"640\" height=\"360\" class=\"aligncenter size-full wp-image-10742\" srcset=\"https:\/\/www.valenciabass.com\/wp-content\/uploads\/IMG-20180321-WA0018.640.jpg 640w, https:\/\/www.valenciabass.com\/wp-content\/uploads\/IMG-20180321-WA0018.640-300x169.jpg 300w, https:\/\/www.valenciabass.com\/wp-content\/uploads\/IMG-20180321-WA0018.640-250x141.jpg 250w\" sizes=\"auto, (max-width: 640px) 100vw, 640px\" \/><\/p>\n<p>Y de all\u00ed ya con el traje de agua puesto, \u00a1por fin echamos el barco al agua!<\/p>\n<p><img loading=\"lazy\" decoding=\"async\" src=\"http:\/\/www.valenciabass.com\/wp-content\/uploads\/IMG-20180321-WA0023.640.jpg\" alt=\"\" width=\"640\" height=\"360\" class=\"aligncenter size-full wp-image-10743\" srcset=\"https:\/\/www.valenciabass.com\/wp-content\/uploads\/IMG-20180321-WA0023.640.jpg 640w, https:\/\/www.valenciabass.com\/wp-content\/uploads\/IMG-20180321-WA0023.640-300x169.jpg 300w, https:\/\/www.valenciabass.com\/wp-content\/uploads\/IMG-20180321-WA0023.640-250x141.jpg 250w\" sizes=\"auto, (max-width: 640px) 100vw, 640px\" \/><\/p>\n<p><img loading=\"lazy\" decoding=\"async\" src=\"http:\/\/www.valenciabass.com\/wp-content\/uploads\/IMG-20180321-WA0024.640.jpg\" alt=\"\" width=\"640\" height=\"360\" class=\"aligncenter size-large wp-image-10744\" srcset=\"https:\/\/www.valenciabass.com\/wp-content\/uploads\/IMG-20180321-WA0024.640.jpg 640w, https:\/\/www.valenciabass.com\/wp-content\/uploads\/IMG-20180321-WA0024.640-300x169.jpg 300w, https:\/\/www.valenciabass.com\/wp-content\/uploads\/IMG-20180321-WA0024.640-250x141.jpg 250w\" sizes=\"auto, (max-width: 640px) 100vw, 640px\" \/><\/p>\n<p><img loading=\"lazy\" decoding=\"async\" src=\"http:\/\/www.valenciabass.com\/wp-content\/uploads\/IMG-20180321-WA0025.640.jpg\" alt=\"\" width=\"640\" height=\"360\" class=\"aligncenter size-large wp-image-10745\" srcset=\"https:\/\/www.valenciabass.com\/wp-content\/uploads\/IMG-20180321-WA0025.640.jpg 640w, https:\/\/www.valenciabass.com\/wp-content\/uploads\/IMG-20180321-WA0025.640-300x169.jpg 300w, https:\/\/www.valenciabass.com\/wp-content\/uploads\/IMG-20180321-WA0025.640-250x141.jpg 250w\" sizes=\"auto, (max-width: 640px) 100vw, 640px\" \/><\/p>\n<p><img loading=\"lazy\" decoding=\"async\" src=\"http:\/\/www.valenciabass.com\/wp-content\/uploads\/IMG-20180321-WA0027.640.jpg\" alt=\"\" width=\"640\" height=\"480\" class=\"aligncenter size-large wp-image-10746\" srcset=\"https:\/\/www.valenciabass.com\/wp-content\/uploads\/IMG-20180321-WA0027.640.jpg 640w, https:\/\/www.valenciabass.com\/wp-content\/uploads\/IMG-20180321-WA0027.640-300x225.jpg 300w, https:\/\/www.valenciabass.com\/wp-content\/uploads\/IMG-20180321-WA0027.640-250x188.jpg 250w\" sizes=\"auto, (max-width: 640px) 100vw, 640px\" \/><\/p>\n<p><img loading=\"lazy\" decoding=\"async\" src=\"http:\/\/www.valenciabass.com\/wp-content\/uploads\/IMG-20180321-WA0028.640.jpg\" alt=\"\" width=\"640\" height=\"480\" class=\"aligncenter size-large wp-image-10747\" srcset=\"https:\/\/www.valenciabass.com\/wp-content\/uploads\/IMG-20180321-WA0028.640.jpg 640w, https:\/\/www.valenciabass.com\/wp-content\/uploads\/IMG-20180321-WA0028.640-300x225.jpg 300w, https:\/\/www.valenciabass.com\/wp-content\/uploads\/IMG-20180321-WA0028.640-250x188.jpg 250w\" sizes=\"auto, (max-width: 640px) 100vw, 640px\" \/><\/p>\n<p><img loading=\"lazy\" decoding=\"async\" src=\"http:\/\/www.valenciabass.com\/wp-content\/uploads\/IMG-20180321-WA0021.480.jpg\" alt=\"\" width=\"480\" height=\"360\" class=\"aligncenter size-full wp-image-10748\" srcset=\"https:\/\/www.valenciabass.com\/wp-content\/uploads\/IMG-20180321-WA0021.480.jpg 480w, https:\/\/www.valenciabass.com\/wp-content\/uploads\/IMG-20180321-WA0021.480-300x225.jpg 300w, https:\/\/www.valenciabass.com\/wp-content\/uploads\/IMG-20180321-WA0021.480-250x188.jpg 250w\" sizes=\"auto, (max-width: 480px) 100vw, 480px\" \/><\/p>\n<p><img loading=\"lazy\" decoding=\"async\" src=\"http:\/\/www.valenciabass.com\/wp-content\/uploads\/IMG-20180321-WA0026.480.jpg\" alt=\"\" width=\"480\" height=\"640\" class=\"aligncenter size-large wp-image-10749\" srcset=\"https:\/\/www.valenciabass.com\/wp-content\/uploads\/IMG-20180321-WA0026.480.jpg 480w, https:\/\/www.valenciabass.com\/wp-content\/uploads\/IMG-20180321-WA0026.480-225x300.jpg 225w, https:\/\/www.valenciabass.com\/wp-content\/uploads\/IMG-20180321-WA0026.480-250x333.jpg 250w\" sizes=\"auto, (max-width: 480px) 100vw, 480px\" \/><\/p>\n<p>El viento y el cielo totalmente cerrado ya presagiaba que iba a ser un fin de semana muy movido. Por lo visto la mayor\u00eda de pescadores asiduos al embalse se dedica a buscar bolas de alburnos y pescarlas en vertical con pikis de vinilo, jerks etc.<\/p>\n<p>As\u00ed que con las indicaciones de nuestro amigo Iv\u00e1n nos dirigimos a un par de zonas y no tardamos en tocar peces en cuesti\u00f3n de dos horas tocamos dos o tres zonas y ya ten\u00edamos claro lo que \u00edbamos a hacer y que zonas \u00edbamos a pescar. Dadas las posibilidades de nuestra embarcaci\u00f3n, no quer\u00edamos ir muy lejos y pasarnos el d\u00eda navegando.<\/p>\n<p>Sobre las 13:00h ya est\u00e1bamos sacando la embarcaci\u00f3n y nos dirigimos a Castilblanco, un pueblecito muy cerca del pantano donde Toni hab\u00eda reservado sitio para alojarnos el resto de los d\u00edas y poder guardar las embarcaciones. El lugar fue <a href=\"https:\/\/casaruralcarmen.es\/\" rel=\"noopener\" target=\"_blank\">Casa Carmen<\/a>, una casa fant\u00e1stica llena de habitaciones, varias cocinas, un patio y un sal\u00f3n enorme, calefacci\u00f3n por radiadores y una estufa de pellets que calentaba como una locomotora justo lo que necesit\u00e1bamos para secar ropa despu\u00e9s de varios d\u00edas pescando bajo la lluvia.<\/p>\n<p><img loading=\"lazy\" decoding=\"async\" src=\"http:\/\/www.valenciabass.com\/wp-content\/uploads\/IMG-20180321-WA0029.480.jpg\" alt=\"\" width=\"480\" height=\"853\" class=\"aligncenter size-full wp-image-10752\" srcset=\"https:\/\/www.valenciabass.com\/wp-content\/uploads\/IMG-20180321-WA0029.480.jpg 480w, https:\/\/www.valenciabass.com\/wp-content\/uploads\/IMG-20180321-WA0029.480-169x300.jpg 169w, https:\/\/www.valenciabass.com\/wp-content\/uploads\/IMG-20180321-WA0029.480-250x444.jpg 250w\" sizes=\"auto, (max-width: 480px) 100vw, 480px\" \/><\/p>\n<p><img loading=\"lazy\" decoding=\"async\" src=\"http:\/\/www.valenciabass.com\/wp-content\/uploads\/IMG-20180321-WA0030.480.jpg\" alt=\"\" width=\"480\" height=\"853\" class=\"aligncenter size-large wp-image-10753\" srcset=\"https:\/\/www.valenciabass.com\/wp-content\/uploads\/IMG-20180321-WA0030.480.jpg 480w, https:\/\/www.valenciabass.com\/wp-content\/uploads\/IMG-20180321-WA0030.480-169x300.jpg 169w, https:\/\/www.valenciabass.com\/wp-content\/uploads\/IMG-20180321-WA0030.480-250x444.jpg 250w\" sizes=\"auto, (max-width: 480px) 100vw, 480px\" \/><\/p>\n<p><img loading=\"lazy\" decoding=\"async\" src=\"http:\/\/www.valenciabass.com\/wp-content\/uploads\/IMG-20180321-WA0031.480.jpg\" alt=\"\" width=\"480\" height=\"640\" class=\"aligncenter size-large wp-image-10754\" srcset=\"https:\/\/www.valenciabass.com\/wp-content\/uploads\/IMG-20180321-WA0031.480.jpg 480w, https:\/\/www.valenciabass.com\/wp-content\/uploads\/IMG-20180321-WA0031.480-225x300.jpg 225w, https:\/\/www.valenciabass.com\/wp-content\/uploads\/IMG-20180321-WA0031.480-250x333.jpg 250w\" sizes=\"auto, (max-width: 480px) 100vw, 480px\" \/><\/p>\n<p><img loading=\"lazy\" decoding=\"async\" src=\"http:\/\/www.valenciabass.com\/wp-content\/uploads\/IMG-20180321-WA0033.480.jpg\" alt=\"\" width=\"480\" height=\"640\" class=\"aligncenter size-large wp-image-10755\" srcset=\"https:\/\/www.valenciabass.com\/wp-content\/uploads\/IMG-20180321-WA0033.480.jpg 480w, https:\/\/www.valenciabass.com\/wp-content\/uploads\/IMG-20180321-WA0033.480-225x300.jpg 225w, https:\/\/www.valenciabass.com\/wp-content\/uploads\/IMG-20180321-WA0033.480-250x333.jpg 250w\" sizes=\"auto, (max-width: 480px) 100vw, 480px\" \/><\/p>\n<p><img loading=\"lazy\" decoding=\"async\" src=\"http:\/\/www.valenciabass.com\/wp-content\/uploads\/IMG-20180321-WA0034.480.jpg\" alt=\"\" width=\"480\" height=\"640\" class=\"aligncenter size-large wp-image-10756\" srcset=\"https:\/\/www.valenciabass.com\/wp-content\/uploads\/IMG-20180321-WA0034.480.jpg 480w, https:\/\/www.valenciabass.com\/wp-content\/uploads\/IMG-20180321-WA0034.480-225x300.jpg 225w, https:\/\/www.valenciabass.com\/wp-content\/uploads\/IMG-20180321-WA0034.480-250x333.jpg 250w\" sizes=\"auto, (max-width: 480px) 100vw, 480px\" \/><\/p>\n<p><img loading=\"lazy\" decoding=\"async\" src=\"http:\/\/www.valenciabass.com\/wp-content\/uploads\/IMG-20180321-WA0036.480.jpg\" alt=\"\" width=\"480\" height=\"640\" class=\"aligncenter size-large wp-image-10757\" srcset=\"https:\/\/www.valenciabass.com\/wp-content\/uploads\/IMG-20180321-WA0036.480.jpg 480w, https:\/\/www.valenciabass.com\/wp-content\/uploads\/IMG-20180321-WA0036.480-225x300.jpg 225w, https:\/\/www.valenciabass.com\/wp-content\/uploads\/IMG-20180321-WA0036.480-250x333.jpg 250w\" sizes=\"auto, (max-width: 480px) 100vw, 480px\" \/><\/p>\n<p><img loading=\"lazy\" decoding=\"async\" src=\"http:\/\/www.valenciabass.com\/wp-content\/uploads\/IMG-20180321-WA0039.480.jpg\" alt=\"\" width=\"480\" height=\"853\" class=\"aligncenter size-large wp-image-10758\" srcset=\"https:\/\/www.valenciabass.com\/wp-content\/uploads\/IMG-20180321-WA0039.480.jpg 480w, https:\/\/www.valenciabass.com\/wp-content\/uploads\/IMG-20180321-WA0039.480-169x300.jpg 169w, https:\/\/www.valenciabass.com\/wp-content\/uploads\/IMG-20180321-WA0039.480-250x444.jpg 250w\" sizes=\"auto, (max-width: 480px) 100vw, 480px\" \/><\/p>\n<p><img loading=\"lazy\" decoding=\"async\" src=\"http:\/\/www.valenciabass.com\/wp-content\/uploads\/IMG-20180321-WA0041.480.jpg\" alt=\"\" width=\"480\" height=\"853\" class=\"aligncenter size-large wp-image-10759\" srcset=\"https:\/\/www.valenciabass.com\/wp-content\/uploads\/IMG-20180321-WA0041.480.jpg 480w, https:\/\/www.valenciabass.com\/wp-content\/uploads\/IMG-20180321-WA0041.480-169x300.jpg 169w, https:\/\/www.valenciabass.com\/wp-content\/uploads\/IMG-20180321-WA0041.480-250x444.jpg 250w\" sizes=\"auto, (max-width: 480px) 100vw, 480px\" \/><\/p>\n<p><img loading=\"lazy\" decoding=\"async\" src=\"http:\/\/www.valenciabass.com\/wp-content\/uploads\/IMG-20180321-WA0032.640.jpg\" alt=\"\" width=\"640\" height=\"480\" class=\"aligncenter size-full wp-image-10760\" srcset=\"https:\/\/www.valenciabass.com\/wp-content\/uploads\/IMG-20180321-WA0032.640.jpg 640w, https:\/\/www.valenciabass.com\/wp-content\/uploads\/IMG-20180321-WA0032.640-300x225.jpg 300w, https:\/\/www.valenciabass.com\/wp-content\/uploads\/IMG-20180321-WA0032.640-250x188.jpg 250w\" sizes=\"auto, (max-width: 640px) 100vw, 640px\" \/><\/p>\n<p><img loading=\"lazy\" decoding=\"async\" src=\"http:\/\/www.valenciabass.com\/wp-content\/uploads\/IMG-20180321-WA0035.640.jpg\" alt=\"\" width=\"640\" height=\"480\" class=\"aligncenter size-large wp-image-10761\" srcset=\"https:\/\/www.valenciabass.com\/wp-content\/uploads\/IMG-20180321-WA0035.640.jpg 640w, https:\/\/www.valenciabass.com\/wp-content\/uploads\/IMG-20180321-WA0035.640-300x225.jpg 300w, https:\/\/www.valenciabass.com\/wp-content\/uploads\/IMG-20180321-WA0035.640-250x188.jpg 250w\" sizes=\"auto, (max-width: 640px) 100vw, 640px\" \/><\/p>\n<p><img loading=\"lazy\" decoding=\"async\" src=\"http:\/\/www.valenciabass.com\/wp-content\/uploads\/IMG-20180321-WA0037.640.jpg\" alt=\"\" width=\"640\" height=\"480\" class=\"aligncenter size-large wp-image-10762\" srcset=\"https:\/\/www.valenciabass.com\/wp-content\/uploads\/IMG-20180321-WA0037.640.jpg 640w, https:\/\/www.valenciabass.com\/wp-content\/uploads\/IMG-20180321-WA0037.640-300x225.jpg 300w, https:\/\/www.valenciabass.com\/wp-content\/uploads\/IMG-20180321-WA0037.640-250x188.jpg 250w\" sizes=\"auto, (max-width: 640px) 100vw, 640px\" \/><\/p>\n<p><img loading=\"lazy\" decoding=\"async\" src=\"http:\/\/www.valenciabass.com\/wp-content\/uploads\/IMG-20180321-WA0038.640.jpg\" alt=\"\" width=\"640\" height=\"360\" class=\"aligncenter size-large wp-image-10763\" srcset=\"https:\/\/www.valenciabass.com\/wp-content\/uploads\/IMG-20180321-WA0038.640.jpg 640w, https:\/\/www.valenciabass.com\/wp-content\/uploads\/IMG-20180321-WA0038.640-300x169.jpg 300w, https:\/\/www.valenciabass.com\/wp-content\/uploads\/IMG-20180321-WA0038.640-250x141.jpg 250w\" sizes=\"auto, (max-width: 640px) 100vw, 640px\" \/><\/p>\n<p><img loading=\"lazy\" decoding=\"async\" src=\"http:\/\/www.valenciabass.com\/wp-content\/uploads\/IMG-20180321-WA0040.640.jpg\" alt=\"\" width=\"640\" height=\"360\" class=\"aligncenter size-large wp-image-10764\" srcset=\"https:\/\/www.valenciabass.com\/wp-content\/uploads\/IMG-20180321-WA0040.640.jpg 640w, https:\/\/www.valenciabass.com\/wp-content\/uploads\/IMG-20180321-WA0040.640-300x169.jpg 300w, https:\/\/www.valenciabass.com\/wp-content\/uploads\/IMG-20180321-WA0040.640-250x141.jpg 250w\" sizes=\"auto, (max-width: 640px) 100vw, 640px\" \/><\/p>\n<p>Destacar la amabilidad de la due\u00f1a muy atenta y cordial con sus inquilinos, dej\u00e1ndonos desayuno en la cocina haci\u00e9ndonos las camas llenando la estufa de pellets, etc. Justo al lado de la casa ten\u00edamos una cochera enorme donde guardar las barcas cargar bater\u00edas y preparar los equipos.<\/p>\n<p><img loading=\"lazy\" decoding=\"async\" src=\"http:\/\/www.valenciabass.com\/wp-content\/uploads\/IMG-20180321-WA0044.640.jpg\" alt=\"\" width=\"640\" height=\"480\" class=\"aligncenter size-full wp-image-10765\" srcset=\"https:\/\/www.valenciabass.com\/wp-content\/uploads\/IMG-20180321-WA0044.640.jpg 640w, https:\/\/www.valenciabass.com\/wp-content\/uploads\/IMG-20180321-WA0044.640-300x225.jpg 300w, https:\/\/www.valenciabass.com\/wp-content\/uploads\/IMG-20180321-WA0044.640-250x188.jpg 250w\" sizes=\"auto, (max-width: 640px) 100vw, 640px\" \/><\/p>\n<p><img loading=\"lazy\" decoding=\"async\" src=\"http:\/\/www.valenciabass.com\/wp-content\/uploads\/IMG-20180321-WA0047.640.jpg\" alt=\"\" width=\"640\" height=\"480\" class=\"aligncenter size-large wp-image-10766\" srcset=\"https:\/\/www.valenciabass.com\/wp-content\/uploads\/IMG-20180321-WA0047.640.jpg 640w, https:\/\/www.valenciabass.com\/wp-content\/uploads\/IMG-20180321-WA0047.640-300x225.jpg 300w, https:\/\/www.valenciabass.com\/wp-content\/uploads\/IMG-20180321-WA0047.640-250x188.jpg 250w\" sizes=\"auto, (max-width: 640px) 100vw, 640px\" \/><\/p>\n<p><img loading=\"lazy\" decoding=\"async\" src=\"http:\/\/www.valenciabass.com\/wp-content\/uploads\/IMG-20180321-WA0042.480.jpg\" alt=\"\" width=\"480\" height=\"640\" class=\"aligncenter size-full wp-image-10767\" srcset=\"https:\/\/www.valenciabass.com\/wp-content\/uploads\/IMG-20180321-WA0042.480.jpg 480w, https:\/\/www.valenciabass.com\/wp-content\/uploads\/IMG-20180321-WA0042.480-225x300.jpg 225w, https:\/\/www.valenciabass.com\/wp-content\/uploads\/IMG-20180321-WA0042.480-250x333.jpg 250w\" sizes=\"auto, (max-width: 480px) 100vw, 480px\" \/><\/p>\n<p><img loading=\"lazy\" decoding=\"async\" src=\"http:\/\/www.valenciabass.com\/wp-content\/uploads\/IMG-20180321-WA0043.480.jpg\" alt=\"\" width=\"480\" height=\"640\" class=\"aligncenter size-large wp-image-10768\" srcset=\"https:\/\/www.valenciabass.com\/wp-content\/uploads\/IMG-20180321-WA0043.480.jpg 480w, https:\/\/www.valenciabass.com\/wp-content\/uploads\/IMG-20180321-WA0043.480-225x300.jpg 225w, https:\/\/www.valenciabass.com\/wp-content\/uploads\/IMG-20180321-WA0043.480-250x333.jpg 250w\" sizes=\"auto, (max-width: 480px) 100vw, 480px\" \/><\/p>\n<p><img loading=\"lazy\" decoding=\"async\" src=\"http:\/\/www.valenciabass.com\/wp-content\/uploads\/IMG-20180321-WA0045.480.jpg\" alt=\"\" width=\"480\" height=\"640\" class=\"aligncenter size-large wp-image-10769\" srcset=\"https:\/\/www.valenciabass.com\/wp-content\/uploads\/IMG-20180321-WA0045.480.jpg 480w, https:\/\/www.valenciabass.com\/wp-content\/uploads\/IMG-20180321-WA0045.480-225x300.jpg 225w, https:\/\/www.valenciabass.com\/wp-content\/uploads\/IMG-20180321-WA0045.480-250x333.jpg 250w\" sizes=\"auto, (max-width: 480px) 100vw, 480px\" \/><\/p>\n<p>All\u00ed preparamos todos los equipos de pesca al detalle entre risas an\u00e9cdotas de pesca. Se nos ech\u00f3 el tiempo encima y nos fuimos a la carpa que hab\u00eda montado la organizaci\u00f3n donde se estaba haciendo la inauguraci\u00f3n del evento y recogimos nuestras plicas.<\/p>\n<p><img loading=\"lazy\" decoding=\"async\" src=\"http:\/\/www.valenciabass.com\/wp-content\/uploads\/IMG-20180321-WA0048.640.jpg\" alt=\"\" width=\"640\" height=\"480\" class=\"aligncenter size-full wp-image-10775\" srcset=\"https:\/\/www.valenciabass.com\/wp-content\/uploads\/IMG-20180321-WA0048.640.jpg 640w, https:\/\/www.valenciabass.com\/wp-content\/uploads\/IMG-20180321-WA0048.640-300x225.jpg 300w, https:\/\/www.valenciabass.com\/wp-content\/uploads\/IMG-20180321-WA0048.640-250x188.jpg 250w\" sizes=\"auto, (max-width: 640px) 100vw, 640px\" \/><\/p>\n<p><img loading=\"lazy\" decoding=\"async\" src=\"http:\/\/www.valenciabass.com\/wp-content\/uploads\/IMG-20180321-WA0049.640.jpg\" alt=\"\" width=\"640\" height=\"480\" class=\"aligncenter size-large wp-image-10776\" srcset=\"https:\/\/www.valenciabass.com\/wp-content\/uploads\/IMG-20180321-WA0049.640.jpg 640w, https:\/\/www.valenciabass.com\/wp-content\/uploads\/IMG-20180321-WA0049.640-300x225.jpg 300w, https:\/\/www.valenciabass.com\/wp-content\/uploads\/IMG-20180321-WA0049.640-250x188.jpg 250w\" sizes=\"auto, (max-width: 640px) 100vw, 640px\" \/><\/p>\n<p><img loading=\"lazy\" decoding=\"async\" src=\"http:\/\/www.valenciabass.com\/wp-content\/uploads\/IMG-20180321-WA0050.640.jpg\" alt=\"\" width=\"640\" height=\"360\" class=\"aligncenter size-large wp-image-10777\" srcset=\"https:\/\/www.valenciabass.com\/wp-content\/uploads\/IMG-20180321-WA0050.640.jpg 640w, https:\/\/www.valenciabass.com\/wp-content\/uploads\/IMG-20180321-WA0050.640-300x169.jpg 300w, https:\/\/www.valenciabass.com\/wp-content\/uploads\/IMG-20180321-WA0050.640-250x141.jpg 250w\" sizes=\"auto, (max-width: 640px) 100vw, 640px\" \/><\/p>\n<p><img loading=\"lazy\" decoding=\"async\" src=\"http:\/\/www.valenciabass.com\/wp-content\/uploads\/IMG-20180321-WA0051.640.jpg\" alt=\"\" width=\"640\" height=\"480\" class=\"aligncenter size-large wp-image-10778\" srcset=\"https:\/\/www.valenciabass.com\/wp-content\/uploads\/IMG-20180321-WA0051.640.jpg 640w, https:\/\/www.valenciabass.com\/wp-content\/uploads\/IMG-20180321-WA0051.640-300x225.jpg 300w, https:\/\/www.valenciabass.com\/wp-content\/uploads\/IMG-20180321-WA0051.640-250x188.jpg 250w\" sizes=\"auto, (max-width: 640px) 100vw, 640px\" \/><\/p>\n<p><img loading=\"lazy\" decoding=\"async\" src=\"http:\/\/www.valenciabass.com\/wp-content\/uploads\/IMG-20180321-WA0052.640.jpg\" alt=\"\" width=\"640\" height=\"360\" class=\"aligncenter size-large wp-image-10779\" srcset=\"https:\/\/www.valenciabass.com\/wp-content\/uploads\/IMG-20180321-WA0052.640.jpg 640w, https:\/\/www.valenciabass.com\/wp-content\/uploads\/IMG-20180321-WA0052.640-300x169.jpg 300w, https:\/\/www.valenciabass.com\/wp-content\/uploads\/IMG-20180321-WA0052.640-250x141.jpg 250w\" sizes=\"auto, (max-width: 640px) 100vw, 640px\" \/><\/p>\n<p><img loading=\"lazy\" decoding=\"async\" src=\"http:\/\/www.valenciabass.com\/wp-content\/uploads\/IMG-20180321-WA0054.480.jpg\" alt=\"\" width=\"480\" height=\"640\" class=\"aligncenter size-full wp-image-10780\" srcset=\"https:\/\/www.valenciabass.com\/wp-content\/uploads\/IMG-20180321-WA0054.480.jpg 480w, https:\/\/www.valenciabass.com\/wp-content\/uploads\/IMG-20180321-WA0054.480-225x300.jpg 225w, https:\/\/www.valenciabass.com\/wp-content\/uploads\/IMG-20180321-WA0054.480-250x333.jpg 250w\" sizes=\"auto, (max-width: 480px) 100vw, 480px\" \/><\/p>\n<p><img loading=\"lazy\" decoding=\"async\" src=\"http:\/\/www.valenciabass.com\/wp-content\/uploads\/IMG-20180321-WA0053.640.jpg\" alt=\"\" width=\"640\" height=\"360\" class=\"aligncenter size-full wp-image-10783\" srcset=\"https:\/\/www.valenciabass.com\/wp-content\/uploads\/IMG-20180321-WA0053.640.jpg 640w, https:\/\/www.valenciabass.com\/wp-content\/uploads\/IMG-20180321-WA0053.640-300x169.jpg 300w, https:\/\/www.valenciabass.com\/wp-content\/uploads\/IMG-20180321-WA0053.640-250x141.jpg 250w\" sizes=\"auto, (max-width: 640px) 100vw, 640px\" \/><\/p>\n<p>All\u00ed nos encontramos con Jorge y despu\u00e9s de hacernos unas fotos y agradecerle el habernos llevado all\u00ed, nos fuimos de vuelta a Castilblanco a buscar un sitio donde cenar bien e irnos a dormir lo mas pronto posible para estar al 100% en la primera manga.<\/p>\n<p>El lugar elegido fue el Restaurante Los Pescadores donde la especialidad era la carne a la brasa.<\/p>\n<p><img loading=\"lazy\" decoding=\"async\" src=\"http:\/\/www.valenciabass.com\/wp-content\/uploads\/IMG-20180321-WA0055.640.jpg\" alt=\"\" width=\"640\" height=\"480\" class=\"aligncenter size-full wp-image-10781\" srcset=\"https:\/\/www.valenciabass.com\/wp-content\/uploads\/IMG-20180321-WA0055.640.jpg 640w, https:\/\/www.valenciabass.com\/wp-content\/uploads\/IMG-20180321-WA0055.640-300x225.jpg 300w, https:\/\/www.valenciabass.com\/wp-content\/uploads\/IMG-20180321-WA0055.640-250x188.jpg 250w\" sizes=\"auto, (max-width: 640px) 100vw, 640px\" \/><\/p>\n<p><img loading=\"lazy\" decoding=\"async\" src=\"http:\/\/www.valenciabass.com\/wp-content\/uploads\/IMG-20180321-WA0056.640.jpg\" alt=\"\" width=\"640\" height=\"480\" class=\"aligncenter size-large wp-image-10782\" srcset=\"https:\/\/www.valenciabass.com\/wp-content\/uploads\/IMG-20180321-WA0056.640.jpg 640w, https:\/\/www.valenciabass.com\/wp-content\/uploads\/IMG-20180321-WA0056.640-300x225.jpg 300w, https:\/\/www.valenciabass.com\/wp-content\/uploads\/IMG-20180321-WA0056.640-250x188.jpg 250w\" sizes=\"auto, (max-width: 640px) 100vw, 640px\" \/><\/p>\n<p>Y por fin lleg\u00f3 el d\u00eda, la salida de los barcos se divid\u00eda en cuatro tandas y nosotros sal\u00edamos en la \u00faltima, sab\u00edamos que las zonas donde entrenamos el d\u00eda anterior estar\u00edan ocupadas, pero aun as\u00ed nos dirigimos cerca de la zona escogida y en la primera punta que vimos libre nos paramos y empezamos a darle tralla a nuestros se\u00f1uelos. Nada m\u00e1s llegar ya vimos en la sonda un peque\u00f1o banco de alburnos con peces alrededor. Ya ten\u00edamos algo a favor. No hab\u00eda pasado ni media hora de la salida y ya tenia un pez clavado en mi jerkbait que subi\u00f3 al barco lo mas r\u00e1pido posible.<\/p>\n<p>Insistimos durante un rato en esa r\u00e9cula y David consigui\u00f3 tener alguna picada m\u00e1s, pero sin la fortuna de poder subirla al vivero, la actividad se deten\u00eda y decidimos cambiar a la r\u00e9cula anterior donde empezamos all\u00ed hice un lance pegado a una orilla con piedras y all\u00ed estaba el segundo pez.<\/p>\n<p>A los pocos minutos David no fallaba y sacaba otro, al salir de la r\u00e9cula lanc\u00e9 un crankbait a la punta y volv\u00eda a tener pez, esta vez un lucio mediano que intente desanzuelar lo mas r\u00e1pido posible, pero al dar un par de vueltas se enred\u00f3 en el salabre. Justo en ese momento David clavaba un buen pez y me ped\u00eda el salabre. Tuvo que aguantarlo hasta que pude reaccionar, pero por desgracia el pez se solt\u00f3.<\/p>\n<p>La rabia se apoderaba de nosotros por unos instantes, pero no desistimos ni un momento y seguimos d\u00e1ndolo todo. Sab\u00edamos que hab\u00eda actividad y que no iba a durar todo el d\u00eda, cambiamos a la siguiente r\u00e9cula que ten\u00edamos a continuaci\u00f3n y nada m\u00e1s llegar, David hizo un cambio de se\u00f1uelo, primer lance y \u00a1pum!, otro pez. Esta vez el salabre estaba bien preparado y  subi\u00f3 r\u00e1pidamente al barco aun no hab\u00eda metido el pez en el vivero cuando David al segundo lance me dice: \u00a1otro! No daba abasto con el salabre, met\u00ed el pez en el vivero y salabr\u00e9 el otro en poco m\u00e1s de 1 hora ten\u00edamos 4 peces en el vivero y hab\u00edamos perdido otro. Sin duda las cosas nos estaban saliendo bien.<\/p>\n<p>Est\u00e1bamos plet\u00f3ricos, era poco m\u00e1s de las 13:00h y \u00a1ya ten\u00edamos cupo!<\/p>\n<p>Nos movimos por m\u00e1s zonas parecidas pescando m\u00e1s lento, intentando localizar alg\u00fan banco de alburnos. Probamos varias t\u00e9cnicas, varias zonas pero la actividad era nula hasta que llegamos a una peque\u00f1a recula donde estaba entrando agua. Los swimbaits de vinilo de Westin era una de las cosas que nos faltaban por probar. Mont\u00e9 uno con una cabeza plomada de 10g  y lanc\u00e9 al final de la recula manej\u00e1ndolo lentamente clave un bass que pudimos cambiar por uno de nuestro vivero y as\u00ed mejorar nuestra puntuaci\u00f3n.<\/p>\n<p>All\u00ed nos encontramos con nuestros compa\u00f1eros Ivan y Toni que tambi\u00e9n hab\u00edan pescado. Hab\u00edan conseguido 4 capturas, est\u00e1bamos contentos porque todos hab\u00edamos tocado escama, s\u00f3lo faltaba ver la clasificaci\u00f3n.<\/p>\n<p>Ya el tiempo se nos ech\u00f3 encima y nos dirigimos al pesaje m\u00e1s que satisfechos.<\/p>\n<p><img loading=\"lazy\" decoding=\"async\" src=\"http:\/\/www.valenciabass.com\/wp-content\/uploads\/IMG-20180321-WA0058.640.jpg\" alt=\"\" width=\"640\" height=\"480\" class=\"aligncenter size-large wp-image-10786\" srcset=\"https:\/\/www.valenciabass.com\/wp-content\/uploads\/IMG-20180321-WA0058.640.jpg 640w, https:\/\/www.valenciabass.com\/wp-content\/uploads\/IMG-20180321-WA0058.640-300x225.jpg 300w, https:\/\/www.valenciabass.com\/wp-content\/uploads\/IMG-20180321-WA0058.640-250x188.jpg 250w\" sizes=\"auto, (max-width: 640px) 100vw, 640px\" \/><\/p>\n<p><img loading=\"lazy\" decoding=\"async\" src=\"http:\/\/www.valenciabass.com\/wp-content\/uploads\/IMG-20180321-WA0060.640.jpg\" alt=\"\" width=\"640\" height=\"480\" class=\"aligncenter size-large wp-image-10787\" srcset=\"https:\/\/www.valenciabass.com\/wp-content\/uploads\/IMG-20180321-WA0060.640.jpg 640w, https:\/\/www.valenciabass.com\/wp-content\/uploads\/IMG-20180321-WA0060.640-300x225.jpg 300w, https:\/\/www.valenciabass.com\/wp-content\/uploads\/IMG-20180321-WA0060.640-250x188.jpg 250w\" sizes=\"auto, (max-width: 640px) 100vw, 640px\" \/><\/p>\n<p><img loading=\"lazy\" decoding=\"async\" src=\"http:\/\/www.valenciabass.com\/wp-content\/uploads\/IMG-20180321-WA0061.640.jpg\" alt=\"\" width=\"640\" height=\"480\" class=\"aligncenter size-large wp-image-10788\" srcset=\"https:\/\/www.valenciabass.com\/wp-content\/uploads\/IMG-20180321-WA0061.640.jpg 640w, https:\/\/www.valenciabass.com\/wp-content\/uploads\/IMG-20180321-WA0061.640-300x225.jpg 300w, https:\/\/www.valenciabass.com\/wp-content\/uploads\/IMG-20180321-WA0061.640-250x188.jpg 250w\" sizes=\"auto, (max-width: 640px) 100vw, 640px\" \/><\/p>\n<p><img loading=\"lazy\" decoding=\"async\" src=\"http:\/\/www.valenciabass.com\/wp-content\/uploads\/IMG-20180321-WA0062.640.jpg\" alt=\"\" width=\"640\" height=\"480\" class=\"aligncenter size-large wp-image-10789\" srcset=\"https:\/\/www.valenciabass.com\/wp-content\/uploads\/IMG-20180321-WA0062.640.jpg 640w, https:\/\/www.valenciabass.com\/wp-content\/uploads\/IMG-20180321-WA0062.640-300x225.jpg 300w, https:\/\/www.valenciabass.com\/wp-content\/uploads\/IMG-20180321-WA0062.640-250x188.jpg 250w\" sizes=\"auto, (max-width: 640px) 100vw, 640px\" \/><\/p>\n<p><img loading=\"lazy\" decoding=\"async\" src=\"http:\/\/www.valenciabass.com\/wp-content\/uploads\/IMG-20180321-WA0063.640.jpg\" alt=\"\" width=\"640\" height=\"480\" class=\"aligncenter size-large wp-image-10790\" srcset=\"https:\/\/www.valenciabass.com\/wp-content\/uploads\/IMG-20180321-WA0063.640.jpg 640w, https:\/\/www.valenciabass.com\/wp-content\/uploads\/IMG-20180321-WA0063.640-300x225.jpg 300w, https:\/\/www.valenciabass.com\/wp-content\/uploads\/IMG-20180321-WA0063.640-250x188.jpg 250w\" sizes=\"auto, (max-width: 640px) 100vw, 640px\" \/><\/p>\n<p><img loading=\"lazy\" decoding=\"async\" src=\"http:\/\/www.valenciabass.com\/wp-content\/uploads\/IMG-20180321-WA0064.640.jpg\" alt=\"\" width=\"640\" height=\"480\" class=\"aligncenter size-large wp-image-10791\" srcset=\"https:\/\/www.valenciabass.com\/wp-content\/uploads\/IMG-20180321-WA0064.640.jpg 640w, https:\/\/www.valenciabass.com\/wp-content\/uploads\/IMG-20180321-WA0064.640-300x225.jpg 300w, https:\/\/www.valenciabass.com\/wp-content\/uploads\/IMG-20180321-WA0064.640-250x188.jpg 250w\" sizes=\"auto, (max-width: 640px) 100vw, 640px\" \/><\/p>\n<p><img loading=\"lazy\" decoding=\"async\" src=\"http:\/\/www.valenciabass.com\/wp-content\/uploads\/IMG-20180321-WA0065.640.jpg\" alt=\"\" width=\"640\" height=\"480\" class=\"aligncenter size-large wp-image-10792\" srcset=\"https:\/\/www.valenciabass.com\/wp-content\/uploads\/IMG-20180321-WA0065.640.jpg 640w, https:\/\/www.valenciabass.com\/wp-content\/uploads\/IMG-20180321-WA0065.640-300x225.jpg 300w, https:\/\/www.valenciabass.com\/wp-content\/uploads\/IMG-20180321-WA0065.640-250x188.jpg 250w\" sizes=\"auto, (max-width: 640px) 100vw, 640px\" \/><\/p>\n<p><img loading=\"lazy\" decoding=\"async\" src=\"http:\/\/www.valenciabass.com\/wp-content\/uploads\/IMG-20180321-WA0068.640.jpg\" alt=\"\" width=\"640\" height=\"480\" class=\"aligncenter size-full wp-image-10793\" srcset=\"https:\/\/www.valenciabass.com\/wp-content\/uploads\/IMG-20180321-WA0068.640.jpg 640w, https:\/\/www.valenciabass.com\/wp-content\/uploads\/IMG-20180321-WA0068.640-300x225.jpg 300w, https:\/\/www.valenciabass.com\/wp-content\/uploads\/IMG-20180321-WA0068.640-250x188.jpg 250w\" sizes=\"auto, (max-width: 640px) 100vw, 640px\" \/><\/p>\n<p><img loading=\"lazy\" decoding=\"async\" src=\"http:\/\/www.valenciabass.com\/wp-content\/uploads\/IMG-20180321-WA0059.480.jpg\" alt=\"\" width=\"480\" height=\"640\" class=\"aligncenter size-full wp-image-10796\" srcset=\"https:\/\/www.valenciabass.com\/wp-content\/uploads\/IMG-20180321-WA0059.480.jpg 480w, https:\/\/www.valenciabass.com\/wp-content\/uploads\/IMG-20180321-WA0059.480-225x300.jpg 225w, https:\/\/www.valenciabass.com\/wp-content\/uploads\/IMG-20180321-WA0059.480-250x333.jpg 250w\" sizes=\"auto, (max-width: 480px) 100vw, 480px\" \/><\/p>\n<p>Sacamos los barcos y nos fuimos a la casa. Guardamos los barcos, los pusimos a escurrir y fue cuando nos enteramos que David y yo \u00edbamos en la posici\u00f3n 20, e Ivan y Toni en la 25. Est\u00e1bamos m\u00e1s que contentos hab\u00edamos pasado un d\u00eda duro pescando bajo la lluvia y el viento, y estar entre los 30 primeros era todo un logro.<\/p>\n<p>Despu\u00e9s de una buena ducha caliente nos fuimos a cenar con Jorge y a celebrar nuestra buena posici\u00f3n en esta primera manga.<\/p>\n<p><img loading=\"lazy\" decoding=\"async\" src=\"http:\/\/www.valenciabass.com\/wp-content\/uploads\/IMG-20180321-WA0077.480.jpg\" alt=\"\" width=\"480\" height=\"853\" class=\"aligncenter size-full wp-image-10797\" srcset=\"https:\/\/www.valenciabass.com\/wp-content\/uploads\/IMG-20180321-WA0077.480.jpg 480w, https:\/\/www.valenciabass.com\/wp-content\/uploads\/IMG-20180321-WA0077.480-169x300.jpg 169w, https:\/\/www.valenciabass.com\/wp-content\/uploads\/IMG-20180321-WA0077.480-250x444.jpg 250w\" sizes=\"auto, (max-width: 480px) 100vw, 480px\" \/><\/p>\n<p>Despu\u00e9s de una agradable cena entre risas y experiencias de pesca, celebramos el cumple de Iv\u00e1n. Que mejor manera que celebrar su cumplea\u00f1os al lado de su padre haciendo lo que m\u00e1s le gusta y encima haciendo un excelente papel en una competici\u00f3n coma la SiBass. Despu\u00e9s de la tarta y alguna copa nos fuimos para la casa a dormir y recuperar fuerzas para el domingo.<\/p>\n<p><img loading=\"lazy\" decoding=\"async\" src=\"http:\/\/www.valenciabass.com\/wp-content\/uploads\/IMG-20180321-WA0078.640.jpg\" alt=\"\" width=\"640\" height=\"360\" class=\"aligncenter size-full wp-image-10798\" srcset=\"https:\/\/www.valenciabass.com\/wp-content\/uploads\/IMG-20180321-WA0078.640.jpg 640w, https:\/\/www.valenciabass.com\/wp-content\/uploads\/IMG-20180321-WA0078.640-300x169.jpg 300w, https:\/\/www.valenciabass.com\/wp-content\/uploads\/IMG-20180321-WA0078.640-250x141.jpg 250w\" sizes=\"auto, (max-width: 640px) 100vw, 640px\" \/><\/p>\n<p><img loading=\"lazy\" decoding=\"async\" src=\"http:\/\/www.valenciabass.com\/wp-content\/uploads\/IMG-20180321-WA0079.640.jpg\" alt=\"\" width=\"640\" height=\"360\" class=\"aligncenter size-large wp-image-10799\" srcset=\"https:\/\/www.valenciabass.com\/wp-content\/uploads\/IMG-20180321-WA0079.640.jpg 640w, https:\/\/www.valenciabass.com\/wp-content\/uploads\/IMG-20180321-WA0079.640-300x169.jpg 300w, https:\/\/www.valenciabass.com\/wp-content\/uploads\/IMG-20180321-WA0079.640-250x141.jpg 250w\" sizes=\"auto, (max-width: 640px) 100vw, 640px\" \/><\/p>\n<p>La ultima manga se presentaba dur\u00edsima, rachas de viento fort\u00edsimas azotar\u00edan durante todo el dia. Esta vez sal\u00edamos en la primera manga,la idea dadas nuestras posibilidades era ir a las mismas zonas donde pescamos el s\u00e1bado e intentar hacer alg\u00fan pez para como m\u00ednimo aguantarnos en la posici\u00f3n que est\u00e1bamos.<\/p>\n<p>El viento y el oleaje a las 8:00 de la ma\u00f1ana era considerable, hubo gente que ni si quiera se arriesg\u00f3 a echar los barcos, otros a los pocos minutos de la salida se dieron la vuelta arrepentidos y sacaban los barcos.<\/p>\n<p>Nosotros intentamos cruzar hasta la zona elegida pero nos fue imposible, s\u00f3lo los barcos con grandes motorizaciones pod\u00edan surcar las olas y llegar a sus zonas.<\/p>\n<p>Tuve que parar el barco a los pocos segundos despu\u00e9s de la salida ya que nos falt\u00f3 muy poco para volcar nos pusimos a cobijo en la primera recula que vimos justo enfrente de la zona de salida.<\/p>\n<p>All\u00ed decidimos esperar a que salieran todos los barcos y que se calmara un poco el agua.<\/p>\n<p>David no perd\u00eda el tiempo y con un swimbait de Westin a los pocos lances sacaba esta belleza de lucio extreme\u00f1o.<\/p>\n<p><img loading=\"lazy\" decoding=\"async\" src=\"http:\/\/www.valenciabass.com\/wp-content\/uploads\/IMG-20180321-WA0080.640.jpg\" alt=\"\" width=\"640\" height=\"480\" class=\"aligncenter size-full wp-image-10801\" srcset=\"https:\/\/www.valenciabass.com\/wp-content\/uploads\/IMG-20180321-WA0080.640.jpg 640w, https:\/\/www.valenciabass.com\/wp-content\/uploads\/IMG-20180321-WA0080.640-300x225.jpg 300w, https:\/\/www.valenciabass.com\/wp-content\/uploads\/IMG-20180321-WA0080.640-250x188.jpg 250w\" sizes=\"auto, (max-width: 640px) 100vw, 640px\" \/><\/p>\n<p>Al ver actividad decidimos quedarnos en esa recula, pero all\u00ed no hab\u00eda ning\u00fan bass y decidimos movernos a nuestra zona.<\/p>\n<p>Conforme pudimos yendo despacio y surfeando literalmente por encima de las olas llegamos a al sitio. Todas las zonas donde pescamos el d\u00eda anterior estaban ocupadas, la gente se hab\u00eda metido dentro de las reculas y no se mov\u00eda.<\/p>\n<p>Decidimos ir a otra zona del embalse donde el viernes en los entrenamientos hicimos un pez, pero all\u00ed estaba el agua totalmente chocolate, hab\u00eda estado lloviendo much\u00edsimo y estaba entrando agua al pantano por todos lados.<\/p>\n<p>Aun as\u00ed decidimos pescarla como pudimos, el viento incluso dentro de las reculas imposilitaba la pesca, as\u00ed que yo me puse a manejar el motor de explosi\u00f3n y David haciendo orilla.<\/p>\n<p><img loading=\"lazy\" decoding=\"async\" src=\"http:\/\/www.valenciabass.com\/wp-content\/uploads\/IMG-20180321-WA0087.640.jpg\" alt=\"\" width=\"640\" height=\"480\" class=\"aligncenter size-full wp-image-10802\" srcset=\"https:\/\/www.valenciabass.com\/wp-content\/uploads\/IMG-20180321-WA0087.640.jpg 640w, https:\/\/www.valenciabass.com\/wp-content\/uploads\/IMG-20180321-WA0087.640-300x225.jpg 300w, https:\/\/www.valenciabass.com\/wp-content\/uploads\/IMG-20180321-WA0087.640-250x188.jpg 250w\" sizes=\"auto, (max-width: 640px) 100vw, 640px\" \/><\/p>\n<p><img loading=\"lazy\" decoding=\"async\" src=\"http:\/\/www.valenciabass.com\/wp-content\/uploads\/IMG-20180321-WA0081.480.jpg\" alt=\"\" width=\"480\" height=\"640\" class=\"aligncenter size-full wp-image-10803\" srcset=\"https:\/\/www.valenciabass.com\/wp-content\/uploads\/IMG-20180321-WA0081.480.jpg 480w, https:\/\/www.valenciabass.com\/wp-content\/uploads\/IMG-20180321-WA0081.480-225x300.jpg 225w, https:\/\/www.valenciabass.com\/wp-content\/uploads\/IMG-20180321-WA0081.480-250x333.jpg 250w\" sizes=\"auto, (max-width: 480px) 100vw, 480px\" \/><\/p>\n<p><img loading=\"lazy\" decoding=\"async\" src=\"http:\/\/www.valenciabass.com\/wp-content\/uploads\/IMG-20180321-WA0086.480.jpg\" alt=\"\" width=\"480\" height=\"640\" class=\"aligncenter size-large wp-image-10804\" srcset=\"https:\/\/www.valenciabass.com\/wp-content\/uploads\/IMG-20180321-WA0086.480.jpg 480w, https:\/\/www.valenciabass.com\/wp-content\/uploads\/IMG-20180321-WA0086.480-225x300.jpg 225w, https:\/\/www.valenciabass.com\/wp-content\/uploads\/IMG-20180321-WA0086.480-250x333.jpg 250w\" sizes=\"auto, (max-width: 480px) 100vw, 480px\" \/><\/p>\n<p><img loading=\"lazy\" decoding=\"async\" src=\"http:\/\/www.valenciabass.com\/wp-content\/uploads\/IMG-20180321-WA0088.480.jpg\" alt=\"\" width=\"480\" height=\"640\" class=\"aligncenter size-large wp-image-10805\" srcset=\"https:\/\/www.valenciabass.com\/wp-content\/uploads\/IMG-20180321-WA0088.480.jpg 480w, https:\/\/www.valenciabass.com\/wp-content\/uploads\/IMG-20180321-WA0088.480-225x300.jpg 225w, https:\/\/www.valenciabass.com\/wp-content\/uploads\/IMG-20180321-WA0088.480-250x333.jpg 250w\" sizes=\"auto, (max-width: 480px) 100vw, 480px\" \/><\/p>\n<p>No hab\u00eda manera, probamos todo lo que pudimos, cambiamos a varias zonas, pero por momentos era imposible mantenerse en pie. Sab\u00edamos que con solo un par de peces un d\u00eda como este estar\u00edamos en muy buen lugar y mejorar\u00edamos nuestra posici\u00f3n, pero despu\u00e9s de pasar una ma\u00f1ana infernal y estar apunto de naufragar, desistimos y sobre la 13:00h nos dirigimos a la rampa para sacar la embarcaci\u00f3n.<\/p>\n<p>All\u00ed nos encontramos con Jorge y al poco tiempo tambi\u00e9n sal\u00edan del agua Toni e Ivan, que tambi\u00e9n lo pasaron fatal.<\/p>\n<p>Vimos que m\u00e1s de la mitad de los barcos ya ni estaban, la gente nos comentaba que hab\u00eda habido bastantes problemas, muchas ca\u00f1as al agua en las salidas, cosas rotas, incluso un barco parti\u00f3 la direcci\u00f3n cayendo al agua la gente.<\/p>\n<p>Un desastre en todos los aspectos, nosotros hicimos todo lo que pudimos y llegamos a la conclusi\u00f3n que haber salido fue la elecci\u00f3n mas acertada<\/p>\n<p>All\u00ed Jorge nos invitaba a pasar a la carpa donde estaba la gente de la organizaci\u00f3n donde comimos una caldereta de cordero que casi se me saltan las l\u00e1grimas de lo buena que estaba, un buen plato de caliente y un caf\u00e9 era justo lo que necesit\u00e1bamos despu\u00e9s de un d\u00eda tan duro.<\/p>\n<p>Y con esto lleg\u00f3 el fin de la aventura.<\/p>\n<p><img loading=\"lazy\" decoding=\"async\" src=\"http:\/\/www.valenciabass.com\/wp-content\/uploads\/IMG-20180321-WA0083-1024x934.jpg\" alt=\"\" width=\"640\" height=\"584\" class=\"aligncenter size-large wp-image-10806\" srcset=\"https:\/\/www.valenciabass.com\/wp-content\/uploads\/IMG-20180321-WA0083-1024x934.jpg 1024w, https:\/\/www.valenciabass.com\/wp-content\/uploads\/IMG-20180321-WA0083-300x274.jpg 300w, https:\/\/www.valenciabass.com\/wp-content\/uploads\/IMG-20180321-WA0083-768x700.jpg 768w, https:\/\/www.valenciabass.com\/wp-content\/uploads\/IMG-20180321-WA0083-250x228.jpg 250w, https:\/\/www.valenciabass.com\/wp-content\/uploads\/IMG-20180321-WA0083-940x857.jpg 940w, https:\/\/www.valenciabass.com\/wp-content\/uploads\/IMG-20180321-WA0083.jpg 1600w\" sizes=\"auto, (max-width: 640px) 100vw, 640px\" \/><\/p>\n<p><img loading=\"lazy\" decoding=\"async\" src=\"http:\/\/www.valenciabass.com\/wp-content\/uploads\/IMG-20180321-WA0085-1024x630.jpg\" alt=\"\" width=\"640\" height=\"394\" class=\"aligncenter size-large wp-image-10807\" srcset=\"https:\/\/www.valenciabass.com\/wp-content\/uploads\/IMG-20180321-WA0085-1024x630.jpg 1024w, https:\/\/www.valenciabass.com\/wp-content\/uploads\/IMG-20180321-WA0085-300x184.jpg 300w, https:\/\/www.valenciabass.com\/wp-content\/uploads\/IMG-20180321-WA0085-768x472.jpg 768w, https:\/\/www.valenciabass.com\/wp-content\/uploads\/IMG-20180321-WA0085-250x154.jpg 250w, https:\/\/www.valenciabass.com\/wp-content\/uploads\/IMG-20180321-WA0085-940x578.jpg 940w, https:\/\/www.valenciabass.com\/wp-content\/uploads\/IMG-20180321-WA0085.jpg 1561w\" sizes=\"auto, (max-width: 640px) 100vw, 640px\" \/><\/p>\n<p>Agradecer a Jorge por portarse tan bien con nosotros, y sobre todo a nuestras mujeres Antonia y Dolores por comprender nuestra pasi\u00f3n y no habernos cambiado la cerradura de la puerta de casa.<\/p>\n<p>Tambi\u00e9n agradecer a Antonio e Ivan S\u00e1nchez de Bass Madrid por ense\u00f1arnos el pantano y ayudarnos con las zonas, se\u00f1uelos, etc., sin ellos esto no hubiera sido lo mismo.<\/p>\n<p>Espero podamos repetir pronto, un abrazo a todos.<\/p>\n","protected":false},"excerpt":{"rendered":"<p>Todo comenz\u00f3 con una llamada de David que les hab\u00edan invitado al SiBass formando equipo Westin con Antonio e Iv\u00e1n de Bass Madrid, pero que su compa\u00f1ero Vicent no pod\u00eda asistir. As\u00ed que me pregunt\u00f3 si me gustar\u00eda ir en <span class=\"excerpt-dots\">&hellip;<\/span> <a class=\"more-link\" href=\"https:\/\/www.valenciabass.com\/?p=10734\"><span class=\"more-msg\">Sigue leyendo &rarr;<\/span><\/a><\/p>\n","protected":false},"author":36,"featured_media":10806,"comment_status":"closed","ping_status":"closed","sticky":false,"template":"","format":"standard","meta":{"_monsterinsights_skip_tracking":false,"_monsterinsights_sitenote_active":false,"_monsterinsights_sitenote_note":"","_monsterinsights_sitenote_category":0,"ngg_post_thumbnail":0,"footnotes":""},"categories":[5,26,35,13,14,43],"tags":[],"class_list":["post-10734","post","type-post","status-publish","format-standard","has-post-thumbnail","hentry","category-competiciones","category-cronicas","category-escenario","category-externas","category-externas-embarcacion","category-otros"],"_links":{"self":[{"href":"https:\/\/www.valenciabass.com\/index.php?rest_route=\/wp\/v2\/posts\/10734","targetHints":{"allow":["GET"]}}],"collection":[{"href":"https:\/\/www.valenciabass.com\/index.php?rest_route=\/wp\/v2\/posts"}],"about":[{"href":"https:\/\/www.valenciabass.com\/index.php?rest_route=\/wp\/v2\/types\/post"}],"author":[{"embeddable":true,"href":"https:\/\/www.valenciabass.com\/index.php?rest_route=\/wp\/v2\/users\/36"}],"replies":[{"embeddable":true,"href":"https:\/\/www.valenciabass.com\/index.php?rest_route=%2Fwp%2Fv2%2Fcomments&post=10734"}],"version-history":[{"count":8,"href":"https:\/\/www.valenciabass.com\/index.php?rest_route=\/wp\/v2\/posts\/10734\/revisions"}],"predecessor-version":[{"id":10809,"href":"https:\/\/www.valenciabass.com\/index.php?rest_route=\/wp\/v2\/posts\/10734\/revisions\/10809"}],"wp:featuredmedia":[{"embeddable":true,"href":"https:\/\/www.valenciabass.com\/index.php?rest_route=\/wp\/v2\/media\/10806"}],"wp:attachment":[{"href":"https:\/\/www.valenciabass.com\/index.php?rest_route=%2Fwp%2Fv2%2Fmedia&parent=10734"}],"wp:term":[{"taxonomy":"category","embeddable":true,"href":"https:\/\/www.valenciabass.com\/index.php?rest_route=%2Fwp%2Fv2%2Fcategories&post=10734"},{"taxonomy":"post_tag","embeddable":true,"href":"https:\/\/www.valenciabass.com\/index.php?rest_route=%2Fwp%2Fv2%2Ftags&post=10734"}],"curies":[{"name":"wp","href":"https:\/\/api.w.org\/{rel}","templated":true}]}}